{"id":12286,"date":"2021-02-01T20:33:16","date_gmt":"2021-02-01T20:33:16","guid":{"rendered":"https:\/\/acefootball.com\/es\/?p=12286"},"modified":"2021-04-08T18:36:14","modified_gmt":"2021-04-08T16:36:14","slug":"tenemos-a-alexis-conte-no-esta-preocupado-por-la-ausencia-de-lukaku-contra-la-juventus","status":"publish","type":"post","link":"https:\/\/acefootball.com\/es\/noticias-de-futbol\/tenemos-a-alexis-conte-no-esta-preocupado-por-la-ausencia-de-lukaku-contra-la-juventus\/","title":{"rendered":"\u2018Tenemos a Alexis\u2019 Conte no est\u00e1 preocupado por la ausencia de Lukaku"},"content":{"rendered":"\n<h2 id=\"h-romelu-lukaku-se-perder-el-partido-de-copa-italia-del-inter-contra-la-juventus-pero-antonio-conte-insiste-en-que-no-est-preocupado-por-la-ausencia-del-belga\">Romelu Lukaku se perder\u00e1 el partido de Copa Italia del Inter contra la Juventus, pero Antonio Conte insiste en que no est\u00e1 preocupado por la ausencia del belga.<\/h2>\n\n\n\n<p>A Antonio Conte no le preocupa que Romelu Lukaku est\u00e9 ausente cuando el Inter se enfrente a la Juventus en la Coppa Italia.<\/p>\n\n\n\n<p>Los nerazzurri recibir\u00e1n ma\u00f1ana a la Juventus en el partido de ida de las semifinales de la Coppa Italia.<\/p>\n\n\n\n<p>Hace apenas dos semanas, ambos equipos se enfrentaron en la Serie A y fue el Inter quien sali\u00f3 victorioso con un <em><a href=\"https:\/\/acefootball.com\/football-news\/inter-milan-2-0-juventus-serie-a-player-ratings\/\">resultado de 2-0<\/a><\/em>.<\/p>\n\n\n\n<p>Se espera otro gran encuentro entre los gigantes italianos, pero Antonio Conte no podr\u00e1 contar con uno de sus mejores jugadores.<\/p>\n\n\n\n<p>Lukaku est\u00e1 sancionado para el partido de ida por acumulaci\u00f3n de tarjetas amarillas, pero el t\u00e9cnico italiano sigue confiando en sus jugadores disponibles.<\/p>\n\n\n\n<h2 id=\"h-romelu-lukaku-est-suspendido-para-el-partido-de-ida\">Romelu Lukaku est\u00e1 suspendido para el partido de ida.<\/h2>\n\n\n\n<p>\u00abNo es la primera vez que falta Romelu, estar\u00e1n Alexis y Lautaro. Romelu est\u00e1 bien, respondi\u00f3 bien con dos goles al Benevento. Ahora podr\u00e1 descansar y preparar el pr\u00f3ximo partido de la Serie A\u00bb. dijo Conte a&nbsp;<em><a href=\"https:\/\/www.raisport.rai.it\/video\/2021\/02\/Conte-Rispetto-per-gli-avversari-ma-faremo-bene-anche-senza-Lukaku-de157e02-fb0d-4cb6-baf2-037b21ee0022.html\" target=\"_blank\" rel=\"noreferrer noopener\">Rai Sport<\/a><\/em>.<\/p>\n\n\n\n<p>El t\u00e9cnico del Inter tambi\u00e9n afirma que su equipo debe dar lo mejor de s\u00ed mismo para conseguir una victoria contra un \u00abgran\u00bb equipo.<\/p>\n\n\n\n<figure class=\"wp-block-embed is-type-rich is-provider-twitter wp-block-embed-twitter\"><div class=\"wp-block-embed__wrapper\">\n<blockquote class=\"twitter-tweet\" data-width=\"550\" data-dnt=\"true\"><p lang=\"en\" dir=\"ltr\">\ud83d\udde3\ufe0f | INTERVIEW<br><br>&quot;If you want to win these types of matches, there&#39;s very little margin for error.&quot;<br><br>Antonio Conte speaking on the eve of <a href=\"https:\/\/twitter.com\/hashtag\/InterJuventus?src=hash&amp;ref_src=twsrc%5Etfw\">#InterJuventus<\/a> \ud83d\udc47 <a href=\"https:\/\/t.co\/E2nHi7nG8k\">pic.twitter.com\/E2nHi7nG8k<\/a><\/p>&mdash; Inter (@Inter_en) <a href=\"https:\/\/twitter.com\/Inter_en\/status\/1356309774338555905?ref_src=twsrc%5Etfw\">February 1, 2021<\/a><\/blockquote><script async src=\"https:\/\/platform.twitter.com\/widgets.js\" charset=\"utf-8\"><\/script>\n<\/div><\/figure>\n\n\n\n<p>\u00abHay que tener mucho respeto por un equipo muy fuerte. Tendremos que jugar un gran partido\u00bb, continu\u00f3.<\/p>\n\n\n\n<p>\u00abLa clasificaci\u00f3n se jugar\u00e1 a lo largo de 180 minutos, como ocurri\u00f3 la temporada pasada con el N\u00e1poles, cuando perdimos en casa por 1-0 y luego empatamos 1-1 en San Paolo. Debemos intentar hacerlo lo mejor posible, debemos ser buenos\u00bb, a\u00f1adi\u00f3 el entrenador.<\/p>\n\n\n\n<p>Despu\u00e9s de las informaciones que vinculaban a Eriksen con una salida del club, el centrocampista dan\u00e9s se ha convertido en una especie de \u00abh\u00e9roe\u00bb en las \u00faltimas semanas. Ello se debe a un golazo de falta en el tiempo de descuento que permiti\u00f3 al Inter imponerse por 2-1 a su rival, el Mil\u00e1n, en los cuartos de final de la Coppa Italia.<\/p>\n\n\n\n<p>A Conte se le pregunt\u00f3 si el jugador de 28 a\u00f1os ser\u00eda titular contra la Juve, pero se mostr\u00f3 t\u00edmido en su respuesta.<\/p>\n\n\n\n<p>\u00abEs un tipo muy bueno, est\u00e1 poniendo mucho empe\u00f1o, estamos tratando de trabajar con \u00e9l para darle a \u00e9l, a m\u00ed y al equipo una opci\u00f3n m\u00e1s\u00bb.<\/p>\n","protected":false},"excerpt":{"rendered":"<p>Romelu Lukaku se perder\u00e1 el partido de Copa Italia del Inter contra la Juventus, pero Antonio Conte insiste en que no est\u00e1 preocupado por la ausencia del belga. A Antonio Conte no le preocupa que Romelu Lukaku est\u00e9 ausente cuando el Inter se enfrente a la Juventus en la Coppa Italia. Los nerazzurri recibir\u00e1n ma\u00f1ana [&hellip;]<\/p>\n","protected":false},"author":1023,"featured_media":-101101253103,"comment_status":"open","ping_status":"closed","sticky":false,"template":"","format":"standard","meta":{"om_disable_all_campaigns":false,"push_articles_ronaldo":{"active":false,"canonical":0,"publish":false},"force_updates":null},"categories":[1],"tags":[1253,2113,2075,5654,257,1588,585],"enet_tags":{"player":["50047","174265","157723","690230","181276"],"league":["141"],"team":["9885"],"sport_events":[]},"yoast_head":"<!-- This site is optimized with the Yoast SEO plugin v18.3 - https:\/\/yoast.com\/wordpress\/plugins\/seo\/ -->\n<title>\u2018Tenemos a Alexis\u2019 Conte no est\u00e1 preocupado por la ausencia de Lukaku<\/title>\n<meta name=\"description\" content=\"Lukaku se perder\u00e1 el partido de Copa Italia del Inter contra la Juventus, pero Conte insiste en que no est\u00e1 preocupado por su ausencia.\" \/>\n<meta name=\"robots\" content=\"index, follow, max-snippet:-1, max-image-preview:large, max-video-preview:-1\" \/>\n<link rel=\"canonical\" href=\"https:\/\/acefootball.com\/es\/noticias-de-futbol\/tenemos-a-alexis-conte-no-esta-preocupado-por-la-ausencia-de-lukaku-contra-la-juventus\/\" \/>\n<meta property=\"og:locale\" content=\"es_ES\" \/>\n<meta property=\"og:type\" content=\"article\" \/>\n<meta property=\"og:title\" content=\"\u2018Tenemos a Alexis\u2019 Conte no est\u00e1 preocupado por la ausencia de Lukaku\" \/>\n<meta property=\"og:description\" content=\"Lukaku se perder\u00e1 el partido de Copa Italia del Inter contra la Juventus, pero Conte insiste en que no est\u00e1 preocupado por su ausencia.\" \/>\n<meta property=\"og:url\" content=\"https:\/\/acefootball.com\/es\/noticias-de-futbol\/tenemos-a-alexis-conte-no-esta-preocupado-por-la-ausencia-de-lukaku-contra-la-juventus\/\" \/>\n<meta property=\"og:site_name\" content=\"Ace Football Espa\u00f1ol\" \/>\n<meta property=\"article:published_time\" content=\"2021-02-01T20:33:16+00:00\" \/>\n<meta property=\"article:modified_time\" content=\"2021-04-08T16:36:14+00:00\" \/>\n<meta property=\"og:image\" content=\"https:\/\/acefootball.com\/es\/wp-content\/uploads\/2021\/02\/GettyImages-1297993410.jpg\" \/>\n\t<meta property=\"og:image:width\" content=\"1024\" \/>\n\t<meta property=\"og:image:height\" content=\"695\" \/><meta property=\"og:image\" content=\"https:\/\/acefootball.com\/es\/wp-content\/uploads\/sites\/3\/2021\/02\/Acefootball.com-FB-preview-1-8.jpg\" \/>\n\t<meta property=\"og:image:width\" content=\"1920\" \/>\n\t<meta property=\"og:image:height\" content=\"1008\" \/>\n\t<meta property=\"og:image:type\" content=\"image\/jpeg\" \/>\n<meta name=\"twitter:card\" content=\"summary_large_image\" \/>\n<meta name=\"twitter:image\" content=\"https:\/\/acefootball.com\/es\/wp-content\/uploads\/2021\/02\/GettyImages-1297993410.jpg\" \/>\n<meta name=\"twitter:label1\" content=\"Escrito por\" \/>\n\t<meta name=\"twitter:data1\" content=\"\" \/>\n\t<meta name=\"twitter:label2\" content=\"Tiempo de lectura\" \/>\n\t<meta name=\"twitter:data2\" content=\"2 minutos\" \/>\n<script type=\"application\/ld+json\" class=\"yoast-schema-graph\">{\"@context\":\"https:\/\/schema.org\",\"@graph\":[{\"@type\":\"WebSite\",\"@id\":\"https:\/\/acefootball.com\/es\/#website\",\"url\":\"https:\/\/acefootball.com\/es\/\",\"name\":\"Ace Football Espa\u00f1ol\",\"description\":\"News, Betting and Livescore\",\"potentialAction\":[{\"@type\":\"SearchAction\",\"target\":{\"@type\":\"EntryPoint\",\"urlTemplate\":\"https:\/\/acefootball.com\/es\/?s={search_term_string}\"},\"query-input\":\"required name=search_term_string\"}],\"inLanguage\":\"es\"},{\"@type\":\"ImageObject\",\"@id\":\"https:\/\/acefootball.com\/es\/noticias-de-futbol\/tenemos-a-alexis-conte-no-esta-preocupado-por-la-ausencia-de-lukaku-contra-la-juventus\/#primaryimage\",\"inLanguage\":\"es\",\"url\":\"https:\/\/acefootball.com\/es\/wp-content\/uploads\/sites\/3\/2021\/02\/Acefootball.com-FB-preview-1-8.jpg\",\"contentUrl\":\"https:\/\/acefootball.com\/es\/wp-content\/uploads\/sites\/3\/2021\/02\/Acefootball.com-FB-preview-1-8.jpg\",\"width\":1920,\"height\":1008},{\"@type\":\"WebPage\",\"@id\":\"https:\/\/acefootball.com\/es\/noticias-de-futbol\/tenemos-a-alexis-conte-no-esta-preocupado-por-la-ausencia-de-lukaku-contra-la-juventus\/#webpage\",\"url\":\"https:\/\/acefootball.com\/es\/noticias-de-futbol\/tenemos-a-alexis-conte-no-esta-preocupado-por-la-ausencia-de-lukaku-contra-la-juventus\/\",\"name\":\"\u2018Tenemos a Alexis\u2019 Conte no est\u00e1 preocupado por la ausencia de Lukaku\",\"isPartOf\":{\"@id\":\"https:\/\/acefootball.com\/es\/#website\"},\"primaryImageOfPage\":{\"@id\":\"https:\/\/acefootball.com\/es\/noticias-de-futbol\/tenemos-a-alexis-conte-no-esta-preocupado-por-la-ausencia-de-lukaku-contra-la-juventus\/#primaryimage\"},\"datePublished\":\"2021-02-01T20:33:16+00:00\",\"dateModified\":\"2021-04-08T16:36:14+00:00\",\"author\":{\"@id\":\"\"},\"description\":\"Lukaku se perder\u00e1 el partido de Copa Italia del Inter contra la Juventus, pero Conte insiste en que no est\u00e1 preocupado por su ausencia.\",\"breadcrumb\":{\"@id\":\"https:\/\/acefootball.com\/es\/noticias-de-futbol\/tenemos-a-alexis-conte-no-esta-preocupado-por-la-ausencia-de-lukaku-contra-la-juventus\/#breadcrumb\"},\"inLanguage\":\"es\",\"potentialAction\":[{\"@type\":\"ReadAction\",\"target\":[\"https:\/\/acefootball.com\/es\/noticias-de-futbol\/tenemos-a-alexis-conte-no-esta-preocupado-por-la-ausencia-de-lukaku-contra-la-juventus\/\"]}]},{\"@type\":\"BreadcrumbList\",\"@id\":\"https:\/\/acefootball.com\/es\/noticias-de-futbol\/tenemos-a-alexis-conte-no-esta-preocupado-por-la-ausencia-de-lukaku-contra-la-juventus\/#breadcrumb\",\"itemListElement\":[{\"@type\":\"ListItem\",\"position\":1,\"name\":\"Home\",\"item\":\"https:\/\/acefootball.com\/es\/\"},{\"@type\":\"ListItem\",\"position\":2,\"name\":\"\u2018Tenemos a Alexis\u2019 Conte no est\u00e1 preocupado por la ausencia de Lukaku\"}]},{\"@type\":\"Person\",\"@id\":\"\",\"url\":\"https:\/\/acefootball.com\/es\/noticias-de-futbol\/author\/\"}]}<\/script>\n<!-- \/ Yoast SEO plugin. -->","yoast_head_json":{"title":"\u2018Tenemos a Alexis\u2019 Conte no est\u00e1 preocupado por la ausencia de Lukaku","description":"Lukaku se perder\u00e1 el partido de Copa Italia del Inter contra la Juventus, pero Conte insiste en que no est\u00e1 preocupado por su ausencia.","robots":{"index":"index","follow":"follow","max-snippet":"max-snippet:-1","max-image-preview":"max-image-preview:large","max-video-preview":"max-video-preview:-1"},"canonical":"https:\/\/acefootball.com\/es\/noticias-de-futbol\/tenemos-a-alexis-conte-no-esta-preocupado-por-la-ausencia-de-lukaku-contra-la-juventus\/","og_locale":"es_ES","og_type":"article","og_title":"\u2018Tenemos a Alexis\u2019 Conte no est\u00e1 preocupado por la ausencia de Lukaku","og_description":"Lukaku se perder\u00e1 el partido de Copa Italia del Inter contra la Juventus, pero Conte insiste en que no est\u00e1 preocupado por su ausencia.","og_url":"https:\/\/acefootball.com\/es\/noticias-de-futbol\/tenemos-a-alexis-conte-no-esta-preocupado-por-la-ausencia-de-lukaku-contra-la-juventus\/","og_site_name":"Ace Football Espa\u00f1ol","article_published_time":"2021-02-01T20:33:16+00:00","article_modified_time":"2021-04-08T16:36:14+00:00","og_image":[{"url":"https:\/\/acefootball.com\/es\/wp-content\/uploads\/2021\/02\/GettyImages-1297993410.jpg","height":695,"width":1024},{"width":1920,"height":1008,"url":"https:\/\/acefootball.com\/es\/wp-content\/uploads\/sites\/3\/2021\/02\/Acefootball.com-FB-preview-1-8.jpg","type":"image\/jpeg"}],"twitter_card":"summary_large_image","twitter_image":"https:\/\/acefootball.com\/es\/wp-content\/uploads\/2021\/02\/GettyImages-1297993410.jpg","twitter_misc":{"Escrito por":"","Tiempo de lectura":"2 minutos"},"schema":{"@context":"https:\/\/schema.org","@graph":[{"@type":"WebSite","@id":"https:\/\/acefootball.com\/es\/#website","url":"https:\/\/acefootball.com\/es\/","name":"Ace Football Espa\u00f1ol","description":"News, Betting and Livescore","potentialAction":[{"@type":"SearchAction","target":{"@type":"EntryPoint","urlTemplate":"https:\/\/acefootball.com\/es\/?s={search_term_string}"},"query-input":"required name=search_term_string"}],"inLanguage":"es"},{"@type":"ImageObject","@id":"https:\/\/acefootball.com\/es\/noticias-de-futbol\/tenemos-a-alexis-conte-no-esta-preocupado-por-la-ausencia-de-lukaku-contra-la-juventus\/#primaryimage","inLanguage":"es","url":"https:\/\/acefootball.com\/es\/wp-content\/uploads\/sites\/3\/2021\/02\/Acefootball.com-FB-preview-1-8.jpg","contentUrl":"https:\/\/acefootball.com\/es\/wp-content\/uploads\/sites\/3\/2021\/02\/Acefootball.com-FB-preview-1-8.jpg","width":1920,"height":1008},{"@type":"WebPage","@id":"https:\/\/acefootball.com\/es\/noticias-de-futbol\/tenemos-a-alexis-conte-no-esta-preocupado-por-la-ausencia-de-lukaku-contra-la-juventus\/#webpage","url":"https:\/\/acefootball.com\/es\/noticias-de-futbol\/tenemos-a-alexis-conte-no-esta-preocupado-por-la-ausencia-de-lukaku-contra-la-juventus\/","name":"\u2018Tenemos a Alexis\u2019 Conte no est\u00e1 preocupado por la ausencia de Lukaku","isPartOf":{"@id":"https:\/\/acefootball.com\/es\/#website"},"primaryImageOfPage":{"@id":"https:\/\/acefootball.com\/es\/noticias-de-futbol\/tenemos-a-alexis-conte-no-esta-preocupado-por-la-ausencia-de-lukaku-contra-la-juventus\/#primaryimage"},"datePublished":"2021-02-01T20:33:16+00:00","dateModified":"2021-04-08T16:36:14+00:00","author":{"@id":""},"description":"Lukaku se perder\u00e1 el partido de Copa Italia del Inter contra la Juventus, pero Conte insiste en que no est\u00e1 preocupado por su ausencia.","breadcrumb":{"@id":"https:\/\/acefootball.com\/es\/noticias-de-futbol\/tenemos-a-alexis-conte-no-esta-preocupado-por-la-ausencia-de-lukaku-contra-la-juventus\/#breadcrumb"},"inLanguage":"es","potentialAction":[{"@type":"ReadAction","target":["https:\/\/acefootball.com\/es\/noticias-de-futbol\/tenemos-a-alexis-conte-no-esta-preocupado-por-la-ausencia-de-lukaku-contra-la-juventus\/"]}]},{"@type":"BreadcrumbList","@id":"https:\/\/acefootball.com\/es\/noticias-de-futbol\/tenemos-a-alexis-conte-no-esta-preocupado-por-la-ausencia-de-lukaku-contra-la-juventus\/#breadcrumb","itemListElement":[{"@type":"ListItem","position":1,"name":"Home","item":"https:\/\/acefootball.com\/es\/"},{"@type":"ListItem","position":2,"name":"\u2018Tenemos a Alexis\u2019 Conte no est\u00e1 preocupado por la ausencia de Lukaku"}]},{"@type":"Person","@id":"","url":"https:\/\/acefootball.com\/es\/noticias-de-futbol\/author\/"}]}},"fimg_url":"https:\/\/acefootball.com\/es\/wp-content\/uploads\/2021\/02\/GettyImages-1297993410.jpg","_links":{"self":[{"href":"https:\/\/acefootball.com\/es\/wp-json\/wp\/v2\/posts\/12286"}],"collection":[{"href":"https:\/\/acefootball.com\/es\/wp-json\/wp\/v2\/posts"}],"about":[{"href":"https:\/\/acefootball.com\/es\/wp-json\/wp\/v2\/types\/post"}],"author":[{"embeddable":true,"href":"https:\/\/acefootball.com\/es\/wp-json\/wp\/v2\/users\/1023"}],"replies":[{"embeddable":true,"href":"https:\/\/acefootball.com\/es\/wp-json\/wp\/v2\/comments?post=12286"}],"version-history":[{"count":0,"href":"https:\/\/acefootball.com\/es\/wp-json\/wp\/v2\/posts\/12286\/revisions"}],"wp:featuredmedia":[{"embeddable":true,"href":"https:\/\/acefootball.com\/es\/wp-json\/wp\/v2\/media\/-101101253103"}],"wp:attachment":[{"href":"https:\/\/acefootball.com\/es\/wp-json\/wp\/v2\/media?parent=12286"}],"wp:term":[{"taxonomy":"category","embeddable":true,"href":"https:\/\/acefootball.com\/es\/wp-json\/wp\/v2\/categories?post=12286"},{"taxonomy":"post_tag","embeddable":true,"href":"https:\/\/acefootball.com\/es\/wp-json\/wp\/v2\/tags?post=12286"}],"curies":[{"name":"wp","href":"https:\/\/api.w.org\/{rel}","templated":true}]}}