{"id":12275,"date":"2021-02-01T19:20:15","date_gmt":"2021-02-01T19:20:15","guid":{"rendered":"https:\/\/acefootball.com\/es\/?p=12275"},"modified":"2021-02-01T19:20:16","modified_gmt":"2021-02-01T19:20:16","slug":"abramovich-makes-personal-vow-to-help-fight-against-racism","status":"publish","type":"post","link":"https:\/\/acefootball.com\/es\/noticias-de-futbol\/abramovich-makes-personal-vow-to-help-fight-against-racism\/","title":{"rendered":"Abramovich makes personal vow to help fight against racism"},"content":{"rendered":"\n<h2 id=\"h-roman-abramovich-se-ha-mostrado-indignado-por-los-abusos-raciales-a-reece-james-y-est-dispuesto-a-financiar-esfuerzos-adicionales-que-puedan-ayudar-a-combatir-el-racismo\">Roman Abramovich se ha mostrado indignado por los abusos raciales a Reece James y est\u00e1 dispuesto a financiar esfuerzos adicionales que puedan ayudar a combatir el racismo.<\/h2>\n\n\n\n<p>El propietario del Chelsea, Roman Abramovich, ha enviado un mensaje a todos los jugadores del Chelsea y ha declarado su intenci\u00f3n de hacer todo lo posible para luchar contra el racismo.<\/p>\n\n\n\n<p>Esto llega despu\u00e9s de que el defensa de los Blues, Reece James, sufriera recientemente <em><a href=\"https:\/\/acefootball.com\/es\/noticias-de-futbol\/reece-james-comparte-horribles-insultos-racistas-en-sus-redes-sociales\/\">abusos racistas<\/a><\/em> a trav\u00e9s de las redes sociales el viernes. El jugador de 21 a\u00f1os comparti\u00f3 im\u00e1genes de algunos \u00abmensajes racistas\u00bb que recibi\u00f3 a trav\u00e9s de Instagram y a\u00f1adi\u00f3 que las cosas tienen que cambiar.<\/p>\n\n\n\n<p>Esto provoc\u00f3 una declaraci\u00f3n inmediata del Chelsea, que mostr\u00f3 su apoyo al jugador publicando un comunicado de solidaridad.<\/p>\n\n\n\n<figure class=\"wp-block-embed is-type-rich is-provider-twitter wp-block-embed-twitter\"><div class=\"wp-block-embed__wrapper\">\n<blockquote class=\"twitter-tweet\" data-width=\"550\" data-dnt=\"true\"><p lang=\"en\" dir=\"ltr\">Something needs to change.<\/p>&mdash; Chelsea FC (@ChelseaFC) <a href=\"https:\/\/twitter.com\/ChelseaFC\/status\/1355302326320451592?ref_src=twsrc%5Etfw\">January 29, 2021<\/a><\/blockquote><script async src=\"https:\/\/platform.twitter.com\/widgets.js\" charset=\"utf-8\"><\/script>\n<\/div><\/figure>\n\n\n\n<p>El\u00a0<em><a href=\"https:\/\/www.dailymail.co.uk\/sport\/football\/article-9210697\/Chelsea-owner-Roman-Abramovich-appalled-Reece-James-abuse-vows-funds-help-fight-racism.html?ns_mchannel=rss&amp;ns_campaign=1490&amp;ito=1490\" target=\"_blank\" rel=\"noreferrer noopener\">Daily Mail<\/a><\/em>\u00a0informa ahora de que Abramovich est\u00e1 dispuesto a llevar las cosas m\u00e1s lejos e incluso a financiar cualquier esfuerzo que pueda ayudar a la lucha contra el racismo.<\/p>\n\n\n\n<p>Seg\u00fan el informe, el propietario del Chelsea envi\u00f3 mensajes personalizados a todos los jugadores del club justo antes del entrenamiento del lunes.<\/p>\n\n\n\n<figure class=\"wp-block-embed is-type-rich is-provider-twitter wp-block-embed-twitter\"><div class=\"wp-block-embed__wrapper\">\n<blockquote class=\"twitter-tweet\" data-width=\"550\" data-dnt=\"true\"><p lang=\"en\" dir=\"ltr\">EXCLUSIVE: Roman Abramovich has written to every Chelsea player, telling them he is \u2018appalled\u2019 at the racist abuse suffered by Reece James, offering his support and pledging more funds to the club\u2019s anti-racism efforts. Full story (and letter): <a href=\"https:\/\/t.co\/S3ZAhZ6bWb\">https:\/\/t.co\/S3ZAhZ6bWb<\/a><\/p>&mdash; Mike Keegan (@MikeKeegan_DM) <a href=\"https:\/\/twitter.com\/MikeKeegan_DM\/status\/1356271350042779649?ref_src=twsrc%5Etfw\">February 1, 2021<\/a><\/blockquote><script async src=\"https:\/\/platform.twitter.com\/widgets.js\" charset=\"utf-8\"><\/script>\n<\/div><\/figure>\n\n\n\n<p>\u00abEstoy consternado por el abuso racista dirigido a Reece en las redes sociales\u00bb, escribe.<\/p>\n\n\n\n<p>\u00abEl racismo no tiene cabida en nuestro club ni en nuestra sociedad. Nuestro club se compromete a luchar contra el racismo, el antisemitismo y cualquier forma de discriminaci\u00f3n.\u00bb<\/p>\n\n\n\n<p>Ayer mismo, el Manchester United tambi\u00e9n tuvo que emitir un comunicado despu\u00e9s de que Rashford sufriera un abuso similar.<\/p>\n\n\n\n<figure class=\"wp-block-embed is-type-rich is-provider-twitter wp-block-embed-twitter\"><div class=\"wp-block-embed__wrapper\">\n<blockquote class=\"twitter-tweet\" data-width=\"550\" data-dnt=\"true\"><p lang=\"en\" dir=\"ltr\">&quot;Nobody should have to put up with the level of abuse that players across the board are getting at the moment.&quot;<br><br>Charlie Brooks, director of communications at Manchester United, responds to the online racist abuse faced by a number of footballers recently<a href=\"https:\/\/t.co\/CqgMRqs082\">https:\/\/t.co\/CqgMRqs082<\/a> <a href=\"https:\/\/t.co\/seOyQ2JYiE\">pic.twitter.com\/seOyQ2JYiE<\/a><\/p>&mdash; Sky News (@SkyNews) <a href=\"https:\/\/twitter.com\/SkyNews\/status\/1355886675591835652?ref_src=twsrc%5Etfw\">January 31, 2021<\/a><\/blockquote><script async src=\"https:\/\/platform.twitter.com\/widgets.js\" charset=\"utf-8\"><\/script>\n<\/div><\/figure>\n\n\n\n<p>El tema del racismo ha aumentado en la \u00faltima semana en la Premier League. Ya es hora de que se tomen medidas para frenar la cobard\u00eda de los \u00abtrolls online\u00bb.<\/p>\n","protected":false},"excerpt":{"rendered":"<p>Roman Abramovich se ha mostrado indignado por los abusos raciales a Reece James y est\u00e1 dispuesto a financiar esfuerzos adicionales que puedan ayudar a combatir el racismo. El propietario del Chelsea, Roman Abramovich, ha enviado un mensaje a todos los jugadores del Chelsea y ha declarado su intenci\u00f3n de hacer todo lo posible para luchar [&hellip;]<\/p>\n","protected":false},"author":1023,"featured_media":-101101253048,"comment_status":"open","ping_status":"closed","sticky":false,"template":"","format":"standard","meta":{"om_disable_all_campaigns":false,"push_articles_ronaldo":{"active":false,"canonical":0,"publish":false},"force_updates":null},"categories":[1],"tags":[1365],"enet_tags":{"team":["8455"],"sport_events":[]},"yoast_head":"<!-- This site is optimized with the Yoast SEO plugin v18.3 - https:\/\/yoast.com\/wordpress\/plugins\/seo\/ -->\n<title>Abramovich makes personal vow to help fight against racism<\/title>\n<meta name=\"description\" content=\"Abramovich se mostr\u00f3 indignado por los abusos raciales a Reece James y est\u00e1 dispuesto a financiar esfuerzos extra para combatir el racismo.\" \/>\n<meta name=\"robots\" content=\"index, follow, max-snippet:-1, max-image-preview:large, max-video-preview:-1\" \/>\n<link rel=\"canonical\" href=\"https:\/\/acefootball.com\/es\/noticias-de-futbol\/abramovich-makes-personal-vow-to-help-fight-against-racism\/\" \/>\n<meta property=\"og:locale\" content=\"es_ES\" \/>\n<meta property=\"og:type\" content=\"article\" \/>\n<meta property=\"og:title\" content=\"Abramovich makes personal vow to help fight against racism\" \/>\n<meta property=\"og:description\" content=\"Abramovich se mostr\u00f3 indignado por los abusos raciales a Reece James y est\u00e1 dispuesto a financiar esfuerzos extra para combatir el racismo.\" \/>\n<meta property=\"og:url\" content=\"https:\/\/acefootball.com\/es\/noticias-de-futbol\/abramovich-makes-personal-vow-to-help-fight-against-racism\/\" \/>\n<meta property=\"og:site_name\" content=\"Ace Football Espa\u00f1ol\" \/>\n<meta property=\"article:published_time\" content=\"2021-02-01T19:20:15+00:00\" \/>\n<meta property=\"article:modified_time\" content=\"2021-02-01T19:20:16+00:00\" \/>\n<meta property=\"og:image\" content=\"https:\/\/acefootball.com\/es\/wp-content\/uploads\/2021\/02\/GettyImages-521573248.jpg\" \/>\n\t<meta property=\"og:image:width\" content=\"1024\" \/>\n\t<meta property=\"og:image:height\" content=\"683\" \/><meta property=\"og:image\" content=\"https:\/\/acefootball.com\/es\/wp-content\/uploads\/sites\/3\/2021\/02\/Acefootball.com-FB-preview-1.jpg\" \/>\n\t<meta property=\"og:image:width\" content=\"1920\" \/>\n\t<meta property=\"og:image:height\" content=\"1008\" \/>\n\t<meta property=\"og:image:type\" content=\"image\/jpeg\" \/>\n<meta name=\"twitter:card\" content=\"summary_large_image\" \/>\n<meta name=\"twitter:image\" content=\"https:\/\/acefootball.com\/es\/wp-content\/uploads\/2021\/02\/GettyImages-521573248.jpg\" \/>\n<meta name=\"twitter:label1\" content=\"Escrito por\" \/>\n\t<meta name=\"twitter:data1\" content=\"\" \/>\n\t<meta name=\"twitter:label2\" content=\"Tiempo de lectura\" \/>\n\t<meta name=\"twitter:data2\" content=\"2 minutos\" \/>\n<script type=\"application\/ld+json\" class=\"yoast-schema-graph\">{\"@context\":\"https:\/\/schema.org\",\"@graph\":[{\"@type\":\"WebSite\",\"@id\":\"https:\/\/acefootball.com\/es\/#website\",\"url\":\"https:\/\/acefootball.com\/es\/\",\"name\":\"Ace Football Espa\u00f1ol\",\"description\":\"News, Betting and Livescore\",\"potentialAction\":[{\"@type\":\"SearchAction\",\"target\":{\"@type\":\"EntryPoint\",\"urlTemplate\":\"https:\/\/acefootball.com\/es\/?s={search_term_string}\"},\"query-input\":\"required name=search_term_string\"}],\"inLanguage\":\"es\"},{\"@type\":\"ImageObject\",\"@id\":\"https:\/\/acefootball.com\/es\/noticias-de-futbol\/abramovich-makes-personal-vow-to-help-fight-against-racism\/#primaryimage\",\"inLanguage\":\"es\",\"url\":\"https:\/\/acefootball.com\/es\/wp-content\/uploads\/sites\/3\/2021\/02\/Acefootball.com-FB-preview-1.jpg\",\"contentUrl\":\"https:\/\/acefootball.com\/es\/wp-content\/uploads\/sites\/3\/2021\/02\/Acefootball.com-FB-preview-1.jpg\",\"width\":1920,\"height\":1008},{\"@type\":\"WebPage\",\"@id\":\"https:\/\/acefootball.com\/es\/noticias-de-futbol\/abramovich-makes-personal-vow-to-help-fight-against-racism\/#webpage\",\"url\":\"https:\/\/acefootball.com\/es\/noticias-de-futbol\/abramovich-makes-personal-vow-to-help-fight-against-racism\/\",\"name\":\"Abramovich makes personal vow to help fight against racism\",\"isPartOf\":{\"@id\":\"https:\/\/acefootball.com\/es\/#website\"},\"primaryImageOfPage\":{\"@id\":\"https:\/\/acefootball.com\/es\/noticias-de-futbol\/abramovich-makes-personal-vow-to-help-fight-against-racism\/#primaryimage\"},\"datePublished\":\"2021-02-01T19:20:15+00:00\",\"dateModified\":\"2021-02-01T19:20:16+00:00\",\"author\":{\"@id\":\"\"},\"description\":\"Abramovich se mostr\u00f3 indignado por los abusos raciales a Reece James y est\u00e1 dispuesto a financiar esfuerzos extra para combatir el racismo.\",\"breadcrumb\":{\"@id\":\"https:\/\/acefootball.com\/es\/noticias-de-futbol\/abramovich-makes-personal-vow-to-help-fight-against-racism\/#breadcrumb\"},\"inLanguage\":\"es\",\"potentialAction\":[{\"@type\":\"ReadAction\",\"target\":[\"https:\/\/acefootball.com\/es\/noticias-de-futbol\/abramovich-makes-personal-vow-to-help-fight-against-racism\/\"]}]},{\"@type\":\"BreadcrumbList\",\"@id\":\"https:\/\/acefootball.com\/es\/noticias-de-futbol\/abramovich-makes-personal-vow-to-help-fight-against-racism\/#breadcrumb\",\"itemListElement\":[{\"@type\":\"ListItem\",\"position\":1,\"name\":\"Home\",\"item\":\"https:\/\/acefootball.com\/es\/\"},{\"@type\":\"ListItem\",\"position\":2,\"name\":\"Abramovich makes personal vow to help fight against racism\"}]},{\"@type\":\"Person\",\"@id\":\"\",\"url\":\"https:\/\/acefootball.com\/es\/noticias-de-futbol\/author\/\"}]}<\/script>\n<!-- \/ Yoast SEO plugin. -->","yoast_head_json":{"title":"Abramovich makes personal vow to help fight against racism","description":"Abramovich se mostr\u00f3 indignado por los abusos raciales a Reece James y est\u00e1 dispuesto a financiar esfuerzos extra para combatir el racismo.","robots":{"index":"index","follow":"follow","max-snippet":"max-snippet:-1","max-image-preview":"max-image-preview:large","max-video-preview":"max-video-preview:-1"},"canonical":"https:\/\/acefootball.com\/es\/noticias-de-futbol\/abramovich-makes-personal-vow-to-help-fight-against-racism\/","og_locale":"es_ES","og_type":"article","og_title":"Abramovich makes personal vow to help fight against racism","og_description":"Abramovich se mostr\u00f3 indignado por los abusos raciales a Reece James y est\u00e1 dispuesto a financiar esfuerzos extra para combatir el racismo.","og_url":"https:\/\/acefootball.com\/es\/noticias-de-futbol\/abramovich-makes-personal-vow-to-help-fight-against-racism\/","og_site_name":"Ace Football Espa\u00f1ol","article_published_time":"2021-02-01T19:20:15+00:00","article_modified_time":"2021-02-01T19:20:16+00:00","og_image":[{"url":"https:\/\/acefootball.com\/es\/wp-content\/uploads\/2021\/02\/GettyImages-521573248.jpg","height":683,"width":1024},{"width":1920,"height":1008,"url":"https:\/\/acefootball.com\/es\/wp-content\/uploads\/sites\/3\/2021\/02\/Acefootball.com-FB-preview-1.jpg","type":"image\/jpeg"}],"twitter_card":"summary_large_image","twitter_image":"https:\/\/acefootball.com\/es\/wp-content\/uploads\/2021\/02\/GettyImages-521573248.jpg","twitter_misc":{"Escrito por":"","Tiempo de lectura":"2 minutos"},"schema":{"@context":"https:\/\/schema.org","@graph":[{"@type":"WebSite","@id":"https:\/\/acefootball.com\/es\/#website","url":"https:\/\/acefootball.com\/es\/","name":"Ace Football Espa\u00f1ol","description":"News, Betting and Livescore","potentialAction":[{"@type":"SearchAction","target":{"@type":"EntryPoint","urlTemplate":"https:\/\/acefootball.com\/es\/?s={search_term_string}"},"query-input":"required name=search_term_string"}],"inLanguage":"es"},{"@type":"ImageObject","@id":"https:\/\/acefootball.com\/es\/noticias-de-futbol\/abramovich-makes-personal-vow-to-help-fight-against-racism\/#primaryimage","inLanguage":"es","url":"https:\/\/acefootball.com\/es\/wp-content\/uploads\/sites\/3\/2021\/02\/Acefootball.com-FB-preview-1.jpg","contentUrl":"https:\/\/acefootball.com\/es\/wp-content\/uploads\/sites\/3\/2021\/02\/Acefootball.com-FB-preview-1.jpg","width":1920,"height":1008},{"@type":"WebPage","@id":"https:\/\/acefootball.com\/es\/noticias-de-futbol\/abramovich-makes-personal-vow-to-help-fight-against-racism\/#webpage","url":"https:\/\/acefootball.com\/es\/noticias-de-futbol\/abramovich-makes-personal-vow-to-help-fight-against-racism\/","name":"Abramovich makes personal vow to help fight against racism","isPartOf":{"@id":"https:\/\/acefootball.com\/es\/#website"},"primaryImageOfPage":{"@id":"https:\/\/acefootball.com\/es\/noticias-de-futbol\/abramovich-makes-personal-vow-to-help-fight-against-racism\/#primaryimage"},"datePublished":"2021-02-01T19:20:15+00:00","dateModified":"2021-02-01T19:20:16+00:00","author":{"@id":""},"description":"Abramovich se mostr\u00f3 indignado por los abusos raciales a Reece James y est\u00e1 dispuesto a financiar esfuerzos extra para combatir el racismo.","breadcrumb":{"@id":"https:\/\/acefootball.com\/es\/noticias-de-futbol\/abramovich-makes-personal-vow-to-help-fight-against-racism\/#breadcrumb"},"inLanguage":"es","potentialAction":[{"@type":"ReadAction","target":["https:\/\/acefootball.com\/es\/noticias-de-futbol\/abramovich-makes-personal-vow-to-help-fight-against-racism\/"]}]},{"@type":"BreadcrumbList","@id":"https:\/\/acefootball.com\/es\/noticias-de-futbol\/abramovich-makes-personal-vow-to-help-fight-against-racism\/#breadcrumb","itemListElement":[{"@type":"ListItem","position":1,"name":"Home","item":"https:\/\/acefootball.com\/es\/"},{"@type":"ListItem","position":2,"name":"Abramovich makes personal vow to help fight against racism"}]},{"@type":"Person","@id":"","url":"https:\/\/acefootball.com\/es\/noticias-de-futbol\/author\/"}]}},"fimg_url":"https:\/\/acefootball.com\/es\/wp-content\/uploads\/2021\/02\/GettyImages-521573248.jpg","_links":{"self":[{"href":"https:\/\/acefootball.com\/es\/wp-json\/wp\/v2\/posts\/12275"}],"collection":[{"href":"https:\/\/acefootball.com\/es\/wp-json\/wp\/v2\/posts"}],"about":[{"href":"https:\/\/acefootball.com\/es\/wp-json\/wp\/v2\/types\/post"}],"author":[{"embeddable":true,"href":"https:\/\/acefootball.com\/es\/wp-json\/wp\/v2\/users\/1023"}],"replies":[{"embeddable":true,"href":"https:\/\/acefootball.com\/es\/wp-json\/wp\/v2\/comments?post=12275"}],"version-history":[{"count":0,"href":"https:\/\/acefootball.com\/es\/wp-json\/wp\/v2\/posts\/12275\/revisions"}],"wp:featuredmedia":[{"embeddable":true,"href":"https:\/\/acefootball.com\/es\/wp-json\/wp\/v2\/media\/-101101253048"}],"wp:attachment":[{"href":"https:\/\/acefootball.com\/es\/wp-json\/wp\/v2\/media?parent=12275"}],"wp:term":[{"taxonomy":"category","embeddable":true,"href":"https:\/\/acefootball.com\/es\/wp-json\/wp\/v2\/categories?post=12275"},{"taxonomy":"post_tag","embeddable":true,"href":"https:\/\/acefootball.com\/es\/wp-json\/wp\/v2\/tags?post=12275"}],"curies":[{"name":"wp","href":"https:\/\/api.w.org\/{rel}","templated":true}]}}