{"id":12186,"date":"2021-01-29T23:48:14","date_gmt":"2021-01-29T23:48:14","guid":{"rendered":"https:\/\/acefootball.com\/es\/?p=12186"},"modified":"2021-01-29T23:48:15","modified_gmt":"2021-01-29T23:48:15","slug":"reece-james-comparte-horribles-insultos-racistas-en-sus-redes-sociales","status":"publish","type":"post","link":"https:\/\/acefootball.com\/es\/noticias-de-futbol\/reece-james-comparte-horribles-insultos-racistas-en-sus-redes-sociales\/","title":{"rendered":"Reece James comparte horribles insultos racistas en sus redes sociales"},"content":{"rendered":"\n<h2 id=\"h-el-defensa-del-chelsea-reece-james-denunci-los-escandalosos-mensajes-racistas-que-ha-recibido-en-las-redes-sociales\">El defensa del Chelsea, Reece James, denunci\u00f3 los escandalosos mensajes racistas que ha recibido en las redes sociales.<\/h2>\n\n\n\n<p>Este viernes por la tarde, el entrenador del Manchester United, Ole Gunnar Solskjaer, <em><a href=\"https:\/\/acefootball.com\/es\/noticias-de-futbol\/solskjaer-disgustado-con-el-abuso-racial-no-son-fans-del-man-utd\/\">comparti\u00f3<\/a><\/em> un importante mensaje sobre el abuso racial: \u00abEs incre\u00edble que todav\u00eda tengamos estas escenas, o este abuso, en 2021\u00bb.<\/p>\n\n\n\n<p>De hecho, el t\u00e9cnico de los Red Devils no podr\u00eda haber sido m\u00e1s preciso, ya que los informes sobre el racismo en el f\u00fatbol siguen saliendo a la luz. La \u00faltima v\u00edctima de la horrible ola de insultos racistas que rodea las palabras futbol\u00edsticas ha sido Reece James, del Chelsea. El jugador comparti\u00f3 los terribles mensajes que recibi\u00f3 en una de sus redes sociales.<\/p>\n\n\n\n<figure class=\"wp-block-embed is-type-rich is-provider-twitter wp-block-embed-twitter\"><div class=\"wp-block-embed__wrapper\">\n<blockquote class=\"twitter-tweet\" data-width=\"550\" data-dnt=\"true\"><p lang=\"en\" dir=\"ltr\">Reece James has just shared this disgusting message on Instagram.<br><br>Following on from Axel and Martial abuse! <a href=\"https:\/\/t.co\/yFH3Pnj0Wm\">https:\/\/t.co\/yFH3Pnj0Wm<\/a> <a href=\"https:\/\/t.co\/OymDZQ6i1g\">pic.twitter.com\/OymDZQ6i1g<\/a><\/p>&mdash; TheSecretScout (@TheSecretScout_) <a href=\"https:\/\/twitter.com\/TheSecretScout_\/status\/1355257730232160256?ref_src=twsrc%5Etfw\">January 29, 2021<\/a><\/blockquote><script async src=\"https:\/\/platform.twitter.com\/widgets.js\" charset=\"utf-8\"><\/script>\n<\/div><\/figure>\n\n\n\n<p>Seg\u00fan el joven futbolista, \u00abalgo tiene que cambiar\u00bb. Los abusos raciales son cada vez m\u00e1s frecuentes en las redes sociales y muchos han afirmado que estas plataformas deben tomar medidas.<\/p>\n\n\n\n<p>De hecho, Solskjaer fue una de las personalidades del deporte que <em><a href=\"https:\/\/www.manutd.com\/en\/news\/detail\/every-word-from-solskjaer-press-conference-ahead-of-arsenal-v-man-utd-30-jan-2021\" target=\"_blank\" rel=\"noreferrer noopener\">abord\u00f3<\/a><\/em>\u00a0el asunto. Aunque el t\u00e9cnico se refiri\u00f3 a los abusos que recibieron recientemente sus jugadores Tuanzebe y Martial, su mensaje va dirigido a todos los prejuicios que se muestran en la red.<\/p>\n\n\n\n<p>\u00abCreo que hay que revisar las plataformas de las redes sociales, s\u00ed. Si se pueden crear cuentas an\u00f3nimas, abusar de la gente, por supuesto que no est\u00e1 bien. Trabajaremos juntos con todos para detener esta barbaridad\u00bb.<\/p>\n\n\n\n<figure class=\"wp-block-embed is-type-rich is-provider-twitter wp-block-embed-twitter\"><div class=\"wp-block-embed__wrapper\">\n<blockquote class=\"twitter-tweet\" data-width=\"550\" data-dnt=\"true\"><p lang=\"en\" dir=\"ltr\">No room for RACISM!!\ud83e\udd2c<\/p>&mdash; Reece James (@reecejames_24) <a href=\"https:\/\/twitter.com\/reecejames_24\/status\/1355283944237903875?ref_src=twsrc%5Etfw\">January 29, 2021<\/a><\/blockquote><script async src=\"https:\/\/platform.twitter.com\/widgets.js\" charset=\"utf-8\"><\/script>\n<\/div><\/figure>\n\n\n\n<figure class=\"wp-block-embed is-type-wp-embed is-provider-ace-football-espanol wp-block-embed-ace-football-espanol\"><div class=\"wp-block-embed__wrapper\">\n<blockquote class=\"wp-embedded-content\" data-secret=\"Ft0iybwJ0v\"><a href=\"https:\/\/acefootball.com\/es\/noticias-de-futbol\/manchester-united-emite-un-comunicado-tras-los-comentarios-racistas-a-axel-tuanzebe\/\">Manchester United emite un comunicado tras los comentarios racistas a Axel Tuanzebe<\/a><\/blockquote><iframe class=\"wp-embedded-content\" sandbox=\"allow-scripts\" security=\"restricted\" style=\"position: absolute; clip: rect(1px, 1px, 1px, 1px);\" title=\"\u00abManchester United emite un comunicado tras los comentarios racistas a Axel Tuanzebe\u00bb \u2014 Ace Football Espa\u00f1ol\" src=\"https:\/\/acefootball.com\/es\/noticias-de-futbol\/manchester-united-emite-un-comunicado-tras-los-comentarios-racistas-a-axel-tuanzebe\/embed\/#?secret=Ft0iybwJ0v\" data-secret=\"Ft0iybwJ0v\" width=\"600\" height=\"338\" frameborder=\"0\" marginwidth=\"0\" marginheight=\"0\" scrolling=\"no\"><\/iframe>\n<\/div><\/figure>\n","protected":false},"excerpt":{"rendered":"<p>El defensa del Chelsea, Reece James, denunci\u00f3 los escandalosos mensajes racistas que ha recibido en las redes sociales. Este viernes por la tarde, el entrenador del Manchester United, Ole Gunnar Solskjaer, comparti\u00f3 un importante mensaje sobre el abuso racial: \u00abEs incre\u00edble que todav\u00eda tengamos estas escenas, o este abuso, en 2021\u00bb. De hecho, el t\u00e9cnico [&hellip;]<\/p>\n","protected":false},"author":1023,"featured_media":-101101252599,"comment_status":"open","ping_status":"closed","sticky":false,"template":"","format":"standard","meta":{"om_disable_all_campaigns":false,"push_articles_ronaldo":{"active":false,"canonical":0,"publish":false},"force_updates":null},"categories":[1],"tags":[1365,206,205],"enet_tags":{"team":["8455","10260"],"player":["251827"],"sport_events":[]},"yoast_head":"<!-- This site is optimized with the Yoast SEO plugin v18.3 - https:\/\/yoast.com\/wordpress\/plugins\/seo\/ -->\n<title>Reece James comparte horribles insultos racistas en sus redes sociales<\/title>\n<meta name=\"description\" content=\"El defensa del Chelsea, Reece James, denunci\u00f3 los escandalosos mensajes racistas que ha recibido en las redes sociales.\" \/>\n<meta name=\"robots\" content=\"index, follow, max-snippet:-1, max-image-preview:large, max-video-preview:-1\" \/>\n<link rel=\"canonical\" href=\"https:\/\/acefootball.com\/es\/noticias-de-futbol\/reece-james-comparte-horribles-insultos-racistas-en-sus-redes-sociales\/\" \/>\n<meta property=\"og:locale\" content=\"es_ES\" \/>\n<meta property=\"og:type\" content=\"article\" \/>\n<meta property=\"og:title\" content=\"Reece James comparte horribles insultos racistas en sus redes sociales\" \/>\n<meta property=\"og:description\" content=\"El defensa del Chelsea, Reece James, denunci\u00f3 los escandalosos mensajes racistas que ha recibido en las redes sociales.\" \/>\n<meta property=\"og:url\" content=\"https:\/\/acefootball.com\/es\/noticias-de-futbol\/reece-james-comparte-horribles-insultos-racistas-en-sus-redes-sociales\/\" \/>\n<meta property=\"og:site_name\" content=\"Ace Football Espa\u00f1ol\" \/>\n<meta property=\"article:published_time\" content=\"2021-01-29T23:48:14+00:00\" \/>\n<meta property=\"article:modified_time\" content=\"2021-01-29T23:48:15+00:00\" \/>\n<meta property=\"og:image\" content=\"https:\/\/acefootball.com\/es\/wp-content\/uploads\/2021\/01\/GettyImages-1284467232.jpg\" \/>\n\t<meta property=\"og:image:width\" content=\"1024\" \/>\n\t<meta property=\"og:image:height\" content=\"683\" \/><meta property=\"og:image\" content=\"https:\/\/acefootball.com\/es\/wp-content\/uploads\/sites\/3\/2021\/01\/Acefootball.com-FB-preview-1-26-1.jpg\" \/>\n\t<meta property=\"og:image:width\" content=\"1920\" \/>\n\t<meta property=\"og:image:height\" content=\"1008\" \/>\n\t<meta property=\"og:image:type\" content=\"image\/jpeg\" \/>\n<meta name=\"twitter:card\" content=\"summary_large_image\" \/>\n<meta name=\"twitter:image\" content=\"https:\/\/acefootball.com\/es\/wp-content\/uploads\/2021\/01\/GettyImages-1284467232.jpg\" \/>\n<meta name=\"twitter:label1\" content=\"Escrito por\" \/>\n\t<meta name=\"twitter:data1\" content=\"\" \/>\n\t<meta name=\"twitter:label2\" content=\"Tiempo de lectura\" \/>\n\t<meta name=\"twitter:data2\" content=\"1 minuto\" \/>\n<script type=\"application\/ld+json\" class=\"yoast-schema-graph\">{\"@context\":\"https:\/\/schema.org\",\"@graph\":[{\"@type\":\"WebSite\",\"@id\":\"https:\/\/acefootball.com\/es\/#website\",\"url\":\"https:\/\/acefootball.com\/es\/\",\"name\":\"Ace Football Espa\u00f1ol\",\"description\":\"News, Betting and Livescore\",\"potentialAction\":[{\"@type\":\"SearchAction\",\"target\":{\"@type\":\"EntryPoint\",\"urlTemplate\":\"https:\/\/acefootball.com\/es\/?s={search_term_string}\"},\"query-input\":\"required name=search_term_string\"}],\"inLanguage\":\"es\"},{\"@type\":\"ImageObject\",\"@id\":\"https:\/\/acefootball.com\/es\/noticias-de-futbol\/reece-james-comparte-horribles-insultos-racistas-en-sus-redes-sociales\/#primaryimage\",\"inLanguage\":\"es\",\"url\":\"https:\/\/acefootball.com\/es\/wp-content\/uploads\/sites\/3\/2021\/01\/Acefootball.com-FB-preview-1-26-1.jpg\",\"contentUrl\":\"https:\/\/acefootball.com\/es\/wp-content\/uploads\/sites\/3\/2021\/01\/Acefootball.com-FB-preview-1-26-1.jpg\",\"width\":1920,\"height\":1008},{\"@type\":\"WebPage\",\"@id\":\"https:\/\/acefootball.com\/es\/noticias-de-futbol\/reece-james-comparte-horribles-insultos-racistas-en-sus-redes-sociales\/#webpage\",\"url\":\"https:\/\/acefootball.com\/es\/noticias-de-futbol\/reece-james-comparte-horribles-insultos-racistas-en-sus-redes-sociales\/\",\"name\":\"Reece James comparte horribles insultos racistas en sus redes sociales\",\"isPartOf\":{\"@id\":\"https:\/\/acefootball.com\/es\/#website\"},\"primaryImageOfPage\":{\"@id\":\"https:\/\/acefootball.com\/es\/noticias-de-futbol\/reece-james-comparte-horribles-insultos-racistas-en-sus-redes-sociales\/#primaryimage\"},\"datePublished\":\"2021-01-29T23:48:14+00:00\",\"dateModified\":\"2021-01-29T23:48:15+00:00\",\"author\":{\"@id\":\"\"},\"description\":\"El defensa del Chelsea, Reece James, denunci\u00f3 los escandalosos mensajes racistas que ha recibido en las redes sociales.\",\"breadcrumb\":{\"@id\":\"https:\/\/acefootball.com\/es\/noticias-de-futbol\/reece-james-comparte-horribles-insultos-racistas-en-sus-redes-sociales\/#breadcrumb\"},\"inLanguage\":\"es\",\"potentialAction\":[{\"@type\":\"ReadAction\",\"target\":[\"https:\/\/acefootball.com\/es\/noticias-de-futbol\/reece-james-comparte-horribles-insultos-racistas-en-sus-redes-sociales\/\"]}]},{\"@type\":\"BreadcrumbList\",\"@id\":\"https:\/\/acefootball.com\/es\/noticias-de-futbol\/reece-james-comparte-horribles-insultos-racistas-en-sus-redes-sociales\/#breadcrumb\",\"itemListElement\":[{\"@type\":\"ListItem\",\"position\":1,\"name\":\"Home\",\"item\":\"https:\/\/acefootball.com\/es\/\"},{\"@type\":\"ListItem\",\"position\":2,\"name\":\"Reece James comparte horribles insultos racistas en sus redes sociales\"}]},{\"@type\":\"Person\",\"@id\":\"\",\"url\":\"https:\/\/acefootball.com\/es\/noticias-de-futbol\/author\/\"}]}<\/script>\n<!-- \/ Yoast SEO plugin. -->","yoast_head_json":{"title":"Reece James comparte horribles insultos racistas en sus redes sociales","description":"El defensa del Chelsea, Reece James, denunci\u00f3 los escandalosos mensajes racistas que ha recibido en las redes sociales.","robots":{"index":"index","follow":"follow","max-snippet":"max-snippet:-1","max-image-preview":"max-image-preview:large","max-video-preview":"max-video-preview:-1"},"canonical":"https:\/\/acefootball.com\/es\/noticias-de-futbol\/reece-james-comparte-horribles-insultos-racistas-en-sus-redes-sociales\/","og_locale":"es_ES","og_type":"article","og_title":"Reece James comparte horribles insultos racistas en sus redes sociales","og_description":"El defensa del Chelsea, Reece James, denunci\u00f3 los escandalosos mensajes racistas que ha recibido en las redes sociales.","og_url":"https:\/\/acefootball.com\/es\/noticias-de-futbol\/reece-james-comparte-horribles-insultos-racistas-en-sus-redes-sociales\/","og_site_name":"Ace Football Espa\u00f1ol","article_published_time":"2021-01-29T23:48:14+00:00","article_modified_time":"2021-01-29T23:48:15+00:00","og_image":[{"url":"https:\/\/acefootball.com\/es\/wp-content\/uploads\/2021\/01\/GettyImages-1284467232.jpg","height":683,"width":1024},{"width":1920,"height":1008,"url":"https:\/\/acefootball.com\/es\/wp-content\/uploads\/sites\/3\/2021\/01\/Acefootball.com-FB-preview-1-26-1.jpg","type":"image\/jpeg"}],"twitter_card":"summary_large_image","twitter_image":"https:\/\/acefootball.com\/es\/wp-content\/uploads\/2021\/01\/GettyImages-1284467232.jpg","twitter_misc":{"Escrito por":"","Tiempo de lectura":"1 minuto"},"schema":{"@context":"https:\/\/schema.org","@graph":[{"@type":"WebSite","@id":"https:\/\/acefootball.com\/es\/#website","url":"https:\/\/acefootball.com\/es\/","name":"Ace Football Espa\u00f1ol","description":"News, Betting and Livescore","potentialAction":[{"@type":"SearchAction","target":{"@type":"EntryPoint","urlTemplate":"https:\/\/acefootball.com\/es\/?s={search_term_string}"},"query-input":"required name=search_term_string"}],"inLanguage":"es"},{"@type":"ImageObject","@id":"https:\/\/acefootball.com\/es\/noticias-de-futbol\/reece-james-comparte-horribles-insultos-racistas-en-sus-redes-sociales\/#primaryimage","inLanguage":"es","url":"https:\/\/acefootball.com\/es\/wp-content\/uploads\/sites\/3\/2021\/01\/Acefootball.com-FB-preview-1-26-1.jpg","contentUrl":"https:\/\/acefootball.com\/es\/wp-content\/uploads\/sites\/3\/2021\/01\/Acefootball.com-FB-preview-1-26-1.jpg","width":1920,"height":1008},{"@type":"WebPage","@id":"https:\/\/acefootball.com\/es\/noticias-de-futbol\/reece-james-comparte-horribles-insultos-racistas-en-sus-redes-sociales\/#webpage","url":"https:\/\/acefootball.com\/es\/noticias-de-futbol\/reece-james-comparte-horribles-insultos-racistas-en-sus-redes-sociales\/","name":"Reece James comparte horribles insultos racistas en sus redes sociales","isPartOf":{"@id":"https:\/\/acefootball.com\/es\/#website"},"primaryImageOfPage":{"@id":"https:\/\/acefootball.com\/es\/noticias-de-futbol\/reece-james-comparte-horribles-insultos-racistas-en-sus-redes-sociales\/#primaryimage"},"datePublished":"2021-01-29T23:48:14+00:00","dateModified":"2021-01-29T23:48:15+00:00","author":{"@id":""},"description":"El defensa del Chelsea, Reece James, denunci\u00f3 los escandalosos mensajes racistas que ha recibido en las redes sociales.","breadcrumb":{"@id":"https:\/\/acefootball.com\/es\/noticias-de-futbol\/reece-james-comparte-horribles-insultos-racistas-en-sus-redes-sociales\/#breadcrumb"},"inLanguage":"es","potentialAction":[{"@type":"ReadAction","target":["https:\/\/acefootball.com\/es\/noticias-de-futbol\/reece-james-comparte-horribles-insultos-racistas-en-sus-redes-sociales\/"]}]},{"@type":"BreadcrumbList","@id":"https:\/\/acefootball.com\/es\/noticias-de-futbol\/reece-james-comparte-horribles-insultos-racistas-en-sus-redes-sociales\/#breadcrumb","itemListElement":[{"@type":"ListItem","position":1,"name":"Home","item":"https:\/\/acefootball.com\/es\/"},{"@type":"ListItem","position":2,"name":"Reece James comparte horribles insultos racistas en sus redes sociales"}]},{"@type":"Person","@id":"","url":"https:\/\/acefootball.com\/es\/noticias-de-futbol\/author\/"}]}},"fimg_url":"https:\/\/acefootball.com\/es\/wp-content\/uploads\/2021\/01\/GettyImages-1284467232.jpg","_links":{"self":[{"href":"https:\/\/acefootball.com\/es\/wp-json\/wp\/v2\/posts\/12186"}],"collection":[{"href":"https:\/\/acefootball.com\/es\/wp-json\/wp\/v2\/posts"}],"about":[{"href":"https:\/\/acefootball.com\/es\/wp-json\/wp\/v2\/types\/post"}],"author":[{"embeddable":true,"href":"https:\/\/acefootball.com\/es\/wp-json\/wp\/v2\/users\/1023"}],"replies":[{"embeddable":true,"href":"https:\/\/acefootball.com\/es\/wp-json\/wp\/v2\/comments?post=12186"}],"version-history":[{"count":0,"href":"https:\/\/acefootball.com\/es\/wp-json\/wp\/v2\/posts\/12186\/revisions"}],"wp:featuredmedia":[{"embeddable":true,"href":"https:\/\/acefootball.com\/es\/wp-json\/wp\/v2\/media\/-101101252599"}],"wp:attachment":[{"href":"https:\/\/acefootball.com\/es\/wp-json\/wp\/v2\/media?parent=12186"}],"wp:term":[{"taxonomy":"category","embeddable":true,"href":"https:\/\/acefootball.com\/es\/wp-json\/wp\/v2\/categories?post=12186"},{"taxonomy":"post_tag","embeddable":true,"href":"https:\/\/acefootball.com\/es\/wp-json\/wp\/v2\/tags?post=12186"}],"curies":[{"name":"wp","href":"https:\/\/api.w.org\/{rel}","templated":true}]}}