{"id":11919,"date":"2021-01-27T15:14:14","date_gmt":"2021-01-27T15:14:14","guid":{"rendered":"https:\/\/acefootball.com\/es\/?p=11919"},"modified":"2021-01-27T15:14:15","modified_gmt":"2021-01-27T15:14:15","slug":"odegaard-revela-la-principal-razon-por-la-cual-se-va-al-arsenal","status":"publish","type":"post","link":"https:\/\/acefootball.com\/es\/noticias-de-futbol\/odegaard-revela-la-principal-razon-por-la-cual-se-va-al-arsenal\/","title":{"rendered":"Odegaard revela la principal raz\u00f3n por la cual se va al Arsenal"},"content":{"rendered":"\n<h2 id=\"h-muchos-han-sido-los-clubes-que-quer-an-fichar-a-odegaard-pero-el-internacional-noruego-revela-por-qu-ha-escogido-el-arsenal\">Muchos han sido los clubes que quer\u00edan fichar a Odegaard pero el internacional noruego revela por qu\u00e9 ha escogido el Arsenal.<\/h2>\n\n\n\n<p>Martin Odegaard ha revelado la influencia de Mikel Arteta tras decidir unirse al Arsenal.<\/p>\n\n\n\n<p>El mi\u00e9rcoles por la tarde, los &#8216;Gunners&#8217; <em><a href=\"https:\/\/acefootball.com\/es\/noticias-de-futbol\/oficial-arsenal-confirma-el-fichaje-de-martin-odegaard\/\">anunciaron la cesi\u00f3n<\/a><\/em> del internacional noruego del Real Madrid hasta el final de la temporada.<\/p>\n\n\n\n<figure class=\"wp-block-embed is-type-rich is-provider-twitter wp-block-embed-twitter\"><div class=\"wp-block-embed__wrapper\">\n<blockquote class=\"twitter-tweet\" data-width=\"550\" data-dnt=\"true\"><p lang=\"en\" dir=\"ltr\">Our newest Gunner! \ud83d\ude04\ud83c\uddf3\ud83c\uddf4 <a href=\"https:\/\/t.co\/tYc9w0g6N3\">pic.twitter.com\/tYc9w0g6N3<\/a><\/p>&mdash; Arsenal (@Arsenal) <a href=\"https:\/\/twitter.com\/Arsenal\/status\/1354397510719176707?ref_src=twsrc%5Etfw\">January 27, 2021<\/a><\/blockquote><script async src=\"https:\/\/platform.twitter.com\/widgets.js\" charset=\"utf-8\"><\/script>\n<\/div><\/figure>\n\n\n\n<p>Durante la mayor parte de la temporada el Arsenal ha luchado por encontrar un jugador con el perfil de la creatividad en el centro del campo.<\/p>\n\n\n\n<p>Emile Smith Rowe ha llenado ese vac\u00edo, pero una lesi\u00f3n podr\u00eda dejar a los &#8216;Gunners&#8217; cortos en el departamento de la creatividad.<\/p>\n\n\n\n<p>La salida de Mesut \u00d6zil aument\u00f3 a\u00fan m\u00e1s la necesidad de encontrar a alguien y quiz\u00e1s es la raz\u00f3n por la cual los &#8216;Gunners&#8217; se decidieron por Odegaard.<\/p>\n\n\n\n<p>Varios clubes se pusieron en alerta roja cuando Martin solicit\u00f3 abandonar el Real Madrid.<\/p>\n\n\n\n<p>Seg\u00fan los informes, Mikel Arteta, con una llamada telef\u00f3nica, convenci\u00f3 a Odegaard de unirse al equipo y el propio jugador ha confirmado la influencia del entrenador del Arsenal en su decisi\u00f3n.<\/p>\n\n\n\n<p>Ha dicho para la <em><a href=\"https:\/\/www.arsenal.com\/news\/odegaard-why-arteta-was-crucial-my-decision\" target=\"_blank\" rel=\"noreferrer noopener\">web<\/a><\/em> del club: \u00abHabl\u00e9 con \u00e9l antes de venir aqu\u00ed. Fue importante para m\u00ed hacerlo, y parec\u00eda buen entrenador, me gustaban sus ideas, la manera en la que ve el f\u00fatbol y como es \u00e9l\u00bb.<\/p>\n\n\n\n<p>\u00abMe sent\u00ed bien y fue importante para m\u00ed. Ha sido crucial\u00bb.<\/p>\n\n\n\n<p>\u00abCreo que cada vez que vas a un lugar nuevo, quieres asegurarte de que se sienta bien y de que haya un plan.\u00a0Pero creo que todo aqu\u00ed parece bueno\u00bb.<\/p>\n\n\n\n<figure class=\"wp-block-embed is-type-rich is-provider-twitter wp-block-embed-twitter\"><div class=\"wp-block-embed__wrapper\">\n<blockquote class=\"twitter-tweet\" data-width=\"550\" data-dnt=\"true\"><p lang=\"en\" dir=\"ltr\">\ud83d\udcac &quot;Every time I heard about the club, I had a good feeling. And now I&#39;m here. So I think it&#39;s maybe meant to be.&quot;<br><br>\ud83d\udcfa Watch Martin Odegaard&#39;s first interview in full \ud83d\udc47<\/p>&mdash; Arsenal (@Arsenal) <a href=\"https:\/\/twitter.com\/Arsenal\/status\/1354406413804699648?ref_src=twsrc%5Etfw\">January 27, 2021<\/a><\/blockquote><script async src=\"https:\/\/platform.twitter.com\/widgets.js\" charset=\"utf-8\"><\/script>\n<\/div><\/figure>\n\n\n\n<p>\u00abMe gusta el club y siempre me ha gustado la forma en la que el club juega. Todo sobre el club y c\u00f3mo el entrenador quiere jugar, creo que es un equipo en el que puedo adaptarme. Creo que es una buena combinaci\u00f3n\u00bb.<\/p>\n\n\n\n<p>Odegaard tambi\u00e9n revel\u00f3 que ha visto al Arsenal durante mucho tiempo y sol\u00eda idolatrar a uno de sus centrocampistas en particular.<\/p>\n\n\n\n<p>\u00abEn Noruega la Premier League es algo muy gordo. Mis amigos y yo ve\u00edamos todos los partidos, desde que yo era peque\u00f1o\u00bb.<\/p>\n\n\n\n<p>\u00abCreo que es la mejor liga, sobre todo en Noruega, y siempre ha sido mi sue\u00f1o poder jugar en la Premier League. Siempre me ha gustado la forma en la que el Arsenal juega. Es un sue\u00f1o que se ha hecho realidad\u00bb.<\/p>\n\n\n\n<p>\u00abHab\u00eda muchos [jugadores del Arsenal que admira]. Pero creo que F\u00e1bregas, para m\u00ed, ha sido uno de mis \u00eddolos. As\u00ed que \u00e9l\u00bb.<\/p>\n\n\n\n<p>\u00abComo controla el partido, la forma en la que lo dicta, su habilidad para asistir y a la vez marcar goles. Todo sobre su juego\u00bb.<\/p>\n","protected":false},"excerpt":{"rendered":"<p>Muchos han sido los clubes que quer\u00edan fichar a Odegaard pero el internacional noruego revela por qu\u00e9 ha escogido el Arsenal.<\/p>\n","protected":false},"author":1022,"featured_media":-101101252036,"comment_status":"open","ping_status":"closed","sticky":false,"template":"","format":"standard","meta":{"om_disable_all_campaigns":false,"push_articles_ronaldo":{"active":false,"canonical":0,"publish":false},"force_updates":null},"categories":[1],"tags":[520,1759,2143,77],"enet_tags":{"team":["9825"],"player":["534670","963523"],"league":["47"],"sport_events":[]},"yoast_head":"<!-- This site is optimized with the Yoast SEO plugin v18.3 - https:\/\/yoast.com\/wordpress\/plugins\/seo\/ -->\n<title>Odegaard revela la principal raz\u00f3n por la cual se va al Arsenal<\/title>\n<meta name=\"description\" content=\"Muchos han sido los clubes que quer\u00edan fichar a Odegaard pero el internacional noruego revela por qu\u00e9 ha escogido el Arsenal.\" \/>\n<meta name=\"robots\" content=\"index, follow, max-snippet:-1, max-image-preview:large, max-video-preview:-1\" \/>\n<link rel=\"canonical\" href=\"https:\/\/acefootball.com\/es\/noticias-de-futbol\/odegaard-revela-la-principal-razon-por-la-cual-se-va-al-arsenal\/\" \/>\n<meta property=\"og:locale\" content=\"es_ES\" \/>\n<meta property=\"og:type\" content=\"article\" \/>\n<meta property=\"og:title\" content=\"Odegaard revela la principal raz\u00f3n por la cual se va al Arsenal\" \/>\n<meta property=\"og:description\" content=\"Muchos han sido los clubes que quer\u00edan fichar a Odegaard pero el internacional noruego revela por qu\u00e9 ha escogido el Arsenal.\" \/>\n<meta property=\"og:url\" content=\"https:\/\/acefootball.com\/es\/noticias-de-futbol\/odegaard-revela-la-principal-razon-por-la-cual-se-va-al-arsenal\/\" \/>\n<meta property=\"og:site_name\" content=\"Ace Football Espa\u00f1ol\" \/>\n<meta property=\"article:published_time\" content=\"2021-01-27T15:14:14+00:00\" \/>\n<meta property=\"article:modified_time\" content=\"2021-01-27T15:14:15+00:00\" \/>\n<meta property=\"og:image\" content=\"https:\/\/acefootball.com\/es\/wp-content\/uploads\/2021\/01\/GettyImages-1254872056-1.jpg\" \/>\n\t<meta property=\"og:image:width\" content=\"1024\" \/>\n\t<meta property=\"og:image:height\" content=\"683\" \/>\n<meta name=\"twitter:card\" content=\"summary_large_image\" \/>\n<meta name=\"twitter:image\" content=\"https:\/\/acefootball.com\/es\/wp-content\/uploads\/2021\/01\/GettyImages-1254872056-1.jpg\" \/>\n<meta name=\"twitter:label1\" content=\"Escrito por\" \/>\n\t<meta name=\"twitter:data1\" content=\"\" \/>\n\t<meta name=\"twitter:label2\" content=\"Tiempo de lectura\" \/>\n\t<meta name=\"twitter:data2\" content=\"3 minutos\" \/>\n<script type=\"application\/ld+json\" class=\"yoast-schema-graph\">{\"@context\":\"https:\/\/schema.org\",\"@graph\":[{\"@type\":\"WebSite\",\"@id\":\"https:\/\/acefootball.com\/es\/#website\",\"url\":\"https:\/\/acefootball.com\/es\/\",\"name\":\"Ace Football Espa\u00f1ol\",\"description\":\"News, Betting and Livescore\",\"potentialAction\":[{\"@type\":\"SearchAction\",\"target\":{\"@type\":\"EntryPoint\",\"urlTemplate\":\"https:\/\/acefootball.com\/es\/?s={search_term_string}\"},\"query-input\":\"required name=search_term_string\"}],\"inLanguage\":\"es\"},{\"@type\":\"ImageObject\",\"@id\":\"https:\/\/acefootball.com\/es\/noticias-de-futbol\/odegaard-revela-la-principal-razon-por-la-cual-se-va-al-arsenal\/#primaryimage\",\"inLanguage\":\"es\",\"url\":\"https:\/\/acefootball.com\/es\/wp-content\/uploads\/2021\/01\/GettyImages-1254872056-1.jpg\",\"contentUrl\":\"https:\/\/acefootball.com\/es\/wp-content\/uploads\/2021\/01\/GettyImages-1254872056-1.jpg\"},{\"@type\":\"WebPage\",\"@id\":\"https:\/\/acefootball.com\/es\/noticias-de-futbol\/odegaard-revela-la-principal-razon-por-la-cual-se-va-al-arsenal\/#webpage\",\"url\":\"https:\/\/acefootball.com\/es\/noticias-de-futbol\/odegaard-revela-la-principal-razon-por-la-cual-se-va-al-arsenal\/\",\"name\":\"Odegaard revela la principal raz\u00f3n por la cual se va al Arsenal\",\"isPartOf\":{\"@id\":\"https:\/\/acefootball.com\/es\/#website\"},\"primaryImageOfPage\":{\"@id\":\"https:\/\/acefootball.com\/es\/noticias-de-futbol\/odegaard-revela-la-principal-razon-por-la-cual-se-va-al-arsenal\/#primaryimage\"},\"datePublished\":\"2021-01-27T15:14:14+00:00\",\"dateModified\":\"2021-01-27T15:14:15+00:00\",\"author\":{\"@id\":\"\"},\"description\":\"Muchos han sido los clubes que quer\u00edan fichar a Odegaard pero el internacional noruego revela por qu\u00e9 ha escogido el Arsenal.\",\"breadcrumb\":{\"@id\":\"https:\/\/acefootball.com\/es\/noticias-de-futbol\/odegaard-revela-la-principal-razon-por-la-cual-se-va-al-arsenal\/#breadcrumb\"},\"inLanguage\":\"es\",\"potentialAction\":[{\"@type\":\"ReadAction\",\"target\":[\"https:\/\/acefootball.com\/es\/noticias-de-futbol\/odegaard-revela-la-principal-razon-por-la-cual-se-va-al-arsenal\/\"]}]},{\"@type\":\"BreadcrumbList\",\"@id\":\"https:\/\/acefootball.com\/es\/noticias-de-futbol\/odegaard-revela-la-principal-razon-por-la-cual-se-va-al-arsenal\/#breadcrumb\",\"itemListElement\":[{\"@type\":\"ListItem\",\"position\":1,\"name\":\"Home\",\"item\":\"https:\/\/acefootball.com\/es\/\"},{\"@type\":\"ListItem\",\"position\":2,\"name\":\"Odegaard revela la principal raz\u00f3n por la cual se va al Arsenal\"}]},{\"@type\":\"Person\",\"@id\":\"\",\"url\":\"https:\/\/acefootball.com\/es\/noticias-de-futbol\/author\/\"}]}<\/script>\n<!-- \/ Yoast SEO plugin. -->","yoast_head_json":{"title":"Odegaard revela la principal raz\u00f3n por la cual se va al Arsenal","description":"Muchos han sido los clubes que quer\u00edan fichar a Odegaard pero el internacional noruego revela por qu\u00e9 ha escogido el Arsenal.","robots":{"index":"index","follow":"follow","max-snippet":"max-snippet:-1","max-image-preview":"max-image-preview:large","max-video-preview":"max-video-preview:-1"},"canonical":"https:\/\/acefootball.com\/es\/noticias-de-futbol\/odegaard-revela-la-principal-razon-por-la-cual-se-va-al-arsenal\/","og_locale":"es_ES","og_type":"article","og_title":"Odegaard revela la principal raz\u00f3n por la cual se va al Arsenal","og_description":"Muchos han sido los clubes que quer\u00edan fichar a Odegaard pero el internacional noruego revela por qu\u00e9 ha escogido el Arsenal.","og_url":"https:\/\/acefootball.com\/es\/noticias-de-futbol\/odegaard-revela-la-principal-razon-por-la-cual-se-va-al-arsenal\/","og_site_name":"Ace Football Espa\u00f1ol","article_published_time":"2021-01-27T15:14:14+00:00","article_modified_time":"2021-01-27T15:14:15+00:00","og_image":[{"url":"https:\/\/acefootball.com\/es\/wp-content\/uploads\/2021\/01\/GettyImages-1254872056-1.jpg","height":683,"width":1024}],"twitter_card":"summary_large_image","twitter_image":"https:\/\/acefootball.com\/es\/wp-content\/uploads\/2021\/01\/GettyImages-1254872056-1.jpg","twitter_misc":{"Escrito por":"","Tiempo de lectura":"3 minutos"},"schema":{"@context":"https:\/\/schema.org","@graph":[{"@type":"WebSite","@id":"https:\/\/acefootball.com\/es\/#website","url":"https:\/\/acefootball.com\/es\/","name":"Ace Football Espa\u00f1ol","description":"News, Betting and Livescore","potentialAction":[{"@type":"SearchAction","target":{"@type":"EntryPoint","urlTemplate":"https:\/\/acefootball.com\/es\/?s={search_term_string}"},"query-input":"required name=search_term_string"}],"inLanguage":"es"},{"@type":"ImageObject","@id":"https:\/\/acefootball.com\/es\/noticias-de-futbol\/odegaard-revela-la-principal-razon-por-la-cual-se-va-al-arsenal\/#primaryimage","inLanguage":"es","url":"https:\/\/acefootball.com\/es\/wp-content\/uploads\/2021\/01\/GettyImages-1254872056-1.jpg","contentUrl":"https:\/\/acefootball.com\/es\/wp-content\/uploads\/2021\/01\/GettyImages-1254872056-1.jpg"},{"@type":"WebPage","@id":"https:\/\/acefootball.com\/es\/noticias-de-futbol\/odegaard-revela-la-principal-razon-por-la-cual-se-va-al-arsenal\/#webpage","url":"https:\/\/acefootball.com\/es\/noticias-de-futbol\/odegaard-revela-la-principal-razon-por-la-cual-se-va-al-arsenal\/","name":"Odegaard revela la principal raz\u00f3n por la cual se va al Arsenal","isPartOf":{"@id":"https:\/\/acefootball.com\/es\/#website"},"primaryImageOfPage":{"@id":"https:\/\/acefootball.com\/es\/noticias-de-futbol\/odegaard-revela-la-principal-razon-por-la-cual-se-va-al-arsenal\/#primaryimage"},"datePublished":"2021-01-27T15:14:14+00:00","dateModified":"2021-01-27T15:14:15+00:00","author":{"@id":""},"description":"Muchos han sido los clubes que quer\u00edan fichar a Odegaard pero el internacional noruego revela por qu\u00e9 ha escogido el Arsenal.","breadcrumb":{"@id":"https:\/\/acefootball.com\/es\/noticias-de-futbol\/odegaard-revela-la-principal-razon-por-la-cual-se-va-al-arsenal\/#breadcrumb"},"inLanguage":"es","potentialAction":[{"@type":"ReadAction","target":["https:\/\/acefootball.com\/es\/noticias-de-futbol\/odegaard-revela-la-principal-razon-por-la-cual-se-va-al-arsenal\/"]}]},{"@type":"BreadcrumbList","@id":"https:\/\/acefootball.com\/es\/noticias-de-futbol\/odegaard-revela-la-principal-razon-por-la-cual-se-va-al-arsenal\/#breadcrumb","itemListElement":[{"@type":"ListItem","position":1,"name":"Home","item":"https:\/\/acefootball.com\/es\/"},{"@type":"ListItem","position":2,"name":"Odegaard revela la principal raz\u00f3n por la cual se va al Arsenal"}]},{"@type":"Person","@id":"","url":"https:\/\/acefootball.com\/es\/noticias-de-futbol\/author\/"}]}},"fimg_url":"https:\/\/acefootball.com\/es\/wp-content\/uploads\/2021\/01\/GettyImages-1254872056-1.jpg","_links":{"self":[{"href":"https:\/\/acefootball.com\/es\/wp-json\/wp\/v2\/posts\/11919"}],"collection":[{"href":"https:\/\/acefootball.com\/es\/wp-json\/wp\/v2\/posts"}],"about":[{"href":"https:\/\/acefootball.com\/es\/wp-json\/wp\/v2\/types\/post"}],"author":[{"embeddable":true,"href":"https:\/\/acefootball.com\/es\/wp-json\/wp\/v2\/users\/1022"}],"replies":[{"embeddable":true,"href":"https:\/\/acefootball.com\/es\/wp-json\/wp\/v2\/comments?post=11919"}],"version-history":[{"count":0,"href":"https:\/\/acefootball.com\/es\/wp-json\/wp\/v2\/posts\/11919\/revisions"}],"wp:featuredmedia":[{"embeddable":true,"href":"https:\/\/acefootball.com\/es\/wp-json\/wp\/v2\/media\/-101101252036"}],"wp:attachment":[{"href":"https:\/\/acefootball.com\/es\/wp-json\/wp\/v2\/media?parent=11919"}],"wp:term":[{"taxonomy":"category","embeddable":true,"href":"https:\/\/acefootball.com\/es\/wp-json\/wp\/v2\/categories?post=11919"},{"taxonomy":"post_tag","embeddable":true,"href":"https:\/\/acefootball.com\/es\/wp-json\/wp\/v2\/tags?post=11919"}],"curies":[{"name":"wp","href":"https:\/\/api.w.org\/{rel}","templated":true}]}}