{"id":11915,"date":"2021-01-27T13:20:36","date_gmt":"2021-01-27T13:20:36","guid":{"rendered":"https:\/\/acefootball.com\/es\/?p=11915"},"modified":"2021-01-27T13:20:37","modified_gmt":"2021-01-27T13:20:37","slug":"oficial-arsenal-confirma-el-fichaje-de-martin-odegaard","status":"publish","type":"post","link":"https:\/\/acefootball.com\/es\/noticias-de-futbol\/oficial-arsenal-confirma-el-fichaje-de-martin-odegaard\/","title":{"rendered":"Oficial: Arsenal confirma el fichaje de Martin Odegaard"},"content":{"rendered":"\n<h2 id=\"h-el-arsenal-ha-confirmado-la-cesi-n-de-martin-odegaard-del-real-madrid-hasta-el-final-de-la-temporada\">El Arsenal ha confirmado la cesi\u00f3n de Martin Odegaard del Real Madrid hasta el final de la temporada.<\/h2>\n\n\n\n<p>El Arsenal ha fichado al internacional noruego, Martin Odegaard.<\/p>\n\n\n\n<figure class=\"wp-block-embed is-type-rich is-provider-twitter wp-block-embed-twitter\"><div class=\"wp-block-embed__wrapper\">\n<blockquote class=\"twitter-tweet\" data-width=\"550\" data-dnt=\"true\"><p lang=\"da\" dir=\"ltr\">\u270d\ufe0f It&#39;s \u00f8fficial\u2026 \ud83d\ude09 <a href=\"https:\/\/t.co\/4eV5gNjK3x\">pic.twitter.com\/4eV5gNjK3x<\/a><\/p>&mdash; Arsenal (@Arsenal) <a href=\"https:\/\/twitter.com\/Arsenal\/status\/1354391240842862593?ref_src=twsrc%5Etfw\">January 27, 2021<\/a><\/blockquote><script async src=\"https:\/\/platform.twitter.com\/widgets.js\" charset=\"utf-8\"><\/script>\n<\/div><\/figure>\n\n\n\n<p>El jugador de 22 a\u00f1os se unir\u00e1 al club hasta el final de la temporada, proporcionando a los &#8216;Gunners&#8217; la creatividad que tanto necesitan tras la <em><a href=\"https:\/\/acefootball.com\/football-news\/gunner-for-life-ozil-bids-arsenal-fans-farewell-after-fenerbahce-move\/\">salida de Mesut \u00d6zil<\/a><\/em>.<\/p>\n\n\n\n<p>Odegaard solicit\u00f3 dejar el Santiago Bernab\u00e9u en enero debido a la falta de minutos en lo que va de temporada. Ha jugado solo siete veces en La Liga y a\u00fan no ha completado los 90 minutos con el Madrid desde que regres\u00f3 de la cesi\u00f3n al Real Sociedad la temporada pasada.<\/p>\n\n\n\n<p>Los &#8216;Gunners&#8217; han confirmado su nuevo fichaje que llevar\u00e1 el n\u00famero 11 en la camiseta hasta el final de la temporada.<\/p>\n\n\n\n<figure class=\"wp-block-embed is-type-rich is-provider-twitter wp-block-embed-twitter\"><div class=\"wp-block-embed__wrapper\">\n<blockquote class=\"twitter-tweet\" data-width=\"550\" data-dnt=\"true\"><p lang=\"en\" dir=\"ltr\">\ud83c\uddf3\ud83c\uddf4 1\ufe0f\u20e31\ufe0f\u20e3 \ud83c\uddf3\ud83c\uddf4<br><br>\ud83d\uded2 Get ready to represent Martin now on Arsenal Direct \ud83d\udc47<\/p>&mdash; Arsenal (@Arsenal) <a href=\"https:\/\/twitter.com\/Arsenal\/status\/1354400033584668672?ref_src=twsrc%5Etfw\">January 27, 2021<\/a><\/blockquote><script async src=\"https:\/\/platform.twitter.com\/widgets.js\" charset=\"utf-8\"><\/script>\n<\/div><\/figure>\n\n\n\n<p>Ese n\u00famero ha sido dejado vacante por el centrocampista uruguayo Lucas Torreira, quien actualmente se encuentra cedido al Atl\u00e9tico de Madrid.<\/p>\n\n\n\n<p>En la p\u00e1gina web del club, Edu, el director t\u00e9cnico <em><a href=\"https:\/\/www.arsenal.com\/news\/martin-odegaard-joins-arsenal-loan\" target=\"_blank\" rel=\"noreferrer noopener\">dijo<\/a><\/em>: \u00abEstamos encantados de darle la bienvenida a Martin al club hasta final de temporada.\u00a0Me gustar\u00eda agradecer al Real Madrid y a los representantes de Martin su colaboraci\u00f3n para hacer realidad esta cesi\u00f3n\u00bb.<\/p>\n\n\n\n<p>\u00abMartin es un talento excepcional y estamos fortaleciendo nuestro equipo con la introducci\u00f3n de un jugador ofensivo durante los meses restantes de la temporada\u00bb.<\/p>\n\n\n\n<p>La llegada de Odegaard esta programada para verlo competir con Emile Smith Rowe, quien ha impresionado en la posici\u00f3n con el n\u00famero 10.<\/p>\n","protected":false},"excerpt":{"rendered":"<p>El Arsenal ha confirmado la cesi\u00f3n de Martin Odegaard del Real Madrid hasta el final de la temporada.<\/p>\n","protected":false},"author":1022,"featured_media":-101101252020,"comment_status":"open","ping_status":"closed","sticky":false,"template":"","format":"standard","meta":{"om_disable_all_campaigns":false,"push_articles_ronaldo":{"active":false,"canonical":0,"publish":false},"force_updates":null},"categories":[75],"tags":[520,1759,2143,211],"enet_tags":{"team":["9825","8633"],"player":["534670","963523"],"sport_events":[]},"yoast_head":"<!-- This site is optimized with the Yoast SEO plugin v18.3 - https:\/\/yoast.com\/wordpress\/plugins\/seo\/ -->\n<title>Oficial: Arsenal confirma el fichaje de Martin Odegaard<\/title>\n<meta name=\"description\" content=\"El Arsenal ha confirmado la cesi\u00f3n de Martin Odegaard del Real Madrid hasta el final de la temporada.\" \/>\n<meta name=\"robots\" content=\"index, follow, max-snippet:-1, max-image-preview:large, max-video-preview:-1\" \/>\n<link rel=\"canonical\" href=\"https:\/\/acefootball.com\/es\/noticias-de-futbol\/oficial-arsenal-confirma-el-fichaje-de-martin-odegaard\/\" \/>\n<meta property=\"og:locale\" content=\"es_ES\" \/>\n<meta property=\"og:type\" content=\"article\" \/>\n<meta property=\"og:title\" content=\"Oficial: Arsenal confirma el fichaje de Martin Odegaard\" \/>\n<meta property=\"og:description\" content=\"El Arsenal ha confirmado la cesi\u00f3n de Martin Odegaard del Real Madrid hasta el final de la temporada.\" \/>\n<meta property=\"og:url\" content=\"https:\/\/acefootball.com\/es\/noticias-de-futbol\/oficial-arsenal-confirma-el-fichaje-de-martin-odegaard\/\" \/>\n<meta property=\"og:site_name\" content=\"Ace Football Espa\u00f1ol\" \/>\n<meta property=\"article:published_time\" content=\"2021-01-27T13:20:36+00:00\" \/>\n<meta property=\"article:modified_time\" content=\"2021-01-27T13:20:37+00:00\" \/>\n<meta property=\"og:image\" content=\"https:\/\/acefootball.com\/es\/wp-content\/uploads\/2021\/01\/GettyImages-1206899453.jpg\" \/>\n\t<meta property=\"og:image:width\" content=\"1024\" \/>\n\t<meta property=\"og:image:height\" content=\"687\" \/>\n<meta name=\"twitter:card\" content=\"summary_large_image\" \/>\n<meta name=\"twitter:image\" content=\"https:\/\/acefootball.com\/es\/wp-content\/uploads\/2021\/01\/GettyImages-1206899453.jpg\" \/>\n<meta name=\"twitter:label1\" content=\"Escrito por\" \/>\n\t<meta name=\"twitter:data1\" content=\"\" \/>\n\t<meta name=\"twitter:label2\" content=\"Tiempo de lectura\" \/>\n\t<meta name=\"twitter:data2\" content=\"2 minutos\" \/>\n<script type=\"application\/ld+json\" class=\"yoast-schema-graph\">{\"@context\":\"https:\/\/schema.org\",\"@graph\":[{\"@type\":\"WebSite\",\"@id\":\"https:\/\/acefootball.com\/es\/#website\",\"url\":\"https:\/\/acefootball.com\/es\/\",\"name\":\"Ace Football Espa\u00f1ol\",\"description\":\"News, Betting and Livescore\",\"potentialAction\":[{\"@type\":\"SearchAction\",\"target\":{\"@type\":\"EntryPoint\",\"urlTemplate\":\"https:\/\/acefootball.com\/es\/?s={search_term_string}\"},\"query-input\":\"required name=search_term_string\"}],\"inLanguage\":\"es\"},{\"@type\":\"ImageObject\",\"@id\":\"https:\/\/acefootball.com\/es\/noticias-de-futbol\/oficial-arsenal-confirma-el-fichaje-de-martin-odegaard\/#primaryimage\",\"inLanguage\":\"es\",\"url\":\"https:\/\/acefootball.com\/es\/wp-content\/uploads\/2021\/01\/GettyImages-1206899453.jpg\",\"contentUrl\":\"https:\/\/acefootball.com\/es\/wp-content\/uploads\/2021\/01\/GettyImages-1206899453.jpg\"},{\"@type\":\"WebPage\",\"@id\":\"https:\/\/acefootball.com\/es\/noticias-de-futbol\/oficial-arsenal-confirma-el-fichaje-de-martin-odegaard\/#webpage\",\"url\":\"https:\/\/acefootball.com\/es\/noticias-de-futbol\/oficial-arsenal-confirma-el-fichaje-de-martin-odegaard\/\",\"name\":\"Oficial: Arsenal confirma el fichaje de Martin Odegaard\",\"isPartOf\":{\"@id\":\"https:\/\/acefootball.com\/es\/#website\"},\"primaryImageOfPage\":{\"@id\":\"https:\/\/acefootball.com\/es\/noticias-de-futbol\/oficial-arsenal-confirma-el-fichaje-de-martin-odegaard\/#primaryimage\"},\"datePublished\":\"2021-01-27T13:20:36+00:00\",\"dateModified\":\"2021-01-27T13:20:37+00:00\",\"author\":{\"@id\":\"\"},\"description\":\"El Arsenal ha confirmado la cesi\u00f3n de Martin Odegaard del Real Madrid hasta el final de la temporada.\",\"breadcrumb\":{\"@id\":\"https:\/\/acefootball.com\/es\/noticias-de-futbol\/oficial-arsenal-confirma-el-fichaje-de-martin-odegaard\/#breadcrumb\"},\"inLanguage\":\"es\",\"potentialAction\":[{\"@type\":\"ReadAction\",\"target\":[\"https:\/\/acefootball.com\/es\/noticias-de-futbol\/oficial-arsenal-confirma-el-fichaje-de-martin-odegaard\/\"]}]},{\"@type\":\"BreadcrumbList\",\"@id\":\"https:\/\/acefootball.com\/es\/noticias-de-futbol\/oficial-arsenal-confirma-el-fichaje-de-martin-odegaard\/#breadcrumb\",\"itemListElement\":[{\"@type\":\"ListItem\",\"position\":1,\"name\":\"Home\",\"item\":\"https:\/\/acefootball.com\/es\/\"},{\"@type\":\"ListItem\",\"position\":2,\"name\":\"Oficial: Arsenal confirma el fichaje de Martin Odegaard\"}]},{\"@type\":\"Person\",\"@id\":\"\",\"url\":\"https:\/\/acefootball.com\/es\/noticias-de-futbol\/author\/\"}]}<\/script>\n<!-- \/ Yoast SEO plugin. -->","yoast_head_json":{"title":"Oficial: Arsenal confirma el fichaje de Martin Odegaard","description":"El Arsenal ha confirmado la cesi\u00f3n de Martin Odegaard del Real Madrid hasta el final de la temporada.","robots":{"index":"index","follow":"follow","max-snippet":"max-snippet:-1","max-image-preview":"max-image-preview:large","max-video-preview":"max-video-preview:-1"},"canonical":"https:\/\/acefootball.com\/es\/noticias-de-futbol\/oficial-arsenal-confirma-el-fichaje-de-martin-odegaard\/","og_locale":"es_ES","og_type":"article","og_title":"Oficial: Arsenal confirma el fichaje de Martin Odegaard","og_description":"El Arsenal ha confirmado la cesi\u00f3n de Martin Odegaard del Real Madrid hasta el final de la temporada.","og_url":"https:\/\/acefootball.com\/es\/noticias-de-futbol\/oficial-arsenal-confirma-el-fichaje-de-martin-odegaard\/","og_site_name":"Ace Football Espa\u00f1ol","article_published_time":"2021-01-27T13:20:36+00:00","article_modified_time":"2021-01-27T13:20:37+00:00","og_image":[{"url":"https:\/\/acefootball.com\/es\/wp-content\/uploads\/2021\/01\/GettyImages-1206899453.jpg","height":687,"width":1024}],"twitter_card":"summary_large_image","twitter_image":"https:\/\/acefootball.com\/es\/wp-content\/uploads\/2021\/01\/GettyImages-1206899453.jpg","twitter_misc":{"Escrito por":"","Tiempo de lectura":"2 minutos"},"schema":{"@context":"https:\/\/schema.org","@graph":[{"@type":"WebSite","@id":"https:\/\/acefootball.com\/es\/#website","url":"https:\/\/acefootball.com\/es\/","name":"Ace Football Espa\u00f1ol","description":"News, Betting and Livescore","potentialAction":[{"@type":"SearchAction","target":{"@type":"EntryPoint","urlTemplate":"https:\/\/acefootball.com\/es\/?s={search_term_string}"},"query-input":"required name=search_term_string"}],"inLanguage":"es"},{"@type":"ImageObject","@id":"https:\/\/acefootball.com\/es\/noticias-de-futbol\/oficial-arsenal-confirma-el-fichaje-de-martin-odegaard\/#primaryimage","inLanguage":"es","url":"https:\/\/acefootball.com\/es\/wp-content\/uploads\/2021\/01\/GettyImages-1206899453.jpg","contentUrl":"https:\/\/acefootball.com\/es\/wp-content\/uploads\/2021\/01\/GettyImages-1206899453.jpg"},{"@type":"WebPage","@id":"https:\/\/acefootball.com\/es\/noticias-de-futbol\/oficial-arsenal-confirma-el-fichaje-de-martin-odegaard\/#webpage","url":"https:\/\/acefootball.com\/es\/noticias-de-futbol\/oficial-arsenal-confirma-el-fichaje-de-martin-odegaard\/","name":"Oficial: Arsenal confirma el fichaje de Martin Odegaard","isPartOf":{"@id":"https:\/\/acefootball.com\/es\/#website"},"primaryImageOfPage":{"@id":"https:\/\/acefootball.com\/es\/noticias-de-futbol\/oficial-arsenal-confirma-el-fichaje-de-martin-odegaard\/#primaryimage"},"datePublished":"2021-01-27T13:20:36+00:00","dateModified":"2021-01-27T13:20:37+00:00","author":{"@id":""},"description":"El Arsenal ha confirmado la cesi\u00f3n de Martin Odegaard del Real Madrid hasta el final de la temporada.","breadcrumb":{"@id":"https:\/\/acefootball.com\/es\/noticias-de-futbol\/oficial-arsenal-confirma-el-fichaje-de-martin-odegaard\/#breadcrumb"},"inLanguage":"es","potentialAction":[{"@type":"ReadAction","target":["https:\/\/acefootball.com\/es\/noticias-de-futbol\/oficial-arsenal-confirma-el-fichaje-de-martin-odegaard\/"]}]},{"@type":"BreadcrumbList","@id":"https:\/\/acefootball.com\/es\/noticias-de-futbol\/oficial-arsenal-confirma-el-fichaje-de-martin-odegaard\/#breadcrumb","itemListElement":[{"@type":"ListItem","position":1,"name":"Home","item":"https:\/\/acefootball.com\/es\/"},{"@type":"ListItem","position":2,"name":"Oficial: Arsenal confirma el fichaje de Martin Odegaard"}]},{"@type":"Person","@id":"","url":"https:\/\/acefootball.com\/es\/noticias-de-futbol\/author\/"}]}},"fimg_url":"https:\/\/acefootball.com\/es\/wp-content\/uploads\/2021\/01\/GettyImages-1206899453.jpg","_links":{"self":[{"href":"https:\/\/acefootball.com\/es\/wp-json\/wp\/v2\/posts\/11915"}],"collection":[{"href":"https:\/\/acefootball.com\/es\/wp-json\/wp\/v2\/posts"}],"about":[{"href":"https:\/\/acefootball.com\/es\/wp-json\/wp\/v2\/types\/post"}],"author":[{"embeddable":true,"href":"https:\/\/acefootball.com\/es\/wp-json\/wp\/v2\/users\/1022"}],"replies":[{"embeddable":true,"href":"https:\/\/acefootball.com\/es\/wp-json\/wp\/v2\/comments?post=11915"}],"version-history":[{"count":0,"href":"https:\/\/acefootball.com\/es\/wp-json\/wp\/v2\/posts\/11915\/revisions"}],"wp:featuredmedia":[{"embeddable":true,"href":"https:\/\/acefootball.com\/es\/wp-json\/wp\/v2\/media\/-101101252020"}],"wp:attachment":[{"href":"https:\/\/acefootball.com\/es\/wp-json\/wp\/v2\/media?parent=11915"}],"wp:term":[{"taxonomy":"category","embeddable":true,"href":"https:\/\/acefootball.com\/es\/wp-json\/wp\/v2\/categories?post=11915"},{"taxonomy":"post_tag","embeddable":true,"href":"https:\/\/acefootball.com\/es\/wp-json\/wp\/v2\/tags?post=11915"}],"curies":[{"name":"wp","href":"https:\/\/api.w.org\/{rel}","templated":true}]}}