{"id":11590,"date":"2021-01-22T15:34:45","date_gmt":"2021-01-22T15:34:45","guid":{"rendered":"https:\/\/acefootball.com\/es\/?p=11590"},"modified":"2021-01-22T15:34:46","modified_gmt":"2021-01-22T15:34:46","slug":"dyche-habla-sobre-la-pelea-con-klopp","status":"publish","type":"post","link":"https:\/\/acefootball.com\/es\/noticias-de-futbol\/dyche-habla-sobre-la-pelea-con-klopp\/","title":{"rendered":"Dyche habla sobre la pelea con Klopp"},"content":{"rendered":"\n<h2 id=\"h-los-dos-entrenadores-se-vieron-envueltos-en-un-acalorado-intercambio-en-el-t-nel-en-un-partido-que-puso-fin-al-r-cord-en-casa-de-los-rojos\">Los dos entrenadores se vieron envueltos en un acalorado intercambio en el t\u00fanel en un partido que puso fin al r\u00e9cord en casa de los rojos.<\/h2>\n\n\n\n<p>Sean Dyche insiste en que no hay \u00abnada malo\u00bb en su pelea con J\u00fcrgen Klopp durante el partido de la <em><a href=\"https:\/\/acefootball.com\/es\/premier-league\/\">Premier League<\/a><\/em> entre Burnley y Liverpool del jueves.<\/p>\n\n\n\n<p>Los \u00e1nimos se desbordaron en Anfield con el marcador todav\u00eda empatado a 0-0 hasta el descanso. Una revisi\u00f3n del VAR sobre un posible incidente de tarjeta roja mantuvo a ambos equipos en el campo tras el pitido del descanso. Finalmente Fabinho obtuvo una tarjeta amarilla por una patada a Ashley Barnes despu\u00e9s de que ambos se retaran por el bal\u00f3n.<\/p>\n\n\n\n<p>Sin embargo, el incidente produjo una reacci\u00f3n fuera del campo cuando Dyche y Klopp se involucraron en una animada discusi\u00f3n. El entrenador del Liverpool corri\u00f3 detr\u00e1s del t\u00e9cnico del Burnley mientras este \u00faltimo se dirig\u00eda al vestuario.<\/p>\n\n\n\n<figure class=\"wp-block-embed is-type-rich is-provider-twitter wp-block-embed-twitter\"><div class=\"wp-block-embed__wrapper\">\n<blockquote class=\"twitter-tweet\" data-width=\"550\" data-dnt=\"true\"><p lang=\"en\" dir=\"ltr\">Jurgen Klopp &amp; Sean Dyche exchange strong words in the tunnel at half-time \ud83e\udd2c <a href=\"https:\/\/t.co\/rvnGEWMBiX\">pic.twitter.com\/rvnGEWMBiX<\/a><\/p>&mdash; Football Daily (@footballdaily) <a href=\"https:\/\/twitter.com\/footballdaily\/status\/1352359614826897408?ref_src=twsrc%5Etfw\">January 21, 2021<\/a><\/blockquote><script async src=\"https:\/\/platform.twitter.com\/widgets.js\" charset=\"utf-8\"><\/script>\n<\/div><\/figure>\n\n\n\n<p>Barnes anot\u00f3 en el minuto 83 cuando Burnley consigui\u00f3 una victoria 2-1 poniendo fin a la racha de 68 partidos invictos del Liverpool en Anfield.<\/p>\n\n\n\n<p>\u00abSabes, cuando venimos a estos lugares, se nos permite pelearnos. Se nos permite intentar ganar\u00bb, dijo a\u00a0<em><a href=\"https:\/\/www.youtube.com\/watch?v=niT7LFHNaWc\" target=\"_blank\" rel=\"noreferrer noopener\">Sky Sports<\/a><\/em> sobre su incidente tras el partido. \u00abNo hay m\u00e1s\u00bb.<\/p>\n\n\n\n<p>\u00abNos dijimos algunas cosas. Nada que no estuviera fuera de la norma\u00bb.<\/p>\n\n\n\n<p>\u00abEramos solo dos entrenadores peleando por sus equipos, queriendo ganar un partido. No hay nada malo en eso\u00bb.<\/p>\n\n\n\n<figure class=\"wp-block-embed is-type-wp-embed is-provider-ace-football wp-block-embed-ace-football\"><div class=\"wp-block-embed__wrapper\">\n<blockquote class=\"wp-embedded-content\" data-secret=\"aucNHIcQbq\"><a href=\"https:\/\/acefootball.com\/football-news\/klopp-rates-liverpools-title-chances-after-burnley-defeat\/\">Klopp rates Liverpool&#8217;s title chances after Burnley defeat<\/a><\/blockquote><iframe class=\"wp-embedded-content\" sandbox=\"allow-scripts\" security=\"restricted\" style=\"position: absolute; clip: rect(1px, 1px, 1px, 1px);\" title=\"&#8220;Klopp rates Liverpool&#8217;s title chances after Burnley defeat&#8221; &#8212; Ace Football\" src=\"https:\/\/acefootball.com\/football-news\/klopp-rates-liverpools-title-chances-after-burnley-defeat\/embed\/#?secret=aucNHIcQbq\" data-secret=\"aucNHIcQbq\" width=\"600\" height=\"338\" frameborder=\"0\" marginwidth=\"0\" marginheight=\"0\" scrolling=\"no\"><\/iframe>\n<\/div><\/figure>\n","protected":false},"excerpt":{"rendered":"<p>Los dos entrenadores se vieron envueltos en un acalorado intercambio en el t\u00fanel en un partido que puso fin al r\u00e9cord en casa de los rojos.<\/p>\n","protected":false},"author":1022,"featured_media":-101101251023,"comment_status":"open","ping_status":"closed","sticky":false,"template":"","format":"standard","meta":{"om_disable_all_campaigns":false,"push_articles_ronaldo":{"active":false,"canonical":0,"publish":false},"force_updates":null},"categories":[1],"tags":[7472,1758,275,7513],"enet_tags":{"team":["8191","8650"],"player":["78660","304239"],"sport_events":[]},"yoast_head":"<!-- This site is optimized with the Yoast SEO plugin v18.3 - https:\/\/yoast.com\/wordpress\/plugins\/seo\/ -->\n<title>Dyche habla sobre la pelea con Klopp<\/title>\n<meta name=\"description\" content=\"Los dos entrenadores se vieron envueltos en un acalorado intercambio en el t\u00fanel en un partido que puso fin al r\u00e9cord en casa de los rojos.\" \/>\n<meta name=\"robots\" content=\"index, follow, max-snippet:-1, max-image-preview:large, max-video-preview:-1\" \/>\n<link rel=\"canonical\" href=\"https:\/\/acefootball.com\/es\/noticias-de-futbol\/dyche-habla-sobre-la-pelea-con-klopp\/\" \/>\n<meta property=\"og:locale\" content=\"es_ES\" \/>\n<meta property=\"og:type\" content=\"article\" \/>\n<meta property=\"og:title\" content=\"Dyche habla sobre la pelea con Klopp\" \/>\n<meta property=\"og:description\" content=\"Los dos entrenadores se vieron envueltos en un acalorado intercambio en el t\u00fanel en un partido que puso fin al r\u00e9cord en casa de los rojos.\" \/>\n<meta property=\"og:url\" content=\"https:\/\/acefootball.com\/es\/noticias-de-futbol\/dyche-habla-sobre-la-pelea-con-klopp\/\" \/>\n<meta property=\"og:site_name\" content=\"Ace Football Espa\u00f1ol\" \/>\n<meta property=\"article:published_time\" content=\"2021-01-22T15:34:45+00:00\" \/>\n<meta property=\"article:modified_time\" content=\"2021-01-22T15:34:46+00:00\" \/>\n<meta property=\"og:image\" content=\"https:\/\/acefootball.com\/es\/wp-content\/uploads\/2021\/01\/1294487304-1297666289.jpg\" \/>\n\t<meta property=\"og:image:width\" content=\"1920\" \/>\n\t<meta property=\"og:image:height\" content=\"1262\" \/>\n<meta name=\"twitter:card\" content=\"summary_large_image\" \/>\n<meta name=\"twitter:image\" content=\"https:\/\/acefootball.com\/es\/wp-content\/uploads\/2021\/01\/1294487304-1297666289.jpg\" \/>\n<meta name=\"twitter:label1\" content=\"Escrito por\" \/>\n\t<meta name=\"twitter:data1\" content=\"\" \/>\n\t<meta name=\"twitter:label2\" content=\"Tiempo de lectura\" \/>\n\t<meta name=\"twitter:data2\" content=\"1 minuto\" \/>\n<script type=\"application\/ld+json\" class=\"yoast-schema-graph\">{\"@context\":\"https:\/\/schema.org\",\"@graph\":[{\"@type\":\"WebSite\",\"@id\":\"https:\/\/acefootball.com\/es\/#website\",\"url\":\"https:\/\/acefootball.com\/es\/\",\"name\":\"Ace Football Espa\u00f1ol\",\"description\":\"News, Betting and Livescore\",\"potentialAction\":[{\"@type\":\"SearchAction\",\"target\":{\"@type\":\"EntryPoint\",\"urlTemplate\":\"https:\/\/acefootball.com\/es\/?s={search_term_string}\"},\"query-input\":\"required name=search_term_string\"}],\"inLanguage\":\"es\"},{\"@type\":\"ImageObject\",\"@id\":\"https:\/\/acefootball.com\/es\/noticias-de-futbol\/dyche-habla-sobre-la-pelea-con-klopp\/#primaryimage\",\"inLanguage\":\"es\",\"url\":\"https:\/\/acefootball.com\/es\/wp-content\/uploads\/2021\/01\/1294487304-1297666289.jpg\",\"contentUrl\":\"https:\/\/acefootball.com\/es\/wp-content\/uploads\/2021\/01\/1294487304-1297666289.jpg\"},{\"@type\":\"WebPage\",\"@id\":\"https:\/\/acefootball.com\/es\/noticias-de-futbol\/dyche-habla-sobre-la-pelea-con-klopp\/#webpage\",\"url\":\"https:\/\/acefootball.com\/es\/noticias-de-futbol\/dyche-habla-sobre-la-pelea-con-klopp\/\",\"name\":\"Dyche habla sobre la pelea con Klopp\",\"isPartOf\":{\"@id\":\"https:\/\/acefootball.com\/es\/#website\"},\"primaryImageOfPage\":{\"@id\":\"https:\/\/acefootball.com\/es\/noticias-de-futbol\/dyche-habla-sobre-la-pelea-con-klopp\/#primaryimage\"},\"datePublished\":\"2021-01-22T15:34:45+00:00\",\"dateModified\":\"2021-01-22T15:34:46+00:00\",\"author\":{\"@id\":\"\"},\"description\":\"Los dos entrenadores se vieron envueltos en un acalorado intercambio en el t\u00fanel en un partido que puso fin al r\u00e9cord en casa de los rojos.\",\"breadcrumb\":{\"@id\":\"https:\/\/acefootball.com\/es\/noticias-de-futbol\/dyche-habla-sobre-la-pelea-con-klopp\/#breadcrumb\"},\"inLanguage\":\"es\",\"potentialAction\":[{\"@type\":\"ReadAction\",\"target\":[\"https:\/\/acefootball.com\/es\/noticias-de-futbol\/dyche-habla-sobre-la-pelea-con-klopp\/\"]}]},{\"@type\":\"BreadcrumbList\",\"@id\":\"https:\/\/acefootball.com\/es\/noticias-de-futbol\/dyche-habla-sobre-la-pelea-con-klopp\/#breadcrumb\",\"itemListElement\":[{\"@type\":\"ListItem\",\"position\":1,\"name\":\"Home\",\"item\":\"https:\/\/acefootball.com\/es\/\"},{\"@type\":\"ListItem\",\"position\":2,\"name\":\"Dyche habla sobre la pelea con Klopp\"}]},{\"@type\":\"Person\",\"@id\":\"\",\"url\":\"https:\/\/acefootball.com\/es\/noticias-de-futbol\/author\/\"}]}<\/script>\n<!-- \/ Yoast SEO plugin. -->","yoast_head_json":{"title":"Dyche habla sobre la pelea con Klopp","description":"Los dos entrenadores se vieron envueltos en un acalorado intercambio en el t\u00fanel en un partido que puso fin al r\u00e9cord en casa de los rojos.","robots":{"index":"index","follow":"follow","max-snippet":"max-snippet:-1","max-image-preview":"max-image-preview:large","max-video-preview":"max-video-preview:-1"},"canonical":"https:\/\/acefootball.com\/es\/noticias-de-futbol\/dyche-habla-sobre-la-pelea-con-klopp\/","og_locale":"es_ES","og_type":"article","og_title":"Dyche habla sobre la pelea con Klopp","og_description":"Los dos entrenadores se vieron envueltos en un acalorado intercambio en el t\u00fanel en un partido que puso fin al r\u00e9cord en casa de los rojos.","og_url":"https:\/\/acefootball.com\/es\/noticias-de-futbol\/dyche-habla-sobre-la-pelea-con-klopp\/","og_site_name":"Ace Football Espa\u00f1ol","article_published_time":"2021-01-22T15:34:45+00:00","article_modified_time":"2021-01-22T15:34:46+00:00","og_image":[{"url":"https:\/\/acefootball.com\/es\/wp-content\/uploads\/2021\/01\/1294487304-1297666289.jpg","height":1262,"width":1920}],"twitter_card":"summary_large_image","twitter_image":"https:\/\/acefootball.com\/es\/wp-content\/uploads\/2021\/01\/1294487304-1297666289.jpg","twitter_misc":{"Escrito por":"","Tiempo de lectura":"1 minuto"},"schema":{"@context":"https:\/\/schema.org","@graph":[{"@type":"WebSite","@id":"https:\/\/acefootball.com\/es\/#website","url":"https:\/\/acefootball.com\/es\/","name":"Ace Football Espa\u00f1ol","description":"News, Betting and Livescore","potentialAction":[{"@type":"SearchAction","target":{"@type":"EntryPoint","urlTemplate":"https:\/\/acefootball.com\/es\/?s={search_term_string}"},"query-input":"required name=search_term_string"}],"inLanguage":"es"},{"@type":"ImageObject","@id":"https:\/\/acefootball.com\/es\/noticias-de-futbol\/dyche-habla-sobre-la-pelea-con-klopp\/#primaryimage","inLanguage":"es","url":"https:\/\/acefootball.com\/es\/wp-content\/uploads\/2021\/01\/1294487304-1297666289.jpg","contentUrl":"https:\/\/acefootball.com\/es\/wp-content\/uploads\/2021\/01\/1294487304-1297666289.jpg"},{"@type":"WebPage","@id":"https:\/\/acefootball.com\/es\/noticias-de-futbol\/dyche-habla-sobre-la-pelea-con-klopp\/#webpage","url":"https:\/\/acefootball.com\/es\/noticias-de-futbol\/dyche-habla-sobre-la-pelea-con-klopp\/","name":"Dyche habla sobre la pelea con Klopp","isPartOf":{"@id":"https:\/\/acefootball.com\/es\/#website"},"primaryImageOfPage":{"@id":"https:\/\/acefootball.com\/es\/noticias-de-futbol\/dyche-habla-sobre-la-pelea-con-klopp\/#primaryimage"},"datePublished":"2021-01-22T15:34:45+00:00","dateModified":"2021-01-22T15:34:46+00:00","author":{"@id":""},"description":"Los dos entrenadores se vieron envueltos en un acalorado intercambio en el t\u00fanel en un partido que puso fin al r\u00e9cord en casa de los rojos.","breadcrumb":{"@id":"https:\/\/acefootball.com\/es\/noticias-de-futbol\/dyche-habla-sobre-la-pelea-con-klopp\/#breadcrumb"},"inLanguage":"es","potentialAction":[{"@type":"ReadAction","target":["https:\/\/acefootball.com\/es\/noticias-de-futbol\/dyche-habla-sobre-la-pelea-con-klopp\/"]}]},{"@type":"BreadcrumbList","@id":"https:\/\/acefootball.com\/es\/noticias-de-futbol\/dyche-habla-sobre-la-pelea-con-klopp\/#breadcrumb","itemListElement":[{"@type":"ListItem","position":1,"name":"Home","item":"https:\/\/acefootball.com\/es\/"},{"@type":"ListItem","position":2,"name":"Dyche habla sobre la pelea con Klopp"}]},{"@type":"Person","@id":"","url":"https:\/\/acefootball.com\/es\/noticias-de-futbol\/author\/"}]}},"fimg_url":"https:\/\/acefootball.com\/es\/wp-content\/uploads\/2021\/01\/1294487304-1297666289.jpg","_links":{"self":[{"href":"https:\/\/acefootball.com\/es\/wp-json\/wp\/v2\/posts\/11590"}],"collection":[{"href":"https:\/\/acefootball.com\/es\/wp-json\/wp\/v2\/posts"}],"about":[{"href":"https:\/\/acefootball.com\/es\/wp-json\/wp\/v2\/types\/post"}],"author":[{"embeddable":true,"href":"https:\/\/acefootball.com\/es\/wp-json\/wp\/v2\/users\/1022"}],"replies":[{"embeddable":true,"href":"https:\/\/acefootball.com\/es\/wp-json\/wp\/v2\/comments?post=11590"}],"version-history":[{"count":0,"href":"https:\/\/acefootball.com\/es\/wp-json\/wp\/v2\/posts\/11590\/revisions"}],"wp:featuredmedia":[{"embeddable":true,"href":"https:\/\/acefootball.com\/es\/wp-json\/wp\/v2\/media\/-101101251023"}],"wp:attachment":[{"href":"https:\/\/acefootball.com\/es\/wp-json\/wp\/v2\/media?parent=11590"}],"wp:term":[{"taxonomy":"category","embeddable":true,"href":"https:\/\/acefootball.com\/es\/wp-json\/wp\/v2\/categories?post=11590"},{"taxonomy":"post_tag","embeddable":true,"href":"https:\/\/acefootball.com\/es\/wp-json\/wp\/v2\/tags?post=11590"}],"curies":[{"name":"wp","href":"https:\/\/api.w.org\/{rel}","templated":true}]}}