{"id":11196,"date":"2021-01-14T15:21:56","date_gmt":"2021-01-14T15:21:56","guid":{"rendered":"https:\/\/acefootball.com\/es\/?p=11196"},"modified":"2021-04-09T18:53:31","modified_gmt":"2021-04-09T16:53:31","slug":"muller-culpa-a-la-mala-suerte-de-la-vergonzosa-noche-del-bayern-en-kiel","status":"publish","type":"post","link":"https:\/\/acefootball.com\/es\/noticias-de-futbol\/muller-culpa-a-la-mala-suerte-de-la-vergonzosa-noche-del-bayern-en-kiel\/","title":{"rendered":"Muller culpa a la mala suerte de la vergonzosa noche del Bayern en Kiel"},"content":{"rendered":"\n<h2 id=\"h-thomas-muller-centrocampista-del-bayern-de-m-nich-se-ha-excusado-d-bilmente-sobre-su-salida-de-la-copa-de-alemania-contra-kiel\">Thomas Muller, centrocampista del Bayern de M\u00fanich, se ha excusado d\u00e9bilmente sobre su salida de la Copa de Alemania contra Kiel.<\/h2>\n\n\n\n<p>El Bayern de M\u00fanich, ganador del triplete, <a href=\"https:\/\/acefootball.com\/es\/noticias-de-futbol\/video-holstein-kiel-celebra-despues-de-la-impactante-victoria-contra-el-bayern-munich\/\"><em>sufri\u00f3 anoche una salida impactante de la Copa de Alemania, perdiendo en la tanda de penaltis ante Holsten Kiel<\/em><\/a>, de segunda divisi\u00f3n. <\/p>\n\n\n\n<p>Los campeones de Alemania y Europa llevaban la delantera y empataron en el minuto 95, aunque Hani Flick eligi\u00f3 su mejor plantilla disponible en este momento. <\/p>\n\n\n\n<p>Uno de sus mejores jugadores, Thomas Muller, cree que les falt\u00f3 suerte. <\/p>\n\n\n\n<p>\u00abAl final del d\u00eda perdimos contra el que lleva todas las de perder\u00bb, dijo a <em><a href=\"https:\/\/www.101greatgoals.com\/news\/muller-blames-bad-luck-for-bayerns-cup-exit-to-second-tier-side-holstein-kiel\/\" target=\"_blank\" rel=\"noreferrer noopener\">01GreatGoals<\/a><\/em>. \u00abPuede que suene absurdo despu\u00e9s de tal derrota pero la suerte no estaba con nosotros\u00bb.<\/p>\n\n\n\n<figure class=\"wp-block-embed is-type-rich is-provider-twitter wp-block-embed-twitter\"><div class=\"wp-block-embed__wrapper\">\n<blockquote class=\"twitter-tweet\" data-width=\"550\" data-dnt=\"true\"><p lang=\"es\" dir=\"ltr\"><a href=\"https:\/\/twitter.com\/hashtag\/CopaDeAlemania?src=hash&amp;ref_src=twsrc%5Etfw\">#CopaDeAlemania<\/a> | El Bayern M\u00fanich, defensor del t\u00edtulo en esta competici\u00f3n, fue eliminado por sorpresa este mi\u00e9rcoles en la tanda de penaltis (6-5 tras empate 2-2) de su eliminatoria de dieciseisavos de final ante el Holstein Kiel, de la segunda divisi\u00f3n <br><br>V\u00eda AFP <a href=\"https:\/\/t.co\/R4SwcS6DcR\">pic.twitter.com\/R4SwcS6DcR<\/a><\/p>&mdash; El Mejor Equipo (@EUDeportes) <a href=\"https:\/\/twitter.com\/EUDeportes\/status\/1349492167249682433?ref_src=twsrc%5Etfw\">January 13, 2021<\/a><\/blockquote><script async src=\"https:\/\/platform.twitter.com\/widgets.js\" charset=\"utf-8\"><\/script>\n<\/div><\/figure>\n\n\n\n<p>El entrenador admite que el equipo est\u00e1 decepcionado ya que esperaban defender los tres t\u00edtulos de la \u00faltima temporada. <\/p>\n\n\n\n<p>\u00abEs un shock. Estamos decepcionados, quer\u00edamos defender el triplete. En conjunto, se redujo a los detalles, el equipo lo hizo bien\u00bb, dijo Flick a <em><a href=\"https:\/\/www.beinsports.com\/au\/dfb-pokal\/news\/flick-urges-bayern-to-move-on-from-shock-cup-\/1618077\" target=\"_blank\" rel=\"noreferrer noopener\">beIN Sport<\/a>. <\/em><\/p>\n\n\n\n<p>\u00abDominamos le partido, ese era nuestro objetivo. Es muy molesto que hayamos empatado en el \u00faltimo segundo. Debemos felicitar a Kiel, han jugado bien por la copa, estaban completamente comprometidos\u00bb. <\/p>\n\n\n\n<p>\u00abDebemos dejarlo atr\u00e1s y mejorar. Debemos ser m\u00e1s compactos por detr\u00e1s, aplicar m\u00e1s presi\u00f3n y ser m\u00e1s s\u00f3lidos cuando se trata de balones por encima de la cresta\u00bb.<\/p>\n\n\n\n<p>Ser\u00e1 la primera vez en 20 a\u00f1os que el gigante alem\u00e1n no estar\u00e1 en los octavos de final de la Copa de Alemania.<\/p>\n","protected":false},"excerpt":{"rendered":"<p>Thomas Muller, centrocampista del Bayern de M\u00fanich, se ha excusado d\u00e9bilmente sobre su salida de la Copa de Alemania contra Kiel.<\/p>\n","protected":false},"author":1022,"featured_media":-101101249459,"comment_status":"open","ping_status":"closed","sticky":false,"template":"","format":"standard","meta":{"om_disable_all_campaigns":false,"push_articles_ronaldo":{"active":false,"canonical":0,"publish":false},"force_updates":null},"categories":[1],"tags":[207,1259],"enet_tags":{"player":["116772"],"sport_events":[]},"yoast_head":"<!-- This site is optimized with the Yoast SEO plugin v18.3 - https:\/\/yoast.com\/wordpress\/plugins\/seo\/ -->\n<title>Muller culpa a la mala suerte de la vergonzosa noche del Bayern en Kiel<\/title>\n<meta name=\"description\" content=\"Thomas Muller, centrocampista del Bayern de M\u00fanich, se ha excusado d\u00e9bilmente sobre su salida de la Copa de Alemania contra Kiel.\" \/>\n<meta name=\"robots\" content=\"index, follow, max-snippet:-1, max-image-preview:large, max-video-preview:-1\" \/>\n<link rel=\"canonical\" href=\"https:\/\/acefootball.com\/es\/noticias-de-futbol\/muller-culpa-a-la-mala-suerte-de-la-vergonzosa-noche-del-bayern-en-kiel\/\" \/>\n<meta property=\"og:locale\" content=\"es_ES\" \/>\n<meta property=\"og:type\" content=\"article\" \/>\n<meta property=\"og:title\" content=\"Muller culpa a la mala suerte de la vergonzosa noche del Bayern en Kiel\" \/>\n<meta property=\"og:description\" content=\"Thomas Muller, centrocampista del Bayern de M\u00fanich, se ha excusado d\u00e9bilmente sobre su salida de la Copa de Alemania contra Kiel.\" \/>\n<meta property=\"og:url\" content=\"https:\/\/acefootball.com\/es\/noticias-de-futbol\/muller-culpa-a-la-mala-suerte-de-la-vergonzosa-noche-del-bayern-en-kiel\/\" \/>\n<meta property=\"og:site_name\" content=\"Ace Football Espa\u00f1ol\" \/>\n<meta property=\"article:published_time\" content=\"2021-01-14T15:21:56+00:00\" \/>\n<meta property=\"article:modified_time\" content=\"2021-04-09T16:53:31+00:00\" \/>\n<meta property=\"og:image\" content=\"https:\/\/acefootball.com\/es\/wp-content\/uploads\/2021\/01\/GettyImages-1296297947.jpg\" \/>\n\t<meta property=\"og:image:width\" content=\"1024\" \/>\n\t<meta property=\"og:image:height\" content=\"775\" \/>\n<meta name=\"twitter:card\" content=\"summary_large_image\" \/>\n<meta name=\"twitter:image\" content=\"https:\/\/acefootball.com\/es\/wp-content\/uploads\/2021\/01\/GettyImages-1296297947.jpg\" \/>\n<meta name=\"twitter:label1\" content=\"Escrito por\" \/>\n\t<meta name=\"twitter:data1\" content=\"\" \/>\n\t<meta name=\"twitter:label2\" content=\"Tiempo de lectura\" \/>\n\t<meta name=\"twitter:data2\" content=\"2 minutos\" \/>\n<script type=\"application\/ld+json\" class=\"yoast-schema-graph\">{\"@context\":\"https:\/\/schema.org\",\"@graph\":[{\"@type\":\"WebSite\",\"@id\":\"https:\/\/acefootball.com\/es\/#website\",\"url\":\"https:\/\/acefootball.com\/es\/\",\"name\":\"Ace Football Espa\u00f1ol\",\"description\":\"News, Betting and Livescore\",\"potentialAction\":[{\"@type\":\"SearchAction\",\"target\":{\"@type\":\"EntryPoint\",\"urlTemplate\":\"https:\/\/acefootball.com\/es\/?s={search_term_string}\"},\"query-input\":\"required name=search_term_string\"}],\"inLanguage\":\"es\"},{\"@type\":\"ImageObject\",\"@id\":\"https:\/\/acefootball.com\/es\/noticias-de-futbol\/muller-culpa-a-la-mala-suerte-de-la-vergonzosa-noche-del-bayern-en-kiel\/#primaryimage\",\"inLanguage\":\"es\",\"url\":\"https:\/\/acefootball.com\/es\/wp-content\/uploads\/2021\/01\/GettyImages-1296297947.jpg\",\"contentUrl\":\"https:\/\/acefootball.com\/es\/wp-content\/uploads\/2021\/01\/GettyImages-1296297947.jpg\"},{\"@type\":\"WebPage\",\"@id\":\"https:\/\/acefootball.com\/es\/noticias-de-futbol\/muller-culpa-a-la-mala-suerte-de-la-vergonzosa-noche-del-bayern-en-kiel\/#webpage\",\"url\":\"https:\/\/acefootball.com\/es\/noticias-de-futbol\/muller-culpa-a-la-mala-suerte-de-la-vergonzosa-noche-del-bayern-en-kiel\/\",\"name\":\"Muller culpa a la mala suerte de la vergonzosa noche del Bayern en Kiel\",\"isPartOf\":{\"@id\":\"https:\/\/acefootball.com\/es\/#website\"},\"primaryImageOfPage\":{\"@id\":\"https:\/\/acefootball.com\/es\/noticias-de-futbol\/muller-culpa-a-la-mala-suerte-de-la-vergonzosa-noche-del-bayern-en-kiel\/#primaryimage\"},\"datePublished\":\"2021-01-14T15:21:56+00:00\",\"dateModified\":\"2021-04-09T16:53:31+00:00\",\"author\":{\"@id\":\"\"},\"description\":\"Thomas Muller, centrocampista del Bayern de M\u00fanich, se ha excusado d\u00e9bilmente sobre su salida de la Copa de Alemania contra Kiel.\",\"breadcrumb\":{\"@id\":\"https:\/\/acefootball.com\/es\/noticias-de-futbol\/muller-culpa-a-la-mala-suerte-de-la-vergonzosa-noche-del-bayern-en-kiel\/#breadcrumb\"},\"inLanguage\":\"es\",\"potentialAction\":[{\"@type\":\"ReadAction\",\"target\":[\"https:\/\/acefootball.com\/es\/noticias-de-futbol\/muller-culpa-a-la-mala-suerte-de-la-vergonzosa-noche-del-bayern-en-kiel\/\"]}]},{\"@type\":\"BreadcrumbList\",\"@id\":\"https:\/\/acefootball.com\/es\/noticias-de-futbol\/muller-culpa-a-la-mala-suerte-de-la-vergonzosa-noche-del-bayern-en-kiel\/#breadcrumb\",\"itemListElement\":[{\"@type\":\"ListItem\",\"position\":1,\"name\":\"Home\",\"item\":\"https:\/\/acefootball.com\/es\/\"},{\"@type\":\"ListItem\",\"position\":2,\"name\":\"Muller culpa a la mala suerte de la vergonzosa noche del Bayern en Kiel\"}]},{\"@type\":\"Person\",\"@id\":\"\",\"url\":\"https:\/\/acefootball.com\/es\/noticias-de-futbol\/author\/\"}]}<\/script>\n<!-- \/ Yoast SEO plugin. -->","yoast_head_json":{"title":"Muller culpa a la mala suerte de la vergonzosa noche del Bayern en Kiel","description":"Thomas Muller, centrocampista del Bayern de M\u00fanich, se ha excusado d\u00e9bilmente sobre su salida de la Copa de Alemania contra Kiel.","robots":{"index":"index","follow":"follow","max-snippet":"max-snippet:-1","max-image-preview":"max-image-preview:large","max-video-preview":"max-video-preview:-1"},"canonical":"https:\/\/acefootball.com\/es\/noticias-de-futbol\/muller-culpa-a-la-mala-suerte-de-la-vergonzosa-noche-del-bayern-en-kiel\/","og_locale":"es_ES","og_type":"article","og_title":"Muller culpa a la mala suerte de la vergonzosa noche del Bayern en Kiel","og_description":"Thomas Muller, centrocampista del Bayern de M\u00fanich, se ha excusado d\u00e9bilmente sobre su salida de la Copa de Alemania contra Kiel.","og_url":"https:\/\/acefootball.com\/es\/noticias-de-futbol\/muller-culpa-a-la-mala-suerte-de-la-vergonzosa-noche-del-bayern-en-kiel\/","og_site_name":"Ace Football Espa\u00f1ol","article_published_time":"2021-01-14T15:21:56+00:00","article_modified_time":"2021-04-09T16:53:31+00:00","og_image":[{"url":"https:\/\/acefootball.com\/es\/wp-content\/uploads\/2021\/01\/GettyImages-1296297947.jpg","height":775,"width":1024}],"twitter_card":"summary_large_image","twitter_image":"https:\/\/acefootball.com\/es\/wp-content\/uploads\/2021\/01\/GettyImages-1296297947.jpg","twitter_misc":{"Escrito por":"","Tiempo de lectura":"2 minutos"},"schema":{"@context":"https:\/\/schema.org","@graph":[{"@type":"WebSite","@id":"https:\/\/acefootball.com\/es\/#website","url":"https:\/\/acefootball.com\/es\/","name":"Ace Football Espa\u00f1ol","description":"News, Betting and Livescore","potentialAction":[{"@type":"SearchAction","target":{"@type":"EntryPoint","urlTemplate":"https:\/\/acefootball.com\/es\/?s={search_term_string}"},"query-input":"required name=search_term_string"}],"inLanguage":"es"},{"@type":"ImageObject","@id":"https:\/\/acefootball.com\/es\/noticias-de-futbol\/muller-culpa-a-la-mala-suerte-de-la-vergonzosa-noche-del-bayern-en-kiel\/#primaryimage","inLanguage":"es","url":"https:\/\/acefootball.com\/es\/wp-content\/uploads\/2021\/01\/GettyImages-1296297947.jpg","contentUrl":"https:\/\/acefootball.com\/es\/wp-content\/uploads\/2021\/01\/GettyImages-1296297947.jpg"},{"@type":"WebPage","@id":"https:\/\/acefootball.com\/es\/noticias-de-futbol\/muller-culpa-a-la-mala-suerte-de-la-vergonzosa-noche-del-bayern-en-kiel\/#webpage","url":"https:\/\/acefootball.com\/es\/noticias-de-futbol\/muller-culpa-a-la-mala-suerte-de-la-vergonzosa-noche-del-bayern-en-kiel\/","name":"Muller culpa a la mala suerte de la vergonzosa noche del Bayern en Kiel","isPartOf":{"@id":"https:\/\/acefootball.com\/es\/#website"},"primaryImageOfPage":{"@id":"https:\/\/acefootball.com\/es\/noticias-de-futbol\/muller-culpa-a-la-mala-suerte-de-la-vergonzosa-noche-del-bayern-en-kiel\/#primaryimage"},"datePublished":"2021-01-14T15:21:56+00:00","dateModified":"2021-04-09T16:53:31+00:00","author":{"@id":""},"description":"Thomas Muller, centrocampista del Bayern de M\u00fanich, se ha excusado d\u00e9bilmente sobre su salida de la Copa de Alemania contra Kiel.","breadcrumb":{"@id":"https:\/\/acefootball.com\/es\/noticias-de-futbol\/muller-culpa-a-la-mala-suerte-de-la-vergonzosa-noche-del-bayern-en-kiel\/#breadcrumb"},"inLanguage":"es","potentialAction":[{"@type":"ReadAction","target":["https:\/\/acefootball.com\/es\/noticias-de-futbol\/muller-culpa-a-la-mala-suerte-de-la-vergonzosa-noche-del-bayern-en-kiel\/"]}]},{"@type":"BreadcrumbList","@id":"https:\/\/acefootball.com\/es\/noticias-de-futbol\/muller-culpa-a-la-mala-suerte-de-la-vergonzosa-noche-del-bayern-en-kiel\/#breadcrumb","itemListElement":[{"@type":"ListItem","position":1,"name":"Home","item":"https:\/\/acefootball.com\/es\/"},{"@type":"ListItem","position":2,"name":"Muller culpa a la mala suerte de la vergonzosa noche del Bayern en Kiel"}]},{"@type":"Person","@id":"","url":"https:\/\/acefootball.com\/es\/noticias-de-futbol\/author\/"}]}},"fimg_url":"https:\/\/acefootball.com\/es\/wp-content\/uploads\/2021\/01\/GettyImages-1296297947.jpg","_links":{"self":[{"href":"https:\/\/acefootball.com\/es\/wp-json\/wp\/v2\/posts\/11196"}],"collection":[{"href":"https:\/\/acefootball.com\/es\/wp-json\/wp\/v2\/posts"}],"about":[{"href":"https:\/\/acefootball.com\/es\/wp-json\/wp\/v2\/types\/post"}],"author":[{"embeddable":true,"href":"https:\/\/acefootball.com\/es\/wp-json\/wp\/v2\/users\/1022"}],"replies":[{"embeddable":true,"href":"https:\/\/acefootball.com\/es\/wp-json\/wp\/v2\/comments?post=11196"}],"version-history":[{"count":0,"href":"https:\/\/acefootball.com\/es\/wp-json\/wp\/v2\/posts\/11196\/revisions"}],"wp:featuredmedia":[{"embeddable":true,"href":"https:\/\/acefootball.com\/es\/wp-json\/wp\/v2\/media\/-101101249459"}],"wp:attachment":[{"href":"https:\/\/acefootball.com\/es\/wp-json\/wp\/v2\/media?parent=11196"}],"wp:term":[{"taxonomy":"category","embeddable":true,"href":"https:\/\/acefootball.com\/es\/wp-json\/wp\/v2\/categories?post=11196"},{"taxonomy":"post_tag","embeddable":true,"href":"https:\/\/acefootball.com\/es\/wp-json\/wp\/v2\/tags?post=11196"}],"curies":[{"name":"wp","href":"https:\/\/api.w.org\/{rel}","templated":true}]}}