{"id":11103,"date":"2021-01-07T22:02:17","date_gmt":"2021-01-07T22:02:17","guid":{"rendered":"https:\/\/acefootball.com\/es\/?p=11103"},"modified":"2021-01-07T22:02:31","modified_gmt":"2021-01-07T22:02:31","slug":"hazard-se-confiesa-sobre-sus-idolos-y-sus-planes-de-retiro","status":"publish","type":"post","link":"https:\/\/acefootball.com\/es\/noticias-de-futbol\/hazard-se-confiesa-sobre-sus-idolos-y-sus-planes-de-retiro\/","title":{"rendered":"Hazard se confiesa sobre sus \u00eddolos y sus planes de retiro"},"content":{"rendered":"\n<h2 id=\"h-como-parte-de-su-celebraci-n-de-cumplea-os-eden-hazard-dio-una-entrevista-en-la-que-habl-de-sus-dolos-y-los-planes-que-tiene-para-el-retiro\">Como parte de su celebraci\u00f3n de cumplea\u00f1os, Eden Hazard dio una entrevista en la que habl\u00f3 de sus \u00eddolos y los planes que tiene para el retiro.\u00a0<\/h2>\n\n\n\n<p>Eden Hazard es un jugador que tambi\u00e9n tiene a sus \u00eddolos a lo largo de su carrera como profesional, acaba de revelar quienes son como parte de su celebraci\u00f3n de cumplea\u00f1os. As\u00ed es, Hazard cumple 30 a\u00f1os el d\u00eda de hoy como jugador del Real Madrid y a\u00fan con <em><a href=\"https:\/\/acefootball.com\/es\/noticias-de-futbol\/hazard-explotara-en-poco-tiempo-dice-su-companero-del-real-madrid\/\" target=\"_blank\" rel=\"noreferrer noopener\">cuentas pendientes<\/a><\/em>. Uno pensar\u00eda que las opciones m\u00e1s obvias como \u00eddolos en alguien como Eden Hazard son f\u00e1ciles de reconocer. <\/p>\n\n\n\n<p>Ya mencion\u00f3 que Zidane y Thierry Henry son ex jugadores que admira en una entrevista. Pero hay otro ex futbolista que no esper\u00e1bamos que Eden Hazard mencionara. Les va a sorprender que admira al mism\u00edsimo Juan Rom\u00e1n Riquelme. No es una sorpresa para nosotros porque el argentino tiene una larga lista de admiradores. Pero para los que no se lo esperaban, Eden Hazard explica la raz\u00f3n por la que Rom\u00e1n es de sus \u00eddolos.\u00a0<\/p>\n\n\n\n<figure class=\"wp-block-embed is-type-rich is-provider-twitter wp-block-embed-twitter\"><div class=\"wp-block-embed__wrapper\">\n<blockquote class=\"twitter-tweet\" data-width=\"550\" data-dnt=\"true\"><p lang=\"es\" dir=\"ltr\">&#8211; Eden Hazard: \u201cSi no hubiera estado cerca de Zidane y Henry, los habr\u00eda mencionado. Por eso elijo a Riquelme. Vi todos sus v\u00eddeos. Me gustar\u00eda encontrarme o hablar con \u00e9l. Ser\u00eda genial&quot;.<\/p>&mdash; PorMinutos (@por_minutos) <a href=\"https:\/\/twitter.com\/por_minutos\/status\/1347292929740722177?ref_src=twsrc%5Etfw\">January 7, 2021<\/a><\/blockquote><script async src=\"https:\/\/platform.twitter.com\/widgets.js\" charset=\"utf-8\"><\/script>\n<\/div><\/figure>\n\n\n\n<h3 id=\"h-hazard-tambi-n-habl-del-retiro\">Hazard tambi\u00e9n habl\u00f3 del retiro.<\/h3>\n\n\n\n<p>\u00abMe gustar\u00eda tener la clase de Zidane. Aunque yo tenga tambi\u00e9n clase, \u00bfno? Pero \u00e9l, \u00e9l tiene m\u00e1s\u00bb, dijo Hazard por medio de <em><a href=\"https:\/\/as.com\/futbol\/2021\/01\/07\/primera\/1610036523_154853.html?m1=cG9ydGFkYV9wb3J0YWRh&amp;m2=QUNUVUFMSURBRA%3D%3D&amp;m3=MTQ%3D&amp;m4=bm9ybWFs&amp;m5=MjI%3D\" target=\"_blank\" rel=\"noreferrer noopener\">AS<\/a><\/em>. \u00abSi no hubiera estado cerca de Zidane y Thierry Henry, los habr\u00eda mencionado. Pero un jugador que nunca he conocido me llevar\u00eda a Riquelme. Vi todos sus v\u00eddeos cuando era m\u00e1s joven. S\u00ed, me gustar\u00eda encontrarme con \u00e9l en un campo o simplemente hablar con \u00e9l. Ser\u00eda genial. <\/p>\n\n\n\n<p>\u00abVeremos si el cuerpo me deja tranquilo. Si las lesiones se acumulan no llegar\u00e9 hasta los 35 a\u00f1os. Hace falta divertirse. Cuantos m\u00e1s a\u00f1os sumas m\u00e1s necesita uno divertirse, \u00bfverdad?. Eso es lo que necesito. Siempre estar\u00e9 en el f\u00fatbol pero tal vez no sea profesional. Empiezas a envejecer, pero bueno, todav\u00eda me siento joven. Eso es lo m\u00e1s importante\u00bb.<\/p>\n\n\n\n<figure class=\"wp-block-embed is-type-wp-embed is-provider-ace-football-espanol wp-block-embed-ace-football-espanol\"><div class=\"wp-block-embed__wrapper\">\n<blockquote class=\"wp-embedded-content\" data-secret=\"sWUdV2GENH\"><a href=\"https:\/\/acefootball.com\/es\/noticias-de-futbol\/zidane-da-pistas-sobre-la-recuperacion-de-eden-hazard\/\">Zidane da pistas sobre la recuperaci\u00f3n de Eden Hazard<\/a><\/blockquote><iframe class=\"wp-embedded-content\" sandbox=\"allow-scripts\" security=\"restricted\" style=\"position: absolute; clip: rect(1px, 1px, 1px, 1px);\" title=\"\u00abZidane da pistas sobre la recuperaci\u00f3n de Eden Hazard\u00bb \u2014 Ace Football Espa\u00f1ol\" src=\"https:\/\/acefootball.com\/es\/noticias-de-futbol\/zidane-da-pistas-sobre-la-recuperacion-de-eden-hazard\/embed\/#?secret=sWUdV2GENH\" data-secret=\"sWUdV2GENH\" width=\"600\" height=\"338\" frameborder=\"0\" marginwidth=\"0\" marginheight=\"0\" scrolling=\"no\"><\/iframe>\n<\/div><\/figure>\n","protected":false},"excerpt":{"rendered":"<p>Como parte de su celebraci\u00f3n de cumplea\u00f1os, Eden Hazard dio una entrevista en la que habl\u00f3 de sus \u00eddolos y los planes que tiene de retiro. <\/p>\n","protected":false},"author":258,"featured_media":11107,"comment_status":"closed","ping_status":"closed","sticky":false,"template":"","format":"standard","meta":{"om_disable_all_campaigns":false,"push_articles_ronaldo":{"active":false,"canonical":0,"publish":false},"force_updates":null},"categories":[73],"tags":[1529,240,211],"enet_tags":{"player":["107417"],"team":["8633"],"sport_events":[]},"yoast_head":"<!-- This site is optimized with the Yoast SEO plugin v18.3 - https:\/\/yoast.com\/wordpress\/plugins\/seo\/ -->\n<title>Hazard se confiesa sobre sus \u00eddolos y sus planes de retiro<\/title>\n<meta name=\"description\" content=\"Como parte de su celebraci\u00f3n de cumplea\u00f1os, Eden Hazard dio una entrevista en la que habl\u00f3 de sus \u00eddolos y los planes que tiene de retiro.\" \/>\n<meta name=\"robots\" content=\"index, follow, max-snippet:-1, max-image-preview:large, max-video-preview:-1\" \/>\n<link rel=\"canonical\" href=\"https:\/\/acefootball.com\/es\/noticias-de-futbol\/hazard-se-confiesa-sobre-sus-idolos-y-sus-planes-de-retiro\/\" \/>\n<meta property=\"og:locale\" content=\"es_ES\" \/>\n<meta property=\"og:type\" content=\"article\" \/>\n<meta property=\"og:title\" content=\"Hazard se confiesa sobre sus \u00eddolos y sus planes de retiro\" \/>\n<meta property=\"og:description\" content=\"Como parte de su celebraci\u00f3n de cumplea\u00f1os, Eden Hazard dio una entrevista en la que habl\u00f3 de sus \u00eddolos y los planes que tiene de retiro.\" \/>\n<meta property=\"og:url\" content=\"https:\/\/acefootball.com\/es\/noticias-de-futbol\/hazard-se-confiesa-sobre-sus-idolos-y-sus-planes-de-retiro\/\" \/>\n<meta property=\"og:site_name\" content=\"Ace Football Espa\u00f1ol\" \/>\n<meta property=\"article:published_time\" content=\"2021-01-07T22:02:17+00:00\" \/>\n<meta property=\"article:modified_time\" content=\"2021-01-07T22:02:31+00:00\" \/>\n<meta property=\"og:image\" content=\"https:\/\/acefootball.com\/es\/wp-content\/uploads\/sites\/3\/2021\/01\/1287674911.jpg\" \/>\n\t<meta property=\"og:image:width\" content=\"1920\" \/>\n\t<meta property=\"og:image:height\" content=\"1008\" \/>\n\t<meta property=\"og:image:type\" content=\"image\/jpeg\" \/>\n<meta name=\"twitter:card\" content=\"summary_large_image\" \/>\n<meta name=\"twitter:creator\" content=\"@IAmTomSpiegel\" \/>\n<meta name=\"twitter:label1\" content=\"Escrito por\" \/>\n\t<meta name=\"twitter:data1\" content=\"Pavel I. Meda\" \/>\n\t<meta name=\"twitter:label2\" content=\"Tiempo de lectura\" \/>\n\t<meta name=\"twitter:data2\" content=\"2 minutos\" \/>\n<script type=\"application\/ld+json\" class=\"yoast-schema-graph\">{\"@context\":\"https:\/\/schema.org\",\"@graph\":[{\"@type\":\"WebSite\",\"@id\":\"https:\/\/acefootball.com\/es\/#website\",\"url\":\"https:\/\/acefootball.com\/es\/\",\"name\":\"Ace Football Espa\u00f1ol\",\"description\":\"News, Betting and Livescore\",\"potentialAction\":[{\"@type\":\"SearchAction\",\"target\":{\"@type\":\"EntryPoint\",\"urlTemplate\":\"https:\/\/acefootball.com\/es\/?s={search_term_string}\"},\"query-input\":\"required name=search_term_string\"}],\"inLanguage\":\"es\"},{\"@type\":\"ImageObject\",\"@id\":\"https:\/\/acefootball.com\/es\/noticias-de-futbol\/hazard-se-confiesa-sobre-sus-idolos-y-sus-planes-de-retiro\/#primaryimage\",\"inLanguage\":\"es\",\"url\":\"https:\/\/acefootball.com\/es\/wp-content\/uploads\/sites\/3\/2021\/01\/1287674911.jpg\",\"contentUrl\":\"https:\/\/acefootball.com\/es\/wp-content\/uploads\/sites\/3\/2021\/01\/1287674911.jpg\",\"width\":1920,\"height\":1008},{\"@type\":\"WebPage\",\"@id\":\"https:\/\/acefootball.com\/es\/noticias-de-futbol\/hazard-se-confiesa-sobre-sus-idolos-y-sus-planes-de-retiro\/#webpage\",\"url\":\"https:\/\/acefootball.com\/es\/noticias-de-futbol\/hazard-se-confiesa-sobre-sus-idolos-y-sus-planes-de-retiro\/\",\"name\":\"Hazard se confiesa sobre sus \u00eddolos y sus planes de retiro\",\"isPartOf\":{\"@id\":\"https:\/\/acefootball.com\/es\/#website\"},\"primaryImageOfPage\":{\"@id\":\"https:\/\/acefootball.com\/es\/noticias-de-futbol\/hazard-se-confiesa-sobre-sus-idolos-y-sus-planes-de-retiro\/#primaryimage\"},\"datePublished\":\"2021-01-07T22:02:17+00:00\",\"dateModified\":\"2021-01-07T22:02:31+00:00\",\"author\":{\"@id\":\"https:\/\/acefootball.com\/es\/#\/schema\/person\/c817b858136f968b8b984c68fcf4aa84\"},\"description\":\"Como parte de su celebraci\u00f3n de cumplea\u00f1os, Eden Hazard dio una entrevista en la que habl\u00f3 de sus \u00eddolos y los planes que tiene de retiro.\",\"breadcrumb\":{\"@id\":\"https:\/\/acefootball.com\/es\/noticias-de-futbol\/hazard-se-confiesa-sobre-sus-idolos-y-sus-planes-de-retiro\/#breadcrumb\"},\"inLanguage\":\"es\",\"potentialAction\":[{\"@type\":\"ReadAction\",\"target\":[\"https:\/\/acefootball.com\/es\/noticias-de-futbol\/hazard-se-confiesa-sobre-sus-idolos-y-sus-planes-de-retiro\/\"]}]},{\"@type\":\"BreadcrumbList\",\"@id\":\"https:\/\/acefootball.com\/es\/noticias-de-futbol\/hazard-se-confiesa-sobre-sus-idolos-y-sus-planes-de-retiro\/#breadcrumb\",\"itemListElement\":[{\"@type\":\"ListItem\",\"position\":1,\"name\":\"Home\",\"item\":\"https:\/\/acefootball.com\/es\/\"},{\"@type\":\"ListItem\",\"position\":2,\"name\":\"Hazard se confiesa sobre sus \u00eddolos y sus planes de retiro\"}]},{\"@type\":\"Person\",\"@id\":\"https:\/\/acefootball.com\/es\/#\/schema\/person\/c817b858136f968b8b984c68fcf4aa84\",\"name\":\"Pavel I. Meda\",\"image\":{\"@type\":\"ImageObject\",\"@id\":\"https:\/\/acefootball.com\/es\/#personlogo\",\"inLanguage\":\"es\",\"url\":\"https:\/\/secure.gravatar.com\/avatar\/5d2d4f16693b918e4e93034452d5ee4c?s=96&d=mm&r=g\",\"contentUrl\":\"https:\/\/secure.gravatar.com\/avatar\/5d2d4f16693b918e4e93034452d5ee4c?s=96&d=mm&r=g\",\"caption\":\"Pavel I. Meda\"},\"description\":\"Football writer and journalist with 10 years of previous experience who loves his job and always likes to appreciate this beautiful sport. I've worked for companies such as Goal.com and Underdog Global Sports in the past. I am also an avid film and pop culture fan who spends his free time consuming any interesting story that is worth telling.\",\"sameAs\":[\"https:\/\/www.instagram.com\/rampantintellectual\/\",\"https:\/\/www.linkedin.com\/in\/pavel-ibarra-meda\",\"https:\/\/twitter.com\/IAmTomSpiegel\"],\"url\":\"https:\/\/acefootball.com\/es\/noticias-de-futbol\/author\/tomasibarra\/\"}]}<\/script>\n<!-- \/ Yoast SEO plugin. -->","yoast_head_json":{"title":"Hazard se confiesa sobre sus \u00eddolos y sus planes de retiro","description":"Como parte de su celebraci\u00f3n de cumplea\u00f1os, Eden Hazard dio una entrevista en la que habl\u00f3 de sus \u00eddolos y los planes que tiene de retiro.","robots":{"index":"index","follow":"follow","max-snippet":"max-snippet:-1","max-image-preview":"max-image-preview:large","max-video-preview":"max-video-preview:-1"},"canonical":"https:\/\/acefootball.com\/es\/noticias-de-futbol\/hazard-se-confiesa-sobre-sus-idolos-y-sus-planes-de-retiro\/","og_locale":"es_ES","og_type":"article","og_title":"Hazard se confiesa sobre sus \u00eddolos y sus planes de retiro","og_description":"Como parte de su celebraci\u00f3n de cumplea\u00f1os, Eden Hazard dio una entrevista en la que habl\u00f3 de sus \u00eddolos y los planes que tiene de retiro.","og_url":"https:\/\/acefootball.com\/es\/noticias-de-futbol\/hazard-se-confiesa-sobre-sus-idolos-y-sus-planes-de-retiro\/","og_site_name":"Ace Football Espa\u00f1ol","article_published_time":"2021-01-07T22:02:17+00:00","article_modified_time":"2021-01-07T22:02:31+00:00","og_image":[{"width":1920,"height":1008,"url":"https:\/\/acefootball.com\/es\/wp-content\/uploads\/sites\/3\/2021\/01\/1287674911.jpg","type":"image\/jpeg"}],"twitter_card":"summary_large_image","twitter_creator":"@IAmTomSpiegel","twitter_misc":{"Escrito por":"Pavel I. Meda","Tiempo de lectura":"2 minutos"},"schema":{"@context":"https:\/\/schema.org","@graph":[{"@type":"WebSite","@id":"https:\/\/acefootball.com\/es\/#website","url":"https:\/\/acefootball.com\/es\/","name":"Ace Football Espa\u00f1ol","description":"News, Betting and Livescore","potentialAction":[{"@type":"SearchAction","target":{"@type":"EntryPoint","urlTemplate":"https:\/\/acefootball.com\/es\/?s={search_term_string}"},"query-input":"required name=search_term_string"}],"inLanguage":"es"},{"@type":"ImageObject","@id":"https:\/\/acefootball.com\/es\/noticias-de-futbol\/hazard-se-confiesa-sobre-sus-idolos-y-sus-planes-de-retiro\/#primaryimage","inLanguage":"es","url":"https:\/\/acefootball.com\/es\/wp-content\/uploads\/sites\/3\/2021\/01\/1287674911.jpg","contentUrl":"https:\/\/acefootball.com\/es\/wp-content\/uploads\/sites\/3\/2021\/01\/1287674911.jpg","width":1920,"height":1008},{"@type":"WebPage","@id":"https:\/\/acefootball.com\/es\/noticias-de-futbol\/hazard-se-confiesa-sobre-sus-idolos-y-sus-planes-de-retiro\/#webpage","url":"https:\/\/acefootball.com\/es\/noticias-de-futbol\/hazard-se-confiesa-sobre-sus-idolos-y-sus-planes-de-retiro\/","name":"Hazard se confiesa sobre sus \u00eddolos y sus planes de retiro","isPartOf":{"@id":"https:\/\/acefootball.com\/es\/#website"},"primaryImageOfPage":{"@id":"https:\/\/acefootball.com\/es\/noticias-de-futbol\/hazard-se-confiesa-sobre-sus-idolos-y-sus-planes-de-retiro\/#primaryimage"},"datePublished":"2021-01-07T22:02:17+00:00","dateModified":"2021-01-07T22:02:31+00:00","author":{"@id":"https:\/\/acefootball.com\/es\/#\/schema\/person\/c817b858136f968b8b984c68fcf4aa84"},"description":"Como parte de su celebraci\u00f3n de cumplea\u00f1os, Eden Hazard dio una entrevista en la que habl\u00f3 de sus \u00eddolos y los planes que tiene de retiro.","breadcrumb":{"@id":"https:\/\/acefootball.com\/es\/noticias-de-futbol\/hazard-se-confiesa-sobre-sus-idolos-y-sus-planes-de-retiro\/#breadcrumb"},"inLanguage":"es","potentialAction":[{"@type":"ReadAction","target":["https:\/\/acefootball.com\/es\/noticias-de-futbol\/hazard-se-confiesa-sobre-sus-idolos-y-sus-planes-de-retiro\/"]}]},{"@type":"BreadcrumbList","@id":"https:\/\/acefootball.com\/es\/noticias-de-futbol\/hazard-se-confiesa-sobre-sus-idolos-y-sus-planes-de-retiro\/#breadcrumb","itemListElement":[{"@type":"ListItem","position":1,"name":"Home","item":"https:\/\/acefootball.com\/es\/"},{"@type":"ListItem","position":2,"name":"Hazard se confiesa sobre sus \u00eddolos y sus planes de retiro"}]},{"@type":"Person","@id":"https:\/\/acefootball.com\/es\/#\/schema\/person\/c817b858136f968b8b984c68fcf4aa84","name":"Pavel I. Meda","image":{"@type":"ImageObject","@id":"https:\/\/acefootball.com\/es\/#personlogo","inLanguage":"es","url":"https:\/\/secure.gravatar.com\/avatar\/5d2d4f16693b918e4e93034452d5ee4c?s=96&d=mm&r=g","contentUrl":"https:\/\/secure.gravatar.com\/avatar\/5d2d4f16693b918e4e93034452d5ee4c?s=96&d=mm&r=g","caption":"Pavel I. Meda"},"description":"Football writer and journalist with 10 years of previous experience who loves his job and always likes to appreciate this beautiful sport. I've worked for companies such as Goal.com and Underdog Global Sports in the past. I am also an avid film and pop culture fan who spends his free time consuming any interesting story that is worth telling.","sameAs":["https:\/\/www.instagram.com\/rampantintellectual\/","https:\/\/www.linkedin.com\/in\/pavel-ibarra-meda","https:\/\/twitter.com\/IAmTomSpiegel"],"url":"https:\/\/acefootball.com\/es\/noticias-de-futbol\/author\/tomasibarra\/"}]}},"fimg_url":"https:\/\/acefootball.com\/es\/wp-content\/uploads\/sites\/3\/2021\/01\/GettyImages-1287674911.jpg","_links":{"self":[{"href":"https:\/\/acefootball.com\/es\/wp-json\/wp\/v2\/posts\/11103"}],"collection":[{"href":"https:\/\/acefootball.com\/es\/wp-json\/wp\/v2\/posts"}],"about":[{"href":"https:\/\/acefootball.com\/es\/wp-json\/wp\/v2\/types\/post"}],"author":[{"embeddable":true,"href":"https:\/\/acefootball.com\/es\/wp-json\/wp\/v2\/users\/258"}],"replies":[{"embeddable":true,"href":"https:\/\/acefootball.com\/es\/wp-json\/wp\/v2\/comments?post=11103"}],"version-history":[{"count":0,"href":"https:\/\/acefootball.com\/es\/wp-json\/wp\/v2\/posts\/11103\/revisions"}],"wp:featuredmedia":[{"embeddable":true,"href":"https:\/\/acefootball.com\/es\/wp-json\/wp\/v2\/media\/11107"}],"wp:attachment":[{"href":"https:\/\/acefootball.com\/es\/wp-json\/wp\/v2\/media?parent=11103"}],"wp:term":[{"taxonomy":"category","embeddable":true,"href":"https:\/\/acefootball.com\/es\/wp-json\/wp\/v2\/categories?post=11103"},{"taxonomy":"post_tag","embeddable":true,"href":"https:\/\/acefootball.com\/es\/wp-json\/wp\/v2\/tags?post=11103"}],"curies":[{"name":"wp","href":"https:\/\/api.w.org\/{rel}","templated":true}]}}