{"id":11024,"date":"2020-12-19T22:45:07","date_gmt":"2020-12-19T22:45:07","guid":{"rendered":"https:\/\/acefootball.com\/es\/?p=11024"},"modified":"2020-12-19T22:45:55","modified_gmt":"2020-12-19T22:45:55","slug":"zidane-da-pistas-sobre-la-recuperacion-de-eden-hazard","status":"publish","type":"post","link":"https:\/\/acefootball.com\/es\/noticias-de-futbol\/zidane-da-pistas-sobre-la-recuperacion-de-eden-hazard\/","title":{"rendered":"Zidane da pistas sobre la recuperaci\u00f3n de Eden Hazard"},"content":{"rendered":"\n<h2 id=\"h-de-cara-al-pr-ximo-partido-de-liga-del-real-madrid-zinedine-zidane-quer-a-dar-una-actualizaci-n-sobre-la-recuperaci-n-de-hazard\">De cara al pr\u00f3ximo partido de Liga del Real Madrid, Zinedine Zidane quer\u00eda dar una actualizaci\u00f3n sobre la recuperaci\u00f3n de Hazard.\u00a0<\/h2>\n\n\n\n<p>Eden Hazard se <em><a href=\"https:\/\/acefootball.com\/es\/noticias-de-futbol\/zidane-habla-sobre-el-regreso-de-hazard-tras-su-lesion\/\" target=\"_blank\" rel=\"noreferrer noopener\">lesion\u00f3<\/a><\/em> otra vez con el Real Madrid hace unas semanas despu\u00e9s de finalmente empezarse a sentir c\u00f3mo que estaba de vuelta. Inicialmente, cre\u00edamos que hab\u00eda tenido m\u00e1s problemas con su tobillo pero terminaron siendo problemas musculares. Despu\u00e9s de otro proceso de recuperaci\u00f3n, finalmente pudimos ver a Eden entrenando junto a sus compa\u00f1eros a lo largo de esta semana. <\/p>\n\n\n\n<p>Sin embargo, Zinedine Zidane quiere tomarse su tiempo con la estrella para poder evitar m\u00e1s problemas f\u00edsicos. Durante la conferencia de prensa de hoy de cara al viaje del Real Madrid a Eibar, el entrenador ofreci\u00f3 una actualizaci\u00f3n sobre el futbolista belga. Cabe mencionar que no ser\u00e1 parte del equipo que haga el viaje para el partido del domingo.\u00a0<\/p>\n\n\n\n<figure class=\"wp-block-embed-twitter wp-block-embed is-type-rich is-provider-twitter\"><div class=\"wp-block-embed__wrapper\">\n<blockquote class=\"twitter-tweet\" data-width=\"550\" data-dnt=\"true\"><p lang=\"es\" dir=\"ltr\">\ud83d\udd34\ud83c\udf99 EN DIRECTO: \u00a1La rueda de prensa de Zidane previa al partido contra la <a href=\"https:\/\/twitter.com\/SDEibar?ref_src=twsrc%5Etfw\">@SDEibar<\/a>! <a href=\"https:\/\/t.co\/nGeQls2q7t\">https:\/\/t.co\/nGeQls2q7t<\/a><\/p>&mdash; Real Madrid C.F. (@realmadrid) <a href=\"https:\/\/twitter.com\/realmadrid\/status\/1340263019180302336?ref_src=twsrc%5Etfw\">December 19, 2020<\/a><\/blockquote><script async src=\"https:\/\/platform.twitter.com\/widgets.js\" charset=\"utf-8\"><\/script>\n<\/div><\/figure>\n\n\n\n<h3 id=\"h-zidane-no-obligar-a-jugar-a-hazard\">Zidane no obligar\u00e1 a jugar a Hazard.&nbsp;<\/h3>\n\n\n\n<p>De acuerdo al <em><a href=\"https:\/\/www.realmadrid.com\/noticias\/2020\/12\/19\/zidane-estamos-en-una-buena-dinamica-y-contra-el-eibar-tenemos-otra-oportunidad-para-demostrarlo\" target=\"_blank\" rel=\"noreferrer noopener\">sitio oficial<\/a><\/em> del Real Madrid, esto es lo que Zidane dijo de Hazard: \u201cEst\u00e1 bien y casi totalmente recuperado. Para jugar todav\u00eda le falta algo, pero est\u00e1 entrenando bien con el equipo y espero que tardemos poco en verlo con el equipo jugando. No voy a cambiar nada. Lo importante es que Eden est\u00e9 bien recuperado. Es una pena. Le ha tocado vivir estos momentos dif\u00edciles que son las lesiones de los jugadores. <\/p>\n\n\n\n<p>\u00abNunca le hab\u00eda pasado nada antes de la lesi\u00f3n que tuvo en el Madrid, siempre jugaba con regularidad. Ahora tiene que aceptar esto. Pero estamos en un buen momento y lo que queremos es que cuando vuelva, sea para siempre. Tranquilidad. Lo necesitamos, lo queremos en el equipo, pero tampoco queremos hacer tonter\u00edas de volver r\u00e1pidamente y que vuelva a pasar algo\u201d.<\/p>\n\n\n\n<figure class=\"wp-block-embed-twitter wp-block-embed is-type-rich is-provider-twitter\"><div class=\"wp-block-embed__wrapper\">\n<blockquote class=\"twitter-tweet\" data-width=\"550\" data-dnt=\"true\"><p lang=\"es\" dir=\"ltr\">\u26a1 \u00a1Vamos con todo a por los 3 puntos!<br>\ud83c\udd9a <a href=\"https:\/\/twitter.com\/SDEibar?ref_src=twsrc%5Etfw\">@SDEibar<\/a><br>\u26bd <a href=\"https:\/\/twitter.com\/hashtag\/RMCity?src=hash&amp;ref_src=twsrc%5Etfw\">#RMCity<\/a> | <a href=\"https:\/\/twitter.com\/hashtag\/EibarRealMadrid?src=hash&amp;ref_src=twsrc%5Etfw\">#EibarRealMadrid<\/a> <a href=\"https:\/\/t.co\/NgjPDmAiZj\">pic.twitter.com\/NgjPDmAiZj<\/a><\/p>&mdash; Real Madrid C.F. (@realmadrid) <a href=\"https:\/\/twitter.com\/realmadrid\/status\/1340371322254180352?ref_src=twsrc%5Etfw\">December 19, 2020<\/a><\/blockquote><script async src=\"https:\/\/platform.twitter.com\/widgets.js\" charset=\"utf-8\"><\/script>\n<\/div><\/figure>\n","protected":false},"excerpt":{"rendered":"<p>De cara al pr\u00f3ximo partido de Liga del Real Madrid, Zinedine Zidane quer\u00eda dar una actualizaci\u00f3n sobre la recuperaci\u00f3n de Hazard. <\/p>\n","protected":false},"author":258,"featured_media":11026,"comment_status":"closed","ping_status":"closed","sticky":false,"template":"","format":"standard","meta":{"om_disable_all_campaigns":false,"push_articles_ronaldo":{"active":false,"canonical":0,"publish":false},"force_updates":null},"categories":[1],"tags":[1529,211,1178],"enet_tags":{"player":["107417","715485"],"team":["8633"],"sport_events":[]},"yoast_head":"<!-- This site is optimized with the Yoast SEO plugin v18.3 - https:\/\/yoast.com\/wordpress\/plugins\/seo\/ -->\n<title>Zidane da pistas sobre la recuperaci\u00f3n de Eden Hazard<\/title>\n<meta name=\"description\" content=\"De cara al pr\u00f3ximo partido de Liga del Real Madrid, Zinedine Zidane quer\u00eda dar una actualizaci\u00f3n sobre la recuperaci\u00f3n de Hazard.\" \/>\n<meta name=\"robots\" content=\"index, follow, max-snippet:-1, max-image-preview:large, max-video-preview:-1\" \/>\n<link rel=\"canonical\" href=\"https:\/\/acefootball.com\/es\/noticias-de-futbol\/zidane-da-pistas-sobre-la-recuperacion-de-eden-hazard\/\" \/>\n<meta property=\"og:locale\" content=\"es_ES\" \/>\n<meta property=\"og:type\" content=\"article\" \/>\n<meta property=\"og:title\" content=\"Zidane da pistas sobre la recuperaci\u00f3n de Eden Hazard\" \/>\n<meta property=\"og:description\" content=\"De cara al pr\u00f3ximo partido de Liga del Real Madrid, Zinedine Zidane quer\u00eda dar una actualizaci\u00f3n sobre la recuperaci\u00f3n de Hazard.\" \/>\n<meta property=\"og:url\" content=\"https:\/\/acefootball.com\/es\/noticias-de-futbol\/zidane-da-pistas-sobre-la-recuperacion-de-eden-hazard\/\" \/>\n<meta property=\"og:site_name\" content=\"Ace Football Espa\u00f1ol\" \/>\n<meta property=\"article:published_time\" content=\"2020-12-19T22:45:07+00:00\" \/>\n<meta property=\"article:modified_time\" content=\"2020-12-19T22:45:55+00:00\" \/>\n<meta property=\"og:image\" content=\"https:\/\/acefootball.com\/es\/wp-content\/uploads\/sites\/3\/2020\/12\/1287672269.jpg\" \/>\n\t<meta property=\"og:image:width\" content=\"1920\" \/>\n\t<meta property=\"og:image:height\" content=\"1008\" \/>\n\t<meta property=\"og:image:type\" content=\"image\/jpeg\" \/>\n<meta name=\"twitter:card\" content=\"summary_large_image\" \/>\n<meta name=\"twitter:creator\" content=\"@IAmTomSpiegel\" \/>\n<meta name=\"twitter:label1\" content=\"Escrito por\" \/>\n\t<meta name=\"twitter:data1\" content=\"Pavel I. Meda\" \/>\n\t<meta name=\"twitter:label2\" content=\"Tiempo de lectura\" \/>\n\t<meta name=\"twitter:data2\" content=\"2 minutos\" \/>\n<script type=\"application\/ld+json\" class=\"yoast-schema-graph\">{\"@context\":\"https:\/\/schema.org\",\"@graph\":[{\"@type\":\"WebSite\",\"@id\":\"https:\/\/acefootball.com\/es\/#website\",\"url\":\"https:\/\/acefootball.com\/es\/\",\"name\":\"Ace Football Espa\u00f1ol\",\"description\":\"News, Betting and Livescore\",\"potentialAction\":[{\"@type\":\"SearchAction\",\"target\":{\"@type\":\"EntryPoint\",\"urlTemplate\":\"https:\/\/acefootball.com\/es\/?s={search_term_string}\"},\"query-input\":\"required name=search_term_string\"}],\"inLanguage\":\"es\"},{\"@type\":\"ImageObject\",\"@id\":\"https:\/\/acefootball.com\/es\/noticias-de-futbol\/zidane-da-pistas-sobre-la-recuperacion-de-eden-hazard\/#primaryimage\",\"inLanguage\":\"es\",\"url\":\"https:\/\/acefootball.com\/es\/wp-content\/uploads\/sites\/3\/2020\/12\/1287672269.jpg\",\"contentUrl\":\"https:\/\/acefootball.com\/es\/wp-content\/uploads\/sites\/3\/2020\/12\/1287672269.jpg\",\"width\":1920,\"height\":1008},{\"@type\":\"WebPage\",\"@id\":\"https:\/\/acefootball.com\/es\/noticias-de-futbol\/zidane-da-pistas-sobre-la-recuperacion-de-eden-hazard\/#webpage\",\"url\":\"https:\/\/acefootball.com\/es\/noticias-de-futbol\/zidane-da-pistas-sobre-la-recuperacion-de-eden-hazard\/\",\"name\":\"Zidane da pistas sobre la recuperaci\u00f3n de Eden Hazard\",\"isPartOf\":{\"@id\":\"https:\/\/acefootball.com\/es\/#website\"},\"primaryImageOfPage\":{\"@id\":\"https:\/\/acefootball.com\/es\/noticias-de-futbol\/zidane-da-pistas-sobre-la-recuperacion-de-eden-hazard\/#primaryimage\"},\"datePublished\":\"2020-12-19T22:45:07+00:00\",\"dateModified\":\"2020-12-19T22:45:55+00:00\",\"author\":{\"@id\":\"https:\/\/acefootball.com\/es\/#\/schema\/person\/c817b858136f968b8b984c68fcf4aa84\"},\"description\":\"De cara al pr\u00f3ximo partido de Liga del Real Madrid, Zinedine Zidane quer\u00eda dar una actualizaci\u00f3n sobre la recuperaci\u00f3n de Hazard.\",\"breadcrumb\":{\"@id\":\"https:\/\/acefootball.com\/es\/noticias-de-futbol\/zidane-da-pistas-sobre-la-recuperacion-de-eden-hazard\/#breadcrumb\"},\"inLanguage\":\"es\",\"potentialAction\":[{\"@type\":\"ReadAction\",\"target\":[\"https:\/\/acefootball.com\/es\/noticias-de-futbol\/zidane-da-pistas-sobre-la-recuperacion-de-eden-hazard\/\"]}]},{\"@type\":\"BreadcrumbList\",\"@id\":\"https:\/\/acefootball.com\/es\/noticias-de-futbol\/zidane-da-pistas-sobre-la-recuperacion-de-eden-hazard\/#breadcrumb\",\"itemListElement\":[{\"@type\":\"ListItem\",\"position\":1,\"name\":\"Home\",\"item\":\"https:\/\/acefootball.com\/es\/\"},{\"@type\":\"ListItem\",\"position\":2,\"name\":\"Zidane da pistas sobre la recuperaci\u00f3n de Eden Hazard\"}]},{\"@type\":\"Person\",\"@id\":\"https:\/\/acefootball.com\/es\/#\/schema\/person\/c817b858136f968b8b984c68fcf4aa84\",\"name\":\"Pavel I. Meda\",\"image\":{\"@type\":\"ImageObject\",\"@id\":\"https:\/\/acefootball.com\/es\/#personlogo\",\"inLanguage\":\"es\",\"url\":\"https:\/\/secure.gravatar.com\/avatar\/5d2d4f16693b918e4e93034452d5ee4c?s=96&d=mm&r=g\",\"contentUrl\":\"https:\/\/secure.gravatar.com\/avatar\/5d2d4f16693b918e4e93034452d5ee4c?s=96&d=mm&r=g\",\"caption\":\"Pavel I. Meda\"},\"description\":\"Football writer and journalist with 10 years of previous experience who loves his job and always likes to appreciate this beautiful sport. I've worked for companies such as Goal.com and Underdog Global Sports in the past. I am also an avid film and pop culture fan who spends his free time consuming any interesting story that is worth telling.\",\"sameAs\":[\"https:\/\/www.instagram.com\/rampantintellectual\/\",\"https:\/\/www.linkedin.com\/in\/pavel-ibarra-meda\",\"https:\/\/twitter.com\/IAmTomSpiegel\"],\"url\":\"https:\/\/acefootball.com\/es\/noticias-de-futbol\/author\/tomasibarra\/\"}]}<\/script>\n<!-- \/ Yoast SEO plugin. -->","yoast_head_json":{"title":"Zidane da pistas sobre la recuperaci\u00f3n de Eden Hazard","description":"De cara al pr\u00f3ximo partido de Liga del Real Madrid, Zinedine Zidane quer\u00eda dar una actualizaci\u00f3n sobre la recuperaci\u00f3n de Hazard.","robots":{"index":"index","follow":"follow","max-snippet":"max-snippet:-1","max-image-preview":"max-image-preview:large","max-video-preview":"max-video-preview:-1"},"canonical":"https:\/\/acefootball.com\/es\/noticias-de-futbol\/zidane-da-pistas-sobre-la-recuperacion-de-eden-hazard\/","og_locale":"es_ES","og_type":"article","og_title":"Zidane da pistas sobre la recuperaci\u00f3n de Eden Hazard","og_description":"De cara al pr\u00f3ximo partido de Liga del Real Madrid, Zinedine Zidane quer\u00eda dar una actualizaci\u00f3n sobre la recuperaci\u00f3n de Hazard.","og_url":"https:\/\/acefootball.com\/es\/noticias-de-futbol\/zidane-da-pistas-sobre-la-recuperacion-de-eden-hazard\/","og_site_name":"Ace Football Espa\u00f1ol","article_published_time":"2020-12-19T22:45:07+00:00","article_modified_time":"2020-12-19T22:45:55+00:00","og_image":[{"width":1920,"height":1008,"url":"https:\/\/acefootball.com\/es\/wp-content\/uploads\/sites\/3\/2020\/12\/1287672269.jpg","type":"image\/jpeg"}],"twitter_card":"summary_large_image","twitter_creator":"@IAmTomSpiegel","twitter_misc":{"Escrito por":"Pavel I. Meda","Tiempo de lectura":"2 minutos"},"schema":{"@context":"https:\/\/schema.org","@graph":[{"@type":"WebSite","@id":"https:\/\/acefootball.com\/es\/#website","url":"https:\/\/acefootball.com\/es\/","name":"Ace Football Espa\u00f1ol","description":"News, Betting and Livescore","potentialAction":[{"@type":"SearchAction","target":{"@type":"EntryPoint","urlTemplate":"https:\/\/acefootball.com\/es\/?s={search_term_string}"},"query-input":"required name=search_term_string"}],"inLanguage":"es"},{"@type":"ImageObject","@id":"https:\/\/acefootball.com\/es\/noticias-de-futbol\/zidane-da-pistas-sobre-la-recuperacion-de-eden-hazard\/#primaryimage","inLanguage":"es","url":"https:\/\/acefootball.com\/es\/wp-content\/uploads\/sites\/3\/2020\/12\/1287672269.jpg","contentUrl":"https:\/\/acefootball.com\/es\/wp-content\/uploads\/sites\/3\/2020\/12\/1287672269.jpg","width":1920,"height":1008},{"@type":"WebPage","@id":"https:\/\/acefootball.com\/es\/noticias-de-futbol\/zidane-da-pistas-sobre-la-recuperacion-de-eden-hazard\/#webpage","url":"https:\/\/acefootball.com\/es\/noticias-de-futbol\/zidane-da-pistas-sobre-la-recuperacion-de-eden-hazard\/","name":"Zidane da pistas sobre la recuperaci\u00f3n de Eden Hazard","isPartOf":{"@id":"https:\/\/acefootball.com\/es\/#website"},"primaryImageOfPage":{"@id":"https:\/\/acefootball.com\/es\/noticias-de-futbol\/zidane-da-pistas-sobre-la-recuperacion-de-eden-hazard\/#primaryimage"},"datePublished":"2020-12-19T22:45:07+00:00","dateModified":"2020-12-19T22:45:55+00:00","author":{"@id":"https:\/\/acefootball.com\/es\/#\/schema\/person\/c817b858136f968b8b984c68fcf4aa84"},"description":"De cara al pr\u00f3ximo partido de Liga del Real Madrid, Zinedine Zidane quer\u00eda dar una actualizaci\u00f3n sobre la recuperaci\u00f3n de Hazard.","breadcrumb":{"@id":"https:\/\/acefootball.com\/es\/noticias-de-futbol\/zidane-da-pistas-sobre-la-recuperacion-de-eden-hazard\/#breadcrumb"},"inLanguage":"es","potentialAction":[{"@type":"ReadAction","target":["https:\/\/acefootball.com\/es\/noticias-de-futbol\/zidane-da-pistas-sobre-la-recuperacion-de-eden-hazard\/"]}]},{"@type":"BreadcrumbList","@id":"https:\/\/acefootball.com\/es\/noticias-de-futbol\/zidane-da-pistas-sobre-la-recuperacion-de-eden-hazard\/#breadcrumb","itemListElement":[{"@type":"ListItem","position":1,"name":"Home","item":"https:\/\/acefootball.com\/es\/"},{"@type":"ListItem","position":2,"name":"Zidane da pistas sobre la recuperaci\u00f3n de Eden Hazard"}]},{"@type":"Person","@id":"https:\/\/acefootball.com\/es\/#\/schema\/person\/c817b858136f968b8b984c68fcf4aa84","name":"Pavel I. Meda","image":{"@type":"ImageObject","@id":"https:\/\/acefootball.com\/es\/#personlogo","inLanguage":"es","url":"https:\/\/secure.gravatar.com\/avatar\/5d2d4f16693b918e4e93034452d5ee4c?s=96&d=mm&r=g","contentUrl":"https:\/\/secure.gravatar.com\/avatar\/5d2d4f16693b918e4e93034452d5ee4c?s=96&d=mm&r=g","caption":"Pavel I. Meda"},"description":"Football writer and journalist with 10 years of previous experience who loves his job and always likes to appreciate this beautiful sport. I've worked for companies such as Goal.com and Underdog Global Sports in the past. I am also an avid film and pop culture fan who spends his free time consuming any interesting story that is worth telling.","sameAs":["https:\/\/www.instagram.com\/rampantintellectual\/","https:\/\/www.linkedin.com\/in\/pavel-ibarra-meda","https:\/\/twitter.com\/IAmTomSpiegel"],"url":"https:\/\/acefootball.com\/es\/noticias-de-futbol\/author\/tomasibarra\/"}]}},"fimg_url":"https:\/\/acefootball.com\/es\/wp-content\/uploads\/sites\/3\/2020\/12\/GettyImages-1287672269.jpg","_links":{"self":[{"href":"https:\/\/acefootball.com\/es\/wp-json\/wp\/v2\/posts\/11024"}],"collection":[{"href":"https:\/\/acefootball.com\/es\/wp-json\/wp\/v2\/posts"}],"about":[{"href":"https:\/\/acefootball.com\/es\/wp-json\/wp\/v2\/types\/post"}],"author":[{"embeddable":true,"href":"https:\/\/acefootball.com\/es\/wp-json\/wp\/v2\/users\/258"}],"replies":[{"embeddable":true,"href":"https:\/\/acefootball.com\/es\/wp-json\/wp\/v2\/comments?post=11024"}],"version-history":[{"count":0,"href":"https:\/\/acefootball.com\/es\/wp-json\/wp\/v2\/posts\/11024\/revisions"}],"wp:featuredmedia":[{"embeddable":true,"href":"https:\/\/acefootball.com\/es\/wp-json\/wp\/v2\/media\/11026"}],"wp:attachment":[{"href":"https:\/\/acefootball.com\/es\/wp-json\/wp\/v2\/media?parent=11024"}],"wp:term":[{"taxonomy":"category","embeddable":true,"href":"https:\/\/acefootball.com\/es\/wp-json\/wp\/v2\/categories?post=11024"},{"taxonomy":"post_tag","embeddable":true,"href":"https:\/\/acefootball.com\/es\/wp-json\/wp\/v2\/tags?post=11024"}],"curies":[{"name":"wp","href":"https:\/\/api.w.org\/{rel}","templated":true}]}}