{"id":10858,"date":"2020-11-13T11:41:32","date_gmt":"2020-11-13T11:41:32","guid":{"rendered":"https:\/\/acefootball.com\/es\/?p=10858"},"modified":"2020-11-13T11:41:32","modified_gmt":"2020-11-13T11:41:32","slug":"neymar-se-retira-de-la-seleccion-de-brasil-antes-de-las-eliminatorias-del-mundial","status":"publish","type":"post","link":"https:\/\/acefootball.com\/es\/noticias-de-futbol\/neymar-se-retira-de-la-seleccion-de-brasil-antes-de-las-eliminatorias-del-mundial\/","title":{"rendered":"Neymar se retira de la selecci\u00f3n de Brasil antes de las eliminatorias del Mundial"},"content":{"rendered":"\n<h2 id=\"h-la-selecao-tiene-partidos-cruciales-por-delante-contra-venezuela-y-uruguay-pero-tendr-n-que-arregl-rselas-sin-su-jugador-estrella-lesionado\">La Selecao tiene partidos cruciales por delante contra Venezuela y Uruguay, pero tendr\u00e1n que arregl\u00e1rselas sin su jugador estrella lesionado.<\/h2>\n\n\n\n<p>Neymar ha sido retirado de la selecci\u00f3n de Brasil por problemas de forma f\u00edsica, se confirm\u00f3 el viernes.<\/p>\n\n\n\n<p>El delantero lleg\u00f3 al servicio nacional con una lesi\u00f3n en la pierna que hab\u00eda sufrido durante un&nbsp;<em><a href=\"https:\/\/acefootball.com\/champions-league\/\">partido de la Liga de Campeones<\/a><\/em>&nbsp;con el Paris Saint-Germain.<\/p>\n\n\n\n<p>Se esperaba que se perdiera el primer partido de clasificaci\u00f3n para la Copa del Mundo contra Venezuela el viernes, pero se esperaba que los 28 a\u00f1os se recuperaran a tiempo para el segundo.<\/p>\n\n\n\n<div class=\"wp-block-si-widget wp-block-si-widget--center\"><si-lb-widget widget-id=\"MatchInfo\" width=\"440\" data-nopadding=\"true\" data-card=\"true\" data-event-id=\"3238986\"><\/si-lb-widget><\/div>\n\n\n\n<p>Sin embargo, la federaci\u00f3n brasile\u00f1a de f\u00fatbol ha descartado a Neymar para el choque de la pr\u00f3xima semana contra Uruguay en Montevideo.<\/p>\n\n\n\n<p>\u00abTen\u00edamos la esperanza de que pudiera jugar, por eso lo trajimos a Brasil,\u00bb\u00a0<em><a href=\"https:\/\/www.cbf.com.br\/cbf-tv\/rodrigo-lasmar-anuncia-desconvocacao-de-neymar\" target=\"_blank\" rel=\"noreferrer noopener\">inform\u00f3<\/a><\/em>\u00a0el jueves a\u00a0<em><a href=\"https:\/\/www.cbf.com.br\/cbf-tv\/rodrigo-lasmar-anuncia-desconvocacao-de-neymar\" target=\"_blank\" rel=\"noreferrer noopener\">periodistas<\/a><\/em>\u00a0el\u00a0<em><a href=\"https:\/\/www.cbf.com.br\/cbf-tv\/rodrigo-lasmar-anuncia-desconvocacao-de-neymar\" target=\"_blank\" rel=\"noreferrer noopener\">m\u00e9dico de la selecci\u00f3n brasile\u00f1a<\/a><\/em>.<\/p>\n\n\n\n<p>\u00abMejor\u00f3, pero no lo suficiente como para estar listo para el partido del martes contra Uruguay.\u00a0El personal de la trastienda decidi\u00f3 liberar a Neymar.\u00bb<\/p>\n\n\n\n<p>Brasil faltar\u00e1 a varios de sus jugadores clave cuando salgan al campo para el choque decisivo en Sao Paulo el viernes, ya que Philippe Coutinho, Fabinho y Rodrigo Caio tambi\u00e9n est\u00e1n lesionados.&nbsp;Adem\u00e1s, Eder Milito y Gabriel Menino tambi\u00e9n fueron descartados tras contraer el COVID-19.<\/p>\n","protected":false},"excerpt":{"rendered":"<p>La Selecao tiene partidos cruciales por delante contra Venezuela y Uruguay, pero tendr\u00e1n que arregl\u00e1rselas sin su jugador estrella lesionado.<\/p>\n","protected":false},"author":868,"featured_media":-101101239414,"comment_status":"closed","ping_status":"closed","sticky":false,"template":"","format":"standard","meta":{"om_disable_all_campaigns":false,"push_articles_ronaldo":{"active":false,"canonical":0,"publish":false},"force_updates":null},"categories":[8362],"tags":[980,978,1914],"enet_tags":{"team":["8256","9847"],"player":["19533"],"sport_events":[3238986]},"yoast_head":"<!-- This site is optimized with the Yoast SEO plugin v18.3 - https:\/\/yoast.com\/wordpress\/plugins\/seo\/ -->\n<title>Neymar se retira de la selecci\u00f3n de Brasil antes de las eliminatorias del Mundial<\/title>\n<meta name=\"description\" content=\"La Selecao tiene partidos cruciales por delante contra Venezuela y Uruguay, pero tendr\u00e1n que arregl\u00e1rselas sin su jugador estrella lesionado.\" \/>\n<meta name=\"robots\" content=\"index, follow, max-snippet:-1, max-image-preview:large, max-video-preview:-1\" \/>\n<link rel=\"canonical\" href=\"https:\/\/acefootball.com\/es\/noticias-de-futbol\/neymar-se-retira-de-la-seleccion-de-brasil-antes-de-las-eliminatorias-del-mundial\/\" \/>\n<meta property=\"og:locale\" content=\"es_ES\" \/>\n<meta property=\"og:type\" content=\"article\" \/>\n<meta property=\"og:title\" content=\"Neymar se retira de la selecci\u00f3n de Brasil antes de las eliminatorias del Mundial\" \/>\n<meta property=\"og:description\" content=\"La Selecao tiene partidos cruciales por delante contra Venezuela y Uruguay, pero tendr\u00e1n que arregl\u00e1rselas sin su jugador estrella lesionado.\" \/>\n<meta property=\"og:url\" content=\"https:\/\/acefootball.com\/es\/noticias-de-futbol\/neymar-se-retira-de-la-seleccion-de-brasil-antes-de-las-eliminatorias-del-mundial\/\" \/>\n<meta property=\"og:site_name\" content=\"Ace Football Espa\u00f1ol\" \/>\n<meta property=\"article:published_time\" content=\"2020-11-13T11:41:32+00:00\" \/>\n<meta property=\"og:image\" content=\"https:\/\/acefootball.com\/es\/wp-content\/uploads\/2020\/11\/1279420376.jpg\" \/>\n\t<meta property=\"og:image:width\" content=\"1920\" \/>\n\t<meta property=\"og:image:height\" content=\"1262\" \/>\n<meta name=\"twitter:card\" content=\"summary_large_image\" \/>\n<meta name=\"twitter:image\" content=\"https:\/\/acefootball.com\/es\/wp-content\/uploads\/2020\/11\/1279420376.jpg\" \/>\n<meta name=\"twitter:label1\" content=\"Escrito por\" \/>\n\t<meta name=\"twitter:data1\" content=\"\" \/>\n\t<meta name=\"twitter:label2\" content=\"Tiempo de lectura\" \/>\n\t<meta name=\"twitter:data2\" content=\"1 minuto\" \/>\n<script type=\"application\/ld+json\" class=\"yoast-schema-graph\">{\"@context\":\"https:\/\/schema.org\",\"@graph\":[{\"@type\":\"WebSite\",\"@id\":\"https:\/\/acefootball.com\/es\/#website\",\"url\":\"https:\/\/acefootball.com\/es\/\",\"name\":\"Ace Football Espa\u00f1ol\",\"description\":\"News, Betting and Livescore\",\"potentialAction\":[{\"@type\":\"SearchAction\",\"target\":{\"@type\":\"EntryPoint\",\"urlTemplate\":\"https:\/\/acefootball.com\/es\/?s={search_term_string}\"},\"query-input\":\"required name=search_term_string\"}],\"inLanguage\":\"es\"},{\"@type\":\"ImageObject\",\"@id\":\"https:\/\/acefootball.com\/es\/noticias-de-futbol\/neymar-se-retira-de-la-seleccion-de-brasil-antes-de-las-eliminatorias-del-mundial\/#primaryimage\",\"inLanguage\":\"es\",\"url\":\"https:\/\/acefootball.com\/es\/wp-content\/uploads\/2020\/11\/1279420376.jpg\",\"contentUrl\":\"https:\/\/acefootball.com\/es\/wp-content\/uploads\/2020\/11\/1279420376.jpg\"},{\"@type\":\"WebPage\",\"@id\":\"https:\/\/acefootball.com\/es\/noticias-de-futbol\/neymar-se-retira-de-la-seleccion-de-brasil-antes-de-las-eliminatorias-del-mundial\/#webpage\",\"url\":\"https:\/\/acefootball.com\/es\/noticias-de-futbol\/neymar-se-retira-de-la-seleccion-de-brasil-antes-de-las-eliminatorias-del-mundial\/\",\"name\":\"Neymar se retira de la selecci\u00f3n de Brasil antes de las eliminatorias del Mundial\",\"isPartOf\":{\"@id\":\"https:\/\/acefootball.com\/es\/#website\"},\"primaryImageOfPage\":{\"@id\":\"https:\/\/acefootball.com\/es\/noticias-de-futbol\/neymar-se-retira-de-la-seleccion-de-brasil-antes-de-las-eliminatorias-del-mundial\/#primaryimage\"},\"datePublished\":\"2020-11-13T11:41:32+00:00\",\"dateModified\":\"2020-11-13T11:41:32+00:00\",\"author\":{\"@id\":\"\"},\"description\":\"La Selecao tiene partidos cruciales por delante contra Venezuela y Uruguay, pero tendr\u00e1n que arregl\u00e1rselas sin su jugador estrella lesionado.\",\"breadcrumb\":{\"@id\":\"https:\/\/acefootball.com\/es\/noticias-de-futbol\/neymar-se-retira-de-la-seleccion-de-brasil-antes-de-las-eliminatorias-del-mundial\/#breadcrumb\"},\"inLanguage\":\"es\",\"potentialAction\":[{\"@type\":\"ReadAction\",\"target\":[\"https:\/\/acefootball.com\/es\/noticias-de-futbol\/neymar-se-retira-de-la-seleccion-de-brasil-antes-de-las-eliminatorias-del-mundial\/\"]}]},{\"@type\":\"BreadcrumbList\",\"@id\":\"https:\/\/acefootball.com\/es\/noticias-de-futbol\/neymar-se-retira-de-la-seleccion-de-brasil-antes-de-las-eliminatorias-del-mundial\/#breadcrumb\",\"itemListElement\":[{\"@type\":\"ListItem\",\"position\":1,\"name\":\"Home\",\"item\":\"https:\/\/acefootball.com\/es\/\"},{\"@type\":\"ListItem\",\"position\":2,\"name\":\"Neymar se retira de la selecci\u00f3n de Brasil antes de las eliminatorias del Mundial\"}]},{\"@type\":\"Person\",\"@id\":\"\",\"url\":\"https:\/\/acefootball.com\/es\/noticias-de-futbol\/author\/\"}]}<\/script>\n<!-- \/ Yoast SEO plugin. -->","yoast_head_json":{"title":"Neymar se retira de la selecci\u00f3n de Brasil antes de las eliminatorias del Mundial","description":"La Selecao tiene partidos cruciales por delante contra Venezuela y Uruguay, pero tendr\u00e1n que arregl\u00e1rselas sin su jugador estrella lesionado.","robots":{"index":"index","follow":"follow","max-snippet":"max-snippet:-1","max-image-preview":"max-image-preview:large","max-video-preview":"max-video-preview:-1"},"canonical":"https:\/\/acefootball.com\/es\/noticias-de-futbol\/neymar-se-retira-de-la-seleccion-de-brasil-antes-de-las-eliminatorias-del-mundial\/","og_locale":"es_ES","og_type":"article","og_title":"Neymar se retira de la selecci\u00f3n de Brasil antes de las eliminatorias del Mundial","og_description":"La Selecao tiene partidos cruciales por delante contra Venezuela y Uruguay, pero tendr\u00e1n que arregl\u00e1rselas sin su jugador estrella lesionado.","og_url":"https:\/\/acefootball.com\/es\/noticias-de-futbol\/neymar-se-retira-de-la-seleccion-de-brasil-antes-de-las-eliminatorias-del-mundial\/","og_site_name":"Ace Football Espa\u00f1ol","article_published_time":"2020-11-13T11:41:32+00:00","og_image":[{"url":"https:\/\/acefootball.com\/es\/wp-content\/uploads\/2020\/11\/1279420376.jpg","height":1262,"width":1920}],"twitter_card":"summary_large_image","twitter_image":"https:\/\/acefootball.com\/es\/wp-content\/uploads\/2020\/11\/1279420376.jpg","twitter_misc":{"Escrito por":"","Tiempo de lectura":"1 minuto"},"schema":{"@context":"https:\/\/schema.org","@graph":[{"@type":"WebSite","@id":"https:\/\/acefootball.com\/es\/#website","url":"https:\/\/acefootball.com\/es\/","name":"Ace Football Espa\u00f1ol","description":"News, Betting and Livescore","potentialAction":[{"@type":"SearchAction","target":{"@type":"EntryPoint","urlTemplate":"https:\/\/acefootball.com\/es\/?s={search_term_string}"},"query-input":"required name=search_term_string"}],"inLanguage":"es"},{"@type":"ImageObject","@id":"https:\/\/acefootball.com\/es\/noticias-de-futbol\/neymar-se-retira-de-la-seleccion-de-brasil-antes-de-las-eliminatorias-del-mundial\/#primaryimage","inLanguage":"es","url":"https:\/\/acefootball.com\/es\/wp-content\/uploads\/2020\/11\/1279420376.jpg","contentUrl":"https:\/\/acefootball.com\/es\/wp-content\/uploads\/2020\/11\/1279420376.jpg"},{"@type":"WebPage","@id":"https:\/\/acefootball.com\/es\/noticias-de-futbol\/neymar-se-retira-de-la-seleccion-de-brasil-antes-de-las-eliminatorias-del-mundial\/#webpage","url":"https:\/\/acefootball.com\/es\/noticias-de-futbol\/neymar-se-retira-de-la-seleccion-de-brasil-antes-de-las-eliminatorias-del-mundial\/","name":"Neymar se retira de la selecci\u00f3n de Brasil antes de las eliminatorias del Mundial","isPartOf":{"@id":"https:\/\/acefootball.com\/es\/#website"},"primaryImageOfPage":{"@id":"https:\/\/acefootball.com\/es\/noticias-de-futbol\/neymar-se-retira-de-la-seleccion-de-brasil-antes-de-las-eliminatorias-del-mundial\/#primaryimage"},"datePublished":"2020-11-13T11:41:32+00:00","dateModified":"2020-11-13T11:41:32+00:00","author":{"@id":""},"description":"La Selecao tiene partidos cruciales por delante contra Venezuela y Uruguay, pero tendr\u00e1n que arregl\u00e1rselas sin su jugador estrella lesionado.","breadcrumb":{"@id":"https:\/\/acefootball.com\/es\/noticias-de-futbol\/neymar-se-retira-de-la-seleccion-de-brasil-antes-de-las-eliminatorias-del-mundial\/#breadcrumb"},"inLanguage":"es","potentialAction":[{"@type":"ReadAction","target":["https:\/\/acefootball.com\/es\/noticias-de-futbol\/neymar-se-retira-de-la-seleccion-de-brasil-antes-de-las-eliminatorias-del-mundial\/"]}]},{"@type":"BreadcrumbList","@id":"https:\/\/acefootball.com\/es\/noticias-de-futbol\/neymar-se-retira-de-la-seleccion-de-brasil-antes-de-las-eliminatorias-del-mundial\/#breadcrumb","itemListElement":[{"@type":"ListItem","position":1,"name":"Home","item":"https:\/\/acefootball.com\/es\/"},{"@type":"ListItem","position":2,"name":"Neymar se retira de la selecci\u00f3n de Brasil antes de las eliminatorias del Mundial"}]},{"@type":"Person","@id":"","url":"https:\/\/acefootball.com\/es\/noticias-de-futbol\/author\/"}]}},"fimg_url":"https:\/\/acefootball.com\/es\/wp-content\/uploads\/2020\/11\/1279420376.jpg","_links":{"self":[{"href":"https:\/\/acefootball.com\/es\/wp-json\/wp\/v2\/posts\/10858"}],"collection":[{"href":"https:\/\/acefootball.com\/es\/wp-json\/wp\/v2\/posts"}],"about":[{"href":"https:\/\/acefootball.com\/es\/wp-json\/wp\/v2\/types\/post"}],"author":[{"embeddable":true,"href":"https:\/\/acefootball.com\/es\/wp-json\/wp\/v2\/users\/868"}],"replies":[{"embeddable":true,"href":"https:\/\/acefootball.com\/es\/wp-json\/wp\/v2\/comments?post=10858"}],"version-history":[{"count":0,"href":"https:\/\/acefootball.com\/es\/wp-json\/wp\/v2\/posts\/10858\/revisions"}],"wp:featuredmedia":[{"embeddable":true,"href":"https:\/\/acefootball.com\/es\/wp-json\/wp\/v2\/media\/-101101239414"}],"wp:attachment":[{"href":"https:\/\/acefootball.com\/es\/wp-json\/wp\/v2\/media?parent=10858"}],"wp:term":[{"taxonomy":"category","embeddable":true,"href":"https:\/\/acefootball.com\/es\/wp-json\/wp\/v2\/categories?post=10858"},{"taxonomy":"post_tag","embeddable":true,"href":"https:\/\/acefootball.com\/es\/wp-json\/wp\/v2\/tags?post=10858"}],"curies":[{"name":"wp","href":"https:\/\/api.w.org\/{rel}","templated":true}]}}