{"id":10819,"date":"2020-11-12T09:42:39","date_gmt":"2020-11-12T09:42:39","guid":{"rendered":"https:\/\/acefootball.com\/es\/?p=10819"},"modified":"2020-11-12T09:42:40","modified_gmt":"2020-11-12T09:42:40","slug":"ramos-alcanza-un-record-internacional-en-las-tablas-de-holanda","status":"publish","type":"post","link":"https:\/\/acefootball.com\/es\/noticias-de-futbol\/ramos-alcanza-un-record-internacional-en-las-tablas-de-holanda\/","title":{"rendered":"Ramos alcanza un r\u00e9cord internacional en las tablas de Holanda"},"content":{"rendered":"\n<h2 id=\"h-sergio-ramos-ha-igualado-el-r-cord-de-apariciones-europeas-de-gianluigi-buffon-para-alcanzar-otro-hito-en-su-brillante-carrera\">Sergio Ramos ha igualado el r\u00e9cord de apariciones europeas de Gianluigi Buffon para alcanzar otro hito en su brillante carrera.<\/h2>\n\n\n\n<p>El mi\u00e9rcoles por la noche puede que no haya salido seg\u00fan el gui\u00f3n para Espa\u00f1a, pero marc\u00f3 una ocasi\u00f3n especial para su capit\u00e1n.<\/p>\n\n\n\n<p>Sergio Ramos entr\u00f3 como suplente en el minuto 85 en el empate 1-1 con Holanda en el Johan Cruyff Arena de \u00c1msterdam, haciendo su aparici\u00f3n n\u00famero 176 con La Roja.<\/p>\n\n\n\n<p>El central del Real Madrid, junto con el portero de la Juventus\u00a0<em><a href=\"https:\/\/acefootball.com\/serie-a\/juventus\/gianluigi-buffon\/\">Gianluigi Buffon<\/a><\/em>, es ahora el jugador con m\u00e1s partidos internacionales de una naci\u00f3n europea.<\/p>\n\n\n\n<p>\u00abSergio es \u00fanico.\u00a0Est\u00e1 en un nivel diferente,\u00bb dijo el t\u00e9cnico espa\u00f1ol Luis Enrique sobre el patr\u00f3n del equipo despu\u00e9s de su aparici\u00f3n hist\u00f3rica, a trav\u00e9s de\u00a0<em><a href=\"https:\/\/as.com\/futbol\/2020\/11\/11\/seleccion\/1605122998_399005.html\" target=\"_blank\" rel=\"noreferrer noopener\">AS<\/a><\/em>.\u00a0\u00abEl registro de apariciones solo est\u00e1 al alcance de aquellos que est\u00e1n muy dotados.\u00bb<\/p>\n\n\n\n<figure class=\"wp-block-embed-twitter wp-block-embed is-type-rich is-provider-twitter\"><div class=\"wp-block-embed__wrapper\">\n<blockquote class=\"twitter-tweet\" data-width=\"550\" data-dnt=\"true\"><p lang=\"en\" dir=\"ltr\">Sergio Ramos:<br><br>\ud83c\udfc65x La Liga<br>\ud83c\udfc62x Copa del Rey<br>\ud83c\udfc64x Supercopa<br>\ud83c\udfc64x Champions League<br>\ud83c\udfc63x European SC<br>\ud83c\udfc64x Club WC<br>\ud83c\udfc62x Euro\u2019s<br>\ud83c\udfc6World Cup<br><br>Equalled the European record for caps with his 176th cap for Spain last night, which is a ridiculous stat\ud83e\udd2f <a href=\"https:\/\/t.co\/j4JKXeCKCK\">pic.twitter.com\/j4JKXeCKCK<\/a><\/p>&mdash; James (@jfsmith98) <a href=\"https:\/\/twitter.com\/jfsmith98\/status\/1326811014051078150?ref_src=twsrc%5Etfw\">November 12, 2020<\/a><\/blockquote><script async src=\"https:\/\/platform.twitter.com\/widgets.js\" charset=\"utf-8\"><\/script>\n<\/div><\/figure>\n\n\n\n<p>El jugador de 34 a\u00f1os tambi\u00e9n ascendi\u00f3 a ocho en los rankings de apariciones mundiales en el f\u00fatbol internacional.\u00a0Ahmed Hassan de Egipto encabeza esa lista con 184 gorras a su nombre.<\/p>\n\n\n\n<p>Ramos tendr\u00e1 la oportunidad de igualar con el mexicano Claudio Su\u00e1rez, quinto clasificado en esa lista, as\u00ed como adelantarse a Buffon como el jugador con m\u00e1s partidos de una naci\u00f3n europea cuando Espa\u00f1a se enfrente a&nbsp;<em><a href=\"https:\/\/acefootball.com\/european-championship\/switzerland\/\">Suiza<\/a><\/em>&nbsp;en la Liga de Naciones el s\u00e1bado.<\/p>\n","protected":false},"excerpt":{"rendered":"<p>Sergio Ramos ha igualado el r\u00e9cord de apariciones europeas de Gianluigi Buffon para alcanzar otro hito en su brillante carrera.<\/p>\n","protected":false},"author":868,"featured_media":-101101239218,"comment_status":"closed","ping_status":"closed","sticky":false,"template":"","format":"standard","meta":{"om_disable_all_campaigns":false,"push_articles_ronaldo":{"active":false,"canonical":0,"publish":false},"force_updates":null},"categories":[1],"tags":[5774,3288,619],"enet_tags":{"team":["6720","6708"],"player":["30962"],"sport_events":[]},"yoast_head":"<!-- This site is optimized with the Yoast SEO plugin v18.3 - https:\/\/yoast.com\/wordpress\/plugins\/seo\/ -->\n<title>Ramos alcanza un r\u00e9cord internacional en las tablas de Holanda<\/title>\n<meta name=\"description\" content=\"Sergio Ramos ha igualado el r\u00e9cord de apariciones europeas de Gianluigi Buffon para alcanzar otro hito en su brillante carrera.\" \/>\n<meta name=\"robots\" content=\"index, follow, max-snippet:-1, max-image-preview:large, max-video-preview:-1\" \/>\n<link rel=\"canonical\" href=\"https:\/\/acefootball.com\/es\/noticias-de-futbol\/ramos-alcanza-un-record-internacional-en-las-tablas-de-holanda\/\" \/>\n<meta property=\"og:locale\" content=\"es_ES\" \/>\n<meta property=\"og:type\" content=\"article\" \/>\n<meta property=\"og:title\" content=\"Ramos alcanza un r\u00e9cord internacional en las tablas de Holanda\" \/>\n<meta property=\"og:description\" content=\"Sergio Ramos ha igualado el r\u00e9cord de apariciones europeas de Gianluigi Buffon para alcanzar otro hito en su brillante carrera.\" \/>\n<meta property=\"og:url\" content=\"https:\/\/acefootball.com\/es\/noticias-de-futbol\/ramos-alcanza-un-record-internacional-en-las-tablas-de-holanda\/\" \/>\n<meta property=\"og:site_name\" content=\"Ace Football Espa\u00f1ol\" \/>\n<meta property=\"article:published_time\" content=\"2020-11-12T09:42:39+00:00\" \/>\n<meta property=\"article:modified_time\" content=\"2020-11-12T09:42:40+00:00\" \/>\n<meta property=\"og:image\" content=\"https:\/\/acefootball.com\/es\/wp-content\/uploads\/2020\/11\/1285168686.jpg\" \/>\n\t<meta property=\"og:image:width\" content=\"1920\" \/>\n\t<meta property=\"og:image:height\" content=\"1262\" \/>\n<meta name=\"twitter:card\" content=\"summary_large_image\" \/>\n<meta name=\"twitter:image\" content=\"https:\/\/acefootball.com\/es\/wp-content\/uploads\/2020\/11\/1285168686.jpg\" \/>\n<meta name=\"twitter:label1\" content=\"Escrito por\" \/>\n\t<meta name=\"twitter:data1\" content=\"\" \/>\n\t<meta name=\"twitter:label2\" content=\"Tiempo de lectura\" \/>\n\t<meta name=\"twitter:data2\" content=\"1 minuto\" \/>\n<script type=\"application\/ld+json\" class=\"yoast-schema-graph\">{\"@context\":\"https:\/\/schema.org\",\"@graph\":[{\"@type\":\"WebSite\",\"@id\":\"https:\/\/acefootball.com\/es\/#website\",\"url\":\"https:\/\/acefootball.com\/es\/\",\"name\":\"Ace Football Espa\u00f1ol\",\"description\":\"News, Betting and Livescore\",\"potentialAction\":[{\"@type\":\"SearchAction\",\"target\":{\"@type\":\"EntryPoint\",\"urlTemplate\":\"https:\/\/acefootball.com\/es\/?s={search_term_string}\"},\"query-input\":\"required name=search_term_string\"}],\"inLanguage\":\"es\"},{\"@type\":\"ImageObject\",\"@id\":\"https:\/\/acefootball.com\/es\/noticias-de-futbol\/ramos-alcanza-un-record-internacional-en-las-tablas-de-holanda\/#primaryimage\",\"inLanguage\":\"es\",\"url\":\"https:\/\/acefootball.com\/es\/wp-content\/uploads\/2020\/11\/1285168686.jpg\",\"contentUrl\":\"https:\/\/acefootball.com\/es\/wp-content\/uploads\/2020\/11\/1285168686.jpg\"},{\"@type\":\"WebPage\",\"@id\":\"https:\/\/acefootball.com\/es\/noticias-de-futbol\/ramos-alcanza-un-record-internacional-en-las-tablas-de-holanda\/#webpage\",\"url\":\"https:\/\/acefootball.com\/es\/noticias-de-futbol\/ramos-alcanza-un-record-internacional-en-las-tablas-de-holanda\/\",\"name\":\"Ramos alcanza un r\u00e9cord internacional en las tablas de Holanda\",\"isPartOf\":{\"@id\":\"https:\/\/acefootball.com\/es\/#website\"},\"primaryImageOfPage\":{\"@id\":\"https:\/\/acefootball.com\/es\/noticias-de-futbol\/ramos-alcanza-un-record-internacional-en-las-tablas-de-holanda\/#primaryimage\"},\"datePublished\":\"2020-11-12T09:42:39+00:00\",\"dateModified\":\"2020-11-12T09:42:40+00:00\",\"author\":{\"@id\":\"\"},\"description\":\"Sergio Ramos ha igualado el r\u00e9cord de apariciones europeas de Gianluigi Buffon para alcanzar otro hito en su brillante carrera.\",\"breadcrumb\":{\"@id\":\"https:\/\/acefootball.com\/es\/noticias-de-futbol\/ramos-alcanza-un-record-internacional-en-las-tablas-de-holanda\/#breadcrumb\"},\"inLanguage\":\"es\",\"potentialAction\":[{\"@type\":\"ReadAction\",\"target\":[\"https:\/\/acefootball.com\/es\/noticias-de-futbol\/ramos-alcanza-un-record-internacional-en-las-tablas-de-holanda\/\"]}]},{\"@type\":\"BreadcrumbList\",\"@id\":\"https:\/\/acefootball.com\/es\/noticias-de-futbol\/ramos-alcanza-un-record-internacional-en-las-tablas-de-holanda\/#breadcrumb\",\"itemListElement\":[{\"@type\":\"ListItem\",\"position\":1,\"name\":\"Home\",\"item\":\"https:\/\/acefootball.com\/es\/\"},{\"@type\":\"ListItem\",\"position\":2,\"name\":\"Ramos alcanza un r\u00e9cord internacional en las tablas de Holanda\"}]},{\"@type\":\"Person\",\"@id\":\"\",\"url\":\"https:\/\/acefootball.com\/es\/noticias-de-futbol\/author\/\"}]}<\/script>\n<!-- \/ Yoast SEO plugin. -->","yoast_head_json":{"title":"Ramos alcanza un r\u00e9cord internacional en las tablas de Holanda","description":"Sergio Ramos ha igualado el r\u00e9cord de apariciones europeas de Gianluigi Buffon para alcanzar otro hito en su brillante carrera.","robots":{"index":"index","follow":"follow","max-snippet":"max-snippet:-1","max-image-preview":"max-image-preview:large","max-video-preview":"max-video-preview:-1"},"canonical":"https:\/\/acefootball.com\/es\/noticias-de-futbol\/ramos-alcanza-un-record-internacional-en-las-tablas-de-holanda\/","og_locale":"es_ES","og_type":"article","og_title":"Ramos alcanza un r\u00e9cord internacional en las tablas de Holanda","og_description":"Sergio Ramos ha igualado el r\u00e9cord de apariciones europeas de Gianluigi Buffon para alcanzar otro hito en su brillante carrera.","og_url":"https:\/\/acefootball.com\/es\/noticias-de-futbol\/ramos-alcanza-un-record-internacional-en-las-tablas-de-holanda\/","og_site_name":"Ace Football Espa\u00f1ol","article_published_time":"2020-11-12T09:42:39+00:00","article_modified_time":"2020-11-12T09:42:40+00:00","og_image":[{"url":"https:\/\/acefootball.com\/es\/wp-content\/uploads\/2020\/11\/1285168686.jpg","height":1262,"width":1920}],"twitter_card":"summary_large_image","twitter_image":"https:\/\/acefootball.com\/es\/wp-content\/uploads\/2020\/11\/1285168686.jpg","twitter_misc":{"Escrito por":"","Tiempo de lectura":"1 minuto"},"schema":{"@context":"https:\/\/schema.org","@graph":[{"@type":"WebSite","@id":"https:\/\/acefootball.com\/es\/#website","url":"https:\/\/acefootball.com\/es\/","name":"Ace Football Espa\u00f1ol","description":"News, Betting and Livescore","potentialAction":[{"@type":"SearchAction","target":{"@type":"EntryPoint","urlTemplate":"https:\/\/acefootball.com\/es\/?s={search_term_string}"},"query-input":"required name=search_term_string"}],"inLanguage":"es"},{"@type":"ImageObject","@id":"https:\/\/acefootball.com\/es\/noticias-de-futbol\/ramos-alcanza-un-record-internacional-en-las-tablas-de-holanda\/#primaryimage","inLanguage":"es","url":"https:\/\/acefootball.com\/es\/wp-content\/uploads\/2020\/11\/1285168686.jpg","contentUrl":"https:\/\/acefootball.com\/es\/wp-content\/uploads\/2020\/11\/1285168686.jpg"},{"@type":"WebPage","@id":"https:\/\/acefootball.com\/es\/noticias-de-futbol\/ramos-alcanza-un-record-internacional-en-las-tablas-de-holanda\/#webpage","url":"https:\/\/acefootball.com\/es\/noticias-de-futbol\/ramos-alcanza-un-record-internacional-en-las-tablas-de-holanda\/","name":"Ramos alcanza un r\u00e9cord internacional en las tablas de Holanda","isPartOf":{"@id":"https:\/\/acefootball.com\/es\/#website"},"primaryImageOfPage":{"@id":"https:\/\/acefootball.com\/es\/noticias-de-futbol\/ramos-alcanza-un-record-internacional-en-las-tablas-de-holanda\/#primaryimage"},"datePublished":"2020-11-12T09:42:39+00:00","dateModified":"2020-11-12T09:42:40+00:00","author":{"@id":""},"description":"Sergio Ramos ha igualado el r\u00e9cord de apariciones europeas de Gianluigi Buffon para alcanzar otro hito en su brillante carrera.","breadcrumb":{"@id":"https:\/\/acefootball.com\/es\/noticias-de-futbol\/ramos-alcanza-un-record-internacional-en-las-tablas-de-holanda\/#breadcrumb"},"inLanguage":"es","potentialAction":[{"@type":"ReadAction","target":["https:\/\/acefootball.com\/es\/noticias-de-futbol\/ramos-alcanza-un-record-internacional-en-las-tablas-de-holanda\/"]}]},{"@type":"BreadcrumbList","@id":"https:\/\/acefootball.com\/es\/noticias-de-futbol\/ramos-alcanza-un-record-internacional-en-las-tablas-de-holanda\/#breadcrumb","itemListElement":[{"@type":"ListItem","position":1,"name":"Home","item":"https:\/\/acefootball.com\/es\/"},{"@type":"ListItem","position":2,"name":"Ramos alcanza un r\u00e9cord internacional en las tablas de Holanda"}]},{"@type":"Person","@id":"","url":"https:\/\/acefootball.com\/es\/noticias-de-futbol\/author\/"}]}},"fimg_url":"https:\/\/acefootball.com\/es\/wp-content\/uploads\/2020\/11\/1285168686.jpg","_links":{"self":[{"href":"https:\/\/acefootball.com\/es\/wp-json\/wp\/v2\/posts\/10819"}],"collection":[{"href":"https:\/\/acefootball.com\/es\/wp-json\/wp\/v2\/posts"}],"about":[{"href":"https:\/\/acefootball.com\/es\/wp-json\/wp\/v2\/types\/post"}],"author":[{"embeddable":true,"href":"https:\/\/acefootball.com\/es\/wp-json\/wp\/v2\/users\/868"}],"replies":[{"embeddable":true,"href":"https:\/\/acefootball.com\/es\/wp-json\/wp\/v2\/comments?post=10819"}],"version-history":[{"count":0,"href":"https:\/\/acefootball.com\/es\/wp-json\/wp\/v2\/posts\/10819\/revisions"}],"wp:featuredmedia":[{"embeddable":true,"href":"https:\/\/acefootball.com\/es\/wp-json\/wp\/v2\/media\/-101101239218"}],"wp:attachment":[{"href":"https:\/\/acefootball.com\/es\/wp-json\/wp\/v2\/media?parent=10819"}],"wp:term":[{"taxonomy":"category","embeddable":true,"href":"https:\/\/acefootball.com\/es\/wp-json\/wp\/v2\/categories?post=10819"},{"taxonomy":"post_tag","embeddable":true,"href":"https:\/\/acefootball.com\/es\/wp-json\/wp\/v2\/tags?post=10819"}],"curies":[{"name":"wp","href":"https:\/\/api.w.org\/{rel}","templated":true}]}}