{"id":10814,"date":"2020-11-12T09:00:45","date_gmt":"2020-11-12T09:00:45","guid":{"rendered":"https:\/\/acefootball.com\/es\/?p=10814"},"modified":"2020-11-12T09:00:46","modified_gmt":"2020-11-12T09:00:46","slug":"van-de-beek-envia-un-mensaje-a-solskjaer-tras-el-gol-para-holanda","status":"publish","type":"post","link":"https:\/\/acefootball.com\/es\/noticias-de-futbol\/van-de-beek-envia-un-mensaje-a-solskjaer-tras-el-gol-para-holanda\/","title":{"rendered":"Van de Beek env\u00eda un mensaje a Solskjaer tras el gol para Holanda"},"content":{"rendered":"\n<h2 id=\"h-donny-van-de-beek-dice-que-est-ansioso-por-comenzar-a-obtener-minutos-regulares-en-el-manchester-united-en-lo-que-es-un-mensaje-sutil-para-ole-gunnar-solskjaer\">Donny Van de Beek dice que est\u00e1 ansioso por comenzar a obtener minutos regulares en el Manchester United en lo que es un mensaje sutil para Ole Gunnar Solskjaer.<\/h2>\n\n\n\n<p>Donny van de Beek sabe que su hora est\u00e1 &#8216;llegando&#8217; en el Manchester United, ya que el goleador holand\u00e9s predicaba la paciencia tras su falta de tiempo de juego a nivel de clubes.<\/p>\n\n\n\n<p>El holand\u00e9s a\u00fan no ha comenzado un partido de la Premier League con el United desde que lleg\u00f3 procedente del Ajax en un contrato de 44 metros.<\/p>\n\n\n\n<p>Van de Beek solo ha visto 75 minutos de acci\u00f3n en la Premier League y ha marcado una vez en ese lapso de tiempo.<\/p>\n\n\n\n<p>Por otra parte, ha sido titular dos veces en la Champions League y dos veces en la Copa Carabao.<\/p>\n\n\n\n<p>Muchos han pedido al t\u00e9cnico del United, Ole Solskjaer, que le d\u00e9 al jugador m\u00e1s minutos en su haber en vano.&nbsp;Recientemente, la leyenda de los Red Devils, Patrice Evra, y el agente del jugador estaban en una acalorada fila de palabras sobre este tema.<\/p>\n\n\n\n<p>Se le pregunt\u00f3 al jugador sobre su situaci\u00f3n en Old Trafford despu\u00e9s de marcar en el\u00a0<em><a href=\"https:\/\/acefootball.com\/football-news\/netherlands-1-1-spain-international-friendly-player-ratings\/\">empate amistoso 1-1 de Holanda con Espa\u00f1a<\/a><\/em>\u00a0el mi\u00e9rcoles.<\/p>\n\n\n\n<figure class=\"wp-block-embed-twitter wp-block-embed is-type-rich is-provider-twitter\"><div class=\"wp-block-embed__wrapper\">\n<blockquote class=\"twitter-tweet\" data-width=\"550\" data-dnt=\"true\"><p lang=\"en\" dir=\"ltr\">Is this what <a href=\"https:\/\/twitter.com\/hashtag\/MUFC?src=hash&amp;ref_src=twsrc%5Etfw\">#MUFC<\/a> are missing?<br><br>Donny van de Beek&#39;s second international goal draws Netherlands level! \ud83c\uddf3\ud83c\uddf1<a href=\"https:\/\/t.co\/Efgt1hdBB7\">pic.twitter.com\/Efgt1hdBB7<\/a><\/p>&mdash; Sky Sports Premier League (@SkySportsPL) <a href=\"https:\/\/twitter.com\/SkySportsPL\/status\/1326633361767604224?ref_src=twsrc%5Etfw\">November 11, 2020<\/a><\/blockquote><script async src=\"https:\/\/platform.twitter.com\/widgets.js\" charset=\"utf-8\"><\/script>\n<\/div><\/figure>\n\n\n\n<p>Van de Beek destac\u00f3 que estaba &#8216;feliz&#8217; y que ya ha demostrado lo que puede aportar al Manchester United.<\/p>\n\n\n\n<p>\u00abMe suena a clich\u00e9 decir esto, porque, por supuesto, me hubiera gustado jugar m\u00e1s, pero realmente disfruto estar en un buen equipo.\u00a0Simplemente soy muy bien recibido y todos me ayudan.\u00bb dijo Van de Beek a\u00a0<em><a rel=\"noreferrer noopener\" href=\"https:\/\/nos.nl\/liveblog\/2356188-van-de-beek-brengt-oranje-kort-na-rust-langszij-belg-batshuayi-helpt-oranje.html\" target=\"_blank\">NOS<\/a><\/em>.<\/p>\n\n\n\n<p>\u00abSoy una persona paciente, pero claro que vas a jugar tanto como puedas.\u00a0Tambi\u00e9n creo que, en los minutos que he hecho, en los tiempos en los que he entrado, he demostrado que puedo aportar algo al equipo.\u00bb<\/p>\n\n\n\n<p>Solskajer ha preferido hasta ahora un tr\u00edo de centrocampistas de McTominay y Fred jugando detr\u00e1s de Fernandes.&nbsp;Van de Beek revela su conversaci\u00f3n con el t\u00e9cnico del United tras su falta de tiempo de juego.<\/p>\n\n\n\n<p>A\u00f1adi\u00f3: \u00ab\u00bfQu\u00e9 me dice Solskjaer?\u00a0Que tengo que ser paciente, pero tambi\u00e9n que tengo que seguir con lo que estoy haciendo.\u00bb<\/p>\n\n\n\n<p>\u00abY que ha visto que tengo un buen impacto cuando entro al campo.\u00a0Definitivamente se acerca mi hora.\u00a0Y cuando lleguen esas oportunidades, tengo que estar all\u00ed.\u00bb<\/p>\n","protected":false},"excerpt":{"rendered":"<p>Donny Van de Beek dice que est\u00e1 ansioso por comenzar a obtener minutos regulares en el Manchester United en lo que es un mensaje sutil para Ole Gunnar Solskjaer.<\/p>\n","protected":false},"author":868,"featured_media":-101101239205,"comment_status":"closed","ping_status":"closed","sticky":false,"template":"","format":"standard","meta":{"om_disable_all_campaigns":false,"push_articles_ronaldo":{"active":false,"canonical":0,"publish":false},"force_updates":null},"categories":[70],"tags":[3782,206,205,3288],"enet_tags":{"player":["612836","251827"],"team":["10260","6708"],"sport_events":[]},"yoast_head":"<!-- This site is optimized with the Yoast SEO plugin v18.3 - https:\/\/yoast.com\/wordpress\/plugins\/seo\/ -->\n<title>Van de Beek env\u00eda un mensaje a Solskjaer tras el gol para Holanda<\/title>\n<meta name=\"description\" content=\"Donny Van de Beek dice que est\u00e1 ansioso por comenzar a obtener minutos regulares en el Manchester United en lo que es un mensaje sutil para Ole Gunnar Solskjaer.\" \/>\n<meta name=\"robots\" content=\"index, follow, max-snippet:-1, max-image-preview:large, max-video-preview:-1\" \/>\n<link rel=\"canonical\" href=\"https:\/\/acefootball.com\/es\/noticias-de-futbol\/van-de-beek-envia-un-mensaje-a-solskjaer-tras-el-gol-para-holanda\/\" \/>\n<meta property=\"og:locale\" content=\"es_ES\" \/>\n<meta property=\"og:type\" content=\"article\" \/>\n<meta property=\"og:title\" content=\"Van de Beek env\u00eda un mensaje a Solskjaer tras el gol para Holanda\" \/>\n<meta property=\"og:description\" content=\"Donny Van de Beek dice que est\u00e1 ansioso por comenzar a obtener minutos regulares en el Manchester United en lo que es un mensaje sutil para Ole Gunnar Solskjaer.\" \/>\n<meta property=\"og:url\" content=\"https:\/\/acefootball.com\/es\/noticias-de-futbol\/van-de-beek-envia-un-mensaje-a-solskjaer-tras-el-gol-para-holanda\/\" \/>\n<meta property=\"og:site_name\" content=\"Ace Football Espa\u00f1ol\" \/>\n<meta property=\"article:published_time\" content=\"2020-11-12T09:00:45+00:00\" \/>\n<meta property=\"article:modified_time\" content=\"2020-11-12T09:00:46+00:00\" \/>\n<meta property=\"og:image\" content=\"https:\/\/acefootball.com\/es\/wp-content\/uploads\/2020\/11\/GettyImages-1285162924.jpg\" \/>\n\t<meta property=\"og:image:width\" content=\"1024\" \/>\n\t<meta property=\"og:image:height\" content=\"683\" \/>\n<meta name=\"twitter:card\" content=\"summary_large_image\" \/>\n<meta name=\"twitter:image\" content=\"https:\/\/acefootball.com\/es\/wp-content\/uploads\/2020\/11\/GettyImages-1285162924.jpg\" \/>\n<meta name=\"twitter:label1\" content=\"Escrito por\" \/>\n\t<meta name=\"twitter:data1\" content=\"\" \/>\n\t<meta name=\"twitter:label2\" content=\"Tiempo de lectura\" \/>\n\t<meta name=\"twitter:data2\" content=\"2 minutos\" \/>\n<script type=\"application\/ld+json\" class=\"yoast-schema-graph\">{\"@context\":\"https:\/\/schema.org\",\"@graph\":[{\"@type\":\"WebSite\",\"@id\":\"https:\/\/acefootball.com\/es\/#website\",\"url\":\"https:\/\/acefootball.com\/es\/\",\"name\":\"Ace Football Espa\u00f1ol\",\"description\":\"News, Betting and Livescore\",\"potentialAction\":[{\"@type\":\"SearchAction\",\"target\":{\"@type\":\"EntryPoint\",\"urlTemplate\":\"https:\/\/acefootball.com\/es\/?s={search_term_string}\"},\"query-input\":\"required name=search_term_string\"}],\"inLanguage\":\"es\"},{\"@type\":\"ImageObject\",\"@id\":\"https:\/\/acefootball.com\/es\/noticias-de-futbol\/van-de-beek-envia-un-mensaje-a-solskjaer-tras-el-gol-para-holanda\/#primaryimage\",\"inLanguage\":\"es\",\"url\":\"https:\/\/acefootball.com\/es\/wp-content\/uploads\/2020\/11\/GettyImages-1285162924.jpg\",\"contentUrl\":\"https:\/\/acefootball.com\/es\/wp-content\/uploads\/2020\/11\/GettyImages-1285162924.jpg\"},{\"@type\":\"WebPage\",\"@id\":\"https:\/\/acefootball.com\/es\/noticias-de-futbol\/van-de-beek-envia-un-mensaje-a-solskjaer-tras-el-gol-para-holanda\/#webpage\",\"url\":\"https:\/\/acefootball.com\/es\/noticias-de-futbol\/van-de-beek-envia-un-mensaje-a-solskjaer-tras-el-gol-para-holanda\/\",\"name\":\"Van de Beek env\u00eda un mensaje a Solskjaer tras el gol para Holanda\",\"isPartOf\":{\"@id\":\"https:\/\/acefootball.com\/es\/#website\"},\"primaryImageOfPage\":{\"@id\":\"https:\/\/acefootball.com\/es\/noticias-de-futbol\/van-de-beek-envia-un-mensaje-a-solskjaer-tras-el-gol-para-holanda\/#primaryimage\"},\"datePublished\":\"2020-11-12T09:00:45+00:00\",\"dateModified\":\"2020-11-12T09:00:46+00:00\",\"author\":{\"@id\":\"\"},\"description\":\"Donny Van de Beek dice que est\u00e1 ansioso por comenzar a obtener minutos regulares en el Manchester United en lo que es un mensaje sutil para Ole Gunnar Solskjaer.\",\"breadcrumb\":{\"@id\":\"https:\/\/acefootball.com\/es\/noticias-de-futbol\/van-de-beek-envia-un-mensaje-a-solskjaer-tras-el-gol-para-holanda\/#breadcrumb\"},\"inLanguage\":\"es\",\"potentialAction\":[{\"@type\":\"ReadAction\",\"target\":[\"https:\/\/acefootball.com\/es\/noticias-de-futbol\/van-de-beek-envia-un-mensaje-a-solskjaer-tras-el-gol-para-holanda\/\"]}]},{\"@type\":\"BreadcrumbList\",\"@id\":\"https:\/\/acefootball.com\/es\/noticias-de-futbol\/van-de-beek-envia-un-mensaje-a-solskjaer-tras-el-gol-para-holanda\/#breadcrumb\",\"itemListElement\":[{\"@type\":\"ListItem\",\"position\":1,\"name\":\"Home\",\"item\":\"https:\/\/acefootball.com\/es\/\"},{\"@type\":\"ListItem\",\"position\":2,\"name\":\"Van de Beek env\u00eda un mensaje a Solskjaer tras el gol para Holanda\"}]},{\"@type\":\"Person\",\"@id\":\"\",\"url\":\"https:\/\/acefootball.com\/es\/noticias-de-futbol\/author\/\"}]}<\/script>\n<!-- \/ Yoast SEO plugin. -->","yoast_head_json":{"title":"Van de Beek env\u00eda un mensaje a Solskjaer tras el gol para Holanda","description":"Donny Van de Beek dice que est\u00e1 ansioso por comenzar a obtener minutos regulares en el Manchester United en lo que es un mensaje sutil para Ole Gunnar Solskjaer.","robots":{"index":"index","follow":"follow","max-snippet":"max-snippet:-1","max-image-preview":"max-image-preview:large","max-video-preview":"max-video-preview:-1"},"canonical":"https:\/\/acefootball.com\/es\/noticias-de-futbol\/van-de-beek-envia-un-mensaje-a-solskjaer-tras-el-gol-para-holanda\/","og_locale":"es_ES","og_type":"article","og_title":"Van de Beek env\u00eda un mensaje a Solskjaer tras el gol para Holanda","og_description":"Donny Van de Beek dice que est\u00e1 ansioso por comenzar a obtener minutos regulares en el Manchester United en lo que es un mensaje sutil para Ole Gunnar Solskjaer.","og_url":"https:\/\/acefootball.com\/es\/noticias-de-futbol\/van-de-beek-envia-un-mensaje-a-solskjaer-tras-el-gol-para-holanda\/","og_site_name":"Ace Football Espa\u00f1ol","article_published_time":"2020-11-12T09:00:45+00:00","article_modified_time":"2020-11-12T09:00:46+00:00","og_image":[{"url":"https:\/\/acefootball.com\/es\/wp-content\/uploads\/2020\/11\/GettyImages-1285162924.jpg","height":683,"width":1024}],"twitter_card":"summary_large_image","twitter_image":"https:\/\/acefootball.com\/es\/wp-content\/uploads\/2020\/11\/GettyImages-1285162924.jpg","twitter_misc":{"Escrito por":"","Tiempo de lectura":"2 minutos"},"schema":{"@context":"https:\/\/schema.org","@graph":[{"@type":"WebSite","@id":"https:\/\/acefootball.com\/es\/#website","url":"https:\/\/acefootball.com\/es\/","name":"Ace Football Espa\u00f1ol","description":"News, Betting and Livescore","potentialAction":[{"@type":"SearchAction","target":{"@type":"EntryPoint","urlTemplate":"https:\/\/acefootball.com\/es\/?s={search_term_string}"},"query-input":"required name=search_term_string"}],"inLanguage":"es"},{"@type":"ImageObject","@id":"https:\/\/acefootball.com\/es\/noticias-de-futbol\/van-de-beek-envia-un-mensaje-a-solskjaer-tras-el-gol-para-holanda\/#primaryimage","inLanguage":"es","url":"https:\/\/acefootball.com\/es\/wp-content\/uploads\/2020\/11\/GettyImages-1285162924.jpg","contentUrl":"https:\/\/acefootball.com\/es\/wp-content\/uploads\/2020\/11\/GettyImages-1285162924.jpg"},{"@type":"WebPage","@id":"https:\/\/acefootball.com\/es\/noticias-de-futbol\/van-de-beek-envia-un-mensaje-a-solskjaer-tras-el-gol-para-holanda\/#webpage","url":"https:\/\/acefootball.com\/es\/noticias-de-futbol\/van-de-beek-envia-un-mensaje-a-solskjaer-tras-el-gol-para-holanda\/","name":"Van de Beek env\u00eda un mensaje a Solskjaer tras el gol para Holanda","isPartOf":{"@id":"https:\/\/acefootball.com\/es\/#website"},"primaryImageOfPage":{"@id":"https:\/\/acefootball.com\/es\/noticias-de-futbol\/van-de-beek-envia-un-mensaje-a-solskjaer-tras-el-gol-para-holanda\/#primaryimage"},"datePublished":"2020-11-12T09:00:45+00:00","dateModified":"2020-11-12T09:00:46+00:00","author":{"@id":""},"description":"Donny Van de Beek dice que est\u00e1 ansioso por comenzar a obtener minutos regulares en el Manchester United en lo que es un mensaje sutil para Ole Gunnar Solskjaer.","breadcrumb":{"@id":"https:\/\/acefootball.com\/es\/noticias-de-futbol\/van-de-beek-envia-un-mensaje-a-solskjaer-tras-el-gol-para-holanda\/#breadcrumb"},"inLanguage":"es","potentialAction":[{"@type":"ReadAction","target":["https:\/\/acefootball.com\/es\/noticias-de-futbol\/van-de-beek-envia-un-mensaje-a-solskjaer-tras-el-gol-para-holanda\/"]}]},{"@type":"BreadcrumbList","@id":"https:\/\/acefootball.com\/es\/noticias-de-futbol\/van-de-beek-envia-un-mensaje-a-solskjaer-tras-el-gol-para-holanda\/#breadcrumb","itemListElement":[{"@type":"ListItem","position":1,"name":"Home","item":"https:\/\/acefootball.com\/es\/"},{"@type":"ListItem","position":2,"name":"Van de Beek env\u00eda un mensaje a Solskjaer tras el gol para Holanda"}]},{"@type":"Person","@id":"","url":"https:\/\/acefootball.com\/es\/noticias-de-futbol\/author\/"}]}},"fimg_url":"https:\/\/acefootball.com\/es\/wp-content\/uploads\/2020\/11\/GettyImages-1285162924.jpg","_links":{"self":[{"href":"https:\/\/acefootball.com\/es\/wp-json\/wp\/v2\/posts\/10814"}],"collection":[{"href":"https:\/\/acefootball.com\/es\/wp-json\/wp\/v2\/posts"}],"about":[{"href":"https:\/\/acefootball.com\/es\/wp-json\/wp\/v2\/types\/post"}],"author":[{"embeddable":true,"href":"https:\/\/acefootball.com\/es\/wp-json\/wp\/v2\/users\/868"}],"replies":[{"embeddable":true,"href":"https:\/\/acefootball.com\/es\/wp-json\/wp\/v2\/comments?post=10814"}],"version-history":[{"count":0,"href":"https:\/\/acefootball.com\/es\/wp-json\/wp\/v2\/posts\/10814\/revisions"}],"wp:featuredmedia":[{"embeddable":true,"href":"https:\/\/acefootball.com\/es\/wp-json\/wp\/v2\/media\/-101101239205"}],"wp:attachment":[{"href":"https:\/\/acefootball.com\/es\/wp-json\/wp\/v2\/media?parent=10814"}],"wp:term":[{"taxonomy":"category","embeddable":true,"href":"https:\/\/acefootball.com\/es\/wp-json\/wp\/v2\/categories?post=10814"},{"taxonomy":"post_tag","embeddable":true,"href":"https:\/\/acefootball.com\/es\/wp-json\/wp\/v2\/tags?post=10814"}],"curies":[{"name":"wp","href":"https:\/\/api.w.org\/{rel}","templated":true}]}}