{"id":10777,"date":"2020-11-10T12:22:16","date_gmt":"2020-11-10T12:22:16","guid":{"rendered":"https:\/\/acefootball.com\/es\/?p=10777"},"modified":"2020-11-10T12:22:17","modified_gmt":"2020-11-10T12:22:17","slug":"bergwijn-del-tottenham-se-retira-de-holanda","status":"publish","type":"post","link":"https:\/\/acefootball.com\/es\/noticias-de-futbol\/bergwijn-del-tottenham-se-retira-de-holanda\/","title":{"rendered":"Bergwijn del Tottenham se retira de Holanda"},"content":{"rendered":"\n<h2 id=\"h-el-astro-de-los-spurs-ha-sido-enviado-a-casa-sin-jugar-un-minuto-de-f-tbol-en-el-par-n-internacional-tras-ser-considerado-no-apto-para-la-acci-n\">El astro de los Spurs ha sido enviado a casa sin jugar un minuto de f\u00fatbol en el par\u00f3n internacional tras ser considerado no apto para la acci\u00f3n.<\/h2>\n\n\n\n<p>Steven Bergwijn ha sido retirado de la selecci\u00f3n holandesa tras ser declarado no suficientemente apto para jugar.<\/p>\n\n\n\n<p>El extremo fue incluido en el equipo de Frank de Boer para los partidos de noviembre, pero ahora est\u00e1 de regreso en Londres despu\u00e9s de que un examen del personal m\u00e9dico holand\u00e9s descubri\u00f3 un problema de condici\u00f3n f\u00edsica no especificado.<\/p>\n\n\n\n<p>Una declaraci\u00f3n sobre el\u00a0<em><a href=\"https:\/\/www.onsoranje.nl\/nieuws\/nederlands-elftal\/78513\/steven-bergwijn-verlaat-trainingskamp-oranje\" target=\"_blank\" rel=\"noreferrer noopener\">informe de la FA holandesa<\/a><\/em>\u00a0dec\u00eda: \u201cSteven Bergwijn ha abandonado el campo de entrenamiento de la selecci\u00f3n holandesa.\u00a0El atacante del Tottenham Hotspur fue examinado por el personal m\u00e9dico de Oranje este lunes, a su llegada a Zeist.\u00a0<\/p>\n\n\n\n<figure class=\"wp-block-embed-twitter wp-block-embed is-type-rich is-provider-twitter\"><div class=\"wp-block-embed__wrapper\">\n<blockquote class=\"twitter-tweet\" data-width=\"550\" data-dnt=\"true\"><p lang=\"nl\" dir=\"ltr\">Steven Bergwijn is niet fit genoeg en heeft het trainingskamp van Oranje verlaten: <a href=\"https:\/\/t.co\/7xMKE2NNb2\">https:\/\/t.co\/7xMKE2NNb2<\/a>.<\/p>&mdash; OnsOranje (@OnsOranje) <a href=\"https:\/\/twitter.com\/OnsOranje\/status\/1325900003634778112?ref_src=twsrc%5Etfw\">November 9, 2020<\/a><\/blockquote><script async src=\"https:\/\/platform.twitter.com\/widgets.js\" charset=\"utf-8\"><\/script>\n<\/div><\/figure>\n\n\n\n<p>\u00abResult\u00f3 que no est\u00e1 lo suficientemente en forma y que los partidos de Oranje deben pasar.\u00bb<\/p>\n\n\n\n<p>\u00abEl seleccionador nacional Frank de Boer no pide un reemplazo, por lo que la selecci\u00f3n de la selecci\u00f3n holandesa ahora consta de 24 jugadores.\u00bb<\/p>\n\n\n\n<p>Holanda juega un partido amistoso contra Espa\u00f1a el mi\u00e9rcoles por la noche antes de enfrentarse a Bosnia y Herzegovina y Polonia para completar sus rondas de la fase de grupos de la Liga de Naciones.<\/p>\n\n\n\n<p>El ex jugador del PSV Eindhoven comenz\u00f3 a funcionar despu\u00e9s de unirse al Tottenham en enero pasado, pero ha ca\u00eddo en el orden jer\u00e1rquico \u00faltimamente con la llegada de\u00a0<em><a href=\"https:\/\/acefootball.com\/premier-league\/tottenham\/gareth-bale\/\">Gareth Bale.<\/a><\/em><\/p>\n","protected":false},"excerpt":{"rendered":"<p>El astro de los Spurs ha sido enviado a casa sin jugar un minuto de f\u00fatbol en el par\u00f3n internacional tras ser considerado no apto para la acci\u00f3n.<\/p>\n","protected":false},"author":868,"featured_media":-101101238880,"comment_status":"closed","ping_status":"closed","sticky":false,"template":"","format":"standard","meta":{"om_disable_all_campaigns":false,"push_articles_ronaldo":{"active":false,"canonical":0,"publish":false},"force_updates":null},"categories":[8362],"tags":[3288,297],"enet_tags":{"team":["6708","8586"],"sport_events":[]},"yoast_head":"<!-- This site is optimized with the Yoast SEO plugin v18.3 - https:\/\/yoast.com\/wordpress\/plugins\/seo\/ -->\n<title>Bergwijn del Tottenham se retira de Holanda<\/title>\n<meta name=\"description\" content=\"El astro de los Spurs ha sido enviado a casa sin jugar un minuto de f\u00fatbol en el par\u00f3n internacional tras ser considerado no apto para la acci\u00f3n.\" \/>\n<meta name=\"robots\" content=\"index, follow, max-snippet:-1, max-image-preview:large, max-video-preview:-1\" \/>\n<link rel=\"canonical\" href=\"https:\/\/acefootball.com\/es\/noticias-de-futbol\/bergwijn-del-tottenham-se-retira-de-holanda\/\" \/>\n<meta property=\"og:locale\" content=\"es_ES\" \/>\n<meta property=\"og:type\" content=\"article\" \/>\n<meta property=\"og:title\" content=\"Bergwijn del Tottenham se retira de Holanda\" \/>\n<meta property=\"og:description\" content=\"El astro de los Spurs ha sido enviado a casa sin jugar un minuto de f\u00fatbol en el par\u00f3n internacional tras ser considerado no apto para la acci\u00f3n.\" \/>\n<meta property=\"og:url\" content=\"https:\/\/acefootball.com\/es\/noticias-de-futbol\/bergwijn-del-tottenham-se-retira-de-holanda\/\" \/>\n<meta property=\"og:site_name\" content=\"Ace Football Espa\u00f1ol\" \/>\n<meta property=\"article:published_time\" content=\"2020-11-10T12:22:16+00:00\" \/>\n<meta property=\"article:modified_time\" content=\"2020-11-10T12:22:17+00:00\" \/>\n<meta property=\"og:image\" content=\"https:\/\/acefootball.com\/es\/wp-content\/uploads\/2020\/11\/1277870124.jpg\" \/>\n\t<meta property=\"og:image:width\" content=\"1920\" \/>\n\t<meta property=\"og:image:height\" content=\"1262\" \/>\n<meta name=\"twitter:card\" content=\"summary_large_image\" \/>\n<meta name=\"twitter:image\" content=\"https:\/\/acefootball.com\/es\/wp-content\/uploads\/2020\/11\/1277870124.jpg\" \/>\n<meta name=\"twitter:label1\" content=\"Escrito por\" \/>\n\t<meta name=\"twitter:data1\" content=\"\" \/>\n\t<meta name=\"twitter:label2\" content=\"Tiempo de lectura\" \/>\n\t<meta name=\"twitter:data2\" content=\"1 minuto\" \/>\n<script type=\"application\/ld+json\" class=\"yoast-schema-graph\">{\"@context\":\"https:\/\/schema.org\",\"@graph\":[{\"@type\":\"WebSite\",\"@id\":\"https:\/\/acefootball.com\/es\/#website\",\"url\":\"https:\/\/acefootball.com\/es\/\",\"name\":\"Ace Football Espa\u00f1ol\",\"description\":\"News, Betting and Livescore\",\"potentialAction\":[{\"@type\":\"SearchAction\",\"target\":{\"@type\":\"EntryPoint\",\"urlTemplate\":\"https:\/\/acefootball.com\/es\/?s={search_term_string}\"},\"query-input\":\"required name=search_term_string\"}],\"inLanguage\":\"es\"},{\"@type\":\"ImageObject\",\"@id\":\"https:\/\/acefootball.com\/es\/noticias-de-futbol\/bergwijn-del-tottenham-se-retira-de-holanda\/#primaryimage\",\"inLanguage\":\"es\",\"url\":\"https:\/\/acefootball.com\/es\/wp-content\/uploads\/2020\/11\/1277870124.jpg\",\"contentUrl\":\"https:\/\/acefootball.com\/es\/wp-content\/uploads\/2020\/11\/1277870124.jpg\"},{\"@type\":\"WebPage\",\"@id\":\"https:\/\/acefootball.com\/es\/noticias-de-futbol\/bergwijn-del-tottenham-se-retira-de-holanda\/#webpage\",\"url\":\"https:\/\/acefootball.com\/es\/noticias-de-futbol\/bergwijn-del-tottenham-se-retira-de-holanda\/\",\"name\":\"Bergwijn del Tottenham se retira de Holanda\",\"isPartOf\":{\"@id\":\"https:\/\/acefootball.com\/es\/#website\"},\"primaryImageOfPage\":{\"@id\":\"https:\/\/acefootball.com\/es\/noticias-de-futbol\/bergwijn-del-tottenham-se-retira-de-holanda\/#primaryimage\"},\"datePublished\":\"2020-11-10T12:22:16+00:00\",\"dateModified\":\"2020-11-10T12:22:17+00:00\",\"author\":{\"@id\":\"\"},\"description\":\"El astro de los Spurs ha sido enviado a casa sin jugar un minuto de f\u00fatbol en el par\u00f3n internacional tras ser considerado no apto para la acci\u00f3n.\",\"breadcrumb\":{\"@id\":\"https:\/\/acefootball.com\/es\/noticias-de-futbol\/bergwijn-del-tottenham-se-retira-de-holanda\/#breadcrumb\"},\"inLanguage\":\"es\",\"potentialAction\":[{\"@type\":\"ReadAction\",\"target\":[\"https:\/\/acefootball.com\/es\/noticias-de-futbol\/bergwijn-del-tottenham-se-retira-de-holanda\/\"]}]},{\"@type\":\"BreadcrumbList\",\"@id\":\"https:\/\/acefootball.com\/es\/noticias-de-futbol\/bergwijn-del-tottenham-se-retira-de-holanda\/#breadcrumb\",\"itemListElement\":[{\"@type\":\"ListItem\",\"position\":1,\"name\":\"Home\",\"item\":\"https:\/\/acefootball.com\/es\/\"},{\"@type\":\"ListItem\",\"position\":2,\"name\":\"Bergwijn del Tottenham se retira de Holanda\"}]},{\"@type\":\"Person\",\"@id\":\"\",\"url\":\"https:\/\/acefootball.com\/es\/noticias-de-futbol\/author\/\"}]}<\/script>\n<!-- \/ Yoast SEO plugin. -->","yoast_head_json":{"title":"Bergwijn del Tottenham se retira de Holanda","description":"El astro de los Spurs ha sido enviado a casa sin jugar un minuto de f\u00fatbol en el par\u00f3n internacional tras ser considerado no apto para la acci\u00f3n.","robots":{"index":"index","follow":"follow","max-snippet":"max-snippet:-1","max-image-preview":"max-image-preview:large","max-video-preview":"max-video-preview:-1"},"canonical":"https:\/\/acefootball.com\/es\/noticias-de-futbol\/bergwijn-del-tottenham-se-retira-de-holanda\/","og_locale":"es_ES","og_type":"article","og_title":"Bergwijn del Tottenham se retira de Holanda","og_description":"El astro de los Spurs ha sido enviado a casa sin jugar un minuto de f\u00fatbol en el par\u00f3n internacional tras ser considerado no apto para la acci\u00f3n.","og_url":"https:\/\/acefootball.com\/es\/noticias-de-futbol\/bergwijn-del-tottenham-se-retira-de-holanda\/","og_site_name":"Ace Football Espa\u00f1ol","article_published_time":"2020-11-10T12:22:16+00:00","article_modified_time":"2020-11-10T12:22:17+00:00","og_image":[{"url":"https:\/\/acefootball.com\/es\/wp-content\/uploads\/2020\/11\/1277870124.jpg","height":1262,"width":1920}],"twitter_card":"summary_large_image","twitter_image":"https:\/\/acefootball.com\/es\/wp-content\/uploads\/2020\/11\/1277870124.jpg","twitter_misc":{"Escrito por":"","Tiempo de lectura":"1 minuto"},"schema":{"@context":"https:\/\/schema.org","@graph":[{"@type":"WebSite","@id":"https:\/\/acefootball.com\/es\/#website","url":"https:\/\/acefootball.com\/es\/","name":"Ace Football Espa\u00f1ol","description":"News, Betting and Livescore","potentialAction":[{"@type":"SearchAction","target":{"@type":"EntryPoint","urlTemplate":"https:\/\/acefootball.com\/es\/?s={search_term_string}"},"query-input":"required name=search_term_string"}],"inLanguage":"es"},{"@type":"ImageObject","@id":"https:\/\/acefootball.com\/es\/noticias-de-futbol\/bergwijn-del-tottenham-se-retira-de-holanda\/#primaryimage","inLanguage":"es","url":"https:\/\/acefootball.com\/es\/wp-content\/uploads\/2020\/11\/1277870124.jpg","contentUrl":"https:\/\/acefootball.com\/es\/wp-content\/uploads\/2020\/11\/1277870124.jpg"},{"@type":"WebPage","@id":"https:\/\/acefootball.com\/es\/noticias-de-futbol\/bergwijn-del-tottenham-se-retira-de-holanda\/#webpage","url":"https:\/\/acefootball.com\/es\/noticias-de-futbol\/bergwijn-del-tottenham-se-retira-de-holanda\/","name":"Bergwijn del Tottenham se retira de Holanda","isPartOf":{"@id":"https:\/\/acefootball.com\/es\/#website"},"primaryImageOfPage":{"@id":"https:\/\/acefootball.com\/es\/noticias-de-futbol\/bergwijn-del-tottenham-se-retira-de-holanda\/#primaryimage"},"datePublished":"2020-11-10T12:22:16+00:00","dateModified":"2020-11-10T12:22:17+00:00","author":{"@id":""},"description":"El astro de los Spurs ha sido enviado a casa sin jugar un minuto de f\u00fatbol en el par\u00f3n internacional tras ser considerado no apto para la acci\u00f3n.","breadcrumb":{"@id":"https:\/\/acefootball.com\/es\/noticias-de-futbol\/bergwijn-del-tottenham-se-retira-de-holanda\/#breadcrumb"},"inLanguage":"es","potentialAction":[{"@type":"ReadAction","target":["https:\/\/acefootball.com\/es\/noticias-de-futbol\/bergwijn-del-tottenham-se-retira-de-holanda\/"]}]},{"@type":"BreadcrumbList","@id":"https:\/\/acefootball.com\/es\/noticias-de-futbol\/bergwijn-del-tottenham-se-retira-de-holanda\/#breadcrumb","itemListElement":[{"@type":"ListItem","position":1,"name":"Home","item":"https:\/\/acefootball.com\/es\/"},{"@type":"ListItem","position":2,"name":"Bergwijn del Tottenham se retira de Holanda"}]},{"@type":"Person","@id":"","url":"https:\/\/acefootball.com\/es\/noticias-de-futbol\/author\/"}]}},"fimg_url":"https:\/\/acefootball.com\/es\/wp-content\/uploads\/2020\/11\/1277870124.jpg","_links":{"self":[{"href":"https:\/\/acefootball.com\/es\/wp-json\/wp\/v2\/posts\/10777"}],"collection":[{"href":"https:\/\/acefootball.com\/es\/wp-json\/wp\/v2\/posts"}],"about":[{"href":"https:\/\/acefootball.com\/es\/wp-json\/wp\/v2\/types\/post"}],"author":[{"embeddable":true,"href":"https:\/\/acefootball.com\/es\/wp-json\/wp\/v2\/users\/868"}],"replies":[{"embeddable":true,"href":"https:\/\/acefootball.com\/es\/wp-json\/wp\/v2\/comments?post=10777"}],"version-history":[{"count":0,"href":"https:\/\/acefootball.com\/es\/wp-json\/wp\/v2\/posts\/10777\/revisions"}],"wp:featuredmedia":[{"embeddable":true,"href":"https:\/\/acefootball.com\/es\/wp-json\/wp\/v2\/media\/-101101238880"}],"wp:attachment":[{"href":"https:\/\/acefootball.com\/es\/wp-json\/wp\/v2\/media?parent=10777"}],"wp:term":[{"taxonomy":"category","embeddable":true,"href":"https:\/\/acefootball.com\/es\/wp-json\/wp\/v2\/categories?post=10777"},{"taxonomy":"post_tag","embeddable":true,"href":"https:\/\/acefootball.com\/es\/wp-json\/wp\/v2\/tags?post=10777"}],"curies":[{"name":"wp","href":"https:\/\/api.w.org\/{rel}","templated":true}]}}