{"id":10747,"date":"2020-11-09T14:07:44","date_gmt":"2020-11-09T14:07:44","guid":{"rendered":"https:\/\/acefootball.com\/es\/?p=10747"},"modified":"2020-11-09T14:07:44","modified_gmt":"2020-11-09T14:07:44","slug":"courtois-cuestiona-el-uso-del-var-en-la-fuerte-derrota-ante-el-valencia","status":"publish","type":"post","link":"https:\/\/acefootball.com\/es\/noticias-de-futbol\/courtois-cuestiona-el-uso-del-var-en-la-fuerte-derrota-ante-el-valencia\/","title":{"rendered":"Courtois cuestiona el uso del VAR en la fuerte derrota ante el Valencia"},"content":{"rendered":"\n<h2 id=\"h-thibaut-courtois-est-seguro-de-que-las-payasadas-jugaron-un-papel-en-las-decisiones-de-penalti-contra-su-equipo-en-su-primera-derrota-de-la-temporada-en-la-liga\">Thibaut Courtois est\u00e1 seguro de que las payasadas jugaron un papel en las decisiones de penalti contra su equipo en su primera derrota de la temporada en La Liga.<\/h2>\n\n\n\n<p>El \u00faltimo viaje del Real Madrid a Mestalla result\u00f3 bastante decepcionante, ya que regresaron a casa despu\u00e9s de\u00a0<em><a href=\"https:\/\/acefootball.com\/football-news\/valencia-vs-real-madrid-la-liga-player-ratings\/\">ser humillados por 4-1<\/a><\/em>.<\/p>\n\n\n\n<p>Karim Benzema abri\u00f3 el marcador con un remate exquisito desde el borde del \u00e1rea, y ese fue pr\u00e1cticamente el \u00fanico punto culminante de la noche para los visitantes.<\/p>\n\n\n\n<p>Carlos Soler entr\u00f3 en los libros de historia al convertirse en el primer jugador de este siglo en anotar un hat-trick de penales en un solo partido de La Liga.<\/p>\n\n\n\n<p>Los Blancos tambi\u00e9n hicieron algo de historia, solo la indeseable, ya que el domingo marc\u00f3 la primera vez que concedieron cuatro goles en un partido de liga con Zinedine Zidane.<\/p>\n\n\n\n<p>Thibaut Courtois detuvo el primer penalti, pero no pudo evitarlo cuando se repiti\u00f3 el penal despu\u00e9s de que varios jugadores fueran vistos invadiendo el \u00e1rea en la revisi\u00f3n del VAR.<\/p>\n\n\n\n<figure class=\"wp-block-embed-twitter wp-block-embed is-type-rich is-provider-twitter\"><div class=\"wp-block-embed__wrapper\">\n<blockquote class=\"twitter-tweet\" data-width=\"550\" data-dnt=\"true\"><p lang=\"en\" dir=\"ltr\">Courtois guessed right on all 4 penalties \ud83d\ude25\ud83d\ude25 <a href=\"https:\/\/t.co\/l27VoAL8XQ\">pic.twitter.com\/l27VoAL8XQ<\/a><\/p>&mdash; \u1d04\u029c\u026a\u1d05\u026a\u1d07\u0299\u1d07\u0280\u1d07 \u1d0f\u0262\u1d1c #EndSARS \u270a\ud83c\udfff (@chyngyozil) <a href=\"https:\/\/twitter.com\/chyngyozil\/status\/1325713039602094080?ref_src=twsrc%5Etfw\">November 9, 2020<\/a><\/blockquote><script async src=\"https:\/\/platform.twitter.com\/widgets.js\" charset=\"utf-8\"><\/script>\n<\/div><\/figure>\n\n\n\n<p>Los tres penaltis se produjeron gracias a la mano de los defensas del Real Madrid, pero el portero belga siente que su equipo lo ha hecho mal.<\/p>\n\n\n\n<p>\u00abMaxi grita m\u00e1s, y la forma en que el VAR da penales\u2026\u00bb dijo un frustrado Courtois tras el partido, v\u00eda\u00a0<em><a href=\"https:\/\/en.as.com\/en\/2020\/11\/09\/football\/1604918439_782505.html\" target=\"_blank\" rel=\"noreferrer noopener\">AS<\/a><\/em>\u00a0.<\/p>\n\n\n\n<p>\u00abEl primer penalti es un penalti, es mala suerte.\u00a0No s\u00e9 por qu\u00e9 se retom\u00f3.\u00a0El segundo gol tambi\u00e9n trae mala suerte.\u00bb<\/p>\n\n\n\n<p>\u00abHubo una falta sobre Marco Asensio en la preparaci\u00f3n del segundo gol del Valencia.\u00a0Lo escuch\u00e9 decirlo en el vestuario, pero all\u00ed no se puede cambiar nada.\u00bb<\/p>\n","protected":false},"excerpt":{"rendered":"<p>Thibaut Courtois est\u00e1 seguro de que las payasadas jugaron un papel en las decisiones de penalti contra su equipo en su primera derrota de la temporada en La Liga.<\/p>\n","protected":false},"author":868,"featured_media":-101101238703,"comment_status":"closed","ping_status":"closed","sticky":false,"template":"","format":"standard","meta":{"om_disable_all_campaigns":false,"push_articles_ronaldo":{"active":false,"canonical":0,"publish":false},"force_updates":null},"categories":[8362],"tags":[78,211,4222,1667],"enet_tags":{"league":["87"],"team":["8633","10267"],"player":["170323"],"sport_events":[]},"yoast_head":"<!-- This site is optimized with the Yoast SEO plugin v18.3 - https:\/\/yoast.com\/wordpress\/plugins\/seo\/ -->\n<title>Courtois cuestiona el uso del VAR en la fuerte derrota ante el Valencia<\/title>\n<meta name=\"description\" content=\"Thibaut Courtois est\u00e1 seguro de que las payasadas jugaron un papel en las decisiones de penalti contra su equipo en su primera derrota de la temporada en La Liga.\" \/>\n<meta name=\"robots\" content=\"index, follow, max-snippet:-1, max-image-preview:large, max-video-preview:-1\" \/>\n<link rel=\"canonical\" href=\"https:\/\/acefootball.com\/es\/noticias-de-futbol\/courtois-cuestiona-el-uso-del-var-en-la-fuerte-derrota-ante-el-valencia\/\" \/>\n<meta property=\"og:locale\" content=\"es_ES\" \/>\n<meta property=\"og:type\" content=\"article\" \/>\n<meta property=\"og:title\" content=\"Courtois cuestiona el uso del VAR en la fuerte derrota ante el Valencia\" \/>\n<meta property=\"og:description\" content=\"Thibaut Courtois est\u00e1 seguro de que las payasadas jugaron un papel en las decisiones de penalti contra su equipo en su primera derrota de la temporada en La Liga.\" \/>\n<meta property=\"og:url\" content=\"https:\/\/acefootball.com\/es\/noticias-de-futbol\/courtois-cuestiona-el-uso-del-var-en-la-fuerte-derrota-ante-el-valencia\/\" \/>\n<meta property=\"og:site_name\" content=\"Ace Football Espa\u00f1ol\" \/>\n<meta property=\"article:published_time\" content=\"2020-11-09T14:07:44+00:00\" \/>\n<meta property=\"og:image\" content=\"https:\/\/acefootball.com\/es\/wp-content\/uploads\/2020\/11\/1284607478.jpg\" \/>\n\t<meta property=\"og:image:width\" content=\"1920\" \/>\n\t<meta property=\"og:image:height\" content=\"1262\" \/>\n<meta name=\"twitter:card\" content=\"summary_large_image\" \/>\n<meta name=\"twitter:image\" content=\"https:\/\/acefootball.com\/es\/wp-content\/uploads\/2020\/11\/1284607478.jpg\" \/>\n<meta name=\"twitter:label1\" content=\"Escrito por\" \/>\n\t<meta name=\"twitter:data1\" content=\"\" \/>\n\t<meta name=\"twitter:label2\" content=\"Tiempo de lectura\" \/>\n\t<meta name=\"twitter:data2\" content=\"2 minutos\" \/>\n<script type=\"application\/ld+json\" class=\"yoast-schema-graph\">{\"@context\":\"https:\/\/schema.org\",\"@graph\":[{\"@type\":\"WebSite\",\"@id\":\"https:\/\/acefootball.com\/es\/#website\",\"url\":\"https:\/\/acefootball.com\/es\/\",\"name\":\"Ace Football Espa\u00f1ol\",\"description\":\"News, Betting and Livescore\",\"potentialAction\":[{\"@type\":\"SearchAction\",\"target\":{\"@type\":\"EntryPoint\",\"urlTemplate\":\"https:\/\/acefootball.com\/es\/?s={search_term_string}\"},\"query-input\":\"required name=search_term_string\"}],\"inLanguage\":\"es\"},{\"@type\":\"ImageObject\",\"@id\":\"https:\/\/acefootball.com\/es\/noticias-de-futbol\/courtois-cuestiona-el-uso-del-var-en-la-fuerte-derrota-ante-el-valencia\/#primaryimage\",\"inLanguage\":\"es\",\"url\":\"https:\/\/acefootball.com\/es\/wp-content\/uploads\/2020\/11\/1284607478.jpg\",\"contentUrl\":\"https:\/\/acefootball.com\/es\/wp-content\/uploads\/2020\/11\/1284607478.jpg\"},{\"@type\":\"WebPage\",\"@id\":\"https:\/\/acefootball.com\/es\/noticias-de-futbol\/courtois-cuestiona-el-uso-del-var-en-la-fuerte-derrota-ante-el-valencia\/#webpage\",\"url\":\"https:\/\/acefootball.com\/es\/noticias-de-futbol\/courtois-cuestiona-el-uso-del-var-en-la-fuerte-derrota-ante-el-valencia\/\",\"name\":\"Courtois cuestiona el uso del VAR en la fuerte derrota ante el Valencia\",\"isPartOf\":{\"@id\":\"https:\/\/acefootball.com\/es\/#website\"},\"primaryImageOfPage\":{\"@id\":\"https:\/\/acefootball.com\/es\/noticias-de-futbol\/courtois-cuestiona-el-uso-del-var-en-la-fuerte-derrota-ante-el-valencia\/#primaryimage\"},\"datePublished\":\"2020-11-09T14:07:44+00:00\",\"dateModified\":\"2020-11-09T14:07:44+00:00\",\"author\":{\"@id\":\"\"},\"description\":\"Thibaut Courtois est\u00e1 seguro de que las payasadas jugaron un papel en las decisiones de penalti contra su equipo en su primera derrota de la temporada en La Liga.\",\"breadcrumb\":{\"@id\":\"https:\/\/acefootball.com\/es\/noticias-de-futbol\/courtois-cuestiona-el-uso-del-var-en-la-fuerte-derrota-ante-el-valencia\/#breadcrumb\"},\"inLanguage\":\"es\",\"potentialAction\":[{\"@type\":\"ReadAction\",\"target\":[\"https:\/\/acefootball.com\/es\/noticias-de-futbol\/courtois-cuestiona-el-uso-del-var-en-la-fuerte-derrota-ante-el-valencia\/\"]}]},{\"@type\":\"BreadcrumbList\",\"@id\":\"https:\/\/acefootball.com\/es\/noticias-de-futbol\/courtois-cuestiona-el-uso-del-var-en-la-fuerte-derrota-ante-el-valencia\/#breadcrumb\",\"itemListElement\":[{\"@type\":\"ListItem\",\"position\":1,\"name\":\"Home\",\"item\":\"https:\/\/acefootball.com\/es\/\"},{\"@type\":\"ListItem\",\"position\":2,\"name\":\"Courtois cuestiona el uso del VAR en la fuerte derrota ante el Valencia\"}]},{\"@type\":\"Person\",\"@id\":\"\",\"url\":\"https:\/\/acefootball.com\/es\/noticias-de-futbol\/author\/\"}]}<\/script>\n<!-- \/ Yoast SEO plugin. -->","yoast_head_json":{"title":"Courtois cuestiona el uso del VAR en la fuerte derrota ante el Valencia","description":"Thibaut Courtois est\u00e1 seguro de que las payasadas jugaron un papel en las decisiones de penalti contra su equipo en su primera derrota de la temporada en La Liga.","robots":{"index":"index","follow":"follow","max-snippet":"max-snippet:-1","max-image-preview":"max-image-preview:large","max-video-preview":"max-video-preview:-1"},"canonical":"https:\/\/acefootball.com\/es\/noticias-de-futbol\/courtois-cuestiona-el-uso-del-var-en-la-fuerte-derrota-ante-el-valencia\/","og_locale":"es_ES","og_type":"article","og_title":"Courtois cuestiona el uso del VAR en la fuerte derrota ante el Valencia","og_description":"Thibaut Courtois est\u00e1 seguro de que las payasadas jugaron un papel en las decisiones de penalti contra su equipo en su primera derrota de la temporada en La Liga.","og_url":"https:\/\/acefootball.com\/es\/noticias-de-futbol\/courtois-cuestiona-el-uso-del-var-en-la-fuerte-derrota-ante-el-valencia\/","og_site_name":"Ace Football Espa\u00f1ol","article_published_time":"2020-11-09T14:07:44+00:00","og_image":[{"url":"https:\/\/acefootball.com\/es\/wp-content\/uploads\/2020\/11\/1284607478.jpg","height":1262,"width":1920}],"twitter_card":"summary_large_image","twitter_image":"https:\/\/acefootball.com\/es\/wp-content\/uploads\/2020\/11\/1284607478.jpg","twitter_misc":{"Escrito por":"","Tiempo de lectura":"2 minutos"},"schema":{"@context":"https:\/\/schema.org","@graph":[{"@type":"WebSite","@id":"https:\/\/acefootball.com\/es\/#website","url":"https:\/\/acefootball.com\/es\/","name":"Ace Football Espa\u00f1ol","description":"News, Betting and Livescore","potentialAction":[{"@type":"SearchAction","target":{"@type":"EntryPoint","urlTemplate":"https:\/\/acefootball.com\/es\/?s={search_term_string}"},"query-input":"required name=search_term_string"}],"inLanguage":"es"},{"@type":"ImageObject","@id":"https:\/\/acefootball.com\/es\/noticias-de-futbol\/courtois-cuestiona-el-uso-del-var-en-la-fuerte-derrota-ante-el-valencia\/#primaryimage","inLanguage":"es","url":"https:\/\/acefootball.com\/es\/wp-content\/uploads\/2020\/11\/1284607478.jpg","contentUrl":"https:\/\/acefootball.com\/es\/wp-content\/uploads\/2020\/11\/1284607478.jpg"},{"@type":"WebPage","@id":"https:\/\/acefootball.com\/es\/noticias-de-futbol\/courtois-cuestiona-el-uso-del-var-en-la-fuerte-derrota-ante-el-valencia\/#webpage","url":"https:\/\/acefootball.com\/es\/noticias-de-futbol\/courtois-cuestiona-el-uso-del-var-en-la-fuerte-derrota-ante-el-valencia\/","name":"Courtois cuestiona el uso del VAR en la fuerte derrota ante el Valencia","isPartOf":{"@id":"https:\/\/acefootball.com\/es\/#website"},"primaryImageOfPage":{"@id":"https:\/\/acefootball.com\/es\/noticias-de-futbol\/courtois-cuestiona-el-uso-del-var-en-la-fuerte-derrota-ante-el-valencia\/#primaryimage"},"datePublished":"2020-11-09T14:07:44+00:00","dateModified":"2020-11-09T14:07:44+00:00","author":{"@id":""},"description":"Thibaut Courtois est\u00e1 seguro de que las payasadas jugaron un papel en las decisiones de penalti contra su equipo en su primera derrota de la temporada en La Liga.","breadcrumb":{"@id":"https:\/\/acefootball.com\/es\/noticias-de-futbol\/courtois-cuestiona-el-uso-del-var-en-la-fuerte-derrota-ante-el-valencia\/#breadcrumb"},"inLanguage":"es","potentialAction":[{"@type":"ReadAction","target":["https:\/\/acefootball.com\/es\/noticias-de-futbol\/courtois-cuestiona-el-uso-del-var-en-la-fuerte-derrota-ante-el-valencia\/"]}]},{"@type":"BreadcrumbList","@id":"https:\/\/acefootball.com\/es\/noticias-de-futbol\/courtois-cuestiona-el-uso-del-var-en-la-fuerte-derrota-ante-el-valencia\/#breadcrumb","itemListElement":[{"@type":"ListItem","position":1,"name":"Home","item":"https:\/\/acefootball.com\/es\/"},{"@type":"ListItem","position":2,"name":"Courtois cuestiona el uso del VAR en la fuerte derrota ante el Valencia"}]},{"@type":"Person","@id":"","url":"https:\/\/acefootball.com\/es\/noticias-de-futbol\/author\/"}]}},"fimg_url":"https:\/\/acefootball.com\/es\/wp-content\/uploads\/2020\/11\/1284607478.jpg","_links":{"self":[{"href":"https:\/\/acefootball.com\/es\/wp-json\/wp\/v2\/posts\/10747"}],"collection":[{"href":"https:\/\/acefootball.com\/es\/wp-json\/wp\/v2\/posts"}],"about":[{"href":"https:\/\/acefootball.com\/es\/wp-json\/wp\/v2\/types\/post"}],"author":[{"embeddable":true,"href":"https:\/\/acefootball.com\/es\/wp-json\/wp\/v2\/users\/868"}],"replies":[{"embeddable":true,"href":"https:\/\/acefootball.com\/es\/wp-json\/wp\/v2\/comments?post=10747"}],"version-history":[{"count":0,"href":"https:\/\/acefootball.com\/es\/wp-json\/wp\/v2\/posts\/10747\/revisions"}],"wp:featuredmedia":[{"embeddable":true,"href":"https:\/\/acefootball.com\/es\/wp-json\/wp\/v2\/media\/-101101238703"}],"wp:attachment":[{"href":"https:\/\/acefootball.com\/es\/wp-json\/wp\/v2\/media?parent=10747"}],"wp:term":[{"taxonomy":"category","embeddable":true,"href":"https:\/\/acefootball.com\/es\/wp-json\/wp\/v2\/categories?post=10747"},{"taxonomy":"post_tag","embeddable":true,"href":"https:\/\/acefootball.com\/es\/wp-json\/wp\/v2\/tags?post=10747"}],"curies":[{"name":"wp","href":"https:\/\/api.w.org\/{rel}","templated":true}]}}