{"id":10730,"date":"2020-11-09T10:00:10","date_gmt":"2020-11-09T10:00:10","guid":{"rendered":"https:\/\/acefootball.com\/es\/?p=10730"},"modified":"2020-11-09T10:00:11","modified_gmt":"2020-11-09T10:00:11","slug":"no-hay-excusas-zidane-se-responsabiliza-del-desastre-del-valencia","status":"publish","type":"post","link":"https:\/\/acefootball.com\/es\/noticias-de-futbol\/no-hay-excusas-zidane-se-responsabiliza-del-desastre-del-valencia\/","title":{"rendered":"&#8216;No hay excusas&#8217; &#8211; Zidane se responsabiliza del desastre del Valencia"},"content":{"rendered":"\n<h2 id=\"h-el-real-madrid-perdi-su-ltimo-partido-de-liga-por-goleada-y-el-t-cnico-se-queda-sin-palabras-para-explicar-la-actuaci-n-de-su-equipo\">El Real Madrid perdi\u00f3 su \u00faltimo partido de liga por goleada, y el t\u00e9cnico se queda sin palabras para explicar la actuaci\u00f3n de su equipo.<\/h2>\n\n\n\n<p><em><a href=\"https:\/\/acefootball.com\/football-news\/valencia-vs-real-madrid-la-liga-player-ratings\/\">El Real Madrid fue humillado por 4-1 ante el Valencia<\/a><\/em>&nbsp;fuera de casa el domingo en lo que fue un espect\u00e1culo de horror defensivo por parte de los visitantes.<\/p>\n\n\n\n<p>Toda la l\u00ednea de fondo tuvo la culpa, ya que cada gol se produjo como resultado de un error de cada uno de los cuatro defensores.<\/p>\n\n\n\n<p>Lucas V\u00e1squez, Sergio Ramos y Marcelo cedieron penaltis por manejar el bal\u00f3n dentro del \u00e1rea que dio como resultado el hat-trick de Cales Soler mientras que Raphael Varane meti\u00f3 el bal\u00f3n en su propia red.<\/p>\n\n\n\n<figure class=\"wp-block-embed-twitter wp-block-embed is-type-rich is-provider-twitter\"><div class=\"wp-block-embed__wrapper\">\n<blockquote class=\"twitter-tweet\" data-width=\"550\" data-dnt=\"true\"><p lang=\"en\" dir=\"ltr\">3 &#8211; <a href=\"https:\/\/twitter.com\/valenciacf_en?ref_src=twsrc%5Etfw\">@valenciacf_en<\/a>&#39;s Carlos Soler is the first player to score three penalty goals in the same <a href=\"https:\/\/twitter.com\/LaLigaEN?ref_src=twsrc%5Etfw\">@LaLigaEN<\/a> game in the 21st century. Executioner. <a href=\"https:\/\/t.co\/qEgXFxCcpi\">pic.twitter.com\/qEgXFxCcpi<\/a><\/p>&mdash; OptaJose (@OptaJose) <a href=\"https:\/\/twitter.com\/OptaJose\/status\/1325551204450115584?ref_src=twsrc%5Etfw\">November 8, 2020<\/a><\/blockquote><script async src=\"https:\/\/platform.twitter.com\/widgets.js\" charset=\"utf-8\"><\/script>\n<\/div><\/figure>\n\n\n\n<p>Fue la primera vez que Los Blancos encajaron cuatro goles en un partido de la m\u00e1xima categor\u00eda espa\u00f1ola con Zinedine Zidane a la cabeza.<\/p>\n\n\n\n<p>\u00abTres penaltis, un gol en propia puerta, es demasiado,\u00bb dijo Zidane tras el partido, v\u00eda\u00a0<em><a href=\"https:\/\/en.as.com\/en\/2020\/11\/09\/football\/1604881325_581952.html\" target=\"_blank\" rel=\"noreferrer noopener\">AS<\/a><\/em>.<\/p>\n\n\n\n<p>\u00abLa culpa es m\u00eda porque soy el entrenador y tengo que encontrar la soluci\u00f3n.\u00a0No puedo justificar lo que pas\u00f3.\u00a0Es un mal d\u00eda, no hay excusas.\u00a0Debemos mejorar a la defensiva.\u00bb<\/p>\n\n\n\n<p>\u00abNo creo que el Valencia haya sido t\u00e1cticamente mejor que nosotros.\u00a0Lo \u00fanico es que empezamos bien y todo cambi\u00f3 tras el gol.\u00a0Es dif\u00edcil entender lo que pas\u00f3 en este partido.\u00bb<\/p>\n\n\n\n<p>El Real Madrid ocupa actualmente el cuarto lugar en la clasificaci\u00f3n de La Liga con 16 puntos en ocho partidos, a cuatro puntos del l\u00edder, la Real Sociedad, con un partido menos.<\/p>\n","protected":false},"excerpt":{"rendered":"<p>El Real Madrid perdi\u00f3 su \u00faltimo partido de liga por goleada, y el t\u00e9cnico se queda sin palabras para explicar la actuaci\u00f3n de su equipo.<\/p>\n","protected":false},"author":868,"featured_media":-101101238660,"comment_status":"closed","ping_status":"closed","sticky":false,"template":"","format":"standard","meta":{"om_disable_all_campaigns":false,"push_articles_ronaldo":{"active":false,"canonical":0,"publish":false},"force_updates":null},"categories":[70],"tags":[78,211,1667,1178],"enet_tags":{"league":["87"],"team":["8633","10267"],"player":["715485"],"sport_events":[]},"yoast_head":"<!-- This site is optimized with the Yoast SEO plugin v18.3 - https:\/\/yoast.com\/wordpress\/plugins\/seo\/ -->\n<title>&#039;No hay excusas&#039; - Zidane se responsabiliza del desastre del Valencia<\/title>\n<meta name=\"description\" content=\"El Real Madrid perdi\u00f3 su \u00faltimo partido de liga por goleada, y el t\u00e9cnico se queda sin palabras para explicar la actuaci\u00f3n de su equipo.\" \/>\n<meta name=\"robots\" content=\"index, follow, max-snippet:-1, max-image-preview:large, max-video-preview:-1\" \/>\n<link rel=\"canonical\" href=\"https:\/\/acefootball.com\/es\/noticias-de-futbol\/no-hay-excusas-zidane-se-responsabiliza-del-desastre-del-valencia\/\" \/>\n<meta property=\"og:locale\" content=\"es_ES\" \/>\n<meta property=\"og:type\" content=\"article\" \/>\n<meta property=\"og:title\" content=\"&#039;No hay excusas&#039; - Zidane se responsabiliza del desastre del Valencia\" \/>\n<meta property=\"og:description\" content=\"El Real Madrid perdi\u00f3 su \u00faltimo partido de liga por goleada, y el t\u00e9cnico se queda sin palabras para explicar la actuaci\u00f3n de su equipo.\" \/>\n<meta property=\"og:url\" content=\"https:\/\/acefootball.com\/es\/noticias-de-futbol\/no-hay-excusas-zidane-se-responsabiliza-del-desastre-del-valencia\/\" \/>\n<meta property=\"og:site_name\" content=\"Ace Football Espa\u00f1ol\" \/>\n<meta property=\"article:published_time\" content=\"2020-11-09T10:00:10+00:00\" \/>\n<meta property=\"article:modified_time\" content=\"2020-11-09T10:00:11+00:00\" \/>\n<meta property=\"og:image\" content=\"https:\/\/acefootball.com\/es\/wp-content\/uploads\/2020\/11\/1284623025.jpg\" \/>\n\t<meta property=\"og:image:width\" content=\"1920\" \/>\n\t<meta property=\"og:image:height\" content=\"1262\" \/>\n<meta name=\"twitter:card\" content=\"summary_large_image\" \/>\n<meta name=\"twitter:image\" content=\"https:\/\/acefootball.com\/es\/wp-content\/uploads\/2020\/11\/1284623025.jpg\" \/>\n<meta name=\"twitter:label1\" content=\"Escrito por\" \/>\n\t<meta name=\"twitter:data1\" content=\"\" \/>\n\t<meta name=\"twitter:label2\" content=\"Tiempo de lectura\" \/>\n\t<meta name=\"twitter:data2\" content=\"1 minuto\" \/>\n<script type=\"application\/ld+json\" class=\"yoast-schema-graph\">{\"@context\":\"https:\/\/schema.org\",\"@graph\":[{\"@type\":\"WebSite\",\"@id\":\"https:\/\/acefootball.com\/es\/#website\",\"url\":\"https:\/\/acefootball.com\/es\/\",\"name\":\"Ace Football Espa\u00f1ol\",\"description\":\"News, Betting and Livescore\",\"potentialAction\":[{\"@type\":\"SearchAction\",\"target\":{\"@type\":\"EntryPoint\",\"urlTemplate\":\"https:\/\/acefootball.com\/es\/?s={search_term_string}\"},\"query-input\":\"required name=search_term_string\"}],\"inLanguage\":\"es\"},{\"@type\":\"ImageObject\",\"@id\":\"https:\/\/acefootball.com\/es\/noticias-de-futbol\/no-hay-excusas-zidane-se-responsabiliza-del-desastre-del-valencia\/#primaryimage\",\"inLanguage\":\"es\",\"url\":\"https:\/\/acefootball.com\/es\/wp-content\/uploads\/2020\/11\/1284623025.jpg\",\"contentUrl\":\"https:\/\/acefootball.com\/es\/wp-content\/uploads\/2020\/11\/1284623025.jpg\"},{\"@type\":\"WebPage\",\"@id\":\"https:\/\/acefootball.com\/es\/noticias-de-futbol\/no-hay-excusas-zidane-se-responsabiliza-del-desastre-del-valencia\/#webpage\",\"url\":\"https:\/\/acefootball.com\/es\/noticias-de-futbol\/no-hay-excusas-zidane-se-responsabiliza-del-desastre-del-valencia\/\",\"name\":\"'No hay excusas' - Zidane se responsabiliza del desastre del Valencia\",\"isPartOf\":{\"@id\":\"https:\/\/acefootball.com\/es\/#website\"},\"primaryImageOfPage\":{\"@id\":\"https:\/\/acefootball.com\/es\/noticias-de-futbol\/no-hay-excusas-zidane-se-responsabiliza-del-desastre-del-valencia\/#primaryimage\"},\"datePublished\":\"2020-11-09T10:00:10+00:00\",\"dateModified\":\"2020-11-09T10:00:11+00:00\",\"author\":{\"@id\":\"\"},\"description\":\"El Real Madrid perdi\u00f3 su \u00faltimo partido de liga por goleada, y el t\u00e9cnico se queda sin palabras para explicar la actuaci\u00f3n de su equipo.\",\"breadcrumb\":{\"@id\":\"https:\/\/acefootball.com\/es\/noticias-de-futbol\/no-hay-excusas-zidane-se-responsabiliza-del-desastre-del-valencia\/#breadcrumb\"},\"inLanguage\":\"es\",\"potentialAction\":[{\"@type\":\"ReadAction\",\"target\":[\"https:\/\/acefootball.com\/es\/noticias-de-futbol\/no-hay-excusas-zidane-se-responsabiliza-del-desastre-del-valencia\/\"]}]},{\"@type\":\"BreadcrumbList\",\"@id\":\"https:\/\/acefootball.com\/es\/noticias-de-futbol\/no-hay-excusas-zidane-se-responsabiliza-del-desastre-del-valencia\/#breadcrumb\",\"itemListElement\":[{\"@type\":\"ListItem\",\"position\":1,\"name\":\"Home\",\"item\":\"https:\/\/acefootball.com\/es\/\"},{\"@type\":\"ListItem\",\"position\":2,\"name\":\"&#8216;No hay excusas&#8217; &#8211; Zidane se responsabiliza del desastre del Valencia\"}]},{\"@type\":\"Person\",\"@id\":\"\",\"url\":\"https:\/\/acefootball.com\/es\/noticias-de-futbol\/author\/\"}]}<\/script>\n<!-- \/ Yoast SEO plugin. -->","yoast_head_json":{"title":"'No hay excusas' - Zidane se responsabiliza del desastre del Valencia","description":"El Real Madrid perdi\u00f3 su \u00faltimo partido de liga por goleada, y el t\u00e9cnico se queda sin palabras para explicar la actuaci\u00f3n de su equipo.","robots":{"index":"index","follow":"follow","max-snippet":"max-snippet:-1","max-image-preview":"max-image-preview:large","max-video-preview":"max-video-preview:-1"},"canonical":"https:\/\/acefootball.com\/es\/noticias-de-futbol\/no-hay-excusas-zidane-se-responsabiliza-del-desastre-del-valencia\/","og_locale":"es_ES","og_type":"article","og_title":"'No hay excusas' - Zidane se responsabiliza del desastre del Valencia","og_description":"El Real Madrid perdi\u00f3 su \u00faltimo partido de liga por goleada, y el t\u00e9cnico se queda sin palabras para explicar la actuaci\u00f3n de su equipo.","og_url":"https:\/\/acefootball.com\/es\/noticias-de-futbol\/no-hay-excusas-zidane-se-responsabiliza-del-desastre-del-valencia\/","og_site_name":"Ace Football Espa\u00f1ol","article_published_time":"2020-11-09T10:00:10+00:00","article_modified_time":"2020-11-09T10:00:11+00:00","og_image":[{"url":"https:\/\/acefootball.com\/es\/wp-content\/uploads\/2020\/11\/1284623025.jpg","height":1262,"width":1920}],"twitter_card":"summary_large_image","twitter_image":"https:\/\/acefootball.com\/es\/wp-content\/uploads\/2020\/11\/1284623025.jpg","twitter_misc":{"Escrito por":"","Tiempo de lectura":"1 minuto"},"schema":{"@context":"https:\/\/schema.org","@graph":[{"@type":"WebSite","@id":"https:\/\/acefootball.com\/es\/#website","url":"https:\/\/acefootball.com\/es\/","name":"Ace Football Espa\u00f1ol","description":"News, Betting and Livescore","potentialAction":[{"@type":"SearchAction","target":{"@type":"EntryPoint","urlTemplate":"https:\/\/acefootball.com\/es\/?s={search_term_string}"},"query-input":"required name=search_term_string"}],"inLanguage":"es"},{"@type":"ImageObject","@id":"https:\/\/acefootball.com\/es\/noticias-de-futbol\/no-hay-excusas-zidane-se-responsabiliza-del-desastre-del-valencia\/#primaryimage","inLanguage":"es","url":"https:\/\/acefootball.com\/es\/wp-content\/uploads\/2020\/11\/1284623025.jpg","contentUrl":"https:\/\/acefootball.com\/es\/wp-content\/uploads\/2020\/11\/1284623025.jpg"},{"@type":"WebPage","@id":"https:\/\/acefootball.com\/es\/noticias-de-futbol\/no-hay-excusas-zidane-se-responsabiliza-del-desastre-del-valencia\/#webpage","url":"https:\/\/acefootball.com\/es\/noticias-de-futbol\/no-hay-excusas-zidane-se-responsabiliza-del-desastre-del-valencia\/","name":"'No hay excusas' - Zidane se responsabiliza del desastre del Valencia","isPartOf":{"@id":"https:\/\/acefootball.com\/es\/#website"},"primaryImageOfPage":{"@id":"https:\/\/acefootball.com\/es\/noticias-de-futbol\/no-hay-excusas-zidane-se-responsabiliza-del-desastre-del-valencia\/#primaryimage"},"datePublished":"2020-11-09T10:00:10+00:00","dateModified":"2020-11-09T10:00:11+00:00","author":{"@id":""},"description":"El Real Madrid perdi\u00f3 su \u00faltimo partido de liga por goleada, y el t\u00e9cnico se queda sin palabras para explicar la actuaci\u00f3n de su equipo.","breadcrumb":{"@id":"https:\/\/acefootball.com\/es\/noticias-de-futbol\/no-hay-excusas-zidane-se-responsabiliza-del-desastre-del-valencia\/#breadcrumb"},"inLanguage":"es","potentialAction":[{"@type":"ReadAction","target":["https:\/\/acefootball.com\/es\/noticias-de-futbol\/no-hay-excusas-zidane-se-responsabiliza-del-desastre-del-valencia\/"]}]},{"@type":"BreadcrumbList","@id":"https:\/\/acefootball.com\/es\/noticias-de-futbol\/no-hay-excusas-zidane-se-responsabiliza-del-desastre-del-valencia\/#breadcrumb","itemListElement":[{"@type":"ListItem","position":1,"name":"Home","item":"https:\/\/acefootball.com\/es\/"},{"@type":"ListItem","position":2,"name":"&#8216;No hay excusas&#8217; &#8211; Zidane se responsabiliza del desastre del Valencia"}]},{"@type":"Person","@id":"","url":"https:\/\/acefootball.com\/es\/noticias-de-futbol\/author\/"}]}},"fimg_url":"https:\/\/acefootball.com\/es\/wp-content\/uploads\/2020\/11\/1284623025.jpg","_links":{"self":[{"href":"https:\/\/acefootball.com\/es\/wp-json\/wp\/v2\/posts\/10730"}],"collection":[{"href":"https:\/\/acefootball.com\/es\/wp-json\/wp\/v2\/posts"}],"about":[{"href":"https:\/\/acefootball.com\/es\/wp-json\/wp\/v2\/types\/post"}],"author":[{"embeddable":true,"href":"https:\/\/acefootball.com\/es\/wp-json\/wp\/v2\/users\/868"}],"replies":[{"embeddable":true,"href":"https:\/\/acefootball.com\/es\/wp-json\/wp\/v2\/comments?post=10730"}],"version-history":[{"count":0,"href":"https:\/\/acefootball.com\/es\/wp-json\/wp\/v2\/posts\/10730\/revisions"}],"wp:featuredmedia":[{"embeddable":true,"href":"https:\/\/acefootball.com\/es\/wp-json\/wp\/v2\/media\/-101101238660"}],"wp:attachment":[{"href":"https:\/\/acefootball.com\/es\/wp-json\/wp\/v2\/media?parent=10730"}],"wp:term":[{"taxonomy":"category","embeddable":true,"href":"https:\/\/acefootball.com\/es\/wp-json\/wp\/v2\/categories?post=10730"},{"taxonomy":"post_tag","embeddable":true,"href":"https:\/\/acefootball.com\/es\/wp-json\/wp\/v2\/tags?post=10730"}],"curies":[{"name":"wp","href":"https:\/\/api.w.org\/{rel}","templated":true}]}}