{"id":10451,"date":"2020-10-28T08:33:41","date_gmt":"2020-10-28T08:33:41","guid":{"rendered":"https:\/\/acefootball.com\/es\/?p=10451"},"modified":"2020-10-28T08:33:42","modified_gmt":"2020-10-28T08:33:42","slug":"zidane-habla-sobre-el-regreso-de-hazard-tras-su-lesion","status":"publish","type":"post","link":"https:\/\/acefootball.com\/es\/noticias-de-futbol\/zidane-habla-sobre-el-regreso-de-hazard-tras-su-lesion\/","title":{"rendered":"Zidane habla sobre el regreso de Hazard tras su lesi\u00f3n"},"content":{"rendered":"\n<h2 id=\"h-el-t-cnico-del-real-madrid-zinedine-zidane-dice-que-estaba-contento-de-ver-a-eden-hazard-hacer-su-tan-esperado-regreso-de-la-lesi-n\">El t\u00e9cnico del Real Madrid, Zinedine Zidane, dice que estaba contento de ver a Eden Hazard hacer su tan esperado regreso de la lesi\u00f3n.<\/h2>\n\n\n\n<p>El Real Madrid tendr\u00e1 que tomar precauciones con Eden Hazard despu\u00e9s de que el jugador regresara al terreno de juego la noche del martes.<\/p>\n\n\n\n<p>El belga entr\u00f3 en los \u00faltimos 20 minutos del partido cuando el Real Madrid remont\u00f3 dos goles para reclamar un\u00a0<em><a href=\"https:\/\/acefootball.com\/football-news\/borussia-monchengladbach-2-2-real-madrid-ucl-player-ratings\/\">punto ante el Borussia Monchengladbach<\/a><\/em>.<\/p>\n\n\n\n<div class=\"wp-block-si-widget wp-block-si-widget--center\"><si-lb-widget widget-id=\"MatchInfoWithOdds\" data-nopadding=\"true\" data-card=\"true\" width=\"440\" data-event-id=\"3461652\"><\/si-lb-widget><\/div>\n\n\n\n<p>Era la primera vez que Hazard se presentaba para Los Blancos esta temporada habiendo perdido otros juegos debido a una lesi\u00f3n tambi\u00e9n.<\/p>\n\n\n\n<figure class=\"wp-block-embed-twitter wp-block-embed is-type-rich is-provider-twitter\"><div class=\"wp-block-embed__wrapper\">\n<blockquote class=\"twitter-tweet\" data-width=\"550\" data-dnt=\"true\"><p lang=\"en\" dir=\"ltr\">Eden Hazard  vs monchengladbach <a href=\"https:\/\/t.co\/46CQwioJiX\">pic.twitter.com\/46CQwioJiX<\/a><\/p>&mdash; Bru\u2020al (@Brutalcfc) <a href=\"https:\/\/twitter.com\/Brutalcfc\/status\/1321225725861613569?ref_src=twsrc%5Etfw\">October 27, 2020<\/a><\/blockquote><script async src=\"https:\/\/platform.twitter.com\/widgets.js\" charset=\"utf-8\"><\/script>\n<\/div><\/figure>\n\n\n\n<p>En lugar de apresurarlo al centro de la acci\u00f3n, Zidane dice que intentar\u00e1 integrar al jugador estrella de nuevo en el equipo gradualmente.<\/p>\n\n\n\n<p>\u00abFue su primer partido despu\u00e9s de mucho tiempo,\u00bb dijo el t\u00e9cnico del Real Madrid citado por\u00a0<em><a href=\"https:\/\/www.goal.com\/en\/news\/hazards-return-to-real-madrid-will-be-gradual-says-zidane\/11br8kb29pfzy14ahquims0pgj\" target=\"_blank\" rel=\"noreferrer noopener\">Goal<\/a><\/em>.<\/p>\n\n\n\n<p>\u00abEse era el plan para intentar que \u00e9l jugara gradualmente y eso es lo que tenemos que hacer con Eden.\u00bb<\/p>\n\n\n\n<p>\u00abNecesita involucrarse gradualmente y eso es todo.\u00a0C\u00f3mo lo haremos depender\u00e1 de los partidos.\u00bb<\/p>\n\n\n\n<p>\u00abDado que jugamos cada tres d\u00edas, tendremos que ver c\u00f3mo lo vamos a hacer.\u00bb<\/p>\n\n\n\n<p>El regreso de Hazard fue un poco de brillo en una noche en la que el Real Madrid estuvo a cent\u00edmetros de su segunda derrota consecutiva en la Liga de Campeones.<\/p>\n\n\n\n<p>Zidane insiste en que su equipo nunca entr\u00f3 en p\u00e1nico, incluso despu\u00e9s de dos goles en contra.<\/p>\n\n\n\n<p>\u00abEs un resultado merecido, pero podr\u00edamos haberlo ganado porque hacemos todo lo que podemos para ganar partidos, pero hab\u00eda un equipo en el otro extremo que nos lo puso dif\u00edcil.\u00bb<\/p>\n\n\n\n<p>\u00abNo nos entr\u00f3 el p\u00e1nico, seguimos abriendo el campo y mostramos un car\u00e1cter real para volver.\u00a0Eso es lo que me quitar\u00e9 de esto porque estar 2-0 abajo en la Champions League y sumar un punto es un gran resultado.\u00bb<\/p>\n\n\n\n<p>\u00abSi seguimos jugando como lo hicimos esta noche, lograremos grandes cosas y ganaremos partidos.\u00bb<\/p>\n\n\n\n<p>Lo pr\u00f3ximo para el Real Madrid es un partido en casa contra el Huesca el s\u00e1bado.\u00a0Eden Hazard sin duda ser\u00e1 un buen grito para comenzar esa.<\/p>\n\n\n\n<div class=\"wp-block-si-widget wp-block-si-widget--center\"><si-lb-widget widget-id=\"MatchInfo\" width=\"440\" data-nopadding=\"true\" data-card=\"true\" data-event-id=\"3424115\"><\/si-lb-widget><\/div>\n","protected":false},"excerpt":{"rendered":"<p>El t\u00e9cnico del Real Madrid, Zinedine Zidane, dice que estaba contento de ver a Eden Hazard hacer su tan esperado regreso de la lesi\u00f3n.<\/p>\n","protected":false},"author":868,"featured_media":-101101236685,"comment_status":"closed","ping_status":"closed","sticky":false,"template":"","format":"standard","meta":{"om_disable_all_campaigns":false,"push_articles_ronaldo":{"active":false,"canonical":0,"publish":false},"force_updates":null},"categories":[8362],"tags":[82,1529,211,1178],"enet_tags":{"league":["42"],"player":["107417","715485"],"team":["8633"],"sport_events":[3461652,3424115]},"yoast_head":"<!-- This site is optimized with the Yoast SEO plugin v18.3 - https:\/\/yoast.com\/wordpress\/plugins\/seo\/ -->\n<title>Zidane habla sobre el regreso de Hazard tras su lesi\u00f3n<\/title>\n<meta name=\"description\" content=\"El t\u00e9cnico del Real Madrid, Zinedine Zidane, dice que estaba contento de ver a Eden Hazard hacer su tan esperado regreso de la lesi\u00f3n.\" \/>\n<meta name=\"robots\" content=\"index, follow, max-snippet:-1, max-image-preview:large, max-video-preview:-1\" \/>\n<link rel=\"canonical\" href=\"https:\/\/acefootball.com\/es\/noticias-de-futbol\/zidane-habla-sobre-el-regreso-de-hazard-tras-su-lesion\/\" \/>\n<meta property=\"og:locale\" content=\"es_ES\" \/>\n<meta property=\"og:type\" content=\"article\" \/>\n<meta property=\"og:title\" content=\"Zidane habla sobre el regreso de Hazard tras su lesi\u00f3n\" \/>\n<meta property=\"og:description\" content=\"El t\u00e9cnico del Real Madrid, Zinedine Zidane, dice que estaba contento de ver a Eden Hazard hacer su tan esperado regreso de la lesi\u00f3n.\" \/>\n<meta property=\"og:url\" content=\"https:\/\/acefootball.com\/es\/noticias-de-futbol\/zidane-habla-sobre-el-regreso-de-hazard-tras-su-lesion\/\" \/>\n<meta property=\"og:site_name\" content=\"Ace Football Espa\u00f1ol\" \/>\n<meta property=\"article:published_time\" content=\"2020-10-28T08:33:41+00:00\" \/>\n<meta property=\"article:modified_time\" content=\"2020-10-28T08:33:42+00:00\" \/>\n<meta property=\"og:image\" content=\"https:\/\/acefootball.com\/es\/wp-content\/uploads\/2020\/10\/GettyImages-1264552975-1.jpg\" \/>\n\t<meta property=\"og:image:width\" content=\"1024\" \/>\n\t<meta property=\"og:image:height\" content=\"683\" \/>\n<meta name=\"twitter:card\" content=\"summary_large_image\" \/>\n<meta name=\"twitter:image\" content=\"https:\/\/acefootball.com\/es\/wp-content\/uploads\/2020\/10\/GettyImages-1264552975-1.jpg\" \/>\n<meta name=\"twitter:label1\" content=\"Escrito por\" \/>\n\t<meta name=\"twitter:data1\" content=\"\" \/>\n\t<meta name=\"twitter:label2\" content=\"Tiempo de lectura\" \/>\n\t<meta name=\"twitter:data2\" content=\"2 minutos\" \/>\n<script type=\"application\/ld+json\" class=\"yoast-schema-graph\">{\"@context\":\"https:\/\/schema.org\",\"@graph\":[{\"@type\":\"WebSite\",\"@id\":\"https:\/\/acefootball.com\/es\/#website\",\"url\":\"https:\/\/acefootball.com\/es\/\",\"name\":\"Ace Football Espa\u00f1ol\",\"description\":\"News, Betting and Livescore\",\"potentialAction\":[{\"@type\":\"SearchAction\",\"target\":{\"@type\":\"EntryPoint\",\"urlTemplate\":\"https:\/\/acefootball.com\/es\/?s={search_term_string}\"},\"query-input\":\"required name=search_term_string\"}],\"inLanguage\":\"es\"},{\"@type\":\"ImageObject\",\"@id\":\"https:\/\/acefootball.com\/es\/noticias-de-futbol\/zidane-habla-sobre-el-regreso-de-hazard-tras-su-lesion\/#primaryimage\",\"inLanguage\":\"es\",\"url\":\"https:\/\/acefootball.com\/es\/wp-content\/uploads\/2020\/10\/GettyImages-1264552975-1.jpg\",\"contentUrl\":\"https:\/\/acefootball.com\/es\/wp-content\/uploads\/2020\/10\/GettyImages-1264552975-1.jpg\"},{\"@type\":\"WebPage\",\"@id\":\"https:\/\/acefootball.com\/es\/noticias-de-futbol\/zidane-habla-sobre-el-regreso-de-hazard-tras-su-lesion\/#webpage\",\"url\":\"https:\/\/acefootball.com\/es\/noticias-de-futbol\/zidane-habla-sobre-el-regreso-de-hazard-tras-su-lesion\/\",\"name\":\"Zidane habla sobre el regreso de Hazard tras su lesi\u00f3n\",\"isPartOf\":{\"@id\":\"https:\/\/acefootball.com\/es\/#website\"},\"primaryImageOfPage\":{\"@id\":\"https:\/\/acefootball.com\/es\/noticias-de-futbol\/zidane-habla-sobre-el-regreso-de-hazard-tras-su-lesion\/#primaryimage\"},\"datePublished\":\"2020-10-28T08:33:41+00:00\",\"dateModified\":\"2020-10-28T08:33:42+00:00\",\"author\":{\"@id\":\"\"},\"description\":\"El t\u00e9cnico del Real Madrid, Zinedine Zidane, dice que estaba contento de ver a Eden Hazard hacer su tan esperado regreso de la lesi\u00f3n.\",\"breadcrumb\":{\"@id\":\"https:\/\/acefootball.com\/es\/noticias-de-futbol\/zidane-habla-sobre-el-regreso-de-hazard-tras-su-lesion\/#breadcrumb\"},\"inLanguage\":\"es\",\"potentialAction\":[{\"@type\":\"ReadAction\",\"target\":[\"https:\/\/acefootball.com\/es\/noticias-de-futbol\/zidane-habla-sobre-el-regreso-de-hazard-tras-su-lesion\/\"]}]},{\"@type\":\"BreadcrumbList\",\"@id\":\"https:\/\/acefootball.com\/es\/noticias-de-futbol\/zidane-habla-sobre-el-regreso-de-hazard-tras-su-lesion\/#breadcrumb\",\"itemListElement\":[{\"@type\":\"ListItem\",\"position\":1,\"name\":\"Home\",\"item\":\"https:\/\/acefootball.com\/es\/\"},{\"@type\":\"ListItem\",\"position\":2,\"name\":\"Zidane habla sobre el regreso de Hazard tras su lesi\u00f3n\"}]},{\"@type\":\"Person\",\"@id\":\"\",\"url\":\"https:\/\/acefootball.com\/es\/noticias-de-futbol\/author\/\"}]}<\/script>\n<!-- \/ Yoast SEO plugin. -->","yoast_head_json":{"title":"Zidane habla sobre el regreso de Hazard tras su lesi\u00f3n","description":"El t\u00e9cnico del Real Madrid, Zinedine Zidane, dice que estaba contento de ver a Eden Hazard hacer su tan esperado regreso de la lesi\u00f3n.","robots":{"index":"index","follow":"follow","max-snippet":"max-snippet:-1","max-image-preview":"max-image-preview:large","max-video-preview":"max-video-preview:-1"},"canonical":"https:\/\/acefootball.com\/es\/noticias-de-futbol\/zidane-habla-sobre-el-regreso-de-hazard-tras-su-lesion\/","og_locale":"es_ES","og_type":"article","og_title":"Zidane habla sobre el regreso de Hazard tras su lesi\u00f3n","og_description":"El t\u00e9cnico del Real Madrid, Zinedine Zidane, dice que estaba contento de ver a Eden Hazard hacer su tan esperado regreso de la lesi\u00f3n.","og_url":"https:\/\/acefootball.com\/es\/noticias-de-futbol\/zidane-habla-sobre-el-regreso-de-hazard-tras-su-lesion\/","og_site_name":"Ace Football Espa\u00f1ol","article_published_time":"2020-10-28T08:33:41+00:00","article_modified_time":"2020-10-28T08:33:42+00:00","og_image":[{"url":"https:\/\/acefootball.com\/es\/wp-content\/uploads\/2020\/10\/GettyImages-1264552975-1.jpg","height":683,"width":1024}],"twitter_card":"summary_large_image","twitter_image":"https:\/\/acefootball.com\/es\/wp-content\/uploads\/2020\/10\/GettyImages-1264552975-1.jpg","twitter_misc":{"Escrito por":"","Tiempo de lectura":"2 minutos"},"schema":{"@context":"https:\/\/schema.org","@graph":[{"@type":"WebSite","@id":"https:\/\/acefootball.com\/es\/#website","url":"https:\/\/acefootball.com\/es\/","name":"Ace Football Espa\u00f1ol","description":"News, Betting and Livescore","potentialAction":[{"@type":"SearchAction","target":{"@type":"EntryPoint","urlTemplate":"https:\/\/acefootball.com\/es\/?s={search_term_string}"},"query-input":"required name=search_term_string"}],"inLanguage":"es"},{"@type":"ImageObject","@id":"https:\/\/acefootball.com\/es\/noticias-de-futbol\/zidane-habla-sobre-el-regreso-de-hazard-tras-su-lesion\/#primaryimage","inLanguage":"es","url":"https:\/\/acefootball.com\/es\/wp-content\/uploads\/2020\/10\/GettyImages-1264552975-1.jpg","contentUrl":"https:\/\/acefootball.com\/es\/wp-content\/uploads\/2020\/10\/GettyImages-1264552975-1.jpg"},{"@type":"WebPage","@id":"https:\/\/acefootball.com\/es\/noticias-de-futbol\/zidane-habla-sobre-el-regreso-de-hazard-tras-su-lesion\/#webpage","url":"https:\/\/acefootball.com\/es\/noticias-de-futbol\/zidane-habla-sobre-el-regreso-de-hazard-tras-su-lesion\/","name":"Zidane habla sobre el regreso de Hazard tras su lesi\u00f3n","isPartOf":{"@id":"https:\/\/acefootball.com\/es\/#website"},"primaryImageOfPage":{"@id":"https:\/\/acefootball.com\/es\/noticias-de-futbol\/zidane-habla-sobre-el-regreso-de-hazard-tras-su-lesion\/#primaryimage"},"datePublished":"2020-10-28T08:33:41+00:00","dateModified":"2020-10-28T08:33:42+00:00","author":{"@id":""},"description":"El t\u00e9cnico del Real Madrid, Zinedine Zidane, dice que estaba contento de ver a Eden Hazard hacer su tan esperado regreso de la lesi\u00f3n.","breadcrumb":{"@id":"https:\/\/acefootball.com\/es\/noticias-de-futbol\/zidane-habla-sobre-el-regreso-de-hazard-tras-su-lesion\/#breadcrumb"},"inLanguage":"es","potentialAction":[{"@type":"ReadAction","target":["https:\/\/acefootball.com\/es\/noticias-de-futbol\/zidane-habla-sobre-el-regreso-de-hazard-tras-su-lesion\/"]}]},{"@type":"BreadcrumbList","@id":"https:\/\/acefootball.com\/es\/noticias-de-futbol\/zidane-habla-sobre-el-regreso-de-hazard-tras-su-lesion\/#breadcrumb","itemListElement":[{"@type":"ListItem","position":1,"name":"Home","item":"https:\/\/acefootball.com\/es\/"},{"@type":"ListItem","position":2,"name":"Zidane habla sobre el regreso de Hazard tras su lesi\u00f3n"}]},{"@type":"Person","@id":"","url":"https:\/\/acefootball.com\/es\/noticias-de-futbol\/author\/"}]}},"fimg_url":"https:\/\/acefootball.com\/es\/wp-content\/uploads\/2020\/10\/GettyImages-1264552975-1.jpg","_links":{"self":[{"href":"https:\/\/acefootball.com\/es\/wp-json\/wp\/v2\/posts\/10451"}],"collection":[{"href":"https:\/\/acefootball.com\/es\/wp-json\/wp\/v2\/posts"}],"about":[{"href":"https:\/\/acefootball.com\/es\/wp-json\/wp\/v2\/types\/post"}],"author":[{"embeddable":true,"href":"https:\/\/acefootball.com\/es\/wp-json\/wp\/v2\/users\/868"}],"replies":[{"embeddable":true,"href":"https:\/\/acefootball.com\/es\/wp-json\/wp\/v2\/comments?post=10451"}],"version-history":[{"count":0,"href":"https:\/\/acefootball.com\/es\/wp-json\/wp\/v2\/posts\/10451\/revisions"}],"wp:featuredmedia":[{"embeddable":true,"href":"https:\/\/acefootball.com\/es\/wp-json\/wp\/v2\/media\/-101101236685"}],"wp:attachment":[{"href":"https:\/\/acefootball.com\/es\/wp-json\/wp\/v2\/media?parent=10451"}],"wp:term":[{"taxonomy":"category","embeddable":true,"href":"https:\/\/acefootball.com\/es\/wp-json\/wp\/v2\/categories?post=10451"},{"taxonomy":"post_tag","embeddable":true,"href":"https:\/\/acefootball.com\/es\/wp-json\/wp\/v2\/tags?post=10451"}],"curies":[{"name":"wp","href":"https:\/\/api.w.org\/{rel}","templated":true}]}}