{"id":10408,"date":"2020-10-26T15:10:53","date_gmt":"2020-10-26T15:10:53","guid":{"rendered":"https:\/\/acefootball.com\/es\/?p=10408"},"modified":"2020-10-26T15:10:53","modified_gmt":"2020-10-26T15:10:53","slug":"pogba-niega-haber-renunciado-a-la-seleccion-francesa","status":"publish","type":"post","link":"https:\/\/acefootball.com\/es\/noticias-de-futbol\/pogba-niega-haber-renunciado-a-la-seleccion-francesa\/","title":{"rendered":"Pogba niega haber renunciado a la selecci\u00f3n francesa"},"content":{"rendered":"\n<h2 id=\"h-paul-pogba-descart-las-afirmaciones-de-que-dej-a-la-selecci-n-francesa-y-las-describi-como-noticias-falsas-inaceptables\">Paul Pogba descart\u00f3 las afirmaciones de que dej\u00f3 a la selecci\u00f3n francesa y las describi\u00f3 como \u00abnoticias falsas inaceptables\u00bb.<\/h2>\n\n\n\n<p>Los informes en el Medio Oriente afirmaron que Pogba se hab\u00eda retirado del f\u00fatbol internacional en respuesta a Emmanuel Macron sobre el Islam y el terrorismo.<\/p>\n\n\n\n<p>El presidente franc\u00e9s conden\u00f3 un ataque contra Samuel Paty, de 47 a\u00f1os, en el noroeste de Par\u00eds, donde el maestro fue apu\u00f1alado y decapitado cuando regresaba a casa desde una escuela secundaria, y lo describi\u00f3 como un &#8216;ataque terrorista isl\u00e1mico&#8217;.<\/p>\n\n\n\n<figure class=\"wp-block-embed-twitter wp-block-embed is-type-rich is-provider-twitter\"><div class=\"wp-block-embed__wrapper\">\n<blockquote class=\"twitter-tweet\" data-width=\"550\" data-dnt=\"true\"><p lang=\"en\" dir=\"ltr\">HORROR in <a href=\"https:\/\/twitter.com\/hashtag\/Paris?src=hash&amp;ref_src=twsrc%5Etfw\">#Paris<\/a>. The teacher, Mr Samuel, didn&#39;t insult the prophet himself, merely showed the cartoons depicting him while he was taking a class on Freedom of Expression.<br><br>An enraged teenager beheaded him. <a href=\"https:\/\/t.co\/jEROdqqUJB\">https:\/\/t.co\/jEROdqqUJB<\/a> <a href=\"https:\/\/t.co\/PhukZkBCGh\">pic.twitter.com\/PhukZkBCGh<\/a><\/p>&mdash; Anand Ranganathan (@ARanganathan72) <a href=\"https:\/\/twitter.com\/ARanganathan72\/status\/1317185656200720384?ref_src=twsrc%5Etfw\">October 16, 2020<\/a><\/blockquote><script async src=\"https:\/\/platform.twitter.com\/widgets.js\" charset=\"utf-8\"><\/script>\n<\/div><\/figure>\n\n\n\n<p>Desde entonces, Paty ha recibido la Legi\u00f3n de Honor, que es el honor m\u00e1s alto de Francia, p\u00f3stumamente por tratar de explicar la importancia de la libertad de expresi\u00f3n.<\/p>\n\n\n\n<p>M\u00e1s tarde surgieron acusaciones que afirmaban que Pogba, un musulm\u00e1n conocido, estaba resentido por el honor del maestro y los comentarios de Macron.<\/p>\n\n\n\n<p>Los informes afirmaron que el&nbsp;mediocampista&nbsp;del&nbsp;<em><a href=\"https:\/\/acefootball.com\/premier-league\/manchester-united\/\">Manchester United<\/a><\/em>&nbsp;consider\u00f3 estos eventos un insulto tanto para \u00e9l como para sus compa\u00f1eros musulmanes franceses.&nbsp;Sin embargo, ahora ha negado esas afirmaciones por completo el lunes.<\/p>\n\n\n\n<p>Pogba public\u00f3 una foto de la historia en\u00a0<em><a href=\"https:\/\/twitter.com\/paulpogba\/status\/1320694251743793152\" target=\"_blank\" rel=\"noreferrer noopener\">Twitter<\/a><\/em>\u00a0y en sus otros canales de redes sociales, con la leyenda: \u00abNoticias falsas inaceptables\u00bb.<\/p>\n\n\n\n<figure class=\"wp-block-embed-twitter wp-block-embed is-type-rich is-provider-twitter\"><div class=\"wp-block-embed__wrapper\">\n<blockquote class=\"twitter-tweet\" data-width=\"550\" data-dnt=\"true\"><p lang=\"und\" dir=\"ltr\"><a href=\"https:\/\/t.co\/k6caKkUzid\">pic.twitter.com\/k6caKkUzid<\/a><\/p>&mdash; Paul Pogba (@paulpogba) <a href=\"https:\/\/twitter.com\/paulpogba\/status\/1320694251743793152?ref_src=twsrc%5Etfw\">October 26, 2020<\/a><\/blockquote><script async src=\"https:\/\/platform.twitter.com\/widgets.js\" charset=\"utf-8\"><\/script>\n<\/div><\/figure>\n\n\n\n<p>El ganador de la Copa del Mundo se convirti\u00f3 al Islam a los 20 a\u00f1os y revel\u00f3 el a\u00f1o pasado que lo hizo para convertirse en una mejor persona en la vida.<\/p>\n\n\n\n<p>Hablando en el nuevo podcast Life Times de The Times, Pogba dijo: \u00abEs todo.\u00a0Eso es lo que me hace agradecido por todo.\u00bb<\/p>\n\n\n\n<p>\u00abMe hizo cambiar, darme cuenta de las cosas de la vida.\u00a0Supongo que, tal vez, me hace sentir m\u00e1s tranquilo por dentro.\u00bb<\/p>\n\n\n\n<p>\u00abFue un buen cambio en mi vida porque no nac\u00ed musulmana, aunque mi madre s\u00ed lo fuera.\u00a0Simplemente crec\u00ed as\u00ed, respeto por todos.\u00bb<\/p>\n\n\n\n<p>\u00abEl Islam no es la imagen que todos ven, el terrorismo\u2026 Lo que escuchamos en los medios de comunicaci\u00f3n es realmente otra cosa, es algo hermoso.\u00bb<\/p>\n\n\n\n<p>\u00abTienes que conocerlo.\u00a0Cualquiera puede ver que se siente conectado con el Islam .\u00bb<\/p>\n","protected":false},"excerpt":{"rendered":"<p>Paul Pogba descart\u00f3 las afirmaciones de que dej\u00f3 a la selecci\u00f3n francesa y las describi\u00f3 como \u00abnoticias falsas inaceptables\u00bb.<\/p>\n","protected":false},"author":868,"featured_media":-101101236394,"comment_status":"closed","ping_status":"closed","sticky":false,"template":"","format":"standard","meta":{"om_disable_all_campaigns":false,"push_articles_ronaldo":{"active":false,"canonical":0,"publish":false},"force_updates":null},"categories":[8346],"tags":[796,206,326,77],"enet_tags":{"team":["6723","10260"],"player":["248453"],"league":["47"],"sport_events":[]},"yoast_head":"<!-- This site is optimized with the Yoast SEO plugin v18.3 - https:\/\/yoast.com\/wordpress\/plugins\/seo\/ -->\n<title>Pogba niega haber renunciado a la selecci\u00f3n francesa<\/title>\n<meta name=\"description\" content=\"Paul Pogba descart\u00f3 las afirmaciones de que dej\u00f3 a la selecci\u00f3n francesa y las describi\u00f3 como &quot;noticias falsas inaceptables&quot;.\" \/>\n<meta name=\"robots\" content=\"index, follow, max-snippet:-1, max-image-preview:large, max-video-preview:-1\" \/>\n<link rel=\"canonical\" href=\"https:\/\/acefootball.com\/es\/noticias-de-futbol\/pogba-niega-haber-renunciado-a-la-seleccion-francesa\/\" \/>\n<meta property=\"og:locale\" content=\"es_ES\" \/>\n<meta property=\"og:type\" content=\"article\" \/>\n<meta property=\"og:title\" content=\"Pogba niega haber renunciado a la selecci\u00f3n francesa\" \/>\n<meta property=\"og:description\" content=\"Paul Pogba descart\u00f3 las afirmaciones de que dej\u00f3 a la selecci\u00f3n francesa y las describi\u00f3 como &quot;noticias falsas inaceptables&quot;.\" \/>\n<meta property=\"og:url\" content=\"https:\/\/acefootball.com\/es\/noticias-de-futbol\/pogba-niega-haber-renunciado-a-la-seleccion-francesa\/\" \/>\n<meta property=\"og:site_name\" content=\"Ace Football Espa\u00f1ol\" \/>\n<meta property=\"article:published_time\" content=\"2020-10-26T15:10:53+00:00\" \/>\n<meta property=\"og:image\" content=\"https:\/\/acefootball.com\/es\/wp-content\/uploads\/2020\/10\/Pogba-GettyImages-1195419412.jpg\" \/>\n\t<meta property=\"og:image:width\" content=\"1024\" \/>\n\t<meta property=\"og:image:height\" content=\"673\" \/>\n<meta name=\"twitter:card\" content=\"summary_large_image\" \/>\n<meta name=\"twitter:image\" content=\"https:\/\/acefootball.com\/es\/wp-content\/uploads\/2020\/10\/Pogba-GettyImages-1195419412.jpg\" \/>\n<meta name=\"twitter:label1\" content=\"Escrito por\" \/>\n\t<meta name=\"twitter:data1\" content=\"\" \/>\n\t<meta name=\"twitter:label2\" content=\"Tiempo de lectura\" \/>\n\t<meta name=\"twitter:data2\" content=\"2 minutos\" \/>\n<script type=\"application\/ld+json\" class=\"yoast-schema-graph\">{\"@context\":\"https:\/\/schema.org\",\"@graph\":[{\"@type\":\"WebSite\",\"@id\":\"https:\/\/acefootball.com\/es\/#website\",\"url\":\"https:\/\/acefootball.com\/es\/\",\"name\":\"Ace Football Espa\u00f1ol\",\"description\":\"News, Betting and Livescore\",\"potentialAction\":[{\"@type\":\"SearchAction\",\"target\":{\"@type\":\"EntryPoint\",\"urlTemplate\":\"https:\/\/acefootball.com\/es\/?s={search_term_string}\"},\"query-input\":\"required name=search_term_string\"}],\"inLanguage\":\"es\"},{\"@type\":\"ImageObject\",\"@id\":\"https:\/\/acefootball.com\/es\/noticias-de-futbol\/pogba-niega-haber-renunciado-a-la-seleccion-francesa\/#primaryimage\",\"inLanguage\":\"es\",\"url\":\"https:\/\/acefootball.com\/es\/wp-content\/uploads\/2020\/10\/Pogba-GettyImages-1195419412.jpg\",\"contentUrl\":\"https:\/\/acefootball.com\/es\/wp-content\/uploads\/2020\/10\/Pogba-GettyImages-1195419412.jpg\"},{\"@type\":\"WebPage\",\"@id\":\"https:\/\/acefootball.com\/es\/noticias-de-futbol\/pogba-niega-haber-renunciado-a-la-seleccion-francesa\/#webpage\",\"url\":\"https:\/\/acefootball.com\/es\/noticias-de-futbol\/pogba-niega-haber-renunciado-a-la-seleccion-francesa\/\",\"name\":\"Pogba niega haber renunciado a la selecci\u00f3n francesa\",\"isPartOf\":{\"@id\":\"https:\/\/acefootball.com\/es\/#website\"},\"primaryImageOfPage\":{\"@id\":\"https:\/\/acefootball.com\/es\/noticias-de-futbol\/pogba-niega-haber-renunciado-a-la-seleccion-francesa\/#primaryimage\"},\"datePublished\":\"2020-10-26T15:10:53+00:00\",\"dateModified\":\"2020-10-26T15:10:53+00:00\",\"author\":{\"@id\":\"\"},\"description\":\"Paul Pogba descart\u00f3 las afirmaciones de que dej\u00f3 a la selecci\u00f3n francesa y las describi\u00f3 como \\\"noticias falsas inaceptables\\\".\",\"breadcrumb\":{\"@id\":\"https:\/\/acefootball.com\/es\/noticias-de-futbol\/pogba-niega-haber-renunciado-a-la-seleccion-francesa\/#breadcrumb\"},\"inLanguage\":\"es\",\"potentialAction\":[{\"@type\":\"ReadAction\",\"target\":[\"https:\/\/acefootball.com\/es\/noticias-de-futbol\/pogba-niega-haber-renunciado-a-la-seleccion-francesa\/\"]}]},{\"@type\":\"BreadcrumbList\",\"@id\":\"https:\/\/acefootball.com\/es\/noticias-de-futbol\/pogba-niega-haber-renunciado-a-la-seleccion-francesa\/#breadcrumb\",\"itemListElement\":[{\"@type\":\"ListItem\",\"position\":1,\"name\":\"Home\",\"item\":\"https:\/\/acefootball.com\/es\/\"},{\"@type\":\"ListItem\",\"position\":2,\"name\":\"Pogba niega haber renunciado a la selecci\u00f3n francesa\"}]},{\"@type\":\"Person\",\"@id\":\"\",\"url\":\"https:\/\/acefootball.com\/es\/noticias-de-futbol\/author\/\"}]}<\/script>\n<!-- \/ Yoast SEO plugin. -->","yoast_head_json":{"title":"Pogba niega haber renunciado a la selecci\u00f3n francesa","description":"Paul Pogba descart\u00f3 las afirmaciones de que dej\u00f3 a la selecci\u00f3n francesa y las describi\u00f3 como \"noticias falsas inaceptables\".","robots":{"index":"index","follow":"follow","max-snippet":"max-snippet:-1","max-image-preview":"max-image-preview:large","max-video-preview":"max-video-preview:-1"},"canonical":"https:\/\/acefootball.com\/es\/noticias-de-futbol\/pogba-niega-haber-renunciado-a-la-seleccion-francesa\/","og_locale":"es_ES","og_type":"article","og_title":"Pogba niega haber renunciado a la selecci\u00f3n francesa","og_description":"Paul Pogba descart\u00f3 las afirmaciones de que dej\u00f3 a la selecci\u00f3n francesa y las describi\u00f3 como \"noticias falsas inaceptables\".","og_url":"https:\/\/acefootball.com\/es\/noticias-de-futbol\/pogba-niega-haber-renunciado-a-la-seleccion-francesa\/","og_site_name":"Ace Football Espa\u00f1ol","article_published_time":"2020-10-26T15:10:53+00:00","og_image":[{"url":"https:\/\/acefootball.com\/es\/wp-content\/uploads\/2020\/10\/Pogba-GettyImages-1195419412.jpg","height":673,"width":1024}],"twitter_card":"summary_large_image","twitter_image":"https:\/\/acefootball.com\/es\/wp-content\/uploads\/2020\/10\/Pogba-GettyImages-1195419412.jpg","twitter_misc":{"Escrito por":"","Tiempo de lectura":"2 minutos"},"schema":{"@context":"https:\/\/schema.org","@graph":[{"@type":"WebSite","@id":"https:\/\/acefootball.com\/es\/#website","url":"https:\/\/acefootball.com\/es\/","name":"Ace Football Espa\u00f1ol","description":"News, Betting and Livescore","potentialAction":[{"@type":"SearchAction","target":{"@type":"EntryPoint","urlTemplate":"https:\/\/acefootball.com\/es\/?s={search_term_string}"},"query-input":"required name=search_term_string"}],"inLanguage":"es"},{"@type":"ImageObject","@id":"https:\/\/acefootball.com\/es\/noticias-de-futbol\/pogba-niega-haber-renunciado-a-la-seleccion-francesa\/#primaryimage","inLanguage":"es","url":"https:\/\/acefootball.com\/es\/wp-content\/uploads\/2020\/10\/Pogba-GettyImages-1195419412.jpg","contentUrl":"https:\/\/acefootball.com\/es\/wp-content\/uploads\/2020\/10\/Pogba-GettyImages-1195419412.jpg"},{"@type":"WebPage","@id":"https:\/\/acefootball.com\/es\/noticias-de-futbol\/pogba-niega-haber-renunciado-a-la-seleccion-francesa\/#webpage","url":"https:\/\/acefootball.com\/es\/noticias-de-futbol\/pogba-niega-haber-renunciado-a-la-seleccion-francesa\/","name":"Pogba niega haber renunciado a la selecci\u00f3n francesa","isPartOf":{"@id":"https:\/\/acefootball.com\/es\/#website"},"primaryImageOfPage":{"@id":"https:\/\/acefootball.com\/es\/noticias-de-futbol\/pogba-niega-haber-renunciado-a-la-seleccion-francesa\/#primaryimage"},"datePublished":"2020-10-26T15:10:53+00:00","dateModified":"2020-10-26T15:10:53+00:00","author":{"@id":""},"description":"Paul Pogba descart\u00f3 las afirmaciones de que dej\u00f3 a la selecci\u00f3n francesa y las describi\u00f3 como \"noticias falsas inaceptables\".","breadcrumb":{"@id":"https:\/\/acefootball.com\/es\/noticias-de-futbol\/pogba-niega-haber-renunciado-a-la-seleccion-francesa\/#breadcrumb"},"inLanguage":"es","potentialAction":[{"@type":"ReadAction","target":["https:\/\/acefootball.com\/es\/noticias-de-futbol\/pogba-niega-haber-renunciado-a-la-seleccion-francesa\/"]}]},{"@type":"BreadcrumbList","@id":"https:\/\/acefootball.com\/es\/noticias-de-futbol\/pogba-niega-haber-renunciado-a-la-seleccion-francesa\/#breadcrumb","itemListElement":[{"@type":"ListItem","position":1,"name":"Home","item":"https:\/\/acefootball.com\/es\/"},{"@type":"ListItem","position":2,"name":"Pogba niega haber renunciado a la selecci\u00f3n francesa"}]},{"@type":"Person","@id":"","url":"https:\/\/acefootball.com\/es\/noticias-de-futbol\/author\/"}]}},"fimg_url":"https:\/\/acefootball.com\/es\/wp-content\/uploads\/2020\/10\/Pogba-GettyImages-1195419412.jpg","_links":{"self":[{"href":"https:\/\/acefootball.com\/es\/wp-json\/wp\/v2\/posts\/10408"}],"collection":[{"href":"https:\/\/acefootball.com\/es\/wp-json\/wp\/v2\/posts"}],"about":[{"href":"https:\/\/acefootball.com\/es\/wp-json\/wp\/v2\/types\/post"}],"author":[{"embeddable":true,"href":"https:\/\/acefootball.com\/es\/wp-json\/wp\/v2\/users\/868"}],"replies":[{"embeddable":true,"href":"https:\/\/acefootball.com\/es\/wp-json\/wp\/v2\/comments?post=10408"}],"version-history":[{"count":0,"href":"https:\/\/acefootball.com\/es\/wp-json\/wp\/v2\/posts\/10408\/revisions"}],"wp:featuredmedia":[{"embeddable":true,"href":"https:\/\/acefootball.com\/es\/wp-json\/wp\/v2\/media\/-101101236394"}],"wp:attachment":[{"href":"https:\/\/acefootball.com\/es\/wp-json\/wp\/v2\/media?parent=10408"}],"wp:term":[{"taxonomy":"category","embeddable":true,"href":"https:\/\/acefootball.com\/es\/wp-json\/wp\/v2\/categories?post=10408"},{"taxonomy":"post_tag","embeddable":true,"href":"https:\/\/acefootball.com\/es\/wp-json\/wp\/v2\/tags?post=10408"}],"curies":[{"name":"wp","href":"https:\/\/api.w.org\/{rel}","templated":true}]}}