{"id":259239,"date":"2021-08-24T14:19:26","date_gmt":"2021-08-24T12:19:26","guid":{"rendered":"https:\/\/acefootball.com\/da\/?p=259239"},"modified":"2021-08-24T14:19:28","modified_gmt":"2021-08-24T12:19:28","slug":"officielt-broendby-har-truppen-til-rb-salzburg-returmoede-klar","status":"publish","type":"post","link":"https:\/\/acefootball.com\/da\/fodboldnyheder\/officielt-broendby-har-truppen-til-rb-salzburg-returmoede-klar\/","title":{"rendered":"Officielt: Br\u00f8ndby har truppen til RB Salzburg-returm\u00f8de klar"},"content":{"rendered":"\n<h2 id=\"h-br-ndby-if-har-fem-spillere-tilbage-fra-corona-karant-ne-i-forhold-til-f-rste-champions-league-playoff-opg-r-mod-rb-salzburg\">Br\u00f8ndby IF har fem spillere tilbage fra corona-karant\u00e6ne i forhold til f\u00f8rste Champions League-playoff opg\u00f8r mod RB Salzburg<\/h2>\n\n\n\n<p>Br\u00f8ndby IF skal i morgen spille retur kamp i Champions League-playoff mod RB Salzburg, hvor de skal fors\u00f8ge at vende 1-2 nederlaget fra f\u00f8rste opg\u00f8r til en samlet sejr for at kvalificere sig til gruppespillet.<\/p>\n\n\n\n<p>I f\u00f8rste opg\u00f8r m\u00e5tte de danske mestre undv\u00e6re en r\u00e6kke store profiler grundet corona-karant\u00e6ne, men nu er Thomas Mikkelsen, Sigurd Rosted, Mathias Greve, Christian Cappis og Josip Radosevic til r\u00e5dighed alle til r\u00e5dighed igen.<\/p>\n\n\n\n<p><strong>Br\u00f8ndby-truppen mod FC Red Bull Salzburg ser s\u00e5ledes ud:<br><\/strong><br>30 Mads Hermansen<br>16 Thomas Mikkelsen<br>2 Jens Martin Gammelby<br>4 Sigurd Rosted<br>5 Andreas Maxs\u00f8<br>7 Rezan Corlu<br>8 Mathias Greve<br>9 Andrija Pavlovic<br>11 Mikael Uhre<br>14 Kevin Mensah<br>17 Andreas Bruus<br>18 Kevin Tshiembe<br>19 Morten Frendrup<br>20 Oskar Fallenius<br>22 Josip Radosevic<br>23 Christian Cappis<br>25 Anis Slimane<br>27 Simon Hedlund<br>28 Anton Skipper<br>31 Jagvir Singh<br>34 Andreas Pyndt<br>36 Mathias Kvistgaarden<br>42 Tobias B\u00f8rkeeiet<\/p>\n\n\n\n<p>Kampen spilles i morgen kl. 21.00 p\u00e5 Br\u00f8ndby Stadion.<\/p>\n","protected":false},"excerpt":{"rendered":"<p>Br\u00f8ndby IF har fem spillere tilbage fra corona-karant\u00e6ne i forhold til f\u00f8rste Champions League-playoff opg\u00f8r mod RB Salzburg<\/p>\n","protected":false},"author":74,"featured_media":244160,"comment_status":"open","ping_status":"closed","sticky":false,"template":"","format":"standard","meta":{"om_disable_all_campaigns":false,"push_articles_ronaldo":{"active":false,"canonical":0,"publish":false},"force_updates":null},"categories":[8062],"tags":[53,206],"enet_tags":{"team":["8595"],"league":["42"],"sport_events":[]},"yoast_head":"<!-- This site is optimized with the Yoast SEO plugin v18.3 - https:\/\/yoast.com\/wordpress\/plugins\/seo\/ -->\n<title>Officielt: Br\u00f8ndby har truppen til RB Salzburg-returm\u00f8de klar<\/title>\n<meta name=\"description\" content=\"Br\u00f8ndby IF har fem spillere tilbage fra corona-karant\u00e6ne i forhold til f\u00f8rste Champions League-playoff opg\u00f8r mod RB Salzburg\" \/>\n<meta name=\"robots\" content=\"index, follow, max-snippet:-1, max-image-preview:large, max-video-preview:-1\" \/>\n<link rel=\"canonical\" href=\"https:\/\/acefootball.com\/da\/fodboldnyheder\/officielt-broendby-har-truppen-til-rb-salzburg-returmoede-klar\/\" \/>\n<meta property=\"og:locale\" content=\"en_US\" \/>\n<meta property=\"og:type\" content=\"article\" \/>\n<meta property=\"og:title\" content=\"Officielt: Br\u00f8ndby har truppen til RB Salzburg-returm\u00f8de klar\" \/>\n<meta property=\"og:description\" content=\"Br\u00f8ndby IF har fem spillere tilbage fra corona-karant\u00e6ne i forhold til f\u00f8rste Champions League-playoff opg\u00f8r mod RB Salzburg\" \/>\n<meta property=\"og:url\" content=\"https:\/\/acefootball.com\/da\/fodboldnyheder\/officielt-broendby-har-truppen-til-rb-salzburg-returmoede-klar\/\" \/>\n<meta property=\"og:site_name\" content=\"Ace Football Danmark\" \/>\n<meta property=\"article:publisher\" content=\"https:\/\/www.facebook.com\/acefootballdk\" \/>\n<meta property=\"article:published_time\" content=\"2021-08-24T12:19:26+00:00\" \/>\n<meta property=\"article:modified_time\" content=\"2021-08-24T12:19:28+00:00\" \/>\n<meta name=\"twitter:card\" content=\"summary_large_image\" \/>\n<meta name=\"twitter:image\" content=\"https:\/\/acefootball.com\/da\/wp-content\/uploads\/sites\/2\/2020\/11\/GettyImages-1229537845.jpg\" \/>\n<meta name=\"twitter:label1\" content=\"Written by\" \/>\n\t<meta name=\"twitter:data1\" content=\"Patrick Hesselb\u00e6k\" \/>\n\t<meta name=\"twitter:label2\" content=\"Est. reading time\" \/>\n\t<meta name=\"twitter:data2\" content=\"1 minute\" \/>\n<script type=\"application\/ld+json\" class=\"yoast-schema-graph\">{\"@context\":\"https:\/\/schema.org\",\"@graph\":[{\"@type\":\"Organization\",\"@id\":\"https:\/\/acefootball.com\/da\/#organization\",\"name\":\"Ace Football\",\"url\":\"https:\/\/acefootball.com\/da\/\",\"sameAs\":[\"https:\/\/www.facebook.com\/acefootballdk\"],\"logo\":{\"@type\":\"ImageObject\",\"@id\":\"https:\/\/acefootball.com\/da\/#logo\",\"inLanguage\":\"en-US\",\"url\":\"https:\/\/acefootball.com\/da\/wp-content\/uploads\/sites\/2\/2020\/07\/Ace-Football-30-07-2020-2.png\",\"contentUrl\":\"https:\/\/acefootball.com\/da\/wp-content\/uploads\/sites\/2\/2020\/07\/Ace-Football-30-07-2020-2.png\",\"width\":1200,\"height\":600,\"caption\":\"Ace Football\"},\"image\":{\"@id\":\"https:\/\/acefootball.com\/da\/#logo\"}},{\"@type\":\"WebSite\",\"@id\":\"https:\/\/acefootball.com\/da\/#website\",\"url\":\"https:\/\/acefootball.com\/da\/\",\"name\":\"Ace Football Danmark\",\"description\":\"Nyheder, Spiltips &amp; Livescore\",\"publisher\":{\"@id\":\"https:\/\/acefootball.com\/da\/#organization\"},\"potentialAction\":[{\"@type\":\"SearchAction\",\"target\":{\"@type\":\"EntryPoint\",\"urlTemplate\":\"https:\/\/acefootball.com\/da\/?s={search_term_string}\"},\"query-input\":\"required name=search_term_string\"}],\"inLanguage\":\"en-US\"},{\"@type\":\"ImageObject\",\"@id\":\"https:\/\/acefootball.com\/da\/fodboldnyheder\/officielt-broendby-har-truppen-til-rb-salzburg-returmoede-klar\/#primaryimage\",\"inLanguage\":\"en-US\",\"url\":\"\",\"contentUrl\":\"\"},{\"@type\":\"WebPage\",\"@id\":\"https:\/\/acefootball.com\/da\/fodboldnyheder\/officielt-broendby-har-truppen-til-rb-salzburg-returmoede-klar\/#webpage\",\"url\":\"https:\/\/acefootball.com\/da\/fodboldnyheder\/officielt-broendby-har-truppen-til-rb-salzburg-returmoede-klar\/\",\"name\":\"Officielt: Br\u00f8ndby har truppen til RB Salzburg-returm\u00f8de klar\",\"isPartOf\":{\"@id\":\"https:\/\/acefootball.com\/da\/#website\"},\"primaryImageOfPage\":{\"@id\":\"https:\/\/acefootball.com\/da\/fodboldnyheder\/officielt-broendby-har-truppen-til-rb-salzburg-returmoede-klar\/#primaryimage\"},\"datePublished\":\"2021-08-24T12:19:26+00:00\",\"dateModified\":\"2021-08-24T12:19:28+00:00\",\"description\":\"Br\u00f8ndby IF har fem spillere tilbage fra corona-karant\u00e6ne i forhold til f\u00f8rste Champions League-playoff opg\u00f8r mod RB Salzburg\",\"breadcrumb\":{\"@id\":\"https:\/\/acefootball.com\/da\/fodboldnyheder\/officielt-broendby-har-truppen-til-rb-salzburg-returmoede-klar\/#breadcrumb\"},\"inLanguage\":\"en-US\",\"potentialAction\":[{\"@type\":\"ReadAction\",\"target\":[\"https:\/\/acefootball.com\/da\/fodboldnyheder\/officielt-broendby-har-truppen-til-rb-salzburg-returmoede-klar\/\"]}]},{\"@type\":\"BreadcrumbList\",\"@id\":\"https:\/\/acefootball.com\/da\/fodboldnyheder\/officielt-broendby-har-truppen-til-rb-salzburg-returmoede-klar\/#breadcrumb\",\"itemListElement\":[{\"@type\":\"ListItem\",\"position\":1,\"name\":\"Home\",\"item\":\"https:\/\/acefootball.com\/da\/\"},{\"@type\":\"ListItem\",\"position\":2,\"name\":\"Officielt: Br\u00f8ndby har truppen til RB Salzburg-returm\u00f8de klar\"}]},{\"@type\":\"Article\",\"@id\":\"https:\/\/acefootball.com\/da\/fodboldnyheder\/officielt-broendby-har-truppen-til-rb-salzburg-returmoede-klar\/#article\",\"isPartOf\":{\"@id\":\"https:\/\/acefootball.com\/da\/fodboldnyheder\/officielt-broendby-har-truppen-til-rb-salzburg-returmoede-klar\/#webpage\"},\"author\":{\"@id\":\"https:\/\/acefootball.com\/da\/#\/schema\/person\/fd6223a1c033400b41da7853ddf88c84\"},\"headline\":\"Officielt: Br\u00f8ndby har truppen til RB Salzburg-returm\u00f8de klar\",\"datePublished\":\"2021-08-24T12:19:26+00:00\",\"dateModified\":\"2021-08-24T12:19:28+00:00\",\"mainEntityOfPage\":{\"@id\":\"https:\/\/acefootball.com\/da\/fodboldnyheder\/officielt-broendby-har-truppen-til-rb-salzburg-returmoede-klar\/#webpage\"},\"wordCount\":181,\"commentCount\":0,\"publisher\":{\"@id\":\"https:\/\/acefootball.com\/da\/#organization\"},\"image\":{\"@id\":\"https:\/\/acefootball.com\/da\/fodboldnyheder\/officielt-broendby-har-truppen-til-rb-salzburg-returmoede-klar\/#primaryimage\"},\"thumbnailUrl\":\"https:\/\/acefootball.com\/da\/wp-content\/uploads\/sites\/2\/2020\/11\/GettyImages-1229537845.jpg\",\"keywords\":[\"Br\u00f8ndby IF\",\"Champions League\"],\"articleSection\":[\"Kamp\"],\"inLanguage\":\"en-US\",\"potentialAction\":[{\"@type\":\"CommentAction\",\"name\":\"Comment\",\"target\":[\"https:\/\/acefootball.com\/da\/fodboldnyheder\/officielt-broendby-har-truppen-til-rb-salzburg-returmoede-klar\/#respond\"]}]},{\"@type\":\"Person\",\"@id\":\"https:\/\/acefootball.com\/da\/#\/schema\/person\/fd6223a1c033400b41da7853ddf88c84\",\"name\":\"Patrick Hesselb\u00e6k\",\"image\":{\"@type\":\"ImageObject\",\"@id\":\"https:\/\/acefootball.com\/da\/#personlogo\",\"inLanguage\":\"en-US\",\"url\":\"https:\/\/secure.gravatar.com\/avatar\/7919060992759bffbffb199d6cbdce6f?s=96&d=mm&r=g\",\"contentUrl\":\"https:\/\/secure.gravatar.com\/avatar\/7919060992759bffbffb199d6cbdce6f?s=96&d=mm&r=g\",\"caption\":\"Patrick Hesselb\u00e6k\"},\"description\":\"Redakt\u00f8r p\u00e5 den danske Ace Football-redaktion. Uddannet i kommunikation fra Aalborg Universitet. Prim\u00e6rt fokus p\u00e5 den danske 3F Superliga og de st\u00f8rste europ\u00e6iske turneringer.\",\"sameAs\":[\"https:\/\/www.linkedin.com\/in\/patrick-hesselbk-2a4b1711a\/\"],\"url\":\"https:\/\/acefootball.com\/da\/fodboldnyheder\/author\/patrickhesselbaek\/\"}]}<\/script>\n<!-- \/ Yoast SEO plugin. -->","yoast_head_json":{"title":"Officielt: Br\u00f8ndby har truppen til RB Salzburg-returm\u00f8de klar","description":"Br\u00f8ndby IF har fem spillere tilbage fra corona-karant\u00e6ne i forhold til f\u00f8rste Champions League-playoff opg\u00f8r mod RB Salzburg","robots":{"index":"index","follow":"follow","max-snippet":"max-snippet:-1","max-image-preview":"max-image-preview:large","max-video-preview":"max-video-preview:-1"},"canonical":"https:\/\/acefootball.com\/da\/fodboldnyheder\/officielt-broendby-har-truppen-til-rb-salzburg-returmoede-klar\/","og_locale":"en_US","og_type":"article","og_title":"Officielt: Br\u00f8ndby har truppen til RB Salzburg-returm\u00f8de klar","og_description":"Br\u00f8ndby IF har fem spillere tilbage fra corona-karant\u00e6ne i forhold til f\u00f8rste Champions League-playoff opg\u00f8r mod RB Salzburg","og_url":"https:\/\/acefootball.com\/da\/fodboldnyheder\/officielt-broendby-har-truppen-til-rb-salzburg-returmoede-klar\/","og_site_name":"Ace Football Danmark","article_publisher":"https:\/\/www.facebook.com\/acefootballdk","article_published_time":"2021-08-24T12:19:26+00:00","article_modified_time":"2021-08-24T12:19:28+00:00","twitter_card":"summary_large_image","twitter_image":"https:\/\/acefootball.com\/da\/wp-content\/uploads\/sites\/2\/2020\/11\/GettyImages-1229537845.jpg","twitter_misc":{"Written by":"Patrick Hesselb\u00e6k","Est. reading time":"1 minute"},"schema":{"@context":"https:\/\/schema.org","@graph":[{"@type":"Organization","@id":"https:\/\/acefootball.com\/da\/#organization","name":"Ace Football","url":"https:\/\/acefootball.com\/da\/","sameAs":["https:\/\/www.facebook.com\/acefootballdk"],"logo":{"@type":"ImageObject","@id":"https:\/\/acefootball.com\/da\/#logo","inLanguage":"en-US","url":"https:\/\/acefootball.com\/da\/wp-content\/uploads\/sites\/2\/2020\/07\/Ace-Football-30-07-2020-2.png","contentUrl":"https:\/\/acefootball.com\/da\/wp-content\/uploads\/sites\/2\/2020\/07\/Ace-Football-30-07-2020-2.png","width":1200,"height":600,"caption":"Ace Football"},"image":{"@id":"https:\/\/acefootball.com\/da\/#logo"}},{"@type":"WebSite","@id":"https:\/\/acefootball.com\/da\/#website","url":"https:\/\/acefootball.com\/da\/","name":"Ace Football Danmark","description":"Nyheder, Spiltips &amp; Livescore","publisher":{"@id":"https:\/\/acefootball.com\/da\/#organization"},"potentialAction":[{"@type":"SearchAction","target":{"@type":"EntryPoint","urlTemplate":"https:\/\/acefootball.com\/da\/?s={search_term_string}"},"query-input":"required name=search_term_string"}],"inLanguage":"en-US"},{"@type":"ImageObject","@id":"https:\/\/acefootball.com\/da\/fodboldnyheder\/officielt-broendby-har-truppen-til-rb-salzburg-returmoede-klar\/#primaryimage","inLanguage":"en-US","url":"","contentUrl":""},{"@type":"WebPage","@id":"https:\/\/acefootball.com\/da\/fodboldnyheder\/officielt-broendby-har-truppen-til-rb-salzburg-returmoede-klar\/#webpage","url":"https:\/\/acefootball.com\/da\/fodboldnyheder\/officielt-broendby-har-truppen-til-rb-salzburg-returmoede-klar\/","name":"Officielt: Br\u00f8ndby har truppen til RB Salzburg-returm\u00f8de klar","isPartOf":{"@id":"https:\/\/acefootball.com\/da\/#website"},"primaryImageOfPage":{"@id":"https:\/\/acefootball.com\/da\/fodboldnyheder\/officielt-broendby-har-truppen-til-rb-salzburg-returmoede-klar\/#primaryimage"},"datePublished":"2021-08-24T12:19:26+00:00","dateModified":"2021-08-24T12:19:28+00:00","description":"Br\u00f8ndby IF har fem spillere tilbage fra corona-karant\u00e6ne i forhold til f\u00f8rste Champions League-playoff opg\u00f8r mod RB Salzburg","breadcrumb":{"@id":"https:\/\/acefootball.com\/da\/fodboldnyheder\/officielt-broendby-har-truppen-til-rb-salzburg-returmoede-klar\/#breadcrumb"},"inLanguage":"en-US","potentialAction":[{"@type":"ReadAction","target":["https:\/\/acefootball.com\/da\/fodboldnyheder\/officielt-broendby-har-truppen-til-rb-salzburg-returmoede-klar\/"]}]},{"@type":"BreadcrumbList","@id":"https:\/\/acefootball.com\/da\/fodboldnyheder\/officielt-broendby-har-truppen-til-rb-salzburg-returmoede-klar\/#breadcrumb","itemListElement":[{"@type":"ListItem","position":1,"name":"Home","item":"https:\/\/acefootball.com\/da\/"},{"@type":"ListItem","position":2,"name":"Officielt: Br\u00f8ndby har truppen til RB Salzburg-returm\u00f8de klar"}]},{"@type":"Article","@id":"https:\/\/acefootball.com\/da\/fodboldnyheder\/officielt-broendby-har-truppen-til-rb-salzburg-returmoede-klar\/#article","isPartOf":{"@id":"https:\/\/acefootball.com\/da\/fodboldnyheder\/officielt-broendby-har-truppen-til-rb-salzburg-returmoede-klar\/#webpage"},"author":{"@id":"https:\/\/acefootball.com\/da\/#\/schema\/person\/fd6223a1c033400b41da7853ddf88c84"},"headline":"Officielt: Br\u00f8ndby har truppen til RB Salzburg-returm\u00f8de klar","datePublished":"2021-08-24T12:19:26+00:00","dateModified":"2021-08-24T12:19:28+00:00","mainEntityOfPage":{"@id":"https:\/\/acefootball.com\/da\/fodboldnyheder\/officielt-broendby-har-truppen-til-rb-salzburg-returmoede-klar\/#webpage"},"wordCount":181,"commentCount":0,"publisher":{"@id":"https:\/\/acefootball.com\/da\/#organization"},"image":{"@id":"https:\/\/acefootball.com\/da\/fodboldnyheder\/officielt-broendby-har-truppen-til-rb-salzburg-returmoede-klar\/#primaryimage"},"thumbnailUrl":"https:\/\/acefootball.com\/da\/wp-content\/uploads\/sites\/2\/2020\/11\/GettyImages-1229537845.jpg","keywords":["Br\u00f8ndby IF","Champions League"],"articleSection":["Kamp"],"inLanguage":"en-US","potentialAction":[{"@type":"CommentAction","name":"Comment","target":["https:\/\/acefootball.com\/da\/fodboldnyheder\/officielt-broendby-har-truppen-til-rb-salzburg-returmoede-klar\/#respond"]}]},{"@type":"Person","@id":"https:\/\/acefootball.com\/da\/#\/schema\/person\/fd6223a1c033400b41da7853ddf88c84","name":"Patrick Hesselb\u00e6k","image":{"@type":"ImageObject","@id":"https:\/\/acefootball.com\/da\/#personlogo","inLanguage":"en-US","url":"https:\/\/secure.gravatar.com\/avatar\/7919060992759bffbffb199d6cbdce6f?s=96&d=mm&r=g","contentUrl":"https:\/\/secure.gravatar.com\/avatar\/7919060992759bffbffb199d6cbdce6f?s=96&d=mm&r=g","caption":"Patrick Hesselb\u00e6k"},"description":"Redakt\u00f8r p\u00e5 den danske Ace Football-redaktion. Uddannet i kommunikation fra Aalborg Universitet. Prim\u00e6rt fokus p\u00e5 den danske 3F Superliga og de st\u00f8rste europ\u00e6iske turneringer.","sameAs":["https:\/\/www.linkedin.com\/in\/patrick-hesselbk-2a4b1711a\/"],"url":"https:\/\/acefootball.com\/da\/fodboldnyheder\/author\/patrickhesselbaek\/"}]}},"fimg_url":"https:\/\/acefootball.com\/da\/wp-content\/uploads\/sites\/2\/2020\/11\/GettyImages-1229537845.jpg","_links":{"self":[{"href":"https:\/\/acefootball.com\/da\/wp-json\/wp\/v2\/posts\/259239"}],"collection":[{"href":"https:\/\/acefootball.com\/da\/wp-json\/wp\/v2\/posts"}],"about":[{"href":"https:\/\/acefootball.com\/da\/wp-json\/wp\/v2\/types\/post"}],"author":[{"embeddable":true,"href":"https:\/\/acefootball.com\/da\/wp-json\/wp\/v2\/users\/74"}],"replies":[{"embeddable":true,"href":"https:\/\/acefootball.com\/da\/wp-json\/wp\/v2\/comments?post=259239"}],"version-history":[{"count":0,"href":"https:\/\/acefootball.com\/da\/wp-json\/wp\/v2\/posts\/259239\/revisions"}],"wp:featuredmedia":[{"embeddable":true,"href":"https:\/\/acefootball.com\/da\/wp-json\/wp\/v2\/media\/244160"}],"wp:attachment":[{"href":"https:\/\/acefootball.com\/da\/wp-json\/wp\/v2\/media?parent=259239"}],"wp:term":[{"taxonomy":"category","embeddable":true,"href":"https:\/\/acefootball.com\/da\/wp-json\/wp\/v2\/categories?post=259239"},{"taxonomy":"post_tag","embeddable":true,"href":"https:\/\/acefootball.com\/da\/wp-json\/wp\/v2\/tags?post=259239"}],"curies":[{"name":"wp","href":"https:\/\/api.w.org\/{rel}","templated":true}]}}