{"id":259236,"date":"2021-08-24T09:10:47","date_gmt":"2021-08-24T07:10:47","guid":{"rendered":"https:\/\/acefootball.com\/da\/?p=259236"},"modified":"2021-08-24T09:10:50","modified_gmt":"2021-08-24T07:10:50","slug":"medie-tysk-traditionsklub-vil-nappe-wahid-faghir","status":"publish","type":"post","link":"https:\/\/acefootball.com\/da\/fodboldnyheder\/medie-tysk-traditionsklub-vil-nappe-wahid-faghir\/","title":{"rendered":"Medie: Tysk traditionsklub vil nappe Wahid Faghir"},"content":{"rendered":"\n<h2 id=\"h-if-lge-det-danske-medie-ekstra-bladet-skulle-den-tyske-klub-stuttgart-v-re-brandt-varme-p-unge-vejle-angriber-wahid-faghir\">If\u00f8lge det danske medie Ekstra Bladet skulle den tyske klub Stuttgart v\u00e6re brandt varme p\u00e5 unge Vejle-angriber Wahid Faghir<\/h2>\n\n\n\n<p>Wahid Faghir er sin unge alder til trods en af de st\u00f8rste profiler for Superliga-klubben Vejle Boldklub, og der har da ogs\u00e5 l\u00e6nge v\u00e6ret interesse fra udlandet for den danske U21-landsholdsangriber.<\/p>\n\n\n\n<p>Faghir er dog stadig at finde i Vejle selvom store klubber som Manchester United og Ajax har vist interesse, men transfervinduet er alts\u00e5 heller ikke lukket endnu, og nu skulle der v\u00e6re en ny bejler p\u00e5 banen.<\/p>\n\n\n\n<div class=\"wp-block-si-widget wp-block-si-widget--center\"><si-lb-widget widget-id=\"PlayerSeasonProfile\" width=\"440\" data-player-id=\"1136392\" data-card=\"true\" data-transparent=\"false\" data-theme-appearance=\"dark\"><\/si-lb-widget><\/div>\n\n\n\n<p>If\u00f8lge Ekstra Bladet var der nemlig en r\u00e6kke scouts p\u00e5 plads, da Vejle og Faghir i g\u00e5r tabte med 1-3 til FC Nordsj\u00e6lland i en kamp, hvor Faghir scorede holdets enlige m\u00e5l. Her skulle repr\u00e6sentanter fra den tyske traditionsklub VfB Stuttgart v\u00e6re nogle af disse, og de skulle v\u00e6re meget interesseret i at hente den unge angriber.<\/p>\n\n\n\n<p>Stuttgart er l\u00f8bet ind i flere skader p\u00e5 offensivspillere i starten af s\u00e6son, og derfor skulle de v\u00e6re desperate efter at hente noget nyt ind, inden transfervinduet lukker i. Vejle skulle angiveligt kr\u00e6ve omkring 40 millioner kroner, hvor de skal lade Faghir g\u00e5, selvom han blot har halvandet \u00e5r tilbage af kontrakten.<\/p>\n","protected":false},"excerpt":{"rendered":"<p>If\u00f8lge det danske medie Ekstra Bladet skulle den tyske klub Stuttgart v\u00e6re brandt varme p\u00e5 unge Vejle-angriber Wahid Faghir<\/p>\n","protected":false},"author":74,"featured_media":239373,"comment_status":"open","ping_status":"closed","sticky":false,"template":"","format":"standard","meta":{"om_disable_all_campaigns":false,"push_articles_ronaldo":{"active":false,"canonical":0,"publish":false},"force_updates":null},"categories":[7],"tags":[692,521,1899,8483],"enet_tags":{"team":["8238","8231","10269"],"sport_events":[]},"yoast_head":"<!-- This site is optimized with the Yoast SEO plugin v18.3 - https:\/\/yoast.com\/wordpress\/plugins\/seo\/ -->\n<title>Medie: Tysk traditionsklub vil nappe Wahid Faghir<\/title>\n<meta name=\"description\" content=\"If\u00f8lge det danske medie Ekstra Bladet skulle den tyske klub Stuttgart v\u00e6re brandt varme p\u00e5 unge Vejle-angriber Wahid Faghir\" \/>\n<meta name=\"robots\" content=\"index, follow, max-snippet:-1, max-image-preview:large, max-video-preview:-1\" \/>\n<link rel=\"canonical\" href=\"https:\/\/acefootball.com\/da\/fodboldnyheder\/medie-tysk-traditionsklub-vil-nappe-wahid-faghir\/\" \/>\n<meta property=\"og:locale\" content=\"en_US\" \/>\n<meta property=\"og:type\" content=\"article\" \/>\n<meta property=\"og:title\" content=\"Medie: Tysk traditionsklub vil nappe Wahid Faghir\" \/>\n<meta property=\"og:description\" content=\"If\u00f8lge det danske medie Ekstra Bladet skulle den tyske klub Stuttgart v\u00e6re brandt varme p\u00e5 unge Vejle-angriber Wahid Faghir\" \/>\n<meta property=\"og:url\" content=\"https:\/\/acefootball.com\/da\/fodboldnyheder\/medie-tysk-traditionsklub-vil-nappe-wahid-faghir\/\" \/>\n<meta property=\"og:site_name\" content=\"Ace Football Danmark\" \/>\n<meta property=\"article:publisher\" content=\"https:\/\/www.facebook.com\/acefootballdk\" \/>\n<meta property=\"article:published_time\" content=\"2021-08-24T07:10:47+00:00\" \/>\n<meta property=\"article:modified_time\" content=\"2021-08-24T07:10:50+00:00\" \/>\n<meta property=\"og:image\" content=\"https:\/\/acefootball.com\/da\/wp-content\/uploads\/sites\/2\/2021\/02\/Laes-mere-generel-19-1.jpg\" \/>\n\t<meta property=\"og:image:width\" content=\"1920\" \/>\n\t<meta property=\"og:image:height\" content=\"1008\" \/>\n\t<meta property=\"og:image:type\" content=\"image\/jpeg\" \/>\n<meta name=\"twitter:card\" content=\"summary_large_image\" \/>\n<meta name=\"twitter:label1\" content=\"Written by\" \/>\n\t<meta name=\"twitter:data1\" content=\"Patrick Hesselb\u00e6k\" \/>\n\t<meta name=\"twitter:label2\" content=\"Est. reading time\" \/>\n\t<meta name=\"twitter:data2\" content=\"1 minute\" \/>\n<script type=\"application\/ld+json\" class=\"yoast-schema-graph\">{\"@context\":\"https:\/\/schema.org\",\"@graph\":[{\"@type\":\"Organization\",\"@id\":\"https:\/\/acefootball.com\/da\/#organization\",\"name\":\"Ace Football\",\"url\":\"https:\/\/acefootball.com\/da\/\",\"sameAs\":[\"https:\/\/www.facebook.com\/acefootballdk\"],\"logo\":{\"@type\":\"ImageObject\",\"@id\":\"https:\/\/acefootball.com\/da\/#logo\",\"inLanguage\":\"en-US\",\"url\":\"https:\/\/acefootball.com\/da\/wp-content\/uploads\/sites\/2\/2020\/07\/Ace-Football-30-07-2020-2.png\",\"contentUrl\":\"https:\/\/acefootball.com\/da\/wp-content\/uploads\/sites\/2\/2020\/07\/Ace-Football-30-07-2020-2.png\",\"width\":1200,\"height\":600,\"caption\":\"Ace Football\"},\"image\":{\"@id\":\"https:\/\/acefootball.com\/da\/#logo\"}},{\"@type\":\"WebSite\",\"@id\":\"https:\/\/acefootball.com\/da\/#website\",\"url\":\"https:\/\/acefootball.com\/da\/\",\"name\":\"Ace Football Danmark\",\"description\":\"Nyheder, Spiltips &amp; Livescore\",\"publisher\":{\"@id\":\"https:\/\/acefootball.com\/da\/#organization\"},\"potentialAction\":[{\"@type\":\"SearchAction\",\"target\":{\"@type\":\"EntryPoint\",\"urlTemplate\":\"https:\/\/acefootball.com\/da\/?s={search_term_string}\"},\"query-input\":\"required name=search_term_string\"}],\"inLanguage\":\"en-US\"},{\"@type\":\"ImageObject\",\"@id\":\"https:\/\/acefootball.com\/da\/fodboldnyheder\/medie-tysk-traditionsklub-vil-nappe-wahid-faghir\/#primaryimage\",\"inLanguage\":\"en-US\",\"url\":\"https:\/\/acefootball.com\/da\/wp-content\/uploads\/sites\/2\/2021\/02\/Laes-mere-generel-19-1.jpg\",\"contentUrl\":\"https:\/\/acefootball.com\/da\/wp-content\/uploads\/sites\/2\/2021\/02\/Laes-mere-generel-19-1.jpg\",\"width\":1920,\"height\":1008,\"caption\":\"faghir\"},{\"@type\":\"WebPage\",\"@id\":\"https:\/\/acefootball.com\/da\/fodboldnyheder\/medie-tysk-traditionsklub-vil-nappe-wahid-faghir\/#webpage\",\"url\":\"https:\/\/acefootball.com\/da\/fodboldnyheder\/medie-tysk-traditionsklub-vil-nappe-wahid-faghir\/\",\"name\":\"Medie: Tysk traditionsklub vil nappe Wahid Faghir\",\"isPartOf\":{\"@id\":\"https:\/\/acefootball.com\/da\/#website\"},\"primaryImageOfPage\":{\"@id\":\"https:\/\/acefootball.com\/da\/fodboldnyheder\/medie-tysk-traditionsklub-vil-nappe-wahid-faghir\/#primaryimage\"},\"datePublished\":\"2021-08-24T07:10:47+00:00\",\"dateModified\":\"2021-08-24T07:10:50+00:00\",\"description\":\"If\u00f8lge det danske medie Ekstra Bladet skulle den tyske klub Stuttgart v\u00e6re brandt varme p\u00e5 unge Vejle-angriber Wahid Faghir\",\"breadcrumb\":{\"@id\":\"https:\/\/acefootball.com\/da\/fodboldnyheder\/medie-tysk-traditionsklub-vil-nappe-wahid-faghir\/#breadcrumb\"},\"inLanguage\":\"en-US\",\"potentialAction\":[{\"@type\":\"ReadAction\",\"target\":[\"https:\/\/acefootball.com\/da\/fodboldnyheder\/medie-tysk-traditionsklub-vil-nappe-wahid-faghir\/\"]}]},{\"@type\":\"BreadcrumbList\",\"@id\":\"https:\/\/acefootball.com\/da\/fodboldnyheder\/medie-tysk-traditionsklub-vil-nappe-wahid-faghir\/#breadcrumb\",\"itemListElement\":[{\"@type\":\"ListItem\",\"position\":1,\"name\":\"Home\",\"item\":\"https:\/\/acefootball.com\/da\/\"},{\"@type\":\"ListItem\",\"position\":2,\"name\":\"Medie: Tysk traditionsklub vil nappe Wahid Faghir\"}]},{\"@type\":\"Article\",\"@id\":\"https:\/\/acefootball.com\/da\/fodboldnyheder\/medie-tysk-traditionsklub-vil-nappe-wahid-faghir\/#article\",\"isPartOf\":{\"@id\":\"https:\/\/acefootball.com\/da\/fodboldnyheder\/medie-tysk-traditionsklub-vil-nappe-wahid-faghir\/#webpage\"},\"author\":{\"@id\":\"https:\/\/acefootball.com\/da\/#\/schema\/person\/fd6223a1c033400b41da7853ddf88c84\"},\"headline\":\"Medie: Tysk traditionsklub vil nappe Wahid Faghir\",\"datePublished\":\"2021-08-24T07:10:47+00:00\",\"dateModified\":\"2021-08-24T07:10:50+00:00\",\"mainEntityOfPage\":{\"@id\":\"https:\/\/acefootball.com\/da\/fodboldnyheder\/medie-tysk-traditionsklub-vil-nappe-wahid-faghir\/#webpage\"},\"wordCount\":221,\"commentCount\":0,\"publisher\":{\"@id\":\"https:\/\/acefootball.com\/da\/#organization\"},\"image\":{\"@id\":\"https:\/\/acefootball.com\/da\/fodboldnyheder\/medie-tysk-traditionsklub-vil-nappe-wahid-faghir\/#primaryimage\"},\"thumbnailUrl\":\"https:\/\/acefootball.com\/da\/wp-content\/uploads\/sites\/2\/2020\/10\/GettyImages-1223063167-1.jpg\",\"keywords\":[\"Danmark\",\"Vejle Boldklub\",\"VfB Stuttgart\",\"Wahid Faghir\"],\"articleSection\":[\"Transfer\"],\"inLanguage\":\"en-US\",\"potentialAction\":[{\"@type\":\"CommentAction\",\"name\":\"Comment\",\"target\":[\"https:\/\/acefootball.com\/da\/fodboldnyheder\/medie-tysk-traditionsklub-vil-nappe-wahid-faghir\/#respond\"]}]},{\"@type\":\"Person\",\"@id\":\"https:\/\/acefootball.com\/da\/#\/schema\/person\/fd6223a1c033400b41da7853ddf88c84\",\"name\":\"Patrick Hesselb\u00e6k\",\"image\":{\"@type\":\"ImageObject\",\"@id\":\"https:\/\/acefootball.com\/da\/#personlogo\",\"inLanguage\":\"en-US\",\"url\":\"https:\/\/secure.gravatar.com\/avatar\/7919060992759bffbffb199d6cbdce6f?s=96&d=mm&r=g\",\"contentUrl\":\"https:\/\/secure.gravatar.com\/avatar\/7919060992759bffbffb199d6cbdce6f?s=96&d=mm&r=g\",\"caption\":\"Patrick Hesselb\u00e6k\"},\"description\":\"Redakt\u00f8r p\u00e5 den danske Ace Football-redaktion. Uddannet i kommunikation fra Aalborg Universitet. Prim\u00e6rt fokus p\u00e5 den danske 3F Superliga og de st\u00f8rste europ\u00e6iske turneringer.\",\"sameAs\":[\"https:\/\/www.linkedin.com\/in\/patrick-hesselbk-2a4b1711a\/\"],\"url\":\"https:\/\/acefootball.com\/da\/fodboldnyheder\/author\/patrickhesselbaek\/\"}]}<\/script>\n<!-- \/ Yoast SEO plugin. -->","yoast_head_json":{"title":"Medie: Tysk traditionsklub vil nappe Wahid Faghir","description":"If\u00f8lge det danske medie Ekstra Bladet skulle den tyske klub Stuttgart v\u00e6re brandt varme p\u00e5 unge Vejle-angriber Wahid Faghir","robots":{"index":"index","follow":"follow","max-snippet":"max-snippet:-1","max-image-preview":"max-image-preview:large","max-video-preview":"max-video-preview:-1"},"canonical":"https:\/\/acefootball.com\/da\/fodboldnyheder\/medie-tysk-traditionsklub-vil-nappe-wahid-faghir\/","og_locale":"en_US","og_type":"article","og_title":"Medie: Tysk traditionsklub vil nappe Wahid Faghir","og_description":"If\u00f8lge det danske medie Ekstra Bladet skulle den tyske klub Stuttgart v\u00e6re brandt varme p\u00e5 unge Vejle-angriber Wahid Faghir","og_url":"https:\/\/acefootball.com\/da\/fodboldnyheder\/medie-tysk-traditionsklub-vil-nappe-wahid-faghir\/","og_site_name":"Ace Football Danmark","article_publisher":"https:\/\/www.facebook.com\/acefootballdk","article_published_time":"2021-08-24T07:10:47+00:00","article_modified_time":"2021-08-24T07:10:50+00:00","og_image":[{"width":1920,"height":1008,"url":"https:\/\/acefootball.com\/da\/wp-content\/uploads\/sites\/2\/2021\/02\/Laes-mere-generel-19-1.jpg","type":"image\/jpeg"}],"twitter_card":"summary_large_image","twitter_misc":{"Written by":"Patrick Hesselb\u00e6k","Est. reading time":"1 minute"},"schema":{"@context":"https:\/\/schema.org","@graph":[{"@type":"Organization","@id":"https:\/\/acefootball.com\/da\/#organization","name":"Ace Football","url":"https:\/\/acefootball.com\/da\/","sameAs":["https:\/\/www.facebook.com\/acefootballdk"],"logo":{"@type":"ImageObject","@id":"https:\/\/acefootball.com\/da\/#logo","inLanguage":"en-US","url":"https:\/\/acefootball.com\/da\/wp-content\/uploads\/sites\/2\/2020\/07\/Ace-Football-30-07-2020-2.png","contentUrl":"https:\/\/acefootball.com\/da\/wp-content\/uploads\/sites\/2\/2020\/07\/Ace-Football-30-07-2020-2.png","width":1200,"height":600,"caption":"Ace Football"},"image":{"@id":"https:\/\/acefootball.com\/da\/#logo"}},{"@type":"WebSite","@id":"https:\/\/acefootball.com\/da\/#website","url":"https:\/\/acefootball.com\/da\/","name":"Ace Football Danmark","description":"Nyheder, Spiltips &amp; Livescore","publisher":{"@id":"https:\/\/acefootball.com\/da\/#organization"},"potentialAction":[{"@type":"SearchAction","target":{"@type":"EntryPoint","urlTemplate":"https:\/\/acefootball.com\/da\/?s={search_term_string}"},"query-input":"required name=search_term_string"}],"inLanguage":"en-US"},{"@type":"ImageObject","@id":"https:\/\/acefootball.com\/da\/fodboldnyheder\/medie-tysk-traditionsklub-vil-nappe-wahid-faghir\/#primaryimage","inLanguage":"en-US","url":"https:\/\/acefootball.com\/da\/wp-content\/uploads\/sites\/2\/2021\/02\/Laes-mere-generel-19-1.jpg","contentUrl":"https:\/\/acefootball.com\/da\/wp-content\/uploads\/sites\/2\/2021\/02\/Laes-mere-generel-19-1.jpg","width":1920,"height":1008,"caption":"faghir"},{"@type":"WebPage","@id":"https:\/\/acefootball.com\/da\/fodboldnyheder\/medie-tysk-traditionsklub-vil-nappe-wahid-faghir\/#webpage","url":"https:\/\/acefootball.com\/da\/fodboldnyheder\/medie-tysk-traditionsklub-vil-nappe-wahid-faghir\/","name":"Medie: Tysk traditionsklub vil nappe Wahid Faghir","isPartOf":{"@id":"https:\/\/acefootball.com\/da\/#website"},"primaryImageOfPage":{"@id":"https:\/\/acefootball.com\/da\/fodboldnyheder\/medie-tysk-traditionsklub-vil-nappe-wahid-faghir\/#primaryimage"},"datePublished":"2021-08-24T07:10:47+00:00","dateModified":"2021-08-24T07:10:50+00:00","description":"If\u00f8lge det danske medie Ekstra Bladet skulle den tyske klub Stuttgart v\u00e6re brandt varme p\u00e5 unge Vejle-angriber Wahid Faghir","breadcrumb":{"@id":"https:\/\/acefootball.com\/da\/fodboldnyheder\/medie-tysk-traditionsklub-vil-nappe-wahid-faghir\/#breadcrumb"},"inLanguage":"en-US","potentialAction":[{"@type":"ReadAction","target":["https:\/\/acefootball.com\/da\/fodboldnyheder\/medie-tysk-traditionsklub-vil-nappe-wahid-faghir\/"]}]},{"@type":"BreadcrumbList","@id":"https:\/\/acefootball.com\/da\/fodboldnyheder\/medie-tysk-traditionsklub-vil-nappe-wahid-faghir\/#breadcrumb","itemListElement":[{"@type":"ListItem","position":1,"name":"Home","item":"https:\/\/acefootball.com\/da\/"},{"@type":"ListItem","position":2,"name":"Medie: Tysk traditionsklub vil nappe Wahid Faghir"}]},{"@type":"Article","@id":"https:\/\/acefootball.com\/da\/fodboldnyheder\/medie-tysk-traditionsklub-vil-nappe-wahid-faghir\/#article","isPartOf":{"@id":"https:\/\/acefootball.com\/da\/fodboldnyheder\/medie-tysk-traditionsklub-vil-nappe-wahid-faghir\/#webpage"},"author":{"@id":"https:\/\/acefootball.com\/da\/#\/schema\/person\/fd6223a1c033400b41da7853ddf88c84"},"headline":"Medie: Tysk traditionsklub vil nappe Wahid Faghir","datePublished":"2021-08-24T07:10:47+00:00","dateModified":"2021-08-24T07:10:50+00:00","mainEntityOfPage":{"@id":"https:\/\/acefootball.com\/da\/fodboldnyheder\/medie-tysk-traditionsklub-vil-nappe-wahid-faghir\/#webpage"},"wordCount":221,"commentCount":0,"publisher":{"@id":"https:\/\/acefootball.com\/da\/#organization"},"image":{"@id":"https:\/\/acefootball.com\/da\/fodboldnyheder\/medie-tysk-traditionsklub-vil-nappe-wahid-faghir\/#primaryimage"},"thumbnailUrl":"https:\/\/acefootball.com\/da\/wp-content\/uploads\/sites\/2\/2020\/10\/GettyImages-1223063167-1.jpg","keywords":["Danmark","Vejle Boldklub","VfB Stuttgart","Wahid Faghir"],"articleSection":["Transfer"],"inLanguage":"en-US","potentialAction":[{"@type":"CommentAction","name":"Comment","target":["https:\/\/acefootball.com\/da\/fodboldnyheder\/medie-tysk-traditionsklub-vil-nappe-wahid-faghir\/#respond"]}]},{"@type":"Person","@id":"https:\/\/acefootball.com\/da\/#\/schema\/person\/fd6223a1c033400b41da7853ddf88c84","name":"Patrick Hesselb\u00e6k","image":{"@type":"ImageObject","@id":"https:\/\/acefootball.com\/da\/#personlogo","inLanguage":"en-US","url":"https:\/\/secure.gravatar.com\/avatar\/7919060992759bffbffb199d6cbdce6f?s=96&d=mm&r=g","contentUrl":"https:\/\/secure.gravatar.com\/avatar\/7919060992759bffbffb199d6cbdce6f?s=96&d=mm&r=g","caption":"Patrick Hesselb\u00e6k"},"description":"Redakt\u00f8r p\u00e5 den danske Ace Football-redaktion. Uddannet i kommunikation fra Aalborg Universitet. Prim\u00e6rt fokus p\u00e5 den danske 3F Superliga og de st\u00f8rste europ\u00e6iske turneringer.","sameAs":["https:\/\/www.linkedin.com\/in\/patrick-hesselbk-2a4b1711a\/"],"url":"https:\/\/acefootball.com\/da\/fodboldnyheder\/author\/patrickhesselbaek\/"}]}},"fimg_url":"https:\/\/acefootball.com\/da\/wp-content\/uploads\/sites\/2\/2020\/10\/GettyImages-1223063167-1.jpg","_links":{"self":[{"href":"https:\/\/acefootball.com\/da\/wp-json\/wp\/v2\/posts\/259236"}],"collection":[{"href":"https:\/\/acefootball.com\/da\/wp-json\/wp\/v2\/posts"}],"about":[{"href":"https:\/\/acefootball.com\/da\/wp-json\/wp\/v2\/types\/post"}],"author":[{"embeddable":true,"href":"https:\/\/acefootball.com\/da\/wp-json\/wp\/v2\/users\/74"}],"replies":[{"embeddable":true,"href":"https:\/\/acefootball.com\/da\/wp-json\/wp\/v2\/comments?post=259236"}],"version-history":[{"count":0,"href":"https:\/\/acefootball.com\/da\/wp-json\/wp\/v2\/posts\/259236\/revisions"}],"wp:featuredmedia":[{"embeddable":true,"href":"https:\/\/acefootball.com\/da\/wp-json\/wp\/v2\/media\/239373"}],"wp:attachment":[{"href":"https:\/\/acefootball.com\/da\/wp-json\/wp\/v2\/media?parent=259236"}],"wp:term":[{"taxonomy":"category","embeddable":true,"href":"https:\/\/acefootball.com\/da\/wp-json\/wp\/v2\/categories?post=259236"},{"taxonomy":"post_tag","embeddable":true,"href":"https:\/\/acefootball.com\/da\/wp-json\/wp\/v2\/tags?post=259236"}],"curies":[{"name":"wp","href":"https:\/\/api.w.org\/{rel}","templated":true}]}}