{"id":259232,"date":"2021-08-23T09:49:13","date_gmt":"2021-08-23T07:49:13","guid":{"rendered":"https:\/\/acefootball.com\/da\/?p=259232"},"modified":"2021-08-23T09:49:15","modified_gmt":"2021-08-23T07:49:15","slug":"avis-afsloerer-tidligere-agf-traener-paa-blokken-i-vejle","status":"publish","type":"post","link":"https:\/\/acefootball.com\/da\/fodboldnyheder\/avis-afsloerer-tidligere-agf-traener-paa-blokken-i-vejle\/","title":{"rendered":"Avis afsl\u00f8rer: Tidligere AGF-tr\u00e6ner p\u00e5 blokken i Vejle"},"content":{"rendered":"\n<h2 id=\"h-if-lge-vejle-amts-folkeblad-er-den-tidligere-agf-og-silkeborg-tr-ner-peter-s-rensen-den-ene-af-to-kandidater-til-at-blive-cheftr-ner-i-vejle\">If\u00f8lge Vejle Amts Folkeblad er den tidligere AGF- og Silkeborg-tr\u00e6ner Peter S\u00f8rensen den ene af to kandidater til at blive cheftr\u00e6ner i Vejle<\/h2>\n\n\n\n<p>Vejle Boldklub valgte i sidste uge at fyre Carit Falch som klubbens cheftr\u00e6ner, og derfor er Superliga-klubben i \u00f8jeblikket p\u00e5 udkig efter hans afl\u00f8ser.<\/p>\n\n\n\n<p>Traditionsklubben er dog ikke langt fra at have fundet den nye cheftr\u00e6ner, for if\u00f8lge <a href=\"https:\/\/vafo.dk\/artikel\/folkebladet-erfarer-at-vb-er-t%C3%A6ttere-sin-ny-tr%C3%A6ner-der-er-kun-to-emner-i-spil\" target=\"_blank\" rel=\"noreferrer noopener\">Vejle Amts Folkeblad<\/a> skulle klubben nu have barberet feltet af kandidater ned til to af slagsen.<\/p>\n\n\n\n<p>Her kan lokalmediet afsl\u00f8re, at den ene er en Superliga-kending i form af Peter S\u00f8rensen, der tidligere har v\u00e6ret tr\u00e6ner i klubber som AGF, Silkeborg IF og Hobro IK. <\/p>\n\n\n\n<p>Den anden kandidat er en noget mere eksotisk af slagsen. Der skulle nemlig v\u00e6re tale om den rum\u00e6nske tr\u00e6ner Dan Petrescu, der som aktiv fodboldspiller har en fortid i blandt andet Chelsea FC, Southampton og Genoa.<\/p>\n","protected":false},"excerpt":{"rendered":"<p>If\u00f8lge Vejle Amts Folkeblad er den tidligere AGF- og Silkeborg-tr\u00e6ner Peter S\u00f8rensen den ene af to kandidater til at blive cheftr\u00e6ner i Vejle<\/p>\n","protected":false},"author":74,"featured_media":259233,"comment_status":"open","ping_status":"closed","sticky":false,"template":"","format":"standard","meta":{"om_disable_all_campaigns":false,"push_articles_ronaldo":{"active":false,"canonical":0,"publish":false},"force_updates":null},"categories":[7],"tags":[18,588,521],"enet_tags":{"team":["8071","8231"],"league":["46"],"sport_events":[]},"yoast_head":"<!-- This site is optimized with the Yoast SEO plugin v18.3 - https:\/\/yoast.com\/wordpress\/plugins\/seo\/ -->\n<title>Avis afsl\u00f8rer: Tidligere AGF-tr\u00e6ner p\u00e5 blokken i Vejle<\/title>\n<meta name=\"description\" content=\"If\u00f8lge Vejle Amts Folkeblad er den tidligere AGF- og Silkeborg-tr\u00e6ner Peter S\u00f8rensen den ene af to kandidater til at blive cheftr\u00e6ner i Vejle\" \/>\n<meta name=\"robots\" content=\"index, follow, max-snippet:-1, max-image-preview:large, max-video-preview:-1\" \/>\n<link rel=\"canonical\" href=\"https:\/\/acefootball.com\/da\/fodboldnyheder\/avis-afsloerer-tidligere-agf-traener-paa-blokken-i-vejle\/\" \/>\n<meta property=\"og:locale\" content=\"en_US\" \/>\n<meta property=\"og:type\" content=\"article\" \/>\n<meta property=\"og:title\" content=\"Avis afsl\u00f8rer: Tidligere AGF-tr\u00e6ner p\u00e5 blokken i Vejle\" \/>\n<meta property=\"og:description\" content=\"If\u00f8lge Vejle Amts Folkeblad er den tidligere AGF- og Silkeborg-tr\u00e6ner Peter S\u00f8rensen den ene af to kandidater til at blive cheftr\u00e6ner i Vejle\" \/>\n<meta property=\"og:url\" content=\"https:\/\/acefootball.com\/da\/fodboldnyheder\/avis-afsloerer-tidligere-agf-traener-paa-blokken-i-vejle\/\" \/>\n<meta property=\"og:site_name\" content=\"Ace Football Danmark\" \/>\n<meta property=\"article:publisher\" content=\"https:\/\/www.facebook.com\/acefootballdk\" \/>\n<meta property=\"article:published_time\" content=\"2021-08-23T07:49:13+00:00\" \/>\n<meta property=\"article:modified_time\" content=\"2021-08-23T07:49:15+00:00\" \/>\n<meta property=\"og:image\" content=\"https:\/\/acefootball.com\/da\/wp-content\/uploads\/sites\/2\/2021\/08\/Copy-of-Video-generel-78.jpg\" \/>\n\t<meta property=\"og:image:width\" content=\"1920\" \/>\n\t<meta property=\"og:image:height\" content=\"1008\" \/>\n\t<meta property=\"og:image:type\" content=\"image\/jpeg\" \/>\n<meta name=\"twitter:card\" content=\"summary_large_image\" \/>\n<meta name=\"twitter:label1\" content=\"Written by\" \/>\n\t<meta name=\"twitter:data1\" content=\"Patrick Hesselb\u00e6k\" \/>\n\t<meta name=\"twitter:label2\" content=\"Est. reading time\" \/>\n\t<meta name=\"twitter:data2\" content=\"1 minute\" \/>\n<script type=\"application\/ld+json\" class=\"yoast-schema-graph\">{\"@context\":\"https:\/\/schema.org\",\"@graph\":[{\"@type\":\"Organization\",\"@id\":\"https:\/\/acefootball.com\/da\/#organization\",\"name\":\"Ace Football\",\"url\":\"https:\/\/acefootball.com\/da\/\",\"sameAs\":[\"https:\/\/www.facebook.com\/acefootballdk\"],\"logo\":{\"@type\":\"ImageObject\",\"@id\":\"https:\/\/acefootball.com\/da\/#logo\",\"inLanguage\":\"en-US\",\"url\":\"https:\/\/acefootball.com\/da\/wp-content\/uploads\/sites\/2\/2020\/07\/Ace-Football-30-07-2020-2.png\",\"contentUrl\":\"https:\/\/acefootball.com\/da\/wp-content\/uploads\/sites\/2\/2020\/07\/Ace-Football-30-07-2020-2.png\",\"width\":1200,\"height\":600,\"caption\":\"Ace Football\"},\"image\":{\"@id\":\"https:\/\/acefootball.com\/da\/#logo\"}},{\"@type\":\"WebSite\",\"@id\":\"https:\/\/acefootball.com\/da\/#website\",\"url\":\"https:\/\/acefootball.com\/da\/\",\"name\":\"Ace Football Danmark\",\"description\":\"Nyheder, Spiltips &amp; Livescore\",\"publisher\":{\"@id\":\"https:\/\/acefootball.com\/da\/#organization\"},\"potentialAction\":[{\"@type\":\"SearchAction\",\"target\":{\"@type\":\"EntryPoint\",\"urlTemplate\":\"https:\/\/acefootball.com\/da\/?s={search_term_string}\"},\"query-input\":\"required name=search_term_string\"}],\"inLanguage\":\"en-US\"},{\"@type\":\"ImageObject\",\"@id\":\"https:\/\/acefootball.com\/da\/fodboldnyheder\/avis-afsloerer-tidligere-agf-traener-paa-blokken-i-vejle\/#primaryimage\",\"inLanguage\":\"en-US\",\"url\":\"https:\/\/acefootball.com\/da\/wp-content\/uploads\/sites\/2\/2021\/08\/Copy-of-Video-generel-78.jpg\",\"contentUrl\":\"https:\/\/acefootball.com\/da\/wp-content\/uploads\/sites\/2\/2021\/08\/Copy-of-Video-generel-78.jpg\",\"width\":1920,\"height\":1008},{\"@type\":\"WebPage\",\"@id\":\"https:\/\/acefootball.com\/da\/fodboldnyheder\/avis-afsloerer-tidligere-agf-traener-paa-blokken-i-vejle\/#webpage\",\"url\":\"https:\/\/acefootball.com\/da\/fodboldnyheder\/avis-afsloerer-tidligere-agf-traener-paa-blokken-i-vejle\/\",\"name\":\"Avis afsl\u00f8rer: Tidligere AGF-tr\u00e6ner p\u00e5 blokken i Vejle\",\"isPartOf\":{\"@id\":\"https:\/\/acefootball.com\/da\/#website\"},\"primaryImageOfPage\":{\"@id\":\"https:\/\/acefootball.com\/da\/fodboldnyheder\/avis-afsloerer-tidligere-agf-traener-paa-blokken-i-vejle\/#primaryimage\"},\"datePublished\":\"2021-08-23T07:49:13+00:00\",\"dateModified\":\"2021-08-23T07:49:15+00:00\",\"description\":\"If\u00f8lge Vejle Amts Folkeblad er den tidligere AGF- og Silkeborg-tr\u00e6ner Peter S\u00f8rensen den ene af to kandidater til at blive cheftr\u00e6ner i Vejle\",\"breadcrumb\":{\"@id\":\"https:\/\/acefootball.com\/da\/fodboldnyheder\/avis-afsloerer-tidligere-agf-traener-paa-blokken-i-vejle\/#breadcrumb\"},\"inLanguage\":\"en-US\",\"potentialAction\":[{\"@type\":\"ReadAction\",\"target\":[\"https:\/\/acefootball.com\/da\/fodboldnyheder\/avis-afsloerer-tidligere-agf-traener-paa-blokken-i-vejle\/\"]}]},{\"@type\":\"BreadcrumbList\",\"@id\":\"https:\/\/acefootball.com\/da\/fodboldnyheder\/avis-afsloerer-tidligere-agf-traener-paa-blokken-i-vejle\/#breadcrumb\",\"itemListElement\":[{\"@type\":\"ListItem\",\"position\":1,\"name\":\"Home\",\"item\":\"https:\/\/acefootball.com\/da\/\"},{\"@type\":\"ListItem\",\"position\":2,\"name\":\"Avis afsl\u00f8rer: Tidligere AGF-tr\u00e6ner p\u00e5 blokken i Vejle\"}]},{\"@type\":\"Article\",\"@id\":\"https:\/\/acefootball.com\/da\/fodboldnyheder\/avis-afsloerer-tidligere-agf-traener-paa-blokken-i-vejle\/#article\",\"isPartOf\":{\"@id\":\"https:\/\/acefootball.com\/da\/fodboldnyheder\/avis-afsloerer-tidligere-agf-traener-paa-blokken-i-vejle\/#webpage\"},\"author\":{\"@id\":\"https:\/\/acefootball.com\/da\/#\/schema\/person\/fd6223a1c033400b41da7853ddf88c84\"},\"headline\":\"Avis afsl\u00f8rer: Tidligere AGF-tr\u00e6ner p\u00e5 blokken i Vejle\",\"datePublished\":\"2021-08-23T07:49:13+00:00\",\"dateModified\":\"2021-08-23T07:49:15+00:00\",\"mainEntityOfPage\":{\"@id\":\"https:\/\/acefootball.com\/da\/fodboldnyheder\/avis-afsloerer-tidligere-agf-traener-paa-blokken-i-vejle\/#webpage\"},\"wordCount\":167,\"commentCount\":0,\"publisher\":{\"@id\":\"https:\/\/acefootball.com\/da\/#organization\"},\"image\":{\"@id\":\"https:\/\/acefootball.com\/da\/fodboldnyheder\/avis-afsloerer-tidligere-agf-traener-paa-blokken-i-vejle\/#primaryimage\"},\"thumbnailUrl\":\"https:\/\/acefootball.com\/da\/wp-content\/uploads\/sites\/2\/2021\/08\/GettyImages-1234382778.jpg\",\"keywords\":[\"AGF\",\"Superligaen\",\"Vejle Boldklub\"],\"articleSection\":[\"Transfer\"],\"inLanguage\":\"en-US\",\"potentialAction\":[{\"@type\":\"CommentAction\",\"name\":\"Comment\",\"target\":[\"https:\/\/acefootball.com\/da\/fodboldnyheder\/avis-afsloerer-tidligere-agf-traener-paa-blokken-i-vejle\/#respond\"]}]},{\"@type\":\"Person\",\"@id\":\"https:\/\/acefootball.com\/da\/#\/schema\/person\/fd6223a1c033400b41da7853ddf88c84\",\"name\":\"Patrick Hesselb\u00e6k\",\"image\":{\"@type\":\"ImageObject\",\"@id\":\"https:\/\/acefootball.com\/da\/#personlogo\",\"inLanguage\":\"en-US\",\"url\":\"https:\/\/secure.gravatar.com\/avatar\/7919060992759bffbffb199d6cbdce6f?s=96&d=mm&r=g\",\"contentUrl\":\"https:\/\/secure.gravatar.com\/avatar\/7919060992759bffbffb199d6cbdce6f?s=96&d=mm&r=g\",\"caption\":\"Patrick Hesselb\u00e6k\"},\"description\":\"Redakt\u00f8r p\u00e5 den danske Ace Football-redaktion. Uddannet i kommunikation fra Aalborg Universitet. Prim\u00e6rt fokus p\u00e5 den danske 3F Superliga og de st\u00f8rste europ\u00e6iske turneringer.\",\"sameAs\":[\"https:\/\/www.linkedin.com\/in\/patrick-hesselbk-2a4b1711a\/\"],\"url\":\"https:\/\/acefootball.com\/da\/fodboldnyheder\/author\/patrickhesselbaek\/\"}]}<\/script>\n<!-- \/ Yoast SEO plugin. -->","yoast_head_json":{"title":"Avis afsl\u00f8rer: Tidligere AGF-tr\u00e6ner p\u00e5 blokken i Vejle","description":"If\u00f8lge Vejle Amts Folkeblad er den tidligere AGF- og Silkeborg-tr\u00e6ner Peter S\u00f8rensen den ene af to kandidater til at blive cheftr\u00e6ner i Vejle","robots":{"index":"index","follow":"follow","max-snippet":"max-snippet:-1","max-image-preview":"max-image-preview:large","max-video-preview":"max-video-preview:-1"},"canonical":"https:\/\/acefootball.com\/da\/fodboldnyheder\/avis-afsloerer-tidligere-agf-traener-paa-blokken-i-vejle\/","og_locale":"en_US","og_type":"article","og_title":"Avis afsl\u00f8rer: Tidligere AGF-tr\u00e6ner p\u00e5 blokken i Vejle","og_description":"If\u00f8lge Vejle Amts Folkeblad er den tidligere AGF- og Silkeborg-tr\u00e6ner Peter S\u00f8rensen den ene af to kandidater til at blive cheftr\u00e6ner i Vejle","og_url":"https:\/\/acefootball.com\/da\/fodboldnyheder\/avis-afsloerer-tidligere-agf-traener-paa-blokken-i-vejle\/","og_site_name":"Ace Football Danmark","article_publisher":"https:\/\/www.facebook.com\/acefootballdk","article_published_time":"2021-08-23T07:49:13+00:00","article_modified_time":"2021-08-23T07:49:15+00:00","og_image":[{"width":1920,"height":1008,"url":"https:\/\/acefootball.com\/da\/wp-content\/uploads\/sites\/2\/2021\/08\/Copy-of-Video-generel-78.jpg","type":"image\/jpeg"}],"twitter_card":"summary_large_image","twitter_misc":{"Written by":"Patrick Hesselb\u00e6k","Est. reading time":"1 minute"},"schema":{"@context":"https:\/\/schema.org","@graph":[{"@type":"Organization","@id":"https:\/\/acefootball.com\/da\/#organization","name":"Ace Football","url":"https:\/\/acefootball.com\/da\/","sameAs":["https:\/\/www.facebook.com\/acefootballdk"],"logo":{"@type":"ImageObject","@id":"https:\/\/acefootball.com\/da\/#logo","inLanguage":"en-US","url":"https:\/\/acefootball.com\/da\/wp-content\/uploads\/sites\/2\/2020\/07\/Ace-Football-30-07-2020-2.png","contentUrl":"https:\/\/acefootball.com\/da\/wp-content\/uploads\/sites\/2\/2020\/07\/Ace-Football-30-07-2020-2.png","width":1200,"height":600,"caption":"Ace Football"},"image":{"@id":"https:\/\/acefootball.com\/da\/#logo"}},{"@type":"WebSite","@id":"https:\/\/acefootball.com\/da\/#website","url":"https:\/\/acefootball.com\/da\/","name":"Ace Football Danmark","description":"Nyheder, Spiltips &amp; Livescore","publisher":{"@id":"https:\/\/acefootball.com\/da\/#organization"},"potentialAction":[{"@type":"SearchAction","target":{"@type":"EntryPoint","urlTemplate":"https:\/\/acefootball.com\/da\/?s={search_term_string}"},"query-input":"required name=search_term_string"}],"inLanguage":"en-US"},{"@type":"ImageObject","@id":"https:\/\/acefootball.com\/da\/fodboldnyheder\/avis-afsloerer-tidligere-agf-traener-paa-blokken-i-vejle\/#primaryimage","inLanguage":"en-US","url":"https:\/\/acefootball.com\/da\/wp-content\/uploads\/sites\/2\/2021\/08\/Copy-of-Video-generel-78.jpg","contentUrl":"https:\/\/acefootball.com\/da\/wp-content\/uploads\/sites\/2\/2021\/08\/Copy-of-Video-generel-78.jpg","width":1920,"height":1008},{"@type":"WebPage","@id":"https:\/\/acefootball.com\/da\/fodboldnyheder\/avis-afsloerer-tidligere-agf-traener-paa-blokken-i-vejle\/#webpage","url":"https:\/\/acefootball.com\/da\/fodboldnyheder\/avis-afsloerer-tidligere-agf-traener-paa-blokken-i-vejle\/","name":"Avis afsl\u00f8rer: Tidligere AGF-tr\u00e6ner p\u00e5 blokken i Vejle","isPartOf":{"@id":"https:\/\/acefootball.com\/da\/#website"},"primaryImageOfPage":{"@id":"https:\/\/acefootball.com\/da\/fodboldnyheder\/avis-afsloerer-tidligere-agf-traener-paa-blokken-i-vejle\/#primaryimage"},"datePublished":"2021-08-23T07:49:13+00:00","dateModified":"2021-08-23T07:49:15+00:00","description":"If\u00f8lge Vejle Amts Folkeblad er den tidligere AGF- og Silkeborg-tr\u00e6ner Peter S\u00f8rensen den ene af to kandidater til at blive cheftr\u00e6ner i Vejle","breadcrumb":{"@id":"https:\/\/acefootball.com\/da\/fodboldnyheder\/avis-afsloerer-tidligere-agf-traener-paa-blokken-i-vejle\/#breadcrumb"},"inLanguage":"en-US","potentialAction":[{"@type":"ReadAction","target":["https:\/\/acefootball.com\/da\/fodboldnyheder\/avis-afsloerer-tidligere-agf-traener-paa-blokken-i-vejle\/"]}]},{"@type":"BreadcrumbList","@id":"https:\/\/acefootball.com\/da\/fodboldnyheder\/avis-afsloerer-tidligere-agf-traener-paa-blokken-i-vejle\/#breadcrumb","itemListElement":[{"@type":"ListItem","position":1,"name":"Home","item":"https:\/\/acefootball.com\/da\/"},{"@type":"ListItem","position":2,"name":"Avis afsl\u00f8rer: Tidligere AGF-tr\u00e6ner p\u00e5 blokken i Vejle"}]},{"@type":"Article","@id":"https:\/\/acefootball.com\/da\/fodboldnyheder\/avis-afsloerer-tidligere-agf-traener-paa-blokken-i-vejle\/#article","isPartOf":{"@id":"https:\/\/acefootball.com\/da\/fodboldnyheder\/avis-afsloerer-tidligere-agf-traener-paa-blokken-i-vejle\/#webpage"},"author":{"@id":"https:\/\/acefootball.com\/da\/#\/schema\/person\/fd6223a1c033400b41da7853ddf88c84"},"headline":"Avis afsl\u00f8rer: Tidligere AGF-tr\u00e6ner p\u00e5 blokken i Vejle","datePublished":"2021-08-23T07:49:13+00:00","dateModified":"2021-08-23T07:49:15+00:00","mainEntityOfPage":{"@id":"https:\/\/acefootball.com\/da\/fodboldnyheder\/avis-afsloerer-tidligere-agf-traener-paa-blokken-i-vejle\/#webpage"},"wordCount":167,"commentCount":0,"publisher":{"@id":"https:\/\/acefootball.com\/da\/#organization"},"image":{"@id":"https:\/\/acefootball.com\/da\/fodboldnyheder\/avis-afsloerer-tidligere-agf-traener-paa-blokken-i-vejle\/#primaryimage"},"thumbnailUrl":"https:\/\/acefootball.com\/da\/wp-content\/uploads\/sites\/2\/2021\/08\/GettyImages-1234382778.jpg","keywords":["AGF","Superligaen","Vejle Boldklub"],"articleSection":["Transfer"],"inLanguage":"en-US","potentialAction":[{"@type":"CommentAction","name":"Comment","target":["https:\/\/acefootball.com\/da\/fodboldnyheder\/avis-afsloerer-tidligere-agf-traener-paa-blokken-i-vejle\/#respond"]}]},{"@type":"Person","@id":"https:\/\/acefootball.com\/da\/#\/schema\/person\/fd6223a1c033400b41da7853ddf88c84","name":"Patrick Hesselb\u00e6k","image":{"@type":"ImageObject","@id":"https:\/\/acefootball.com\/da\/#personlogo","inLanguage":"en-US","url":"https:\/\/secure.gravatar.com\/avatar\/7919060992759bffbffb199d6cbdce6f?s=96&d=mm&r=g","contentUrl":"https:\/\/secure.gravatar.com\/avatar\/7919060992759bffbffb199d6cbdce6f?s=96&d=mm&r=g","caption":"Patrick Hesselb\u00e6k"},"description":"Redakt\u00f8r p\u00e5 den danske Ace Football-redaktion. Uddannet i kommunikation fra Aalborg Universitet. Prim\u00e6rt fokus p\u00e5 den danske 3F Superliga og de st\u00f8rste europ\u00e6iske turneringer.","sameAs":["https:\/\/www.linkedin.com\/in\/patrick-hesselbk-2a4b1711a\/"],"url":"https:\/\/acefootball.com\/da\/fodboldnyheder\/author\/patrickhesselbaek\/"}]}},"fimg_url":"https:\/\/acefootball.com\/da\/wp-content\/uploads\/sites\/2\/2021\/08\/GettyImages-1234382778.jpg","_links":{"self":[{"href":"https:\/\/acefootball.com\/da\/wp-json\/wp\/v2\/posts\/259232"}],"collection":[{"href":"https:\/\/acefootball.com\/da\/wp-json\/wp\/v2\/posts"}],"about":[{"href":"https:\/\/acefootball.com\/da\/wp-json\/wp\/v2\/types\/post"}],"author":[{"embeddable":true,"href":"https:\/\/acefootball.com\/da\/wp-json\/wp\/v2\/users\/74"}],"replies":[{"embeddable":true,"href":"https:\/\/acefootball.com\/da\/wp-json\/wp\/v2\/comments?post=259232"}],"version-history":[{"count":0,"href":"https:\/\/acefootball.com\/da\/wp-json\/wp\/v2\/posts\/259232\/revisions"}],"wp:featuredmedia":[{"embeddable":true,"href":"https:\/\/acefootball.com\/da\/wp-json\/wp\/v2\/media\/259233"}],"wp:attachment":[{"href":"https:\/\/acefootball.com\/da\/wp-json\/wp\/v2\/media?parent=259232"}],"wp:term":[{"taxonomy":"category","embeddable":true,"href":"https:\/\/acefootball.com\/da\/wp-json\/wp\/v2\/categories?post=259232"},{"taxonomy":"post_tag","embeddable":true,"href":"https:\/\/acefootball.com\/da\/wp-json\/wp\/v2\/tags?post=259232"}],"curies":[{"name":"wp","href":"https:\/\/api.w.org\/{rel}","templated":true}]}}