{"id":259195,"date":"2021-08-06T15:12:10","date_gmt":"2021-08-06T13:12:10","guid":{"rendered":"https:\/\/acefootball.com\/da\/?p=259195"},"modified":"2021-08-06T15:33:34","modified_gmt":"2021-08-06T13:33:34","slug":"officielt-broendby-maa-undvaere-profil-mod-fc-koebenhavn","status":"publish","type":"post","link":"https:\/\/acefootball.com\/da\/fodboldnyheder\/officielt-broendby-maa-undvaere-profil-mod-fc-koebenhavn\/","title":{"rendered":"Officielt: Br\u00f8ndby m\u00e5 undv\u00e6re profil mod FC K\u00f8benhavn"},"content":{"rendered":"\n<h2 id=\"h-br-ndby-if-m-i-s-ndagens-derby-m-de-med-fc-k-benhavn-undv-re-deres-midtbaneslider-josip-radosevic-der-er-testet-positiv-med-corona\">Br\u00f8ndby IF m\u00e5 i s\u00f8ndagens derby-m\u00f8de med FC K\u00f8benhavn undv\u00e6re deres midtbaneslider Josip Radosevic, der er testet positiv med corona<\/h2>\n\n\n\n<p>Br\u00f8ndby IF skal p\u00e5 s\u00f8ndag en tur i Parken for at m\u00f8de rivalerne FC K\u00f8benhavn og jagte deres f\u00f8rste sejr i den nye s\u00e6son, hvor det indtil videre er blevet til tre uafgjorte kampe.<\/p>\n\n\n\n<p>I seneste opg\u00f8r m\u00e5tte de undv\u00e6re midtbanemotoren Josip Radosevic, da han havde v\u00e6ret i n\u00e6rkontakt med en corona-smittet og var g\u00e5et isolation. Nu er der dog d\u00e5rlige nyheder for de forsvarende mestre, for klubben har nemlig netop bekr\u00e6ftet, at Radosevic nu selv er testet positiv og derfor ikke kommer til at spille kampen mod FCK.<\/p>\n\n\n\n<figure class=\"wp-block-embed is-type-rich is-provider-twitter wp-block-embed-twitter\"><div class=\"wp-block-embed__wrapper\">\n<blockquote class=\"twitter-tweet\" data-width=\"550\" data-dnt=\"true\"><p lang=\"und\" dir=\"ltr\"><a href=\"https:\/\/t.co\/5L0DGhaX6v\">https:\/\/t.co\/5L0DGhaX6v<\/a><\/p>&mdash; Br\u00f8ndby IF (@BrondbyIF) <a href=\"https:\/\/twitter.com\/BrondbyIF\/status\/1423625647893647363?ref_src=twsrc%5Etfw\">August 6, 2021<\/a><\/blockquote><script async src=\"https:\/\/platform.twitter.com\/widgets.js\" charset=\"utf-8\"><\/script>\n<\/div><\/figure>\n\n\n\n<p>Udover Radosevic m\u00e5 Br\u00f8ndby ogs\u00e5 undv\u00e6re wingbacken Andreas Bruus, der sidder ude grundet Divisionsforeningens protokoller.<\/p>\n","protected":false},"excerpt":{"rendered":"<p>Br\u00f8ndby IF m\u00e5 i s\u00f8ndagens derby-m\u00f8de med FC K\u00f8benhavn undv\u00e6re deres midtbaneslider Josip Radosevic, der er testet positiv med corona<\/p>\n","protected":false},"author":74,"featured_media":250531,"comment_status":"open","ping_status":"closed","sticky":false,"template":"","format":"standard","meta":{"om_disable_all_campaigns":false,"push_articles_ronaldo":{"active":false,"canonical":0,"publish":false},"force_updates":null},"categories":[1],"tags":[53,4571,588],"enet_tags":{"team":["8595"],"player":["298940"],"league":["46"],"sport_events":[]},"yoast_head":"<!-- This site is optimized with the Yoast SEO plugin v18.3 - https:\/\/yoast.com\/wordpress\/plugins\/seo\/ -->\n<title>Officielt: Br\u00f8ndby m\u00e5 undv\u00e6re profil mod FC K\u00f8benhavn<\/title>\n<meta name=\"description\" content=\"Br\u00f8ndby IF m\u00e5 i s\u00f8ndagens derby-m\u00f8de med FC K\u00f8benhavn undv\u00e6re deres midtbaneslider Josip Radosevic, der er testet positiv med corona\" \/>\n<meta name=\"robots\" content=\"index, follow, max-snippet:-1, max-image-preview:large, max-video-preview:-1\" \/>\n<link rel=\"canonical\" href=\"https:\/\/acefootball.com\/da\/fodboldnyheder\/officielt-broendby-maa-undvaere-profil-mod-fc-koebenhavn\/\" \/>\n<meta property=\"og:locale\" content=\"en_US\" \/>\n<meta property=\"og:type\" content=\"article\" \/>\n<meta property=\"og:title\" content=\"Officielt: Br\u00f8ndby m\u00e5 undv\u00e6re profil mod FC K\u00f8benhavn\" \/>\n<meta property=\"og:description\" content=\"Br\u00f8ndby IF m\u00e5 i s\u00f8ndagens derby-m\u00f8de med FC K\u00f8benhavn undv\u00e6re deres midtbaneslider Josip Radosevic, der er testet positiv med corona\" \/>\n<meta property=\"og:url\" content=\"https:\/\/acefootball.com\/da\/fodboldnyheder\/officielt-broendby-maa-undvaere-profil-mod-fc-koebenhavn\/\" \/>\n<meta property=\"og:site_name\" content=\"Ace Football Danmark\" \/>\n<meta property=\"article:publisher\" content=\"https:\/\/www.facebook.com\/acefootballdk\" \/>\n<meta property=\"article:published_time\" content=\"2021-08-06T13:12:10+00:00\" \/>\n<meta property=\"article:modified_time\" content=\"2021-08-06T13:33:34+00:00\" \/>\n<meta property=\"og:image\" content=\"https:\/\/acefootball.com\/da\/wp-content\/uploads\/sites\/2\/2020\/11\/Broendby-6.jpg\" \/>\n\t<meta property=\"og:image:width\" content=\"1920\" \/>\n\t<meta property=\"og:image:height\" content=\"1008\" \/>\n\t<meta property=\"og:image:type\" content=\"image\/jpeg\" \/>\n<meta name=\"twitter:card\" content=\"summary_large_image\" \/>\n<meta name=\"twitter:label1\" content=\"Written by\" \/>\n\t<meta name=\"twitter:data1\" content=\"Patrick Hesselb\u00e6k\" \/>\n\t<meta name=\"twitter:label2\" content=\"Est. reading time\" \/>\n\t<meta name=\"twitter:data2\" content=\"1 minute\" \/>\n<script type=\"application\/ld+json\" class=\"yoast-schema-graph\">{\"@context\":\"https:\/\/schema.org\",\"@graph\":[{\"@type\":\"Organization\",\"@id\":\"https:\/\/acefootball.com\/da\/#organization\",\"name\":\"Ace Football\",\"url\":\"https:\/\/acefootball.com\/da\/\",\"sameAs\":[\"https:\/\/www.facebook.com\/acefootballdk\"],\"logo\":{\"@type\":\"ImageObject\",\"@id\":\"https:\/\/acefootball.com\/da\/#logo\",\"inLanguage\":\"en-US\",\"url\":\"https:\/\/acefootball.com\/da\/wp-content\/uploads\/sites\/2\/2020\/07\/Ace-Football-30-07-2020-2.png\",\"contentUrl\":\"https:\/\/acefootball.com\/da\/wp-content\/uploads\/sites\/2\/2020\/07\/Ace-Football-30-07-2020-2.png\",\"width\":1200,\"height\":600,\"caption\":\"Ace Football\"},\"image\":{\"@id\":\"https:\/\/acefootball.com\/da\/#logo\"}},{\"@type\":\"WebSite\",\"@id\":\"https:\/\/acefootball.com\/da\/#website\",\"url\":\"https:\/\/acefootball.com\/da\/\",\"name\":\"Ace Football Danmark\",\"description\":\"Nyheder, Spiltips &amp; Livescore\",\"publisher\":{\"@id\":\"https:\/\/acefootball.com\/da\/#organization\"},\"potentialAction\":[{\"@type\":\"SearchAction\",\"target\":{\"@type\":\"EntryPoint\",\"urlTemplate\":\"https:\/\/acefootball.com\/da\/?s={search_term_string}\"},\"query-input\":\"required name=search_term_string\"}],\"inLanguage\":\"en-US\"},{\"@type\":\"ImageObject\",\"@id\":\"https:\/\/acefootball.com\/da\/fodboldnyheder\/officielt-broendby-maa-undvaere-profil-mod-fc-koebenhavn\/#primaryimage\",\"inLanguage\":\"en-US\",\"url\":\"https:\/\/acefootball.com\/da\/wp-content\/uploads\/sites\/2\/2020\/11\/Broendby-6.jpg\",\"contentUrl\":\"https:\/\/acefootball.com\/da\/wp-content\/uploads\/sites\/2\/2020\/11\/Broendby-6.jpg\",\"width\":1920,\"height\":1008,\"caption\":\"niels frederiksen\"},{\"@type\":\"WebPage\",\"@id\":\"https:\/\/acefootball.com\/da\/fodboldnyheder\/officielt-broendby-maa-undvaere-profil-mod-fc-koebenhavn\/#webpage\",\"url\":\"https:\/\/acefootball.com\/da\/fodboldnyheder\/officielt-broendby-maa-undvaere-profil-mod-fc-koebenhavn\/\",\"name\":\"Officielt: Br\u00f8ndby m\u00e5 undv\u00e6re profil mod FC K\u00f8benhavn\",\"isPartOf\":{\"@id\":\"https:\/\/acefootball.com\/da\/#website\"},\"primaryImageOfPage\":{\"@id\":\"https:\/\/acefootball.com\/da\/fodboldnyheder\/officielt-broendby-maa-undvaere-profil-mod-fc-koebenhavn\/#primaryimage\"},\"datePublished\":\"2021-08-06T13:12:10+00:00\",\"dateModified\":\"2021-08-06T13:33:34+00:00\",\"description\":\"Br\u00f8ndby IF m\u00e5 i s\u00f8ndagens derby-m\u00f8de med FC K\u00f8benhavn undv\u00e6re deres midtbaneslider Josip Radosevic, der er testet positiv med corona\",\"breadcrumb\":{\"@id\":\"https:\/\/acefootball.com\/da\/fodboldnyheder\/officielt-broendby-maa-undvaere-profil-mod-fc-koebenhavn\/#breadcrumb\"},\"inLanguage\":\"en-US\",\"potentialAction\":[{\"@type\":\"ReadAction\",\"target\":[\"https:\/\/acefootball.com\/da\/fodboldnyheder\/officielt-broendby-maa-undvaere-profil-mod-fc-koebenhavn\/\"]}]},{\"@type\":\"BreadcrumbList\",\"@id\":\"https:\/\/acefootball.com\/da\/fodboldnyheder\/officielt-broendby-maa-undvaere-profil-mod-fc-koebenhavn\/#breadcrumb\",\"itemListElement\":[{\"@type\":\"ListItem\",\"position\":1,\"name\":\"Home\",\"item\":\"https:\/\/acefootball.com\/da\/\"},{\"@type\":\"ListItem\",\"position\":2,\"name\":\"Officielt: Br\u00f8ndby m\u00e5 undv\u00e6re profil mod FC K\u00f8benhavn\"}]},{\"@type\":\"Article\",\"@id\":\"https:\/\/acefootball.com\/da\/fodboldnyheder\/officielt-broendby-maa-undvaere-profil-mod-fc-koebenhavn\/#article\",\"isPartOf\":{\"@id\":\"https:\/\/acefootball.com\/da\/fodboldnyheder\/officielt-broendby-maa-undvaere-profil-mod-fc-koebenhavn\/#webpage\"},\"author\":{\"@id\":\"https:\/\/acefootball.com\/da\/#\/schema\/person\/fd6223a1c033400b41da7853ddf88c84\"},\"headline\":\"Officielt: Br\u00f8ndby m\u00e5 undv\u00e6re profil mod FC K\u00f8benhavn\",\"datePublished\":\"2021-08-06T13:12:10+00:00\",\"dateModified\":\"2021-08-06T13:33:34+00:00\",\"mainEntityOfPage\":{\"@id\":\"https:\/\/acefootball.com\/da\/fodboldnyheder\/officielt-broendby-maa-undvaere-profil-mod-fc-koebenhavn\/#webpage\"},\"wordCount\":161,\"commentCount\":0,\"publisher\":{\"@id\":\"https:\/\/acefootball.com\/da\/#organization\"},\"image\":{\"@id\":\"https:\/\/acefootball.com\/da\/fodboldnyheder\/officielt-broendby-maa-undvaere-profil-mod-fc-koebenhavn\/#primaryimage\"},\"thumbnailUrl\":\"https:\/\/acefootball.com\/da\/wp-content\/uploads\/sites\/2\/2021\/02\/GettyImages-1011530258.jpg\",\"keywords\":[\"Br\u00f8ndby IF\",\"Josip Radosevic\",\"Superligaen\"],\"articleSection\":[\"Nyhed\"],\"inLanguage\":\"en-US\",\"potentialAction\":[{\"@type\":\"CommentAction\",\"name\":\"Comment\",\"target\":[\"https:\/\/acefootball.com\/da\/fodboldnyheder\/officielt-broendby-maa-undvaere-profil-mod-fc-koebenhavn\/#respond\"]}]},{\"@type\":\"Person\",\"@id\":\"https:\/\/acefootball.com\/da\/#\/schema\/person\/fd6223a1c033400b41da7853ddf88c84\",\"name\":\"Patrick Hesselb\u00e6k\",\"image\":{\"@type\":\"ImageObject\",\"@id\":\"https:\/\/acefootball.com\/da\/#personlogo\",\"inLanguage\":\"en-US\",\"url\":\"https:\/\/secure.gravatar.com\/avatar\/7919060992759bffbffb199d6cbdce6f?s=96&d=mm&r=g\",\"contentUrl\":\"https:\/\/secure.gravatar.com\/avatar\/7919060992759bffbffb199d6cbdce6f?s=96&d=mm&r=g\",\"caption\":\"Patrick Hesselb\u00e6k\"},\"description\":\"Redakt\u00f8r p\u00e5 den danske Ace Football-redaktion. Uddannet i kommunikation fra Aalborg Universitet. Prim\u00e6rt fokus p\u00e5 den danske 3F Superliga og de st\u00f8rste europ\u00e6iske turneringer.\",\"sameAs\":[\"https:\/\/www.linkedin.com\/in\/patrick-hesselbk-2a4b1711a\/\"],\"url\":\"https:\/\/acefootball.com\/da\/fodboldnyheder\/author\/patrickhesselbaek\/\"}]}<\/script>\n<!-- \/ Yoast SEO plugin. -->","yoast_head_json":{"title":"Officielt: Br\u00f8ndby m\u00e5 undv\u00e6re profil mod FC K\u00f8benhavn","description":"Br\u00f8ndby IF m\u00e5 i s\u00f8ndagens derby-m\u00f8de med FC K\u00f8benhavn undv\u00e6re deres midtbaneslider Josip Radosevic, der er testet positiv med corona","robots":{"index":"index","follow":"follow","max-snippet":"max-snippet:-1","max-image-preview":"max-image-preview:large","max-video-preview":"max-video-preview:-1"},"canonical":"https:\/\/acefootball.com\/da\/fodboldnyheder\/officielt-broendby-maa-undvaere-profil-mod-fc-koebenhavn\/","og_locale":"en_US","og_type":"article","og_title":"Officielt: Br\u00f8ndby m\u00e5 undv\u00e6re profil mod FC K\u00f8benhavn","og_description":"Br\u00f8ndby IF m\u00e5 i s\u00f8ndagens derby-m\u00f8de med FC K\u00f8benhavn undv\u00e6re deres midtbaneslider Josip Radosevic, der er testet positiv med corona","og_url":"https:\/\/acefootball.com\/da\/fodboldnyheder\/officielt-broendby-maa-undvaere-profil-mod-fc-koebenhavn\/","og_site_name":"Ace Football Danmark","article_publisher":"https:\/\/www.facebook.com\/acefootballdk","article_published_time":"2021-08-06T13:12:10+00:00","article_modified_time":"2021-08-06T13:33:34+00:00","og_image":[{"width":1920,"height":1008,"url":"https:\/\/acefootball.com\/da\/wp-content\/uploads\/sites\/2\/2020\/11\/Broendby-6.jpg","type":"image\/jpeg"}],"twitter_card":"summary_large_image","twitter_misc":{"Written by":"Patrick Hesselb\u00e6k","Est. reading time":"1 minute"},"schema":{"@context":"https:\/\/schema.org","@graph":[{"@type":"Organization","@id":"https:\/\/acefootball.com\/da\/#organization","name":"Ace Football","url":"https:\/\/acefootball.com\/da\/","sameAs":["https:\/\/www.facebook.com\/acefootballdk"],"logo":{"@type":"ImageObject","@id":"https:\/\/acefootball.com\/da\/#logo","inLanguage":"en-US","url":"https:\/\/acefootball.com\/da\/wp-content\/uploads\/sites\/2\/2020\/07\/Ace-Football-30-07-2020-2.png","contentUrl":"https:\/\/acefootball.com\/da\/wp-content\/uploads\/sites\/2\/2020\/07\/Ace-Football-30-07-2020-2.png","width":1200,"height":600,"caption":"Ace Football"},"image":{"@id":"https:\/\/acefootball.com\/da\/#logo"}},{"@type":"WebSite","@id":"https:\/\/acefootball.com\/da\/#website","url":"https:\/\/acefootball.com\/da\/","name":"Ace Football Danmark","description":"Nyheder, Spiltips &amp; Livescore","publisher":{"@id":"https:\/\/acefootball.com\/da\/#organization"},"potentialAction":[{"@type":"SearchAction","target":{"@type":"EntryPoint","urlTemplate":"https:\/\/acefootball.com\/da\/?s={search_term_string}"},"query-input":"required name=search_term_string"}],"inLanguage":"en-US"},{"@type":"ImageObject","@id":"https:\/\/acefootball.com\/da\/fodboldnyheder\/officielt-broendby-maa-undvaere-profil-mod-fc-koebenhavn\/#primaryimage","inLanguage":"en-US","url":"https:\/\/acefootball.com\/da\/wp-content\/uploads\/sites\/2\/2020\/11\/Broendby-6.jpg","contentUrl":"https:\/\/acefootball.com\/da\/wp-content\/uploads\/sites\/2\/2020\/11\/Broendby-6.jpg","width":1920,"height":1008,"caption":"niels frederiksen"},{"@type":"WebPage","@id":"https:\/\/acefootball.com\/da\/fodboldnyheder\/officielt-broendby-maa-undvaere-profil-mod-fc-koebenhavn\/#webpage","url":"https:\/\/acefootball.com\/da\/fodboldnyheder\/officielt-broendby-maa-undvaere-profil-mod-fc-koebenhavn\/","name":"Officielt: Br\u00f8ndby m\u00e5 undv\u00e6re profil mod FC K\u00f8benhavn","isPartOf":{"@id":"https:\/\/acefootball.com\/da\/#website"},"primaryImageOfPage":{"@id":"https:\/\/acefootball.com\/da\/fodboldnyheder\/officielt-broendby-maa-undvaere-profil-mod-fc-koebenhavn\/#primaryimage"},"datePublished":"2021-08-06T13:12:10+00:00","dateModified":"2021-08-06T13:33:34+00:00","description":"Br\u00f8ndby IF m\u00e5 i s\u00f8ndagens derby-m\u00f8de med FC K\u00f8benhavn undv\u00e6re deres midtbaneslider Josip Radosevic, der er testet positiv med corona","breadcrumb":{"@id":"https:\/\/acefootball.com\/da\/fodboldnyheder\/officielt-broendby-maa-undvaere-profil-mod-fc-koebenhavn\/#breadcrumb"},"inLanguage":"en-US","potentialAction":[{"@type":"ReadAction","target":["https:\/\/acefootball.com\/da\/fodboldnyheder\/officielt-broendby-maa-undvaere-profil-mod-fc-koebenhavn\/"]}]},{"@type":"BreadcrumbList","@id":"https:\/\/acefootball.com\/da\/fodboldnyheder\/officielt-broendby-maa-undvaere-profil-mod-fc-koebenhavn\/#breadcrumb","itemListElement":[{"@type":"ListItem","position":1,"name":"Home","item":"https:\/\/acefootball.com\/da\/"},{"@type":"ListItem","position":2,"name":"Officielt: Br\u00f8ndby m\u00e5 undv\u00e6re profil mod FC K\u00f8benhavn"}]},{"@type":"Article","@id":"https:\/\/acefootball.com\/da\/fodboldnyheder\/officielt-broendby-maa-undvaere-profil-mod-fc-koebenhavn\/#article","isPartOf":{"@id":"https:\/\/acefootball.com\/da\/fodboldnyheder\/officielt-broendby-maa-undvaere-profil-mod-fc-koebenhavn\/#webpage"},"author":{"@id":"https:\/\/acefootball.com\/da\/#\/schema\/person\/fd6223a1c033400b41da7853ddf88c84"},"headline":"Officielt: Br\u00f8ndby m\u00e5 undv\u00e6re profil mod FC K\u00f8benhavn","datePublished":"2021-08-06T13:12:10+00:00","dateModified":"2021-08-06T13:33:34+00:00","mainEntityOfPage":{"@id":"https:\/\/acefootball.com\/da\/fodboldnyheder\/officielt-broendby-maa-undvaere-profil-mod-fc-koebenhavn\/#webpage"},"wordCount":161,"commentCount":0,"publisher":{"@id":"https:\/\/acefootball.com\/da\/#organization"},"image":{"@id":"https:\/\/acefootball.com\/da\/fodboldnyheder\/officielt-broendby-maa-undvaere-profil-mod-fc-koebenhavn\/#primaryimage"},"thumbnailUrl":"https:\/\/acefootball.com\/da\/wp-content\/uploads\/sites\/2\/2021\/02\/GettyImages-1011530258.jpg","keywords":["Br\u00f8ndby IF","Josip Radosevic","Superligaen"],"articleSection":["Nyhed"],"inLanguage":"en-US","potentialAction":[{"@type":"CommentAction","name":"Comment","target":["https:\/\/acefootball.com\/da\/fodboldnyheder\/officielt-broendby-maa-undvaere-profil-mod-fc-koebenhavn\/#respond"]}]},{"@type":"Person","@id":"https:\/\/acefootball.com\/da\/#\/schema\/person\/fd6223a1c033400b41da7853ddf88c84","name":"Patrick Hesselb\u00e6k","image":{"@type":"ImageObject","@id":"https:\/\/acefootball.com\/da\/#personlogo","inLanguage":"en-US","url":"https:\/\/secure.gravatar.com\/avatar\/7919060992759bffbffb199d6cbdce6f?s=96&d=mm&r=g","contentUrl":"https:\/\/secure.gravatar.com\/avatar\/7919060992759bffbffb199d6cbdce6f?s=96&d=mm&r=g","caption":"Patrick Hesselb\u00e6k"},"description":"Redakt\u00f8r p\u00e5 den danske Ace Football-redaktion. Uddannet i kommunikation fra Aalborg Universitet. Prim\u00e6rt fokus p\u00e5 den danske 3F Superliga og de st\u00f8rste europ\u00e6iske turneringer.","sameAs":["https:\/\/www.linkedin.com\/in\/patrick-hesselbk-2a4b1711a\/"],"url":"https:\/\/acefootball.com\/da\/fodboldnyheder\/author\/patrickhesselbaek\/"}]}},"fimg_url":"https:\/\/acefootball.com\/da\/wp-content\/uploads\/sites\/2\/2021\/02\/GettyImages-1011530258.jpg","_links":{"self":[{"href":"https:\/\/acefootball.com\/da\/wp-json\/wp\/v2\/posts\/259195"}],"collection":[{"href":"https:\/\/acefootball.com\/da\/wp-json\/wp\/v2\/posts"}],"about":[{"href":"https:\/\/acefootball.com\/da\/wp-json\/wp\/v2\/types\/post"}],"author":[{"embeddable":true,"href":"https:\/\/acefootball.com\/da\/wp-json\/wp\/v2\/users\/74"}],"replies":[{"embeddable":true,"href":"https:\/\/acefootball.com\/da\/wp-json\/wp\/v2\/comments?post=259195"}],"version-history":[{"count":0,"href":"https:\/\/acefootball.com\/da\/wp-json\/wp\/v2\/posts\/259195\/revisions"}],"wp:featuredmedia":[{"embeddable":true,"href":"https:\/\/acefootball.com\/da\/wp-json\/wp\/v2\/media\/250531"}],"wp:attachment":[{"href":"https:\/\/acefootball.com\/da\/wp-json\/wp\/v2\/media?parent=259195"}],"wp:term":[{"taxonomy":"category","embeddable":true,"href":"https:\/\/acefootball.com\/da\/wp-json\/wp\/v2\/categories?post=259195"},{"taxonomy":"post_tag","embeddable":true,"href":"https:\/\/acefootball.com\/da\/wp-json\/wp\/v2\/tags?post=259195"}],"curies":[{"name":"wp","href":"https:\/\/api.w.org\/{rel}","templated":true}]}}