{"id":259151,"date":"2021-08-02T10:35:31","date_gmt":"2021-08-02T08:35:31","guid":{"rendered":"https:\/\/acefootball.com\/da\/?p=259151"},"modified":"2021-08-02T10:41:17","modified_gmt":"2021-08-02T08:41:17","slug":"cv-om-maxso-situationen-lad-os-lige-tage-op-i-helikopteren","status":"publish","type":"post","link":"https:\/\/acefootball.com\/da\/fodboldnyheder\/cv-om-maxso-situationen-lad-os-lige-tage-op-i-helikopteren\/","title":{"rendered":"&#8216;CV&#8217; om Maxs\u00f8-situationen: &#8216;Lad os lige tage op i helikopteren&#8217;"},"content":{"rendered":"\n<h2 id=\"h-carsten-v-jensen-forklarer-hvorfor-andreas-maxs-s-skifte-er-trukket-ud-og-beder-folk-se-p-hele-situationen-i-et-lidt-st-rre-perspektiv\">Carsten V. Jensen forklarer, hvorfor Andreas Maxs\u00f8s skifte er trukket ud, og beder folk se p\u00e5 hele situationen i et lidt st\u00f8rre perspektiv<\/h2>\n\n\n\n<div class=\"wp-block-si-widget wp-block-si-widget--center\"><si-lb-widget widget-id=\"MatchInfo\" width=\"440\" data-nopadding=\"true\" data-card=\"true\" data-event-id=\"3597756\" data-theme-appearance=\"dark\"><\/si-lb-widget><\/div>\n\n\n\n<p>Br\u00f8ndby IF spillede i g\u00e5r uafgjort for tredje gang ud af tre mulige i denne s\u00e6son, da de m\u00f8dte Vejle Boldklub p\u00e5 udebane i en kamp, der endte 2-2.<\/p>\n\n\n\n<p>I forbindelse med kampen blev Br\u00f8ndbys fodbolddirekt\u00f8r Carsten V. Jensen af <a href=\"https:\/\/www.eurosport.dk\/fodbold\/3f-superliga\/2020-2021\/stor-transfersnak-med-carsten-v.-jensen-om-maxso-sorensen-wikstrom-uhre-med-mere_vid1518014\/video.shtml\" target=\"_blank\" rel=\"noreferrer noopener\">Discovery<\/a> spurgt ind til, om der er noget nyt omkring situationen med Andreas Maxs\u00f8, der er p\u00e5 vej til russiske Rostov.<\/p>\n\n\n\n<p>&#8220;Nej, det er der ikke, men det er Rusland, og det er ikke s\u00e5 nemt at f\u00e5 visum, og derfor er alt, hvad der har v\u00e6ret af l\u00e6getjek og s\u00e5 videre foreg\u00e5et i K\u00f8benhavn, men jeg forventer, at indenfor et par dage, s\u00e5 er vi helt i m\u00e5l,&#8221; svarer &#8216;CV&#8217;.<\/p>\n\n\n\n<p><em>Hvordan er din tilfredshed med den transfer, I laver p\u00e5 Maxs\u00f8?<\/em><\/p>\n\n\n\n<p>&#8220;Lad os lige tage op i helikopteren og kigge p\u00e5, hvad vores situation var tilbage i september 2019. Br\u00f8ndby var i en situation, hvor vi rent \u00f8konomisk ikke stod med s\u00e5 store muskler, og Maxs\u00f8 var i en situation, hvor han havde brug for en klub. Vi havde brug for hinanden, selvom han l\u00f8fter os. Nu st\u00e5r vi her to \u00e5r senere, og Br\u00f8ndby er blevet danske mestre, og Maxs\u00f8 har f\u00e5et et rigtigt godt skifte, som det ser ud.&#8221;<\/p>\n\n\n\n<p>&#8216;CV&#8217; anerkender desuden, at Maxs\u00f8 efterlader et stort hul, men at der nok skal v\u00e6re en ny spiller, der kommer til at tage over for anf\u00f8reren.<\/p>\n\n\n\n<figure class=\"wp-block-embed is-type-wp-embed is-provider-ace-football-danmark wp-block-embed-ace-football-danmark\"><div class=\"wp-block-embed__wrapper\">\n<blockquote class=\"wp-embedded-content\" data-secret=\"OVCsw4ShGq\"><a href=\"https:\/\/acefootball.com\/da\/fodboldnyheder\/topscorer-afsloerer-har-faaet-forespoergsel-fra-broendby\/\">Topscorer afsl\u00f8rer: &#8216;Har f\u00e5et foresp\u00f8rgsel fra Br\u00f8ndby&#8217;<\/a><\/blockquote><iframe class=\"wp-embedded-content\" sandbox=\"allow-scripts\" security=\"restricted\" style=\"position: absolute; clip: rect(1px, 1px, 1px, 1px);\" title=\"&#8220;Topscorer afsl\u00f8rer: &#8216;Har f\u00e5et foresp\u00f8rgsel fra Br\u00f8ndby&#8217;&#8221; &#8212; Ace Football Danmark\" src=\"https:\/\/acefootball.com\/da\/fodboldnyheder\/topscorer-afsloerer-har-faaet-forespoergsel-fra-broendby\/embed\/#?secret=OVCsw4ShGq\" data-secret=\"OVCsw4ShGq\" width=\"600\" height=\"338\" frameborder=\"0\" marginwidth=\"0\" marginheight=\"0\" scrolling=\"no\"><\/iframe>\n<\/div><\/figure>\n","protected":false},"excerpt":{"rendered":"<p>Carsten V. Jensen forklarer, hvorfor Andreas Maxs\u00f8s skifte er trukket ud, og beder folk se p\u00e5 hele situationen i et lidt st\u00f8rre perspektiv<\/p>\n","protected":false},"author":74,"featured_media":259152,"comment_status":"open","ping_status":"closed","sticky":false,"template":"","format":"standard","meta":{"om_disable_all_campaigns":false,"push_articles_ronaldo":{"active":false,"canonical":0,"publish":false},"force_updates":null},"categories":[8204],"tags":[429,53],"enet_tags":{"player":["408570"],"team":["8595"],"sport_events":[3597756]},"yoast_head":"<!-- This site is optimized with the Yoast SEO plugin v18.3 - https:\/\/yoast.com\/wordpress\/plugins\/seo\/ -->\n<title>&#039;CV&#039; om Maxs\u00f8-situationen: &#039;Lad os lige tage op i helikopteren&#039;<\/title>\n<meta name=\"description\" content=\"Carsten V. Jensen forklarer, hvorfor Andreas Maxs\u00f8s skifte er trukket ud, og beder folk se p\u00e5 hele situationen i et lidt st\u00f8rre perspektiv\" \/>\n<meta name=\"robots\" content=\"index, follow, max-snippet:-1, max-image-preview:large, max-video-preview:-1\" \/>\n<link rel=\"canonical\" href=\"https:\/\/acefootball.com\/da\/fodboldnyheder\/cv-om-maxso-situationen-lad-os-lige-tage-op-i-helikopteren\/\" \/>\n<meta property=\"og:locale\" content=\"en_US\" \/>\n<meta property=\"og:type\" content=\"article\" \/>\n<meta property=\"og:title\" content=\"&#039;CV&#039; om Maxs\u00f8-situationen: &#039;Lad os lige tage op i helikopteren&#039;\" \/>\n<meta property=\"og:description\" content=\"Carsten V. Jensen forklarer, hvorfor Andreas Maxs\u00f8s skifte er trukket ud, og beder folk se p\u00e5 hele situationen i et lidt st\u00f8rre perspektiv\" \/>\n<meta property=\"og:url\" content=\"https:\/\/acefootball.com\/da\/fodboldnyheder\/cv-om-maxso-situationen-lad-os-lige-tage-op-i-helikopteren\/\" \/>\n<meta property=\"og:site_name\" content=\"Ace Football Danmark\" \/>\n<meta property=\"article:publisher\" content=\"https:\/\/www.facebook.com\/acefootballdk\" \/>\n<meta property=\"article:published_time\" content=\"2021-08-02T08:35:31+00:00\" \/>\n<meta property=\"article:modified_time\" content=\"2021-08-02T08:41:17+00:00\" \/>\n<meta property=\"og:image\" content=\"https:\/\/acefootball.com\/da\/wp-content\/uploads\/sites\/2\/2021\/08\/Brondby-18.jpg\" \/>\n\t<meta property=\"og:image:width\" content=\"1920\" \/>\n\t<meta property=\"og:image:height\" content=\"1008\" \/>\n\t<meta property=\"og:image:type\" content=\"image\/jpeg\" \/>\n<meta name=\"twitter:card\" content=\"summary_large_image\" \/>\n<meta name=\"twitter:label1\" content=\"Written by\" \/>\n\t<meta name=\"twitter:data1\" content=\"Patrick Hesselb\u00e6k\" \/>\n\t<meta name=\"twitter:label2\" content=\"Est. reading time\" \/>\n\t<meta name=\"twitter:data2\" content=\"2 minutes\" \/>\n<script type=\"application\/ld+json\" class=\"yoast-schema-graph\">{\"@context\":\"https:\/\/schema.org\",\"@graph\":[{\"@type\":\"Organization\",\"@id\":\"https:\/\/acefootball.com\/da\/#organization\",\"name\":\"Ace Football\",\"url\":\"https:\/\/acefootball.com\/da\/\",\"sameAs\":[\"https:\/\/www.facebook.com\/acefootballdk\"],\"logo\":{\"@type\":\"ImageObject\",\"@id\":\"https:\/\/acefootball.com\/da\/#logo\",\"inLanguage\":\"en-US\",\"url\":\"https:\/\/acefootball.com\/da\/wp-content\/uploads\/sites\/2\/2020\/07\/Ace-Football-30-07-2020-2.png\",\"contentUrl\":\"https:\/\/acefootball.com\/da\/wp-content\/uploads\/sites\/2\/2020\/07\/Ace-Football-30-07-2020-2.png\",\"width\":1200,\"height\":600,\"caption\":\"Ace Football\"},\"image\":{\"@id\":\"https:\/\/acefootball.com\/da\/#logo\"}},{\"@type\":\"WebSite\",\"@id\":\"https:\/\/acefootball.com\/da\/#website\",\"url\":\"https:\/\/acefootball.com\/da\/\",\"name\":\"Ace Football Danmark\",\"description\":\"Nyheder, Spiltips &amp; Livescore\",\"publisher\":{\"@id\":\"https:\/\/acefootball.com\/da\/#organization\"},\"potentialAction\":[{\"@type\":\"SearchAction\",\"target\":{\"@type\":\"EntryPoint\",\"urlTemplate\":\"https:\/\/acefootball.com\/da\/?s={search_term_string}\"},\"query-input\":\"required name=search_term_string\"}],\"inLanguage\":\"en-US\"},{\"@type\":\"ImageObject\",\"@id\":\"https:\/\/acefootball.com\/da\/fodboldnyheder\/cv-om-maxso-situationen-lad-os-lige-tage-op-i-helikopteren\/#primaryimage\",\"inLanguage\":\"en-US\",\"url\":\"https:\/\/acefootball.com\/da\/wp-content\/uploads\/sites\/2\/2021\/08\/Brondby-18.jpg\",\"contentUrl\":\"https:\/\/acefootball.com\/da\/wp-content\/uploads\/sites\/2\/2021\/08\/Brondby-18.jpg\",\"width\":1920,\"height\":1008,\"caption\":\"BRONDBY, DENMARK - MAY 24: Andreas Maxso and Andreas Bruus of Brondby IF celebrate as Danish Champions after the Danish 3F Superliga match between Brondby IF and FC Nordsjalland at Brondby Stadion on May 24, 2021 in Brondby, Denmark. (Photo by Lars Ronbog \/ FrontZoneSport via Getty Images)\"},{\"@type\":\"WebPage\",\"@id\":\"https:\/\/acefootball.com\/da\/fodboldnyheder\/cv-om-maxso-situationen-lad-os-lige-tage-op-i-helikopteren\/#webpage\",\"url\":\"https:\/\/acefootball.com\/da\/fodboldnyheder\/cv-om-maxso-situationen-lad-os-lige-tage-op-i-helikopteren\/\",\"name\":\"'CV' om Maxs\u00f8-situationen: 'Lad os lige tage op i helikopteren'\",\"isPartOf\":{\"@id\":\"https:\/\/acefootball.com\/da\/#website\"},\"primaryImageOfPage\":{\"@id\":\"https:\/\/acefootball.com\/da\/fodboldnyheder\/cv-om-maxso-situationen-lad-os-lige-tage-op-i-helikopteren\/#primaryimage\"},\"datePublished\":\"2021-08-02T08:35:31+00:00\",\"dateModified\":\"2021-08-02T08:41:17+00:00\",\"description\":\"Carsten V. Jensen forklarer, hvorfor Andreas Maxs\u00f8s skifte er trukket ud, og beder folk se p\u00e5 hele situationen i et lidt st\u00f8rre perspektiv\",\"breadcrumb\":{\"@id\":\"https:\/\/acefootball.com\/da\/fodboldnyheder\/cv-om-maxso-situationen-lad-os-lige-tage-op-i-helikopteren\/#breadcrumb\"},\"inLanguage\":\"en-US\",\"potentialAction\":[{\"@type\":\"ReadAction\",\"target\":[\"https:\/\/acefootball.com\/da\/fodboldnyheder\/cv-om-maxso-situationen-lad-os-lige-tage-op-i-helikopteren\/\"]}]},{\"@type\":\"BreadcrumbList\",\"@id\":\"https:\/\/acefootball.com\/da\/fodboldnyheder\/cv-om-maxso-situationen-lad-os-lige-tage-op-i-helikopteren\/#breadcrumb\",\"itemListElement\":[{\"@type\":\"ListItem\",\"position\":1,\"name\":\"Home\",\"item\":\"https:\/\/acefootball.com\/da\/\"},{\"@type\":\"ListItem\",\"position\":2,\"name\":\"&#8216;CV&#8217; om Maxs\u00f8-situationen: &#8216;Lad os lige tage op i helikopteren&#8217;\"}]},{\"@type\":\"Article\",\"@id\":\"https:\/\/acefootball.com\/da\/fodboldnyheder\/cv-om-maxso-situationen-lad-os-lige-tage-op-i-helikopteren\/#article\",\"isPartOf\":{\"@id\":\"https:\/\/acefootball.com\/da\/fodboldnyheder\/cv-om-maxso-situationen-lad-os-lige-tage-op-i-helikopteren\/#webpage\"},\"author\":{\"@id\":\"https:\/\/acefootball.com\/da\/#\/schema\/person\/fd6223a1c033400b41da7853ddf88c84\"},\"headline\":\"&#8216;CV&#8217; om Maxs\u00f8-situationen: &#8216;Lad os lige tage op i helikopteren&#8217;\",\"datePublished\":\"2021-08-02T08:35:31+00:00\",\"dateModified\":\"2021-08-02T08:41:17+00:00\",\"mainEntityOfPage\":{\"@id\":\"https:\/\/acefootball.com\/da\/fodboldnyheder\/cv-om-maxso-situationen-lad-os-lige-tage-op-i-helikopteren\/#webpage\"},\"wordCount\":287,\"commentCount\":0,\"publisher\":{\"@id\":\"https:\/\/acefootball.com\/da\/#organization\"},\"image\":{\"@id\":\"https:\/\/acefootball.com\/da\/fodboldnyheder\/cv-om-maxso-situationen-lad-os-lige-tage-op-i-helikopteren\/#primaryimage\"},\"thumbnailUrl\":\"https:\/\/acefootball.com\/da\/wp-content\/uploads\/sites\/2\/2021\/08\/GettyImages-1233091061.jpg\",\"keywords\":[\"Andreas Maxs\u00f8\",\"Br\u00f8ndby IF\"],\"articleSection\":[\"Udtalelse\"],\"inLanguage\":\"en-US\",\"potentialAction\":[{\"@type\":\"CommentAction\",\"name\":\"Comment\",\"target\":[\"https:\/\/acefootball.com\/da\/fodboldnyheder\/cv-om-maxso-situationen-lad-os-lige-tage-op-i-helikopteren\/#respond\"]}]},{\"@type\":\"Person\",\"@id\":\"https:\/\/acefootball.com\/da\/#\/schema\/person\/fd6223a1c033400b41da7853ddf88c84\",\"name\":\"Patrick Hesselb\u00e6k\",\"image\":{\"@type\":\"ImageObject\",\"@id\":\"https:\/\/acefootball.com\/da\/#personlogo\",\"inLanguage\":\"en-US\",\"url\":\"https:\/\/secure.gravatar.com\/avatar\/7919060992759bffbffb199d6cbdce6f?s=96&d=mm&r=g\",\"contentUrl\":\"https:\/\/secure.gravatar.com\/avatar\/7919060992759bffbffb199d6cbdce6f?s=96&d=mm&r=g\",\"caption\":\"Patrick Hesselb\u00e6k\"},\"description\":\"Redakt\u00f8r p\u00e5 den danske Ace Football-redaktion. Uddannet i kommunikation fra Aalborg Universitet. Prim\u00e6rt fokus p\u00e5 den danske 3F Superliga og de st\u00f8rste europ\u00e6iske turneringer.\",\"sameAs\":[\"https:\/\/www.linkedin.com\/in\/patrick-hesselbk-2a4b1711a\/\"],\"url\":\"https:\/\/acefootball.com\/da\/fodboldnyheder\/author\/patrickhesselbaek\/\"}]}<\/script>\n<!-- \/ Yoast SEO plugin. -->","yoast_head_json":{"title":"'CV' om Maxs\u00f8-situationen: 'Lad os lige tage op i helikopteren'","description":"Carsten V. Jensen forklarer, hvorfor Andreas Maxs\u00f8s skifte er trukket ud, og beder folk se p\u00e5 hele situationen i et lidt st\u00f8rre perspektiv","robots":{"index":"index","follow":"follow","max-snippet":"max-snippet:-1","max-image-preview":"max-image-preview:large","max-video-preview":"max-video-preview:-1"},"canonical":"https:\/\/acefootball.com\/da\/fodboldnyheder\/cv-om-maxso-situationen-lad-os-lige-tage-op-i-helikopteren\/","og_locale":"en_US","og_type":"article","og_title":"'CV' om Maxs\u00f8-situationen: 'Lad os lige tage op i helikopteren'","og_description":"Carsten V. Jensen forklarer, hvorfor Andreas Maxs\u00f8s skifte er trukket ud, og beder folk se p\u00e5 hele situationen i et lidt st\u00f8rre perspektiv","og_url":"https:\/\/acefootball.com\/da\/fodboldnyheder\/cv-om-maxso-situationen-lad-os-lige-tage-op-i-helikopteren\/","og_site_name":"Ace Football Danmark","article_publisher":"https:\/\/www.facebook.com\/acefootballdk","article_published_time":"2021-08-02T08:35:31+00:00","article_modified_time":"2021-08-02T08:41:17+00:00","og_image":[{"width":1920,"height":1008,"url":"https:\/\/acefootball.com\/da\/wp-content\/uploads\/sites\/2\/2021\/08\/Brondby-18.jpg","type":"image\/jpeg"}],"twitter_card":"summary_large_image","twitter_misc":{"Written by":"Patrick Hesselb\u00e6k","Est. reading time":"2 minutes"},"schema":{"@context":"https:\/\/schema.org","@graph":[{"@type":"Organization","@id":"https:\/\/acefootball.com\/da\/#organization","name":"Ace Football","url":"https:\/\/acefootball.com\/da\/","sameAs":["https:\/\/www.facebook.com\/acefootballdk"],"logo":{"@type":"ImageObject","@id":"https:\/\/acefootball.com\/da\/#logo","inLanguage":"en-US","url":"https:\/\/acefootball.com\/da\/wp-content\/uploads\/sites\/2\/2020\/07\/Ace-Football-30-07-2020-2.png","contentUrl":"https:\/\/acefootball.com\/da\/wp-content\/uploads\/sites\/2\/2020\/07\/Ace-Football-30-07-2020-2.png","width":1200,"height":600,"caption":"Ace Football"},"image":{"@id":"https:\/\/acefootball.com\/da\/#logo"}},{"@type":"WebSite","@id":"https:\/\/acefootball.com\/da\/#website","url":"https:\/\/acefootball.com\/da\/","name":"Ace Football Danmark","description":"Nyheder, Spiltips &amp; Livescore","publisher":{"@id":"https:\/\/acefootball.com\/da\/#organization"},"potentialAction":[{"@type":"SearchAction","target":{"@type":"EntryPoint","urlTemplate":"https:\/\/acefootball.com\/da\/?s={search_term_string}"},"query-input":"required name=search_term_string"}],"inLanguage":"en-US"},{"@type":"ImageObject","@id":"https:\/\/acefootball.com\/da\/fodboldnyheder\/cv-om-maxso-situationen-lad-os-lige-tage-op-i-helikopteren\/#primaryimage","inLanguage":"en-US","url":"https:\/\/acefootball.com\/da\/wp-content\/uploads\/sites\/2\/2021\/08\/Brondby-18.jpg","contentUrl":"https:\/\/acefootball.com\/da\/wp-content\/uploads\/sites\/2\/2021\/08\/Brondby-18.jpg","width":1920,"height":1008,"caption":"BRONDBY, DENMARK - MAY 24: Andreas Maxso and Andreas Bruus of Brondby IF celebrate as Danish Champions after the Danish 3F Superliga match between Brondby IF and FC Nordsjalland at Brondby Stadion on May 24, 2021 in Brondby, Denmark. (Photo by Lars Ronbog \/ FrontZoneSport via Getty Images)"},{"@type":"WebPage","@id":"https:\/\/acefootball.com\/da\/fodboldnyheder\/cv-om-maxso-situationen-lad-os-lige-tage-op-i-helikopteren\/#webpage","url":"https:\/\/acefootball.com\/da\/fodboldnyheder\/cv-om-maxso-situationen-lad-os-lige-tage-op-i-helikopteren\/","name":"'CV' om Maxs\u00f8-situationen: 'Lad os lige tage op i helikopteren'","isPartOf":{"@id":"https:\/\/acefootball.com\/da\/#website"},"primaryImageOfPage":{"@id":"https:\/\/acefootball.com\/da\/fodboldnyheder\/cv-om-maxso-situationen-lad-os-lige-tage-op-i-helikopteren\/#primaryimage"},"datePublished":"2021-08-02T08:35:31+00:00","dateModified":"2021-08-02T08:41:17+00:00","description":"Carsten V. Jensen forklarer, hvorfor Andreas Maxs\u00f8s skifte er trukket ud, og beder folk se p\u00e5 hele situationen i et lidt st\u00f8rre perspektiv","breadcrumb":{"@id":"https:\/\/acefootball.com\/da\/fodboldnyheder\/cv-om-maxso-situationen-lad-os-lige-tage-op-i-helikopteren\/#breadcrumb"},"inLanguage":"en-US","potentialAction":[{"@type":"ReadAction","target":["https:\/\/acefootball.com\/da\/fodboldnyheder\/cv-om-maxso-situationen-lad-os-lige-tage-op-i-helikopteren\/"]}]},{"@type":"BreadcrumbList","@id":"https:\/\/acefootball.com\/da\/fodboldnyheder\/cv-om-maxso-situationen-lad-os-lige-tage-op-i-helikopteren\/#breadcrumb","itemListElement":[{"@type":"ListItem","position":1,"name":"Home","item":"https:\/\/acefootball.com\/da\/"},{"@type":"ListItem","position":2,"name":"&#8216;CV&#8217; om Maxs\u00f8-situationen: &#8216;Lad os lige tage op i helikopteren&#8217;"}]},{"@type":"Article","@id":"https:\/\/acefootball.com\/da\/fodboldnyheder\/cv-om-maxso-situationen-lad-os-lige-tage-op-i-helikopteren\/#article","isPartOf":{"@id":"https:\/\/acefootball.com\/da\/fodboldnyheder\/cv-om-maxso-situationen-lad-os-lige-tage-op-i-helikopteren\/#webpage"},"author":{"@id":"https:\/\/acefootball.com\/da\/#\/schema\/person\/fd6223a1c033400b41da7853ddf88c84"},"headline":"&#8216;CV&#8217; om Maxs\u00f8-situationen: &#8216;Lad os lige tage op i helikopteren&#8217;","datePublished":"2021-08-02T08:35:31+00:00","dateModified":"2021-08-02T08:41:17+00:00","mainEntityOfPage":{"@id":"https:\/\/acefootball.com\/da\/fodboldnyheder\/cv-om-maxso-situationen-lad-os-lige-tage-op-i-helikopteren\/#webpage"},"wordCount":287,"commentCount":0,"publisher":{"@id":"https:\/\/acefootball.com\/da\/#organization"},"image":{"@id":"https:\/\/acefootball.com\/da\/fodboldnyheder\/cv-om-maxso-situationen-lad-os-lige-tage-op-i-helikopteren\/#primaryimage"},"thumbnailUrl":"https:\/\/acefootball.com\/da\/wp-content\/uploads\/sites\/2\/2021\/08\/GettyImages-1233091061.jpg","keywords":["Andreas Maxs\u00f8","Br\u00f8ndby IF"],"articleSection":["Udtalelse"],"inLanguage":"en-US","potentialAction":[{"@type":"CommentAction","name":"Comment","target":["https:\/\/acefootball.com\/da\/fodboldnyheder\/cv-om-maxso-situationen-lad-os-lige-tage-op-i-helikopteren\/#respond"]}]},{"@type":"Person","@id":"https:\/\/acefootball.com\/da\/#\/schema\/person\/fd6223a1c033400b41da7853ddf88c84","name":"Patrick Hesselb\u00e6k","image":{"@type":"ImageObject","@id":"https:\/\/acefootball.com\/da\/#personlogo","inLanguage":"en-US","url":"https:\/\/secure.gravatar.com\/avatar\/7919060992759bffbffb199d6cbdce6f?s=96&d=mm&r=g","contentUrl":"https:\/\/secure.gravatar.com\/avatar\/7919060992759bffbffb199d6cbdce6f?s=96&d=mm&r=g","caption":"Patrick Hesselb\u00e6k"},"description":"Redakt\u00f8r p\u00e5 den danske Ace Football-redaktion. Uddannet i kommunikation fra Aalborg Universitet. Prim\u00e6rt fokus p\u00e5 den danske 3F Superliga og de st\u00f8rste europ\u00e6iske turneringer.","sameAs":["https:\/\/www.linkedin.com\/in\/patrick-hesselbk-2a4b1711a\/"],"url":"https:\/\/acefootball.com\/da\/fodboldnyheder\/author\/patrickhesselbaek\/"}]}},"fimg_url":"https:\/\/acefootball.com\/da\/wp-content\/uploads\/sites\/2\/2021\/08\/GettyImages-1233091061.jpg","_links":{"self":[{"href":"https:\/\/acefootball.com\/da\/wp-json\/wp\/v2\/posts\/259151"}],"collection":[{"href":"https:\/\/acefootball.com\/da\/wp-json\/wp\/v2\/posts"}],"about":[{"href":"https:\/\/acefootball.com\/da\/wp-json\/wp\/v2\/types\/post"}],"author":[{"embeddable":true,"href":"https:\/\/acefootball.com\/da\/wp-json\/wp\/v2\/users\/74"}],"replies":[{"embeddable":true,"href":"https:\/\/acefootball.com\/da\/wp-json\/wp\/v2\/comments?post=259151"}],"version-history":[{"count":0,"href":"https:\/\/acefootball.com\/da\/wp-json\/wp\/v2\/posts\/259151\/revisions"}],"wp:featuredmedia":[{"embeddable":true,"href":"https:\/\/acefootball.com\/da\/wp-json\/wp\/v2\/media\/259152"}],"wp:attachment":[{"href":"https:\/\/acefootball.com\/da\/wp-json\/wp\/v2\/media?parent=259151"}],"wp:term":[{"taxonomy":"category","embeddable":true,"href":"https:\/\/acefootball.com\/da\/wp-json\/wp\/v2\/categories?post=259151"},{"taxonomy":"post_tag","embeddable":true,"href":"https:\/\/acefootball.com\/da\/wp-json\/wp\/v2\/tags?post=259151"}],"curies":[{"name":"wp","href":"https:\/\/api.w.org\/{rel}","templated":true}]}}