{"id":259148,"date":"2021-08-02T10:02:19","date_gmt":"2021-08-02T08:02:19","guid":{"rendered":"https:\/\/acefootball.com\/da\/?p=259148"},"modified":"2021-08-02T10:07:44","modified_gmt":"2021-08-02T08:07:44","slug":"topscorer-afsloerer-har-faaet-forespoergsel-fra-broendby","status":"publish","type":"post","link":"https:\/\/acefootball.com\/da\/fodboldnyheder\/topscorer-afsloerer-har-faaet-forespoergsel-fra-broendby\/","title":{"rendered":"Topscorer afsl\u00f8rer: &#8216;Har f\u00e5et foresp\u00f8rgsel fra Br\u00f8ndby&#8217;"},"content":{"rendered":"\n<h2 id=\"h-1-division-topscorer-samson-iyede-afsl-rer-overfor-fredericia-dagblad-at-de-danske-mestre-br-ndby-if-har-henvendt-sig-til-ham\">1. Division-topscorer Samson Iyede afsl\u00f8rer overfor Fredericia Dagblad, at de danske mestre Br\u00f8ndby IF har henvendt sig til ham<\/h2>\n\n\n\n<p>Samson Iyede har v\u00e6ret en af de helt store oplevelser i starten af den nye 1. Division-s\u00e6son, hvor han med sine tre m\u00e5l i to kampe for FC. Fredericia er delt topscorer sammen med Casper Tengstedt fra AC Horsens.<\/p>\n\n\n\n<p>Det tidligere FC Midtjylland-talent skiftede til FC Fredericia fra Fremad Amager i januar, men allerede nu har han angiveligt muligheden for at tage n\u00e6ste skridt op ad karrierestigen, og det kan alts\u00e5 blive et stort et af slagsen. Han afsl\u00f8rer nemlig, at ingen mindre end de danske mestre fra Br\u00f8ndby IF har henvendt sig.<\/p>\n\n\n\n<p>&#8220;Jeg er topscorer i 1. division, og jeg er faldet godt til i Fredericia. Jeg har f\u00e5et en foresp\u00f8rgsel fra Br\u00f8ndby, men indtil videre bliver jeg her og fors\u00f8ger at hj\u00e6lpe kammeraterne til flere sejre med mine m\u00e5l,&#8221; fort\u00e6ller Samson til <a href=\"https:\/\/frdb.dk\/artikel\/holvad-p%C3%A5-vej-mod-sin-gamle-styrke-efter-sin-skade?fbclid=IwAR1OImDljPnVwQl4F56yaKBnndYXN2J62tXzl-sw47Dtfi8azuPfotGY66I\" target=\"_blank\" rel=\"noreferrer noopener\">Fredericia Dagblad<\/a>.<\/p>\n\n\n\n<p>Br\u00f8ndby har allerede oplevet den 23-\u00e5rige angribers kvaliteter p\u00e5 t\u00e6t hold, da han i december scorede det afg\u00f8rende m\u00e5l i pokalkampen, der sendte Fremad Amager videre med en 2-1 sejr over netop Br\u00f8ndby.<\/p>\n\n\n\n\n        <div class=\"svf-video-single only-video\">\n            <div class=\"svf-video-container svf-embedded embedded\">\n                <script>(function(){const el = document.createElement('iframe');el.allow = 'autoplay';el.frameBorder = '0';el.classList.add('svf-video');el.allowFullscreen = true;document.currentScript.parentNode.style.display = 'none';el.src = \"https:\/\/www.viafree.dk\/embed\/sport\/id\/86ac6206-9da0-478f-aa4c-a4697642d54a?partnerId=a788403f-2c83-488f-adb0-2650ac7278a3\";el.addEventListener( 'load', function(){ this.parentNode.style.display = ''; });document.currentScript.parentNode.insertBefore(el, document.currentScript.nextSibling);})();<\/script>\n                <noscript><iframe allow=\"autoplay\" allowfullscreen frameborder=\"0\" class=\"svf-video\" src=\"https:\/\/www.viafree.dk\/embed\/sport\/id\/86ac6206-9da0-478f-aa4c-a4697642d54a?partnerId=a788403f-2c83-488f-adb0-2650ac7278a3\"><\/iframe><\/noscript>\n            <\/div>\n                    <\/div>\n        \n","protected":false},"excerpt":{"rendered":"<p>1. Division-topscorer Samson Iyede afsl\u00f8rer overfor Fredericia Dagblad, at de danske mestre Br\u00f8ndby IF har henvendt sig til ham<\/p>\n","protected":false},"author":74,"featured_media":259149,"comment_status":"open","ping_status":"closed","sticky":false,"template":"","format":"standard","meta":{"om_disable_all_campaigns":false,"push_articles_ronaldo":{"active":false,"canonical":0,"publish":false},"force_updates":null},"categories":[8204],"tags":[53,809,8708],"enet_tags":{"team":["8595","8454"],"sport_events":[]},"yoast_head":"<!-- This site is optimized with the Yoast SEO plugin v18.3 - https:\/\/yoast.com\/wordpress\/plugins\/seo\/ -->\n<title>Topscorer afsl\u00f8rer: &#039;Har f\u00e5et foresp\u00f8rgsel fra Br\u00f8ndby&#039;<\/title>\n<meta name=\"description\" content=\"1. Division-topscorer Samson Iyede afsl\u00f8rer overfor Fredericia Dagblad, at de danske mestre Br\u00f8ndby IF har henvendt sig til ham\" \/>\n<meta name=\"robots\" content=\"index, follow, max-snippet:-1, max-image-preview:large, max-video-preview:-1\" \/>\n<link rel=\"canonical\" href=\"https:\/\/acefootball.com\/da\/fodboldnyheder\/topscorer-afsloerer-har-faaet-forespoergsel-fra-broendby\/\" \/>\n<meta property=\"og:locale\" content=\"en_US\" \/>\n<meta property=\"og:type\" content=\"article\" \/>\n<meta property=\"og:title\" content=\"Topscorer afsl\u00f8rer: &#039;Har f\u00e5et foresp\u00f8rgsel fra Br\u00f8ndby&#039;\" \/>\n<meta property=\"og:description\" content=\"1. Division-topscorer Samson Iyede afsl\u00f8rer overfor Fredericia Dagblad, at de danske mestre Br\u00f8ndby IF har henvendt sig til ham\" \/>\n<meta property=\"og:url\" content=\"https:\/\/acefootball.com\/da\/fodboldnyheder\/topscorer-afsloerer-har-faaet-forespoergsel-fra-broendby\/\" \/>\n<meta property=\"og:site_name\" content=\"Ace Football Danmark\" \/>\n<meta property=\"article:publisher\" content=\"https:\/\/www.facebook.com\/acefootballdk\" \/>\n<meta property=\"article:published_time\" content=\"2021-08-02T08:02:19+00:00\" \/>\n<meta property=\"article:modified_time\" content=\"2021-08-02T08:07:44+00:00\" \/>\n<meta property=\"og:image\" content=\"https:\/\/acefootball.com\/da\/wp-content\/uploads\/sites\/2\/2021\/08\/Copy-of-Video-generel-70.jpg\" \/>\n\t<meta property=\"og:image:width\" content=\"1920\" \/>\n\t<meta property=\"og:image:height\" content=\"1008\" \/>\n\t<meta property=\"og:image:type\" content=\"image\/jpeg\" \/>\n<meta name=\"twitter:card\" content=\"summary_large_image\" \/>\n<meta name=\"twitter:label1\" content=\"Written by\" \/>\n\t<meta name=\"twitter:data1\" content=\"Patrick Hesselb\u00e6k\" \/>\n\t<meta name=\"twitter:label2\" content=\"Est. reading time\" \/>\n\t<meta name=\"twitter:data2\" content=\"1 minute\" \/>\n<script type=\"application\/ld+json\" class=\"yoast-schema-graph\">{\"@context\":\"https:\/\/schema.org\",\"@graph\":[{\"@type\":\"Organization\",\"@id\":\"https:\/\/acefootball.com\/da\/#organization\",\"name\":\"Ace Football\",\"url\":\"https:\/\/acefootball.com\/da\/\",\"sameAs\":[\"https:\/\/www.facebook.com\/acefootballdk\"],\"logo\":{\"@type\":\"ImageObject\",\"@id\":\"https:\/\/acefootball.com\/da\/#logo\",\"inLanguage\":\"en-US\",\"url\":\"https:\/\/acefootball.com\/da\/wp-content\/uploads\/sites\/2\/2020\/07\/Ace-Football-30-07-2020-2.png\",\"contentUrl\":\"https:\/\/acefootball.com\/da\/wp-content\/uploads\/sites\/2\/2020\/07\/Ace-Football-30-07-2020-2.png\",\"width\":1200,\"height\":600,\"caption\":\"Ace Football\"},\"image\":{\"@id\":\"https:\/\/acefootball.com\/da\/#logo\"}},{\"@type\":\"WebSite\",\"@id\":\"https:\/\/acefootball.com\/da\/#website\",\"url\":\"https:\/\/acefootball.com\/da\/\",\"name\":\"Ace Football Danmark\",\"description\":\"Nyheder, Spiltips &amp; Livescore\",\"publisher\":{\"@id\":\"https:\/\/acefootball.com\/da\/#organization\"},\"potentialAction\":[{\"@type\":\"SearchAction\",\"target\":{\"@type\":\"EntryPoint\",\"urlTemplate\":\"https:\/\/acefootball.com\/da\/?s={search_term_string}\"},\"query-input\":\"required name=search_term_string\"}],\"inLanguage\":\"en-US\"},{\"@type\":\"ImageObject\",\"@id\":\"https:\/\/acefootball.com\/da\/fodboldnyheder\/topscorer-afsloerer-har-faaet-forespoergsel-fra-broendby\/#primaryimage\",\"inLanguage\":\"en-US\",\"url\":\"https:\/\/acefootball.com\/da\/wp-content\/uploads\/sites\/2\/2021\/08\/Copy-of-Video-generel-70.jpg\",\"contentUrl\":\"https:\/\/acefootball.com\/da\/wp-content\/uploads\/sites\/2\/2021\/08\/Copy-of-Video-generel-70.jpg\",\"width\":1920,\"height\":1008,\"caption\":\"SUNDBY, DENMARK - DECEMBER 17: Samson Iyede of BK Fremad Amager and staff celebrating after the Danish Cup Sydbankpokalen match between BK Fremad Amager and Brondby IF at Sundby Idratspark on December 17, 2020 in Sundby, Denmark. (Photo by Jan Christensen \/ FrontzoneSport via Getty Images)\"},{\"@type\":\"WebPage\",\"@id\":\"https:\/\/acefootball.com\/da\/fodboldnyheder\/topscorer-afsloerer-har-faaet-forespoergsel-fra-broendby\/#webpage\",\"url\":\"https:\/\/acefootball.com\/da\/fodboldnyheder\/topscorer-afsloerer-har-faaet-forespoergsel-fra-broendby\/\",\"name\":\"Topscorer afsl\u00f8rer: 'Har f\u00e5et foresp\u00f8rgsel fra Br\u00f8ndby'\",\"isPartOf\":{\"@id\":\"https:\/\/acefootball.com\/da\/#website\"},\"primaryImageOfPage\":{\"@id\":\"https:\/\/acefootball.com\/da\/fodboldnyheder\/topscorer-afsloerer-har-faaet-forespoergsel-fra-broendby\/#primaryimage\"},\"datePublished\":\"2021-08-02T08:02:19+00:00\",\"dateModified\":\"2021-08-02T08:07:44+00:00\",\"description\":\"1. Division-topscorer Samson Iyede afsl\u00f8rer overfor Fredericia Dagblad, at de danske mestre Br\u00f8ndby IF har henvendt sig til ham\",\"breadcrumb\":{\"@id\":\"https:\/\/acefootball.com\/da\/fodboldnyheder\/topscorer-afsloerer-har-faaet-forespoergsel-fra-broendby\/#breadcrumb\"},\"inLanguage\":\"en-US\",\"potentialAction\":[{\"@type\":\"ReadAction\",\"target\":[\"https:\/\/acefootball.com\/da\/fodboldnyheder\/topscorer-afsloerer-har-faaet-forespoergsel-fra-broendby\/\"]}]},{\"@type\":\"BreadcrumbList\",\"@id\":\"https:\/\/acefootball.com\/da\/fodboldnyheder\/topscorer-afsloerer-har-faaet-forespoergsel-fra-broendby\/#breadcrumb\",\"itemListElement\":[{\"@type\":\"ListItem\",\"position\":1,\"name\":\"Home\",\"item\":\"https:\/\/acefootball.com\/da\/\"},{\"@type\":\"ListItem\",\"position\":2,\"name\":\"Topscorer afsl\u00f8rer: &#8216;Har f\u00e5et foresp\u00f8rgsel fra Br\u00f8ndby&#8217;\"}]},{\"@type\":\"Article\",\"@id\":\"https:\/\/acefootball.com\/da\/fodboldnyheder\/topscorer-afsloerer-har-faaet-forespoergsel-fra-broendby\/#article\",\"isPartOf\":{\"@id\":\"https:\/\/acefootball.com\/da\/fodboldnyheder\/topscorer-afsloerer-har-faaet-forespoergsel-fra-broendby\/#webpage\"},\"author\":{\"@id\":\"https:\/\/acefootball.com\/da\/#\/schema\/person\/fd6223a1c033400b41da7853ddf88c84\"},\"headline\":\"Topscorer afsl\u00f8rer: &#8216;Har f\u00e5et foresp\u00f8rgsel fra Br\u00f8ndby&#8217;\",\"datePublished\":\"2021-08-02T08:02:19+00:00\",\"dateModified\":\"2021-08-02T08:07:44+00:00\",\"mainEntityOfPage\":{\"@id\":\"https:\/\/acefootball.com\/da\/fodboldnyheder\/topscorer-afsloerer-har-faaet-forespoergsel-fra-broendby\/#webpage\"},\"wordCount\":230,\"commentCount\":0,\"publisher\":{\"@id\":\"https:\/\/acefootball.com\/da\/#organization\"},\"image\":{\"@id\":\"https:\/\/acefootball.com\/da\/fodboldnyheder\/topscorer-afsloerer-har-faaet-forespoergsel-fra-broendby\/#primaryimage\"},\"thumbnailUrl\":\"https:\/\/acefootball.com\/da\/wp-content\/uploads\/sites\/2\/2021\/08\/GettyImages-1230183852.jpg\",\"keywords\":[\"Br\u00f8ndby IF\",\"FC Fredericia\",\"Samson Iyede\"],\"articleSection\":[\"Udtalelse\"],\"inLanguage\":\"en-US\",\"potentialAction\":[{\"@type\":\"CommentAction\",\"name\":\"Comment\",\"target\":[\"https:\/\/acefootball.com\/da\/fodboldnyheder\/topscorer-afsloerer-har-faaet-forespoergsel-fra-broendby\/#respond\"]}]},{\"@type\":\"Person\",\"@id\":\"https:\/\/acefootball.com\/da\/#\/schema\/person\/fd6223a1c033400b41da7853ddf88c84\",\"name\":\"Patrick Hesselb\u00e6k\",\"image\":{\"@type\":\"ImageObject\",\"@id\":\"https:\/\/acefootball.com\/da\/#personlogo\",\"inLanguage\":\"en-US\",\"url\":\"https:\/\/secure.gravatar.com\/avatar\/7919060992759bffbffb199d6cbdce6f?s=96&d=mm&r=g\",\"contentUrl\":\"https:\/\/secure.gravatar.com\/avatar\/7919060992759bffbffb199d6cbdce6f?s=96&d=mm&r=g\",\"caption\":\"Patrick Hesselb\u00e6k\"},\"description\":\"Redakt\u00f8r p\u00e5 den danske Ace Football-redaktion. Uddannet i kommunikation fra Aalborg Universitet. Prim\u00e6rt fokus p\u00e5 den danske 3F Superliga og de st\u00f8rste europ\u00e6iske turneringer.\",\"sameAs\":[\"https:\/\/www.linkedin.com\/in\/patrick-hesselbk-2a4b1711a\/\"],\"url\":\"https:\/\/acefootball.com\/da\/fodboldnyheder\/author\/patrickhesselbaek\/\"}]}<\/script>\n<!-- \/ Yoast SEO plugin. -->","yoast_head_json":{"title":"Topscorer afsl\u00f8rer: 'Har f\u00e5et foresp\u00f8rgsel fra Br\u00f8ndby'","description":"1. Division-topscorer Samson Iyede afsl\u00f8rer overfor Fredericia Dagblad, at de danske mestre Br\u00f8ndby IF har henvendt sig til ham","robots":{"index":"index","follow":"follow","max-snippet":"max-snippet:-1","max-image-preview":"max-image-preview:large","max-video-preview":"max-video-preview:-1"},"canonical":"https:\/\/acefootball.com\/da\/fodboldnyheder\/topscorer-afsloerer-har-faaet-forespoergsel-fra-broendby\/","og_locale":"en_US","og_type":"article","og_title":"Topscorer afsl\u00f8rer: 'Har f\u00e5et foresp\u00f8rgsel fra Br\u00f8ndby'","og_description":"1. Division-topscorer Samson Iyede afsl\u00f8rer overfor Fredericia Dagblad, at de danske mestre Br\u00f8ndby IF har henvendt sig til ham","og_url":"https:\/\/acefootball.com\/da\/fodboldnyheder\/topscorer-afsloerer-har-faaet-forespoergsel-fra-broendby\/","og_site_name":"Ace Football Danmark","article_publisher":"https:\/\/www.facebook.com\/acefootballdk","article_published_time":"2021-08-02T08:02:19+00:00","article_modified_time":"2021-08-02T08:07:44+00:00","og_image":[{"width":1920,"height":1008,"url":"https:\/\/acefootball.com\/da\/wp-content\/uploads\/sites\/2\/2021\/08\/Copy-of-Video-generel-70.jpg","type":"image\/jpeg"}],"twitter_card":"summary_large_image","twitter_misc":{"Written by":"Patrick Hesselb\u00e6k","Est. reading time":"1 minute"},"schema":{"@context":"https:\/\/schema.org","@graph":[{"@type":"Organization","@id":"https:\/\/acefootball.com\/da\/#organization","name":"Ace Football","url":"https:\/\/acefootball.com\/da\/","sameAs":["https:\/\/www.facebook.com\/acefootballdk"],"logo":{"@type":"ImageObject","@id":"https:\/\/acefootball.com\/da\/#logo","inLanguage":"en-US","url":"https:\/\/acefootball.com\/da\/wp-content\/uploads\/sites\/2\/2020\/07\/Ace-Football-30-07-2020-2.png","contentUrl":"https:\/\/acefootball.com\/da\/wp-content\/uploads\/sites\/2\/2020\/07\/Ace-Football-30-07-2020-2.png","width":1200,"height":600,"caption":"Ace Football"},"image":{"@id":"https:\/\/acefootball.com\/da\/#logo"}},{"@type":"WebSite","@id":"https:\/\/acefootball.com\/da\/#website","url":"https:\/\/acefootball.com\/da\/","name":"Ace Football Danmark","description":"Nyheder, Spiltips &amp; Livescore","publisher":{"@id":"https:\/\/acefootball.com\/da\/#organization"},"potentialAction":[{"@type":"SearchAction","target":{"@type":"EntryPoint","urlTemplate":"https:\/\/acefootball.com\/da\/?s={search_term_string}"},"query-input":"required name=search_term_string"}],"inLanguage":"en-US"},{"@type":"ImageObject","@id":"https:\/\/acefootball.com\/da\/fodboldnyheder\/topscorer-afsloerer-har-faaet-forespoergsel-fra-broendby\/#primaryimage","inLanguage":"en-US","url":"https:\/\/acefootball.com\/da\/wp-content\/uploads\/sites\/2\/2021\/08\/Copy-of-Video-generel-70.jpg","contentUrl":"https:\/\/acefootball.com\/da\/wp-content\/uploads\/sites\/2\/2021\/08\/Copy-of-Video-generel-70.jpg","width":1920,"height":1008,"caption":"SUNDBY, DENMARK - DECEMBER 17: Samson Iyede of BK Fremad Amager and staff celebrating after the Danish Cup Sydbankpokalen match between BK Fremad Amager and Brondby IF at Sundby Idratspark on December 17, 2020 in Sundby, Denmark. (Photo by Jan Christensen \/ FrontzoneSport via Getty Images)"},{"@type":"WebPage","@id":"https:\/\/acefootball.com\/da\/fodboldnyheder\/topscorer-afsloerer-har-faaet-forespoergsel-fra-broendby\/#webpage","url":"https:\/\/acefootball.com\/da\/fodboldnyheder\/topscorer-afsloerer-har-faaet-forespoergsel-fra-broendby\/","name":"Topscorer afsl\u00f8rer: 'Har f\u00e5et foresp\u00f8rgsel fra Br\u00f8ndby'","isPartOf":{"@id":"https:\/\/acefootball.com\/da\/#website"},"primaryImageOfPage":{"@id":"https:\/\/acefootball.com\/da\/fodboldnyheder\/topscorer-afsloerer-har-faaet-forespoergsel-fra-broendby\/#primaryimage"},"datePublished":"2021-08-02T08:02:19+00:00","dateModified":"2021-08-02T08:07:44+00:00","description":"1. Division-topscorer Samson Iyede afsl\u00f8rer overfor Fredericia Dagblad, at de danske mestre Br\u00f8ndby IF har henvendt sig til ham","breadcrumb":{"@id":"https:\/\/acefootball.com\/da\/fodboldnyheder\/topscorer-afsloerer-har-faaet-forespoergsel-fra-broendby\/#breadcrumb"},"inLanguage":"en-US","potentialAction":[{"@type":"ReadAction","target":["https:\/\/acefootball.com\/da\/fodboldnyheder\/topscorer-afsloerer-har-faaet-forespoergsel-fra-broendby\/"]}]},{"@type":"BreadcrumbList","@id":"https:\/\/acefootball.com\/da\/fodboldnyheder\/topscorer-afsloerer-har-faaet-forespoergsel-fra-broendby\/#breadcrumb","itemListElement":[{"@type":"ListItem","position":1,"name":"Home","item":"https:\/\/acefootball.com\/da\/"},{"@type":"ListItem","position":2,"name":"Topscorer afsl\u00f8rer: &#8216;Har f\u00e5et foresp\u00f8rgsel fra Br\u00f8ndby&#8217;"}]},{"@type":"Article","@id":"https:\/\/acefootball.com\/da\/fodboldnyheder\/topscorer-afsloerer-har-faaet-forespoergsel-fra-broendby\/#article","isPartOf":{"@id":"https:\/\/acefootball.com\/da\/fodboldnyheder\/topscorer-afsloerer-har-faaet-forespoergsel-fra-broendby\/#webpage"},"author":{"@id":"https:\/\/acefootball.com\/da\/#\/schema\/person\/fd6223a1c033400b41da7853ddf88c84"},"headline":"Topscorer afsl\u00f8rer: &#8216;Har f\u00e5et foresp\u00f8rgsel fra Br\u00f8ndby&#8217;","datePublished":"2021-08-02T08:02:19+00:00","dateModified":"2021-08-02T08:07:44+00:00","mainEntityOfPage":{"@id":"https:\/\/acefootball.com\/da\/fodboldnyheder\/topscorer-afsloerer-har-faaet-forespoergsel-fra-broendby\/#webpage"},"wordCount":230,"commentCount":0,"publisher":{"@id":"https:\/\/acefootball.com\/da\/#organization"},"image":{"@id":"https:\/\/acefootball.com\/da\/fodboldnyheder\/topscorer-afsloerer-har-faaet-forespoergsel-fra-broendby\/#primaryimage"},"thumbnailUrl":"https:\/\/acefootball.com\/da\/wp-content\/uploads\/sites\/2\/2021\/08\/GettyImages-1230183852.jpg","keywords":["Br\u00f8ndby IF","FC Fredericia","Samson Iyede"],"articleSection":["Udtalelse"],"inLanguage":"en-US","potentialAction":[{"@type":"CommentAction","name":"Comment","target":["https:\/\/acefootball.com\/da\/fodboldnyheder\/topscorer-afsloerer-har-faaet-forespoergsel-fra-broendby\/#respond"]}]},{"@type":"Person","@id":"https:\/\/acefootball.com\/da\/#\/schema\/person\/fd6223a1c033400b41da7853ddf88c84","name":"Patrick Hesselb\u00e6k","image":{"@type":"ImageObject","@id":"https:\/\/acefootball.com\/da\/#personlogo","inLanguage":"en-US","url":"https:\/\/secure.gravatar.com\/avatar\/7919060992759bffbffb199d6cbdce6f?s=96&d=mm&r=g","contentUrl":"https:\/\/secure.gravatar.com\/avatar\/7919060992759bffbffb199d6cbdce6f?s=96&d=mm&r=g","caption":"Patrick Hesselb\u00e6k"},"description":"Redakt\u00f8r p\u00e5 den danske Ace Football-redaktion. Uddannet i kommunikation fra Aalborg Universitet. Prim\u00e6rt fokus p\u00e5 den danske 3F Superliga og de st\u00f8rste europ\u00e6iske turneringer.","sameAs":["https:\/\/www.linkedin.com\/in\/patrick-hesselbk-2a4b1711a\/"],"url":"https:\/\/acefootball.com\/da\/fodboldnyheder\/author\/patrickhesselbaek\/"}]}},"fimg_url":"https:\/\/acefootball.com\/da\/wp-content\/uploads\/sites\/2\/2021\/08\/GettyImages-1230183852.jpg","_links":{"self":[{"href":"https:\/\/acefootball.com\/da\/wp-json\/wp\/v2\/posts\/259148"}],"collection":[{"href":"https:\/\/acefootball.com\/da\/wp-json\/wp\/v2\/posts"}],"about":[{"href":"https:\/\/acefootball.com\/da\/wp-json\/wp\/v2\/types\/post"}],"author":[{"embeddable":true,"href":"https:\/\/acefootball.com\/da\/wp-json\/wp\/v2\/users\/74"}],"replies":[{"embeddable":true,"href":"https:\/\/acefootball.com\/da\/wp-json\/wp\/v2\/comments?post=259148"}],"version-history":[{"count":0,"href":"https:\/\/acefootball.com\/da\/wp-json\/wp\/v2\/posts\/259148\/revisions"}],"wp:featuredmedia":[{"embeddable":true,"href":"https:\/\/acefootball.com\/da\/wp-json\/wp\/v2\/media\/259149"}],"wp:attachment":[{"href":"https:\/\/acefootball.com\/da\/wp-json\/wp\/v2\/media?parent=259148"}],"wp:term":[{"taxonomy":"category","embeddable":true,"href":"https:\/\/acefootball.com\/da\/wp-json\/wp\/v2\/categories?post=259148"},{"taxonomy":"post_tag","embeddable":true,"href":"https:\/\/acefootball.com\/da\/wp-json\/wp\/v2\/tags?post=259148"}],"curies":[{"name":"wp","href":"https:\/\/api.w.org\/{rel}","templated":true}]}}