{"id":259133,"date":"2021-08-01T15:00:39","date_gmt":"2021-08-01T13:00:39","guid":{"rendered":"https:\/\/acefootball.com\/da\/?p=259133"},"modified":"2021-08-01T15:00:52","modified_gmt":"2021-08-01T13:00:52","slug":"startopstillinger-vejle-boldklub-broendby-if","status":"publish","type":"post","link":"https:\/\/acefootball.com\/da\/fodboldnyheder\/startopstillinger-vejle-boldklub-broendby-if\/","title":{"rendered":"Startopstillinger: Vejle Boldklub &#8211; Br\u00f8ndby IF"},"content":{"rendered":"\n<h2 id=\"h-her-f-r-du-startsopstillingerne-til-eftermiddagens-superliga-opg-r-mellem-br-ndby-if-og-vejle-boldklub-i-tredje-spillerunde\">Her f\u00e5r du startsopstillingerne til eftermiddagens Superliga-opg\u00f8r mellem Br\u00f8ndby IF og Vejle Boldklub i tredje spillerunde<\/h2>\n\n\n\n<div class=\"wp-block-si-widget wp-block-si-widget--center\"><si-lb-widget widget-id=\"MatchInfo\" width=\"440\" data-nopadding=\"true\" data-card=\"true\" data-event-id=\"3597756\" data-theme-appearance=\"dark\"><\/si-lb-widget><\/div>\n\n\n\n<p>Om en lille time tager Vejle Boldklub hjemme p\u00e5 Vejle Stadion imod de forsvarende mestre fra Br\u00f8ndby IF i tredje runde af 2021\/22-s\u00e6sonen af 3F Superligaen.<\/p>\n\n\n\n<p>Mens Br\u00f8ndby har spillet to kampe uafgjort har Vejle stadig nul point p\u00e5 kontoen efter de to f\u00f8rste runder, og derfor er det alts\u00e5 to hold, der vil g\u00f8re alt i deres magt for at sikre sig en sejr.<\/p>\n\n\n\n<p>Du kan se, hvordan de to tr\u00e6nere har valgt at stille op til kampen herunder.<\/p>\n\n\n\n<figure class=\"wp-block-embed is-type-rich is-provider-facebook wp-block-embed-facebook\"><div class=\"wp-block-embed__wrapper\">\n<div id=\"fb-root\"><\/div><script async=\"1\" defer=\"1\" crossorigin=\"anonymous\" src=\"https:\/\/connect.facebook.net\/en_US\/sdk.js#xfbml=1&amp;version=v11.0\" nonce=\"NiIbj0Dk\"><\/script><div class=\"fb-post\" data-href=\"https:\/\/www.facebook.com\/VejleBoldklub\/posts\/10159500417393308\" data-width=\"640\"><blockquote cite=\"https:\/\/graph.facebook.com\/12933873307\/posts\/10159500417393308\/\" class=\"fb-xfbml-parse-ignore\"><p>\ud83c\udfc6 3F Superliga | Grundspil\ud83c\udd9a Br\u00f8ndby IF\ud83c\udfdf\ufe0f Vejle Stadion\u23f0 16:00\ud83d\udc26 Vejle_B p\u00e5 Twitter\ud83d\udcfa Canal 9 | discovery+\ud83d\udcfb LIGA p\u00e5 P3#mitvejleb #sammenhold #d\u00f8forvejle<\/p>Posted by <a href=\"https:\/\/www.facebook.com\/12933873307\">Vejle Boldklub<\/a> on&nbsp;<a href=\"https:\/\/graph.facebook.com\/12933873307\/posts\/10159500417393308\/\">Sunday, August 1, 2021<\/a><\/blockquote><\/div>\n<\/div><\/figure>\n\n\n\n<figure class=\"wp-block-embed is-type-rich is-provider-facebook wp-block-embed-facebook\"><div class=\"wp-block-embed__wrapper\">\n<div id=\"fb-root\"><\/div><script async=\"1\" defer=\"1\" crossorigin=\"anonymous\" src=\"https:\/\/connect.facebook.net\/en_US\/sdk.js#xfbml=1&amp;version=v11.0\" nonce=\"RjwqFJm4\"><\/script><div class=\"fb-post\" data-href=\"https:\/\/www.facebook.com\/brondby\/photos\/a.172602935627\/10160186655710628\/\" data-width=\"640\"><blockquote cite=\"https:\/\/www.facebook.com\/brondby\/photos\/a.172602935627\/10160186655710628\/?type=3\" class=\"fb-xfbml-parse-ignore\"><p>Om en time skal Br\u00f8ndby-spillerne endelig spille for Br\u00f8ndby-fans i en udekamp igen, og det bliver med f\u00f8lgende 11 spillere fra start<\/p>Posted by <a href=\"https:\/\/www.facebook.com\/9998305627\">Br\u00f8ndby IF<\/a> on&nbsp;<a href=\"https:\/\/www.facebook.com\/brondby\/photos\/a.172602935627\/10160186655710628\/?type=3\">Sunday, August 1, 2021<\/a><\/blockquote><\/div>\n<\/div><\/figure>\n","protected":false},"excerpt":{"rendered":"<p>Her f\u00e5r du startsopstillingerne til eftermiddagens Superliga-opg\u00f8r mellem Br\u00f8ndby IF og Vejle Boldklub i tredje spillerunde<\/p>\n","protected":false},"author":74,"featured_media":259134,"comment_status":"open","ping_status":"closed","sticky":false,"template":"","format":"standard","meta":{"om_disable_all_campaigns":false,"push_articles_ronaldo":{"active":false,"canonical":0,"publish":false},"force_updates":null},"categories":[8062],"tags":[53,588,521],"enet_tags":{"team":["8595","8231"],"league":["46"],"sport_events":[3597756]},"yoast_head":"<!-- This site is optimized with the Yoast SEO plugin v18.3 - https:\/\/yoast.com\/wordpress\/plugins\/seo\/ -->\n<title>Startopstillinger: Vejle Boldklub - Br\u00f8ndby IF<\/title>\n<meta name=\"description\" content=\"Her f\u00e5r du startsopstillingerne til eftermiddagens Superliga-opg\u00f8r mellem Br\u00f8ndby IF og Vejle Boldklub i tredje spillerunde\" \/>\n<meta name=\"robots\" content=\"index, follow, max-snippet:-1, max-image-preview:large, max-video-preview:-1\" \/>\n<link rel=\"canonical\" href=\"https:\/\/acefootball.com\/da\/fodboldnyheder\/startopstillinger-vejle-boldklub-broendby-if\/\" \/>\n<meta property=\"og:locale\" content=\"en_US\" \/>\n<meta property=\"og:type\" content=\"article\" \/>\n<meta property=\"og:title\" content=\"Startopstillinger: Vejle Boldklub - Br\u00f8ndby IF\" \/>\n<meta property=\"og:description\" content=\"Her f\u00e5r du startsopstillingerne til eftermiddagens Superliga-opg\u00f8r mellem Br\u00f8ndby IF og Vejle Boldklub i tredje spillerunde\" \/>\n<meta property=\"og:url\" content=\"https:\/\/acefootball.com\/da\/fodboldnyheder\/startopstillinger-vejle-boldklub-broendby-if\/\" \/>\n<meta property=\"og:site_name\" content=\"Ace Football Danmark\" \/>\n<meta property=\"article:publisher\" content=\"https:\/\/www.facebook.com\/acefootballdk\" \/>\n<meta property=\"article:published_time\" content=\"2021-08-01T13:00:39+00:00\" \/>\n<meta property=\"article:modified_time\" content=\"2021-08-01T13:00:52+00:00\" \/>\n<meta property=\"og:image\" content=\"https:\/\/acefootball.com\/da\/wp-content\/uploads\/sites\/2\/2021\/08\/Copy-of-Video-generel-66.jpg\" \/>\n\t<meta property=\"og:image:width\" content=\"1920\" \/>\n\t<meta property=\"og:image:height\" content=\"1008\" \/>\n\t<meta property=\"og:image:type\" content=\"image\/jpeg\" \/>\n<meta name=\"twitter:card\" content=\"summary_large_image\" \/>\n<meta name=\"twitter:label1\" content=\"Written by\" \/>\n\t<meta name=\"twitter:data1\" content=\"Patrick Hesselb\u00e6k\" \/>\n\t<meta name=\"twitter:label2\" content=\"Est. reading time\" \/>\n\t<meta name=\"twitter:data2\" content=\"1 minute\" \/>\n<script type=\"application\/ld+json\" class=\"yoast-schema-graph\">{\"@context\":\"https:\/\/schema.org\",\"@graph\":[{\"@type\":\"Organization\",\"@id\":\"https:\/\/acefootball.com\/da\/#organization\",\"name\":\"Ace Football\",\"url\":\"https:\/\/acefootball.com\/da\/\",\"sameAs\":[\"https:\/\/www.facebook.com\/acefootballdk\"],\"logo\":{\"@type\":\"ImageObject\",\"@id\":\"https:\/\/acefootball.com\/da\/#logo\",\"inLanguage\":\"en-US\",\"url\":\"https:\/\/acefootball.com\/da\/wp-content\/uploads\/sites\/2\/2020\/07\/Ace-Football-30-07-2020-2.png\",\"contentUrl\":\"https:\/\/acefootball.com\/da\/wp-content\/uploads\/sites\/2\/2020\/07\/Ace-Football-30-07-2020-2.png\",\"width\":1200,\"height\":600,\"caption\":\"Ace Football\"},\"image\":{\"@id\":\"https:\/\/acefootball.com\/da\/#logo\"}},{\"@type\":\"WebSite\",\"@id\":\"https:\/\/acefootball.com\/da\/#website\",\"url\":\"https:\/\/acefootball.com\/da\/\",\"name\":\"Ace Football Danmark\",\"description\":\"Nyheder, Spiltips &amp; Livescore\",\"publisher\":{\"@id\":\"https:\/\/acefootball.com\/da\/#organization\"},\"potentialAction\":[{\"@type\":\"SearchAction\",\"target\":{\"@type\":\"EntryPoint\",\"urlTemplate\":\"https:\/\/acefootball.com\/da\/?s={search_term_string}\"},\"query-input\":\"required name=search_term_string\"}],\"inLanguage\":\"en-US\"},{\"@type\":\"ImageObject\",\"@id\":\"https:\/\/acefootball.com\/da\/fodboldnyheder\/startopstillinger-vejle-boldklub-broendby-if\/#primaryimage\",\"inLanguage\":\"en-US\",\"url\":\"https:\/\/acefootball.com\/da\/wp-content\/uploads\/sites\/2\/2021\/08\/Copy-of-Video-generel-66.jpg\",\"contentUrl\":\"https:\/\/acefootball.com\/da\/wp-content\/uploads\/sites\/2\/2021\/08\/Copy-of-Video-generel-66.jpg\",\"width\":1920,\"height\":1008,\"caption\":\"BRONDBY, DENMARK - FEBRUARY 21: Anis Ben Slimane of Brondby IF anf Lucas Jensen of Vejle Boldklub compete for the ball during the Danish 3F Superliga match between Brondby IF and Vejle Boldklub at Brondby Stadion on February 21, 2021 in Brondby, Denmark. (Photo by Lars Ronbog \/ FrontZoneSport via Getty Images)\"},{\"@type\":\"WebPage\",\"@id\":\"https:\/\/acefootball.com\/da\/fodboldnyheder\/startopstillinger-vejle-boldklub-broendby-if\/#webpage\",\"url\":\"https:\/\/acefootball.com\/da\/fodboldnyheder\/startopstillinger-vejle-boldklub-broendby-if\/\",\"name\":\"Startopstillinger: Vejle Boldklub - Br\u00f8ndby IF\",\"isPartOf\":{\"@id\":\"https:\/\/acefootball.com\/da\/#website\"},\"primaryImageOfPage\":{\"@id\":\"https:\/\/acefootball.com\/da\/fodboldnyheder\/startopstillinger-vejle-boldklub-broendby-if\/#primaryimage\"},\"datePublished\":\"2021-08-01T13:00:39+00:00\",\"dateModified\":\"2021-08-01T13:00:52+00:00\",\"description\":\"Her f\u00e5r du startsopstillingerne til eftermiddagens Superliga-opg\u00f8r mellem Br\u00f8ndby IF og Vejle Boldklub i tredje spillerunde\",\"breadcrumb\":{\"@id\":\"https:\/\/acefootball.com\/da\/fodboldnyheder\/startopstillinger-vejle-boldklub-broendby-if\/#breadcrumb\"},\"inLanguage\":\"en-US\",\"potentialAction\":[{\"@type\":\"ReadAction\",\"target\":[\"https:\/\/acefootball.com\/da\/fodboldnyheder\/startopstillinger-vejle-boldklub-broendby-if\/\"]}]},{\"@type\":\"BreadcrumbList\",\"@id\":\"https:\/\/acefootball.com\/da\/fodboldnyheder\/startopstillinger-vejle-boldklub-broendby-if\/#breadcrumb\",\"itemListElement\":[{\"@type\":\"ListItem\",\"position\":1,\"name\":\"Home\",\"item\":\"https:\/\/acefootball.com\/da\/\"},{\"@type\":\"ListItem\",\"position\":2,\"name\":\"Startopstillinger: Vejle Boldklub &#8211; Br\u00f8ndby IF\"}]},{\"@type\":\"Article\",\"@id\":\"https:\/\/acefootball.com\/da\/fodboldnyheder\/startopstillinger-vejle-boldklub-broendby-if\/#article\",\"isPartOf\":{\"@id\":\"https:\/\/acefootball.com\/da\/fodboldnyheder\/startopstillinger-vejle-boldklub-broendby-if\/#webpage\"},\"author\":{\"@id\":\"https:\/\/acefootball.com\/da\/#\/schema\/person\/fd6223a1c033400b41da7853ddf88c84\"},\"headline\":\"Startopstillinger: Vejle Boldklub &#8211; Br\u00f8ndby IF\",\"datePublished\":\"2021-08-01T13:00:39+00:00\",\"dateModified\":\"2021-08-01T13:00:52+00:00\",\"mainEntityOfPage\":{\"@id\":\"https:\/\/acefootball.com\/da\/fodboldnyheder\/startopstillinger-vejle-boldklub-broendby-if\/#webpage\"},\"wordCount\":125,\"commentCount\":0,\"publisher\":{\"@id\":\"https:\/\/acefootball.com\/da\/#organization\"},\"image\":{\"@id\":\"https:\/\/acefootball.com\/da\/fodboldnyheder\/startopstillinger-vejle-boldklub-broendby-if\/#primaryimage\"},\"thumbnailUrl\":\"https:\/\/acefootball.com\/da\/wp-content\/uploads\/sites\/2\/2021\/08\/GettyImages-1231311778.jpg\",\"keywords\":[\"Br\u00f8ndby IF\",\"Superligaen\",\"Vejle Boldklub\"],\"articleSection\":[\"Kamp\"],\"inLanguage\":\"en-US\",\"potentialAction\":[{\"@type\":\"CommentAction\",\"name\":\"Comment\",\"target\":[\"https:\/\/acefootball.com\/da\/fodboldnyheder\/startopstillinger-vejle-boldklub-broendby-if\/#respond\"]}]},{\"@type\":\"Person\",\"@id\":\"https:\/\/acefootball.com\/da\/#\/schema\/person\/fd6223a1c033400b41da7853ddf88c84\",\"name\":\"Patrick Hesselb\u00e6k\",\"image\":{\"@type\":\"ImageObject\",\"@id\":\"https:\/\/acefootball.com\/da\/#personlogo\",\"inLanguage\":\"en-US\",\"url\":\"https:\/\/secure.gravatar.com\/avatar\/7919060992759bffbffb199d6cbdce6f?s=96&d=mm&r=g\",\"contentUrl\":\"https:\/\/secure.gravatar.com\/avatar\/7919060992759bffbffb199d6cbdce6f?s=96&d=mm&r=g\",\"caption\":\"Patrick Hesselb\u00e6k\"},\"description\":\"Redakt\u00f8r p\u00e5 den danske Ace Football-redaktion. Uddannet i kommunikation fra Aalborg Universitet. Prim\u00e6rt fokus p\u00e5 den danske 3F Superliga og de st\u00f8rste europ\u00e6iske turneringer.\",\"sameAs\":[\"https:\/\/www.linkedin.com\/in\/patrick-hesselbk-2a4b1711a\/\"],\"url\":\"https:\/\/acefootball.com\/da\/fodboldnyheder\/author\/patrickhesselbaek\/\"}]}<\/script>\n<!-- \/ Yoast SEO plugin. -->","yoast_head_json":{"title":"Startopstillinger: Vejle Boldklub - Br\u00f8ndby IF","description":"Her f\u00e5r du startsopstillingerne til eftermiddagens Superliga-opg\u00f8r mellem Br\u00f8ndby IF og Vejle Boldklub i tredje spillerunde","robots":{"index":"index","follow":"follow","max-snippet":"max-snippet:-1","max-image-preview":"max-image-preview:large","max-video-preview":"max-video-preview:-1"},"canonical":"https:\/\/acefootball.com\/da\/fodboldnyheder\/startopstillinger-vejle-boldklub-broendby-if\/","og_locale":"en_US","og_type":"article","og_title":"Startopstillinger: Vejle Boldklub - Br\u00f8ndby IF","og_description":"Her f\u00e5r du startsopstillingerne til eftermiddagens Superliga-opg\u00f8r mellem Br\u00f8ndby IF og Vejle Boldklub i tredje spillerunde","og_url":"https:\/\/acefootball.com\/da\/fodboldnyheder\/startopstillinger-vejle-boldklub-broendby-if\/","og_site_name":"Ace Football Danmark","article_publisher":"https:\/\/www.facebook.com\/acefootballdk","article_published_time":"2021-08-01T13:00:39+00:00","article_modified_time":"2021-08-01T13:00:52+00:00","og_image":[{"width":1920,"height":1008,"url":"https:\/\/acefootball.com\/da\/wp-content\/uploads\/sites\/2\/2021\/08\/Copy-of-Video-generel-66.jpg","type":"image\/jpeg"}],"twitter_card":"summary_large_image","twitter_misc":{"Written by":"Patrick Hesselb\u00e6k","Est. reading time":"1 minute"},"schema":{"@context":"https:\/\/schema.org","@graph":[{"@type":"Organization","@id":"https:\/\/acefootball.com\/da\/#organization","name":"Ace Football","url":"https:\/\/acefootball.com\/da\/","sameAs":["https:\/\/www.facebook.com\/acefootballdk"],"logo":{"@type":"ImageObject","@id":"https:\/\/acefootball.com\/da\/#logo","inLanguage":"en-US","url":"https:\/\/acefootball.com\/da\/wp-content\/uploads\/sites\/2\/2020\/07\/Ace-Football-30-07-2020-2.png","contentUrl":"https:\/\/acefootball.com\/da\/wp-content\/uploads\/sites\/2\/2020\/07\/Ace-Football-30-07-2020-2.png","width":1200,"height":600,"caption":"Ace Football"},"image":{"@id":"https:\/\/acefootball.com\/da\/#logo"}},{"@type":"WebSite","@id":"https:\/\/acefootball.com\/da\/#website","url":"https:\/\/acefootball.com\/da\/","name":"Ace Football Danmark","description":"Nyheder, Spiltips &amp; Livescore","publisher":{"@id":"https:\/\/acefootball.com\/da\/#organization"},"potentialAction":[{"@type":"SearchAction","target":{"@type":"EntryPoint","urlTemplate":"https:\/\/acefootball.com\/da\/?s={search_term_string}"},"query-input":"required name=search_term_string"}],"inLanguage":"en-US"},{"@type":"ImageObject","@id":"https:\/\/acefootball.com\/da\/fodboldnyheder\/startopstillinger-vejle-boldklub-broendby-if\/#primaryimage","inLanguage":"en-US","url":"https:\/\/acefootball.com\/da\/wp-content\/uploads\/sites\/2\/2021\/08\/Copy-of-Video-generel-66.jpg","contentUrl":"https:\/\/acefootball.com\/da\/wp-content\/uploads\/sites\/2\/2021\/08\/Copy-of-Video-generel-66.jpg","width":1920,"height":1008,"caption":"BRONDBY, DENMARK - FEBRUARY 21: Anis Ben Slimane of Brondby IF anf Lucas Jensen of Vejle Boldklub compete for the ball during the Danish 3F Superliga match between Brondby IF and Vejle Boldklub at Brondby Stadion on February 21, 2021 in Brondby, Denmark. (Photo by Lars Ronbog \/ FrontZoneSport via Getty Images)"},{"@type":"WebPage","@id":"https:\/\/acefootball.com\/da\/fodboldnyheder\/startopstillinger-vejle-boldklub-broendby-if\/#webpage","url":"https:\/\/acefootball.com\/da\/fodboldnyheder\/startopstillinger-vejle-boldklub-broendby-if\/","name":"Startopstillinger: Vejle Boldklub - Br\u00f8ndby IF","isPartOf":{"@id":"https:\/\/acefootball.com\/da\/#website"},"primaryImageOfPage":{"@id":"https:\/\/acefootball.com\/da\/fodboldnyheder\/startopstillinger-vejle-boldklub-broendby-if\/#primaryimage"},"datePublished":"2021-08-01T13:00:39+00:00","dateModified":"2021-08-01T13:00:52+00:00","description":"Her f\u00e5r du startsopstillingerne til eftermiddagens Superliga-opg\u00f8r mellem Br\u00f8ndby IF og Vejle Boldklub i tredje spillerunde","breadcrumb":{"@id":"https:\/\/acefootball.com\/da\/fodboldnyheder\/startopstillinger-vejle-boldklub-broendby-if\/#breadcrumb"},"inLanguage":"en-US","potentialAction":[{"@type":"ReadAction","target":["https:\/\/acefootball.com\/da\/fodboldnyheder\/startopstillinger-vejle-boldklub-broendby-if\/"]}]},{"@type":"BreadcrumbList","@id":"https:\/\/acefootball.com\/da\/fodboldnyheder\/startopstillinger-vejle-boldklub-broendby-if\/#breadcrumb","itemListElement":[{"@type":"ListItem","position":1,"name":"Home","item":"https:\/\/acefootball.com\/da\/"},{"@type":"ListItem","position":2,"name":"Startopstillinger: Vejle Boldklub &#8211; Br\u00f8ndby IF"}]},{"@type":"Article","@id":"https:\/\/acefootball.com\/da\/fodboldnyheder\/startopstillinger-vejle-boldklub-broendby-if\/#article","isPartOf":{"@id":"https:\/\/acefootball.com\/da\/fodboldnyheder\/startopstillinger-vejle-boldklub-broendby-if\/#webpage"},"author":{"@id":"https:\/\/acefootball.com\/da\/#\/schema\/person\/fd6223a1c033400b41da7853ddf88c84"},"headline":"Startopstillinger: Vejle Boldklub &#8211; Br\u00f8ndby IF","datePublished":"2021-08-01T13:00:39+00:00","dateModified":"2021-08-01T13:00:52+00:00","mainEntityOfPage":{"@id":"https:\/\/acefootball.com\/da\/fodboldnyheder\/startopstillinger-vejle-boldklub-broendby-if\/#webpage"},"wordCount":125,"commentCount":0,"publisher":{"@id":"https:\/\/acefootball.com\/da\/#organization"},"image":{"@id":"https:\/\/acefootball.com\/da\/fodboldnyheder\/startopstillinger-vejle-boldklub-broendby-if\/#primaryimage"},"thumbnailUrl":"https:\/\/acefootball.com\/da\/wp-content\/uploads\/sites\/2\/2021\/08\/GettyImages-1231311778.jpg","keywords":["Br\u00f8ndby IF","Superligaen","Vejle Boldklub"],"articleSection":["Kamp"],"inLanguage":"en-US","potentialAction":[{"@type":"CommentAction","name":"Comment","target":["https:\/\/acefootball.com\/da\/fodboldnyheder\/startopstillinger-vejle-boldklub-broendby-if\/#respond"]}]},{"@type":"Person","@id":"https:\/\/acefootball.com\/da\/#\/schema\/person\/fd6223a1c033400b41da7853ddf88c84","name":"Patrick Hesselb\u00e6k","image":{"@type":"ImageObject","@id":"https:\/\/acefootball.com\/da\/#personlogo","inLanguage":"en-US","url":"https:\/\/secure.gravatar.com\/avatar\/7919060992759bffbffb199d6cbdce6f?s=96&d=mm&r=g","contentUrl":"https:\/\/secure.gravatar.com\/avatar\/7919060992759bffbffb199d6cbdce6f?s=96&d=mm&r=g","caption":"Patrick Hesselb\u00e6k"},"description":"Redakt\u00f8r p\u00e5 den danske Ace Football-redaktion. Uddannet i kommunikation fra Aalborg Universitet. Prim\u00e6rt fokus p\u00e5 den danske 3F Superliga og de st\u00f8rste europ\u00e6iske turneringer.","sameAs":["https:\/\/www.linkedin.com\/in\/patrick-hesselbk-2a4b1711a\/"],"url":"https:\/\/acefootball.com\/da\/fodboldnyheder\/author\/patrickhesselbaek\/"}]}},"fimg_url":"https:\/\/acefootball.com\/da\/wp-content\/uploads\/sites\/2\/2021\/08\/GettyImages-1231311778.jpg","_links":{"self":[{"href":"https:\/\/acefootball.com\/da\/wp-json\/wp\/v2\/posts\/259133"}],"collection":[{"href":"https:\/\/acefootball.com\/da\/wp-json\/wp\/v2\/posts"}],"about":[{"href":"https:\/\/acefootball.com\/da\/wp-json\/wp\/v2\/types\/post"}],"author":[{"embeddable":true,"href":"https:\/\/acefootball.com\/da\/wp-json\/wp\/v2\/users\/74"}],"replies":[{"embeddable":true,"href":"https:\/\/acefootball.com\/da\/wp-json\/wp\/v2\/comments?post=259133"}],"version-history":[{"count":0,"href":"https:\/\/acefootball.com\/da\/wp-json\/wp\/v2\/posts\/259133\/revisions"}],"wp:featuredmedia":[{"embeddable":true,"href":"https:\/\/acefootball.com\/da\/wp-json\/wp\/v2\/media\/259134"}],"wp:attachment":[{"href":"https:\/\/acefootball.com\/da\/wp-json\/wp\/v2\/media?parent=259133"}],"wp:term":[{"taxonomy":"category","embeddable":true,"href":"https:\/\/acefootball.com\/da\/wp-json\/wp\/v2\/categories?post=259133"},{"taxonomy":"post_tag","embeddable":true,"href":"https:\/\/acefootball.com\/da\/wp-json\/wp\/v2\/tags?post=259133"}],"curies":[{"name":"wp","href":"https:\/\/api.w.org\/{rel}","templated":true}]}}