{"id":258901,"date":"2021-08-22T12:38:00","date_gmt":"2021-08-22T10:38:00","guid":{"rendered":"https:\/\/acefootball.com\/da\/?p=252831"},"modified":"2021-08-22T12:38:59","modified_gmt":"2021-08-22T10:38:59","slug":"dad-of-the-year-da-lidt-for-entusiastisk-far-skubbede-sin-soen-til-en-episk-redning-2","status":"publish","type":"post","link":"https:\/\/acefootball.com\/da\/fodboldnyheder\/dad-of-the-year-da-lidt-for-entusiastisk-far-skubbede-sin-soen-til-en-episk-redning-2\/","title":{"rendered":"Dad of the year? &#8211; Da lidt for entusiastisk far skubbede sin s\u00f8n til en episk redning"},"content":{"rendered":"\n<h2 id=\"h-i-2018-gik-en-engelsk-far-viralt-da-han-under-en-kamp-valgte-at-skubbe-sin-s-n-der-var-m-lmand-direkte-ned-i-bolden-det-endte-dog-alligevel-i-et-m-l\">I 2018 gik en engelsk far viralt, da han under en kamp valgte at skubbe sin s\u00f8n, der var m\u00e5lmand, direkte ned i bolden. Det endte dog alligevel i et m\u00e5l<\/h2>\n\n\n\n<p>Man har ofte h\u00f8rt, om f\u00e6dre der har pacet deres s\u00f8nner meget i h\u00e5bet om, at de en dag vil blive fodboldstjerner, og at de bare lige skal have et skub i den rigtige retning.<\/p>\n\n\n\n<p>Det er selvf\u00f8lgelig i overf\u00f8rt betydning. Men Phil Hatfield, der er far til Osian Hatfield tog i 2018 dette en smule for bogstaveligt. Her spillede s\u00f8nnen sin f\u00f8rste kamp som m\u00e5lmand for Bow Street Magpies U8-hold.<\/p>\n\n\n\n<p>Han havde dog en smule sv\u00e6rt ved at holde fokus, og da modstanderholdet pludselig n\u00e6rmede sig hans m\u00e5l, f\u00f8lte Phil, at det var n\u00f8dvendigt selv at tage aff\u00e6re. Derfor gav han sin s\u00f8n et ordentligt skub, hvilket ogs\u00e5 i f\u00f8rste omgang resulterede i, at han reddede bolden, men der blev desv\u00e6rre scoret p\u00e5 returen til stor \u00e6rgrelse for faren.<\/p>\n\n\n\n<p>Du kan se det sk\u00e6gge klip i videoen herunder.<\/p>\n\n\n\n<figure class=\"wp-block-embed is-type-video is-provider-youtube wp-block-embed-youtube wp-embed-aspect-16-9 wp-has-aspect-ratio\"><div class=\"wp-block-embed__wrapper\">\n<iframe loading=\"lazy\" title=\"Daddy pushes his goalkeeper son into make an epic save\" width=\"640\" height=\"360\" src=\"https:\/\/www.youtube.com\/embed\/67fL4zXj6yM?feature=oembed\" frameborder=\"0\" allow=\"accelerometer; autoplay; clipboard-write; encrypted-media; gyroscope; picture-in-picture\" allowfullscreen><\/iframe>\n<\/div><\/figure>\n\n\n\n<figure class=\"wp-block-embed is-type-wp-embed is-provider-ace-football-danmark wp-block-embed-ace-football-danmark\"><div class=\"wp-block-embed__wrapper\">\n<blockquote class=\"wp-embedded-content\" data-secret=\"k2w7lpMAQQ\"><a href=\"https:\/\/acefootball.com\/da\/fodboldnyheder\/genialt-klip-fra-arkivet-vardy-tager-pis-paa-schmeichel-efter-hoejbjerg-hilsen\/\">Genialt klip fra arkivet: Vardy tager pis p\u00e5 Schmeichel efter H\u00f8jbjerg-hilsen<\/a><\/blockquote><iframe class=\"wp-embedded-content\" sandbox=\"allow-scripts\" security=\"restricted\" style=\"position: absolute; clip: rect(1px, 1px, 1px, 1px);\" title=\"&#8220;Genialt klip fra arkivet: Vardy tager pis p\u00e5 Schmeichel efter H\u00f8jbjerg-hilsen&#8221; &#8212; Ace Football Danmark\" src=\"https:\/\/acefootball.com\/da\/fodboldnyheder\/genialt-klip-fra-arkivet-vardy-tager-pis-paa-schmeichel-efter-hoejbjerg-hilsen\/embed\/#?secret=k2w7lpMAQQ\" data-secret=\"k2w7lpMAQQ\" width=\"600\" height=\"338\" frameborder=\"0\" marginwidth=\"0\" marginheight=\"0\" scrolling=\"no\"><\/iframe>\n<\/div><\/figure>\n\n\n\n<p><\/p>\n","protected":false},"excerpt":{"rendered":"<p>I 2018 gik en engelsk far viralt, da han under en kamp valgte at skubbe sin s\u00f8n, der var m\u00e5lmand, direkte ned i bolden. Det endte dog alligevel i et m\u00e5l<\/p>\n","protected":false},"author":74,"featured_media":252837,"comment_status":"open","ping_status":"closed","sticky":false,"template":"","format":"video","meta":{"om_disable_all_campaigns":false,"push_articles_ronaldo":{"active":false,"canonical":0,"publish":false},"force_updates":null},"categories":[8098],"tags":[405],"enet_tags":{"team":["8491"],"sport_events":[]},"yoast_head":"<!-- This site is optimized with the Yoast SEO plugin v18.3 - https:\/\/yoast.com\/wordpress\/plugins\/seo\/ -->\n<title>Dad of the year? - Da lidt for entusiastisk far skubbede sin s\u00f8n til en episk redning<\/title>\n<meta name=\"description\" content=\"I 2018 gik en engelsk far viralt, da han under en kamp valgte at skubbe sin s\u00f8n, der var m\u00e5lmand, direkte ned i bolden. Det endte dog alligevel i et m\u00e5l\" \/>\n<meta name=\"robots\" content=\"index, follow, max-snippet:-1, max-image-preview:large, max-video-preview:-1\" \/>\n<link rel=\"canonical\" href=\"https:\/\/acefootball.com\/da\/fodboldnyheder\/dad-of-the-year-da-lidt-for-entusiastisk-far-skubbede-sin-soen-til-en-episk-redning-2\/\" \/>\n<meta property=\"og:locale\" content=\"en_US\" \/>\n<meta property=\"og:type\" content=\"article\" \/>\n<meta property=\"og:title\" content=\"Dad of the year? - Da lidt for entusiastisk far skubbede sin s\u00f8n til en episk redning\" \/>\n<meta property=\"og:description\" content=\"I 2018 gik en engelsk far viralt, da han under en kamp valgte at skubbe sin s\u00f8n, der var m\u00e5lmand, direkte ned i bolden. Det endte dog alligevel i et m\u00e5l\" \/>\n<meta property=\"og:url\" content=\"https:\/\/acefootball.com\/da\/fodboldnyheder\/dad-of-the-year-da-lidt-for-entusiastisk-far-skubbede-sin-soen-til-en-episk-redning-2\/\" \/>\n<meta property=\"og:site_name\" content=\"Ace Football Danmark\" \/>\n<meta property=\"article:publisher\" content=\"https:\/\/www.facebook.com\/acefootballdk\" \/>\n<meta property=\"article:published_time\" content=\"2021-08-22T10:38:00+00:00\" \/>\n<meta property=\"article:modified_time\" content=\"2021-08-22T10:38:59+00:00\" \/>\n<meta property=\"og:image\" content=\"https:\/\/acefootball.com\/da\/wp-content\/uploads\/sites\/2\/2021\/02\/Video-generel-35.jpg\" \/>\n\t<meta property=\"og:image:width\" content=\"1920\" \/>\n\t<meta property=\"og:image:height\" content=\"1008\" \/>\n\t<meta property=\"og:image:type\" content=\"image\/jpeg\" \/>\n<meta name=\"twitter:card\" content=\"summary_large_image\" \/>\n<meta name=\"twitter:label1\" content=\"Written by\" \/>\n\t<meta name=\"twitter:data1\" content=\"Patrick Hesselb\u00e6k\" \/>\n\t<meta name=\"twitter:label2\" content=\"Est. reading time\" \/>\n\t<meta name=\"twitter:data2\" content=\"1 minute\" \/>\n<script type=\"application\/ld+json\" class=\"yoast-schema-graph\">{\"@context\":\"https:\/\/schema.org\",\"@graph\":[{\"@type\":\"Organization\",\"@id\":\"https:\/\/acefootball.com\/da\/#organization\",\"name\":\"Ace Football\",\"url\":\"https:\/\/acefootball.com\/da\/\",\"sameAs\":[\"https:\/\/www.facebook.com\/acefootballdk\"],\"logo\":{\"@type\":\"ImageObject\",\"@id\":\"https:\/\/acefootball.com\/da\/#logo\",\"inLanguage\":\"en-US\",\"url\":\"https:\/\/acefootball.com\/da\/wp-content\/uploads\/sites\/2\/2020\/07\/Ace-Football-30-07-2020-2.png\",\"contentUrl\":\"https:\/\/acefootball.com\/da\/wp-content\/uploads\/sites\/2\/2020\/07\/Ace-Football-30-07-2020-2.png\",\"width\":1200,\"height\":600,\"caption\":\"Ace Football\"},\"image\":{\"@id\":\"https:\/\/acefootball.com\/da\/#logo\"}},{\"@type\":\"WebSite\",\"@id\":\"https:\/\/acefootball.com\/da\/#website\",\"url\":\"https:\/\/acefootball.com\/da\/\",\"name\":\"Ace Football Danmark\",\"description\":\"Nyheder, Spiltips &amp; Livescore\",\"publisher\":{\"@id\":\"https:\/\/acefootball.com\/da\/#organization\"},\"potentialAction\":[{\"@type\":\"SearchAction\",\"target\":{\"@type\":\"EntryPoint\",\"urlTemplate\":\"https:\/\/acefootball.com\/da\/?s={search_term_string}\"},\"query-input\":\"required name=search_term_string\"}],\"inLanguage\":\"en-US\"},{\"@type\":\"ImageObject\",\"@id\":\"https:\/\/acefootball.com\/da\/fodboldnyheder\/dad-of-the-year-da-lidt-for-entusiastisk-far-skubbede-sin-soen-til-en-episk-redning-2\/#primaryimage\",\"inLanguage\":\"en-US\",\"url\":\"https:\/\/acefootball.com\/da\/wp-content\/uploads\/sites\/2\/2021\/02\/Video-generel-35.jpg\",\"contentUrl\":\"https:\/\/acefootball.com\/da\/wp-content\/uploads\/sites\/2\/2021\/02\/Video-generel-35.jpg\",\"width\":1920,\"height\":1008},{\"@type\":\"WebPage\",\"@id\":\"https:\/\/acefootball.com\/da\/fodboldnyheder\/dad-of-the-year-da-lidt-for-entusiastisk-far-skubbede-sin-soen-til-en-episk-redning-2\/#webpage\",\"url\":\"https:\/\/acefootball.com\/da\/fodboldnyheder\/dad-of-the-year-da-lidt-for-entusiastisk-far-skubbede-sin-soen-til-en-episk-redning-2\/\",\"name\":\"Dad of the year? - Da lidt for entusiastisk far skubbede sin s\u00f8n til en episk redning\",\"isPartOf\":{\"@id\":\"https:\/\/acefootball.com\/da\/#website\"},\"primaryImageOfPage\":{\"@id\":\"https:\/\/acefootball.com\/da\/fodboldnyheder\/dad-of-the-year-da-lidt-for-entusiastisk-far-skubbede-sin-soen-til-en-episk-redning-2\/#primaryimage\"},\"datePublished\":\"2021-08-22T10:38:00+00:00\",\"dateModified\":\"2021-08-22T10:38:59+00:00\",\"description\":\"I 2018 gik en engelsk far viralt, da han under en kamp valgte at skubbe sin s\u00f8n, der var m\u00e5lmand, direkte ned i bolden. Det endte dog alligevel i et m\u00e5l\",\"breadcrumb\":{\"@id\":\"https:\/\/acefootball.com\/da\/fodboldnyheder\/dad-of-the-year-da-lidt-for-entusiastisk-far-skubbede-sin-soen-til-en-episk-redning-2\/#breadcrumb\"},\"inLanguage\":\"en-US\",\"potentialAction\":[{\"@type\":\"ReadAction\",\"target\":[\"https:\/\/acefootball.com\/da\/fodboldnyheder\/dad-of-the-year-da-lidt-for-entusiastisk-far-skubbede-sin-soen-til-en-episk-redning-2\/\"]}]},{\"@type\":\"BreadcrumbList\",\"@id\":\"https:\/\/acefootball.com\/da\/fodboldnyheder\/dad-of-the-year-da-lidt-for-entusiastisk-far-skubbede-sin-soen-til-en-episk-redning-2\/#breadcrumb\",\"itemListElement\":[{\"@type\":\"ListItem\",\"position\":1,\"name\":\"Home\",\"item\":\"https:\/\/acefootball.com\/da\/\"},{\"@type\":\"ListItem\",\"position\":2,\"name\":\"Dad of the year? &#8211; Da lidt for entusiastisk far skubbede sin s\u00f8n til en episk redning\"}]},{\"@type\":\"Article\",\"@id\":\"https:\/\/acefootball.com\/da\/fodboldnyheder\/dad-of-the-year-da-lidt-for-entusiastisk-far-skubbede-sin-soen-til-en-episk-redning-2\/#article\",\"isPartOf\":{\"@id\":\"https:\/\/acefootball.com\/da\/fodboldnyheder\/dad-of-the-year-da-lidt-for-entusiastisk-far-skubbede-sin-soen-til-en-episk-redning-2\/#webpage\"},\"author\":{\"@id\":\"https:\/\/acefootball.com\/da\/#\/schema\/person\/fd6223a1c033400b41da7853ddf88c84\"},\"headline\":\"Dad of the year? &#8211; Da lidt for entusiastisk far skubbede sin s\u00f8n til en episk redning\",\"datePublished\":\"2021-08-22T10:38:00+00:00\",\"dateModified\":\"2021-08-22T10:38:59+00:00\",\"mainEntityOfPage\":{\"@id\":\"https:\/\/acefootball.com\/da\/fodboldnyheder\/dad-of-the-year-da-lidt-for-entusiastisk-far-skubbede-sin-soen-til-en-episk-redning-2\/#webpage\"},\"wordCount\":228,\"commentCount\":0,\"publisher\":{\"@id\":\"https:\/\/acefootball.com\/da\/#organization\"},\"image\":{\"@id\":\"https:\/\/acefootball.com\/da\/fodboldnyheder\/dad-of-the-year-da-lidt-for-entusiastisk-far-skubbede-sin-soen-til-en-episk-redning-2\/#primaryimage\"},\"thumbnailUrl\":\"https:\/\/acefootball.com\/da\/wp-content\/uploads\/sites\/2\/2021\/02\/Laes-mere-generel-27-3.jpg\",\"keywords\":[\"England\"],\"articleSection\":[\"Video\"],\"inLanguage\":\"en-US\",\"potentialAction\":[{\"@type\":\"CommentAction\",\"name\":\"Comment\",\"target\":[\"https:\/\/acefootball.com\/da\/fodboldnyheder\/dad-of-the-year-da-lidt-for-entusiastisk-far-skubbede-sin-soen-til-en-episk-redning-2\/#respond\"]}]},{\"@type\":\"Person\",\"@id\":\"https:\/\/acefootball.com\/da\/#\/schema\/person\/fd6223a1c033400b41da7853ddf88c84\",\"name\":\"Patrick Hesselb\u00e6k\",\"image\":{\"@type\":\"ImageObject\",\"@id\":\"https:\/\/acefootball.com\/da\/#personlogo\",\"inLanguage\":\"en-US\",\"url\":\"https:\/\/secure.gravatar.com\/avatar\/7919060992759bffbffb199d6cbdce6f?s=96&d=mm&r=g\",\"contentUrl\":\"https:\/\/secure.gravatar.com\/avatar\/7919060992759bffbffb199d6cbdce6f?s=96&d=mm&r=g\",\"caption\":\"Patrick Hesselb\u00e6k\"},\"description\":\"Redakt\u00f8r p\u00e5 den danske Ace Football-redaktion. Uddannet i kommunikation fra Aalborg Universitet. Prim\u00e6rt fokus p\u00e5 den danske 3F Superliga og de st\u00f8rste europ\u00e6iske turneringer.\",\"sameAs\":[\"https:\/\/www.linkedin.com\/in\/patrick-hesselbk-2a4b1711a\/\"],\"url\":\"https:\/\/acefootball.com\/da\/fodboldnyheder\/author\/patrickhesselbaek\/\"}]}<\/script>\n<!-- \/ Yoast SEO plugin. -->","yoast_head_json":{"title":"Dad of the year? - Da lidt for entusiastisk far skubbede sin s\u00f8n til en episk redning","description":"I 2018 gik en engelsk far viralt, da han under en kamp valgte at skubbe sin s\u00f8n, der var m\u00e5lmand, direkte ned i bolden. Det endte dog alligevel i et m\u00e5l","robots":{"index":"index","follow":"follow","max-snippet":"max-snippet:-1","max-image-preview":"max-image-preview:large","max-video-preview":"max-video-preview:-1"},"canonical":"https:\/\/acefootball.com\/da\/fodboldnyheder\/dad-of-the-year-da-lidt-for-entusiastisk-far-skubbede-sin-soen-til-en-episk-redning-2\/","og_locale":"en_US","og_type":"article","og_title":"Dad of the year? - Da lidt for entusiastisk far skubbede sin s\u00f8n til en episk redning","og_description":"I 2018 gik en engelsk far viralt, da han under en kamp valgte at skubbe sin s\u00f8n, der var m\u00e5lmand, direkte ned i bolden. Det endte dog alligevel i et m\u00e5l","og_url":"https:\/\/acefootball.com\/da\/fodboldnyheder\/dad-of-the-year-da-lidt-for-entusiastisk-far-skubbede-sin-soen-til-en-episk-redning-2\/","og_site_name":"Ace Football Danmark","article_publisher":"https:\/\/www.facebook.com\/acefootballdk","article_published_time":"2021-08-22T10:38:00+00:00","article_modified_time":"2021-08-22T10:38:59+00:00","og_image":[{"width":1920,"height":1008,"url":"https:\/\/acefootball.com\/da\/wp-content\/uploads\/sites\/2\/2021\/02\/Video-generel-35.jpg","type":"image\/jpeg"}],"twitter_card":"summary_large_image","twitter_misc":{"Written by":"Patrick Hesselb\u00e6k","Est. reading time":"1 minute"},"schema":{"@context":"https:\/\/schema.org","@graph":[{"@type":"Organization","@id":"https:\/\/acefootball.com\/da\/#organization","name":"Ace Football","url":"https:\/\/acefootball.com\/da\/","sameAs":["https:\/\/www.facebook.com\/acefootballdk"],"logo":{"@type":"ImageObject","@id":"https:\/\/acefootball.com\/da\/#logo","inLanguage":"en-US","url":"https:\/\/acefootball.com\/da\/wp-content\/uploads\/sites\/2\/2020\/07\/Ace-Football-30-07-2020-2.png","contentUrl":"https:\/\/acefootball.com\/da\/wp-content\/uploads\/sites\/2\/2020\/07\/Ace-Football-30-07-2020-2.png","width":1200,"height":600,"caption":"Ace Football"},"image":{"@id":"https:\/\/acefootball.com\/da\/#logo"}},{"@type":"WebSite","@id":"https:\/\/acefootball.com\/da\/#website","url":"https:\/\/acefootball.com\/da\/","name":"Ace Football Danmark","description":"Nyheder, Spiltips &amp; Livescore","publisher":{"@id":"https:\/\/acefootball.com\/da\/#organization"},"potentialAction":[{"@type":"SearchAction","target":{"@type":"EntryPoint","urlTemplate":"https:\/\/acefootball.com\/da\/?s={search_term_string}"},"query-input":"required name=search_term_string"}],"inLanguage":"en-US"},{"@type":"ImageObject","@id":"https:\/\/acefootball.com\/da\/fodboldnyheder\/dad-of-the-year-da-lidt-for-entusiastisk-far-skubbede-sin-soen-til-en-episk-redning-2\/#primaryimage","inLanguage":"en-US","url":"https:\/\/acefootball.com\/da\/wp-content\/uploads\/sites\/2\/2021\/02\/Video-generel-35.jpg","contentUrl":"https:\/\/acefootball.com\/da\/wp-content\/uploads\/sites\/2\/2021\/02\/Video-generel-35.jpg","width":1920,"height":1008},{"@type":"WebPage","@id":"https:\/\/acefootball.com\/da\/fodboldnyheder\/dad-of-the-year-da-lidt-for-entusiastisk-far-skubbede-sin-soen-til-en-episk-redning-2\/#webpage","url":"https:\/\/acefootball.com\/da\/fodboldnyheder\/dad-of-the-year-da-lidt-for-entusiastisk-far-skubbede-sin-soen-til-en-episk-redning-2\/","name":"Dad of the year? - Da lidt for entusiastisk far skubbede sin s\u00f8n til en episk redning","isPartOf":{"@id":"https:\/\/acefootball.com\/da\/#website"},"primaryImageOfPage":{"@id":"https:\/\/acefootball.com\/da\/fodboldnyheder\/dad-of-the-year-da-lidt-for-entusiastisk-far-skubbede-sin-soen-til-en-episk-redning-2\/#primaryimage"},"datePublished":"2021-08-22T10:38:00+00:00","dateModified":"2021-08-22T10:38:59+00:00","description":"I 2018 gik en engelsk far viralt, da han under en kamp valgte at skubbe sin s\u00f8n, der var m\u00e5lmand, direkte ned i bolden. Det endte dog alligevel i et m\u00e5l","breadcrumb":{"@id":"https:\/\/acefootball.com\/da\/fodboldnyheder\/dad-of-the-year-da-lidt-for-entusiastisk-far-skubbede-sin-soen-til-en-episk-redning-2\/#breadcrumb"},"inLanguage":"en-US","potentialAction":[{"@type":"ReadAction","target":["https:\/\/acefootball.com\/da\/fodboldnyheder\/dad-of-the-year-da-lidt-for-entusiastisk-far-skubbede-sin-soen-til-en-episk-redning-2\/"]}]},{"@type":"BreadcrumbList","@id":"https:\/\/acefootball.com\/da\/fodboldnyheder\/dad-of-the-year-da-lidt-for-entusiastisk-far-skubbede-sin-soen-til-en-episk-redning-2\/#breadcrumb","itemListElement":[{"@type":"ListItem","position":1,"name":"Home","item":"https:\/\/acefootball.com\/da\/"},{"@type":"ListItem","position":2,"name":"Dad of the year? &#8211; Da lidt for entusiastisk far skubbede sin s\u00f8n til en episk redning"}]},{"@type":"Article","@id":"https:\/\/acefootball.com\/da\/fodboldnyheder\/dad-of-the-year-da-lidt-for-entusiastisk-far-skubbede-sin-soen-til-en-episk-redning-2\/#article","isPartOf":{"@id":"https:\/\/acefootball.com\/da\/fodboldnyheder\/dad-of-the-year-da-lidt-for-entusiastisk-far-skubbede-sin-soen-til-en-episk-redning-2\/#webpage"},"author":{"@id":"https:\/\/acefootball.com\/da\/#\/schema\/person\/fd6223a1c033400b41da7853ddf88c84"},"headline":"Dad of the year? &#8211; Da lidt for entusiastisk far skubbede sin s\u00f8n til en episk redning","datePublished":"2021-08-22T10:38:00+00:00","dateModified":"2021-08-22T10:38:59+00:00","mainEntityOfPage":{"@id":"https:\/\/acefootball.com\/da\/fodboldnyheder\/dad-of-the-year-da-lidt-for-entusiastisk-far-skubbede-sin-soen-til-en-episk-redning-2\/#webpage"},"wordCount":228,"commentCount":0,"publisher":{"@id":"https:\/\/acefootball.com\/da\/#organization"},"image":{"@id":"https:\/\/acefootball.com\/da\/fodboldnyheder\/dad-of-the-year-da-lidt-for-entusiastisk-far-skubbede-sin-soen-til-en-episk-redning-2\/#primaryimage"},"thumbnailUrl":"https:\/\/acefootball.com\/da\/wp-content\/uploads\/sites\/2\/2021\/02\/Laes-mere-generel-27-3.jpg","keywords":["England"],"articleSection":["Video"],"inLanguage":"en-US","potentialAction":[{"@type":"CommentAction","name":"Comment","target":["https:\/\/acefootball.com\/da\/fodboldnyheder\/dad-of-the-year-da-lidt-for-entusiastisk-far-skubbede-sin-soen-til-en-episk-redning-2\/#respond"]}]},{"@type":"Person","@id":"https:\/\/acefootball.com\/da\/#\/schema\/person\/fd6223a1c033400b41da7853ddf88c84","name":"Patrick Hesselb\u00e6k","image":{"@type":"ImageObject","@id":"https:\/\/acefootball.com\/da\/#personlogo","inLanguage":"en-US","url":"https:\/\/secure.gravatar.com\/avatar\/7919060992759bffbffb199d6cbdce6f?s=96&d=mm&r=g","contentUrl":"https:\/\/secure.gravatar.com\/avatar\/7919060992759bffbffb199d6cbdce6f?s=96&d=mm&r=g","caption":"Patrick Hesselb\u00e6k"},"description":"Redakt\u00f8r p\u00e5 den danske Ace Football-redaktion. Uddannet i kommunikation fra Aalborg Universitet. Prim\u00e6rt fokus p\u00e5 den danske 3F Superliga og de st\u00f8rste europ\u00e6iske turneringer.","sameAs":["https:\/\/www.linkedin.com\/in\/patrick-hesselbk-2a4b1711a\/"],"url":"https:\/\/acefootball.com\/da\/fodboldnyheder\/author\/patrickhesselbaek\/"}]}},"fimg_url":"https:\/\/acefootball.com\/da\/wp-content\/uploads\/sites\/2\/2021\/02\/Laes-mere-generel-27-3.jpg","_links":{"self":[{"href":"https:\/\/acefootball.com\/da\/wp-json\/wp\/v2\/posts\/258901"}],"collection":[{"href":"https:\/\/acefootball.com\/da\/wp-json\/wp\/v2\/posts"}],"about":[{"href":"https:\/\/acefootball.com\/da\/wp-json\/wp\/v2\/types\/post"}],"author":[{"embeddable":true,"href":"https:\/\/acefootball.com\/da\/wp-json\/wp\/v2\/users\/74"}],"replies":[{"embeddable":true,"href":"https:\/\/acefootball.com\/da\/wp-json\/wp\/v2\/comments?post=258901"}],"version-history":[{"count":0,"href":"https:\/\/acefootball.com\/da\/wp-json\/wp\/v2\/posts\/258901\/revisions"}],"wp:featuredmedia":[{"embeddable":true,"href":"https:\/\/acefootball.com\/da\/wp-json\/wp\/v2\/media\/252837"}],"wp:attachment":[{"href":"https:\/\/acefootball.com\/da\/wp-json\/wp\/v2\/media?parent=258901"}],"wp:term":[{"taxonomy":"category","embeddable":true,"href":"https:\/\/acefootball.com\/da\/wp-json\/wp\/v2\/categories?post=258901"},{"taxonomy":"post_tag","embeddable":true,"href":"https:\/\/acefootball.com\/da\/wp-json\/wp\/v2\/tags?post=258901"}],"curies":[{"name":"wp","href":"https:\/\/api.w.org\/{rel}","templated":true}]}}