{"id":258847,"date":"2021-06-08T22:01:22","date_gmt":"2021-06-08T20:01:22","guid":{"rendered":"https:\/\/acefootball.com\/da\/?p=252405"},"modified":"2021-06-08T22:01:22","modified_gmt":"2021-06-08T20:01:22","slug":"psg-angribers-far-har-ikke-glemt-juventus-loefte-jeg-blev-lovet-to-traktorer-2","status":"publish","type":"post","link":"https:\/\/acefootball.com\/da\/fodboldnyheder\/psg-angribers-far-har-ikke-glemt-juventus-loefte-jeg-blev-lovet-to-traktorer-2\/","title":{"rendered":"PSG-angribers far har ikke glemt Juventus&#8217; l\u00f8fte: Jeg blev lovet to traktorer!"},"content":{"rendered":"<h2>Moise Keans far fort\u00e6ller, at han har fulgt op p\u00e5 sagen med de manglende traktorer, som han var blevet lovet af Juventus<\/h2>\n<p>Den unge angriber Moise Kean slog i 2019 igennem for Juventus, hvor han form\u00e5ede at score otte m\u00e5l p\u00e5 21 kampe, hvoraf mange af dem var som indskifter.<\/p>\n<p>I forbindelse med Keans gennembrud var hans far i medierne og brokke sig over, at Juventus stadig ikke har givet ham de to traktorer, som han blev lovet, da han for \u00e5r tilbage overtalte sin s\u00f8n til at skifte til Dem Gamle Dame i Torino.<\/p>\n<p>Nu kan faren s\u00e5 afsl\u00f8rer, at han stadig ikke har set noget til dem.<\/p>\n<p>&#8220;Historien om traktorerne? Jeg tror p\u00e5 gud og p\u00e5, at et l\u00f8fte skal overholdes. Hvis deres ord var l\u00f8gn, kan jeg ikke l\u00e6ngere stole p\u00e5 dem. Jeg blev lovet to traktorer, og jeg har stadig ikke modtaget dem!&#8221; fort\u00e6ller Kean Senior if\u00f8lge Sky Sports.<\/p>\n<p>Kean scorede i midtugens kamp mod FC Barcelona, og det gjorde hans holdkammerat Kylian Mbapp\u00e9 ogs\u00e5 hele tre gange. Han er da kommet i noget negativ fokus i k\u00f8lvandet p\u00e5 opg\u00f8ret, hvilket du kan l\u00e6se mere om herunder.<\/p>\n\n\n<figure class=\"wp-block-embed is-type-wp-embed is-provider-ace-football-danmark wp-block-embed-ace-football-danmark\"><div class=\"wp-block-embed__wrapper\">\n<blockquote class=\"wp-embedded-content\" data-secret=\"lujzRARHHB\"><a href=\"https:\/\/acefootball.com\/da\/fodboldnyheder\/mbappe-til-barcelona-stjerne-ville-draebe-dig-paa-gaden\/\">Mbapp\u00e9 til Barcelona-stjerne: &#8220;Ville dr\u00e6be dig p\u00e5 gaden&#8221;<\/a><\/blockquote><iframe class=\"wp-embedded-content\" sandbox=\"allow-scripts\" security=\"restricted\" style=\"position: absolute; clip: rect(1px, 1px, 1px, 1px);\" title=\"&#8220;Mbapp\u00e9 til Barcelona-stjerne: &#8220;Ville dr\u00e6be dig p\u00e5 gaden&#8221;&#8221; &#8212; Ace Football Danmark\" src=\"https:\/\/acefootball.com\/da\/fodboldnyheder\/mbappe-til-barcelona-stjerne-ville-draebe-dig-paa-gaden\/embed\/#?secret=lujzRARHHB\" data-secret=\"lujzRARHHB\" width=\"600\" height=\"338\" frameborder=\"0\" marginwidth=\"0\" marginheight=\"0\" scrolling=\"no\"><\/iframe>\n<\/div><\/figure>\n","protected":false},"excerpt":{"rendered":"<p>Moise Keans far fort\u00e6ller, at han har fulgt op p\u00e5 sagen med de manglende traktorer, som han var blevet lovet af Juventus<\/p>\n","protected":false},"author":1,"featured_media":242406,"comment_status":"open","ping_status":"closed","sticky":false,"template":"","format":"standard","meta":{"om_disable_all_campaigns":false,"push_articles_ronaldo":{"active":false,"canonical":0,"publish":false},"force_updates":null},"categories":[2470],"tags":[65,397,5344,461,131],"enet_tags":{"team":["9885","9847"],"league":["53","55"],"player":["747926"],"sport_events":[]},"yoast_head":"<!-- This site is optimized with the Yoast SEO plugin v18.3 - https:\/\/yoast.com\/wordpress\/plugins\/seo\/ -->\n<title>PSG-angribers far har ikke glemt Juventus&#039; l\u00f8fte: Jeg blev lovet to traktorer!<\/title>\n<meta name=\"description\" content=\"Moise Keans far fort\u00e6ller, at han har fulgt op p\u00e5 sagen med de manglende traktorer, som han var blevet lovet af Juventus\" \/>\n<meta name=\"robots\" content=\"index, follow, max-snippet:-1, max-image-preview:large, max-video-preview:-1\" \/>\n<link rel=\"canonical\" href=\"https:\/\/acefootball.com\/da\/fodboldnyheder\/psg-angribers-far-har-ikke-glemt-juventus-loefte-jeg-blev-lovet-to-traktorer-2\/\" \/>\n<meta property=\"og:locale\" content=\"en_US\" \/>\n<meta property=\"og:type\" content=\"article\" \/>\n<meta property=\"og:title\" content=\"PSG-angribers far har ikke glemt Juventus&#039; l\u00f8fte: Jeg blev lovet to traktorer!\" \/>\n<meta property=\"og:description\" content=\"Moise Keans far fort\u00e6ller, at han har fulgt op p\u00e5 sagen med de manglende traktorer, som han var blevet lovet af Juventus\" \/>\n<meta property=\"og:url\" content=\"https:\/\/acefootball.com\/da\/fodboldnyheder\/psg-angribers-far-har-ikke-glemt-juventus-loefte-jeg-blev-lovet-to-traktorer-2\/\" \/>\n<meta property=\"og:site_name\" content=\"Ace Football Danmark\" \/>\n<meta property=\"article:publisher\" content=\"https:\/\/www.facebook.com\/acefootballdk\" \/>\n<meta property=\"article:published_time\" content=\"2021-06-08T20:01:22+00:00\" \/>\n<meta property=\"og:image\" content=\"https:\/\/acefootball.com\/da\/wp-content\/uploads\/sites\/2\/2021\/02\/Betting-27.jpg\" \/>\n\t<meta property=\"og:image:width\" content=\"1920\" \/>\n\t<meta property=\"og:image:height\" content=\"1008\" \/>\n\t<meta property=\"og:image:type\" content=\"image\/jpeg\" \/>\n<meta name=\"twitter:card\" content=\"summary_large_image\" \/>\n<meta name=\"twitter:label1\" content=\"Written by\" \/>\n\t<meta name=\"twitter:data1\" content=\"Team Acefootball\" \/>\n\t<meta name=\"twitter:label2\" content=\"Est. reading time\" \/>\n\t<meta name=\"twitter:data2\" content=\"1 minute\" \/>\n<script type=\"application\/ld+json\" class=\"yoast-schema-graph\">{\"@context\":\"https:\/\/schema.org\",\"@graph\":[{\"@type\":\"Organization\",\"@id\":\"https:\/\/acefootball.com\/da\/#organization\",\"name\":\"Ace Football\",\"url\":\"https:\/\/acefootball.com\/da\/\",\"sameAs\":[\"https:\/\/www.facebook.com\/acefootballdk\"],\"logo\":{\"@type\":\"ImageObject\",\"@id\":\"https:\/\/acefootball.com\/da\/#logo\",\"inLanguage\":\"en-US\",\"url\":\"https:\/\/acefootball.com\/da\/wp-content\/uploads\/sites\/2\/2020\/07\/Ace-Football-30-07-2020-2.png\",\"contentUrl\":\"https:\/\/acefootball.com\/da\/wp-content\/uploads\/sites\/2\/2020\/07\/Ace-Football-30-07-2020-2.png\",\"width\":1200,\"height\":600,\"caption\":\"Ace Football\"},\"image\":{\"@id\":\"https:\/\/acefootball.com\/da\/#logo\"}},{\"@type\":\"WebSite\",\"@id\":\"https:\/\/acefootball.com\/da\/#website\",\"url\":\"https:\/\/acefootball.com\/da\/\",\"name\":\"Ace Football Danmark\",\"description\":\"Nyheder, Spiltips &amp; Livescore\",\"publisher\":{\"@id\":\"https:\/\/acefootball.com\/da\/#organization\"},\"potentialAction\":[{\"@type\":\"SearchAction\",\"target\":{\"@type\":\"EntryPoint\",\"urlTemplate\":\"https:\/\/acefootball.com\/da\/?s={search_term_string}\"},\"query-input\":\"required name=search_term_string\"}],\"inLanguage\":\"en-US\"},{\"@type\":\"ImageObject\",\"@id\":\"https:\/\/acefootball.com\/da\/fodboldnyheder\/psg-angribers-far-har-ikke-glemt-juventus-loefte-jeg-blev-lovet-to-traktorer-2\/#primaryimage\",\"inLanguage\":\"en-US\",\"url\":\"https:\/\/acefootball.com\/da\/wp-content\/uploads\/sites\/2\/2021\/02\/Betting-27.jpg\",\"contentUrl\":\"https:\/\/acefootball.com\/da\/wp-content\/uploads\/sites\/2\/2021\/02\/Betting-27.jpg\",\"width\":1920,\"height\":1008,\"caption\":\"Moise Kean\"},{\"@type\":\"WebPage\",\"@id\":\"https:\/\/acefootball.com\/da\/fodboldnyheder\/psg-angribers-far-har-ikke-glemt-juventus-loefte-jeg-blev-lovet-to-traktorer-2\/#webpage\",\"url\":\"https:\/\/acefootball.com\/da\/fodboldnyheder\/psg-angribers-far-har-ikke-glemt-juventus-loefte-jeg-blev-lovet-to-traktorer-2\/\",\"name\":\"PSG-angribers far har ikke glemt Juventus' l\u00f8fte: Jeg blev lovet to traktorer!\",\"isPartOf\":{\"@id\":\"https:\/\/acefootball.com\/da\/#website\"},\"primaryImageOfPage\":{\"@id\":\"https:\/\/acefootball.com\/da\/fodboldnyheder\/psg-angribers-far-har-ikke-glemt-juventus-loefte-jeg-blev-lovet-to-traktorer-2\/#primaryimage\"},\"datePublished\":\"2021-06-08T20:01:22+00:00\",\"dateModified\":\"2021-06-08T20:01:22+00:00\",\"description\":\"Moise Keans far fort\u00e6ller, at han har fulgt op p\u00e5 sagen med de manglende traktorer, som han var blevet lovet af Juventus\",\"breadcrumb\":{\"@id\":\"https:\/\/acefootball.com\/da\/fodboldnyheder\/psg-angribers-far-har-ikke-glemt-juventus-loefte-jeg-blev-lovet-to-traktorer-2\/#breadcrumb\"},\"inLanguage\":\"en-US\",\"potentialAction\":[{\"@type\":\"ReadAction\",\"target\":[\"https:\/\/acefootball.com\/da\/fodboldnyheder\/psg-angribers-far-har-ikke-glemt-juventus-loefte-jeg-blev-lovet-to-traktorer-2\/\"]}]},{\"@type\":\"BreadcrumbList\",\"@id\":\"https:\/\/acefootball.com\/da\/fodboldnyheder\/psg-angribers-far-har-ikke-glemt-juventus-loefte-jeg-blev-lovet-to-traktorer-2\/#breadcrumb\",\"itemListElement\":[{\"@type\":\"ListItem\",\"position\":1,\"name\":\"Home\",\"item\":\"https:\/\/acefootball.com\/da\/\"},{\"@type\":\"ListItem\",\"position\":2,\"name\":\"PSG-angribers far har ikke glemt Juventus&#8217; l\u00f8fte: Jeg blev lovet to traktorer!\"}]},{\"@type\":\"Article\",\"@id\":\"https:\/\/acefootball.com\/da\/fodboldnyheder\/psg-angribers-far-har-ikke-glemt-juventus-loefte-jeg-blev-lovet-to-traktorer-2\/#article\",\"isPartOf\":{\"@id\":\"https:\/\/acefootball.com\/da\/fodboldnyheder\/psg-angribers-far-har-ikke-glemt-juventus-loefte-jeg-blev-lovet-to-traktorer-2\/#webpage\"},\"author\":{\"@id\":\"https:\/\/acefootball.com\/da\/#\/schema\/person\/9b4be16c64ad64ec1ef43b3fec19abcf\"},\"headline\":\"PSG-angribers far har ikke glemt Juventus&#8217; l\u00f8fte: Jeg blev lovet to traktorer!\",\"datePublished\":\"2021-06-08T20:01:22+00:00\",\"dateModified\":\"2021-06-08T20:01:22+00:00\",\"mainEntityOfPage\":{\"@id\":\"https:\/\/acefootball.com\/da\/fodboldnyheder\/psg-angribers-far-har-ikke-glemt-juventus-loefte-jeg-blev-lovet-to-traktorer-2\/#webpage\"},\"wordCount\":221,\"commentCount\":0,\"publisher\":{\"@id\":\"https:\/\/acefootball.com\/da\/#organization\"},\"image\":{\"@id\":\"https:\/\/acefootball.com\/da\/fodboldnyheder\/psg-angribers-far-har-ikke-glemt-juventus-loefte-jeg-blev-lovet-to-traktorer-2\/#primaryimage\"},\"thumbnailUrl\":\"https:\/\/acefootball.com\/da\/wp-content\/uploads\/sites\/2\/2020\/11\/GettyImages-1282723793.jpg\",\"keywords\":[\"Juventus\",\"Ligue 1\",\"Moise Kean\",\"Paris Saint-Germain\",\"Serie A\"],\"articleSection\":[\"Offsite\"],\"inLanguage\":\"en-US\",\"potentialAction\":[{\"@type\":\"CommentAction\",\"name\":\"Comment\",\"target\":[\"https:\/\/acefootball.com\/da\/fodboldnyheder\/psg-angribers-far-har-ikke-glemt-juventus-loefte-jeg-blev-lovet-to-traktorer-2\/#respond\"]}]},{\"@type\":\"Person\",\"@id\":\"https:\/\/acefootball.com\/da\/#\/schema\/person\/9b4be16c64ad64ec1ef43b3fec19abcf\",\"name\":\"Team Acefootball\",\"image\":{\"@type\":\"ImageObject\",\"@id\":\"https:\/\/acefootball.com\/da\/#personlogo\",\"inLanguage\":\"en-US\",\"url\":\"https:\/\/secure.gravatar.com\/avatar\/19d749670aa1f01ecf6bba95169ecaf2?s=96&d=mm&r=g\",\"contentUrl\":\"https:\/\/secure.gravatar.com\/avatar\/19d749670aa1f01ecf6bba95169ecaf2?s=96&d=mm&r=g\",\"caption\":\"Team Acefootball\"},\"url\":\"https:\/\/acefootball.com\/da\/fodboldnyheder\/author\/solrek\/\"}]}<\/script>\n<!-- \/ Yoast SEO plugin. -->","yoast_head_json":{"title":"PSG-angribers far har ikke glemt Juventus' l\u00f8fte: Jeg blev lovet to traktorer!","description":"Moise Keans far fort\u00e6ller, at han har fulgt op p\u00e5 sagen med de manglende traktorer, som han var blevet lovet af Juventus","robots":{"index":"index","follow":"follow","max-snippet":"max-snippet:-1","max-image-preview":"max-image-preview:large","max-video-preview":"max-video-preview:-1"},"canonical":"https:\/\/acefootball.com\/da\/fodboldnyheder\/psg-angribers-far-har-ikke-glemt-juventus-loefte-jeg-blev-lovet-to-traktorer-2\/","og_locale":"en_US","og_type":"article","og_title":"PSG-angribers far har ikke glemt Juventus' l\u00f8fte: Jeg blev lovet to traktorer!","og_description":"Moise Keans far fort\u00e6ller, at han har fulgt op p\u00e5 sagen med de manglende traktorer, som han var blevet lovet af Juventus","og_url":"https:\/\/acefootball.com\/da\/fodboldnyheder\/psg-angribers-far-har-ikke-glemt-juventus-loefte-jeg-blev-lovet-to-traktorer-2\/","og_site_name":"Ace Football Danmark","article_publisher":"https:\/\/www.facebook.com\/acefootballdk","article_published_time":"2021-06-08T20:01:22+00:00","og_image":[{"width":1920,"height":1008,"url":"https:\/\/acefootball.com\/da\/wp-content\/uploads\/sites\/2\/2021\/02\/Betting-27.jpg","type":"image\/jpeg"}],"twitter_card":"summary_large_image","twitter_misc":{"Written by":"Team Acefootball","Est. reading time":"1 minute"},"schema":{"@context":"https:\/\/schema.org","@graph":[{"@type":"Organization","@id":"https:\/\/acefootball.com\/da\/#organization","name":"Ace Football","url":"https:\/\/acefootball.com\/da\/","sameAs":["https:\/\/www.facebook.com\/acefootballdk"],"logo":{"@type":"ImageObject","@id":"https:\/\/acefootball.com\/da\/#logo","inLanguage":"en-US","url":"https:\/\/acefootball.com\/da\/wp-content\/uploads\/sites\/2\/2020\/07\/Ace-Football-30-07-2020-2.png","contentUrl":"https:\/\/acefootball.com\/da\/wp-content\/uploads\/sites\/2\/2020\/07\/Ace-Football-30-07-2020-2.png","width":1200,"height":600,"caption":"Ace Football"},"image":{"@id":"https:\/\/acefootball.com\/da\/#logo"}},{"@type":"WebSite","@id":"https:\/\/acefootball.com\/da\/#website","url":"https:\/\/acefootball.com\/da\/","name":"Ace Football Danmark","description":"Nyheder, Spiltips &amp; Livescore","publisher":{"@id":"https:\/\/acefootball.com\/da\/#organization"},"potentialAction":[{"@type":"SearchAction","target":{"@type":"EntryPoint","urlTemplate":"https:\/\/acefootball.com\/da\/?s={search_term_string}"},"query-input":"required name=search_term_string"}],"inLanguage":"en-US"},{"@type":"ImageObject","@id":"https:\/\/acefootball.com\/da\/fodboldnyheder\/psg-angribers-far-har-ikke-glemt-juventus-loefte-jeg-blev-lovet-to-traktorer-2\/#primaryimage","inLanguage":"en-US","url":"https:\/\/acefootball.com\/da\/wp-content\/uploads\/sites\/2\/2021\/02\/Betting-27.jpg","contentUrl":"https:\/\/acefootball.com\/da\/wp-content\/uploads\/sites\/2\/2021\/02\/Betting-27.jpg","width":1920,"height":1008,"caption":"Moise Kean"},{"@type":"WebPage","@id":"https:\/\/acefootball.com\/da\/fodboldnyheder\/psg-angribers-far-har-ikke-glemt-juventus-loefte-jeg-blev-lovet-to-traktorer-2\/#webpage","url":"https:\/\/acefootball.com\/da\/fodboldnyheder\/psg-angribers-far-har-ikke-glemt-juventus-loefte-jeg-blev-lovet-to-traktorer-2\/","name":"PSG-angribers far har ikke glemt Juventus' l\u00f8fte: Jeg blev lovet to traktorer!","isPartOf":{"@id":"https:\/\/acefootball.com\/da\/#website"},"primaryImageOfPage":{"@id":"https:\/\/acefootball.com\/da\/fodboldnyheder\/psg-angribers-far-har-ikke-glemt-juventus-loefte-jeg-blev-lovet-to-traktorer-2\/#primaryimage"},"datePublished":"2021-06-08T20:01:22+00:00","dateModified":"2021-06-08T20:01:22+00:00","description":"Moise Keans far fort\u00e6ller, at han har fulgt op p\u00e5 sagen med de manglende traktorer, som han var blevet lovet af Juventus","breadcrumb":{"@id":"https:\/\/acefootball.com\/da\/fodboldnyheder\/psg-angribers-far-har-ikke-glemt-juventus-loefte-jeg-blev-lovet-to-traktorer-2\/#breadcrumb"},"inLanguage":"en-US","potentialAction":[{"@type":"ReadAction","target":["https:\/\/acefootball.com\/da\/fodboldnyheder\/psg-angribers-far-har-ikke-glemt-juventus-loefte-jeg-blev-lovet-to-traktorer-2\/"]}]},{"@type":"BreadcrumbList","@id":"https:\/\/acefootball.com\/da\/fodboldnyheder\/psg-angribers-far-har-ikke-glemt-juventus-loefte-jeg-blev-lovet-to-traktorer-2\/#breadcrumb","itemListElement":[{"@type":"ListItem","position":1,"name":"Home","item":"https:\/\/acefootball.com\/da\/"},{"@type":"ListItem","position":2,"name":"PSG-angribers far har ikke glemt Juventus&#8217; l\u00f8fte: Jeg blev lovet to traktorer!"}]},{"@type":"Article","@id":"https:\/\/acefootball.com\/da\/fodboldnyheder\/psg-angribers-far-har-ikke-glemt-juventus-loefte-jeg-blev-lovet-to-traktorer-2\/#article","isPartOf":{"@id":"https:\/\/acefootball.com\/da\/fodboldnyheder\/psg-angribers-far-har-ikke-glemt-juventus-loefte-jeg-blev-lovet-to-traktorer-2\/#webpage"},"author":{"@id":"https:\/\/acefootball.com\/da\/#\/schema\/person\/9b4be16c64ad64ec1ef43b3fec19abcf"},"headline":"PSG-angribers far har ikke glemt Juventus&#8217; l\u00f8fte: Jeg blev lovet to traktorer!","datePublished":"2021-06-08T20:01:22+00:00","dateModified":"2021-06-08T20:01:22+00:00","mainEntityOfPage":{"@id":"https:\/\/acefootball.com\/da\/fodboldnyheder\/psg-angribers-far-har-ikke-glemt-juventus-loefte-jeg-blev-lovet-to-traktorer-2\/#webpage"},"wordCount":221,"commentCount":0,"publisher":{"@id":"https:\/\/acefootball.com\/da\/#organization"},"image":{"@id":"https:\/\/acefootball.com\/da\/fodboldnyheder\/psg-angribers-far-har-ikke-glemt-juventus-loefte-jeg-blev-lovet-to-traktorer-2\/#primaryimage"},"thumbnailUrl":"https:\/\/acefootball.com\/da\/wp-content\/uploads\/sites\/2\/2020\/11\/GettyImages-1282723793.jpg","keywords":["Juventus","Ligue 1","Moise Kean","Paris Saint-Germain","Serie A"],"articleSection":["Offsite"],"inLanguage":"en-US","potentialAction":[{"@type":"CommentAction","name":"Comment","target":["https:\/\/acefootball.com\/da\/fodboldnyheder\/psg-angribers-far-har-ikke-glemt-juventus-loefte-jeg-blev-lovet-to-traktorer-2\/#respond"]}]},{"@type":"Person","@id":"https:\/\/acefootball.com\/da\/#\/schema\/person\/9b4be16c64ad64ec1ef43b3fec19abcf","name":"Team Acefootball","image":{"@type":"ImageObject","@id":"https:\/\/acefootball.com\/da\/#personlogo","inLanguage":"en-US","url":"https:\/\/secure.gravatar.com\/avatar\/19d749670aa1f01ecf6bba95169ecaf2?s=96&d=mm&r=g","contentUrl":"https:\/\/secure.gravatar.com\/avatar\/19d749670aa1f01ecf6bba95169ecaf2?s=96&d=mm&r=g","caption":"Team Acefootball"},"url":"https:\/\/acefootball.com\/da\/fodboldnyheder\/author\/solrek\/"}]}},"fimg_url":"https:\/\/acefootball.com\/da\/wp-content\/uploads\/sites\/2\/2020\/11\/GettyImages-1282723793.jpg","_links":{"self":[{"href":"https:\/\/acefootball.com\/da\/wp-json\/wp\/v2\/posts\/258847"}],"collection":[{"href":"https:\/\/acefootball.com\/da\/wp-json\/wp\/v2\/posts"}],"about":[{"href":"https:\/\/acefootball.com\/da\/wp-json\/wp\/v2\/types\/post"}],"author":[{"embeddable":true,"href":"https:\/\/acefootball.com\/da\/wp-json\/wp\/v2\/users\/1"}],"replies":[{"embeddable":true,"href":"https:\/\/acefootball.com\/da\/wp-json\/wp\/v2\/comments?post=258847"}],"version-history":[{"count":0,"href":"https:\/\/acefootball.com\/da\/wp-json\/wp\/v2\/posts\/258847\/revisions"}],"wp:featuredmedia":[{"embeddable":true,"href":"https:\/\/acefootball.com\/da\/wp-json\/wp\/v2\/media\/242406"}],"wp:attachment":[{"href":"https:\/\/acefootball.com\/da\/wp-json\/wp\/v2\/media?parent=258847"}],"wp:term":[{"taxonomy":"category","embeddable":true,"href":"https:\/\/acefootball.com\/da\/wp-json\/wp\/v2\/categories?post=258847"},{"taxonomy":"post_tag","embeddable":true,"href":"https:\/\/acefootball.com\/da\/wp-json\/wp\/v2\/tags?post=258847"}],"curies":[{"name":"wp","href":"https:\/\/api.w.org\/{rel}","templated":true}]}}