{"id":258033,"date":"2021-05-20T08:33:10","date_gmt":"2021-05-20T06:33:10","guid":{"rendered":"https:\/\/acefootball.com\/da\/?p=258033"},"modified":"2021-05-20T08:33:10","modified_gmt":"2021-05-20T06:33:10","slug":"officielt-udlejet-broendby-spiller-vender-ikke-tilbage","status":"publish","type":"post","link":"https:\/\/acefootball.com\/da\/fodboldnyheder\/officielt-udlejet-broendby-spiller-vender-ikke-tilbage\/","title":{"rendered":"Officielt: Udlejet Br\u00f8ndby-spiller vender ikke tilbage"},"content":{"rendered":"\n<h2 id=\"h-den-kroatiske-klub-nk-osijek-har-meddelt-at-de-har-forl-nget-lejeopholdet-med-br-ndby-angriberen-ante-erceg-frem-til-2022\">Den kroatiske klub NK Osijek har meddelt, at de har forl\u00e6nget lejeopholdet med Br\u00f8ndby-angriberen Ante Erceg frem til 2022<\/h2>\n\n\n\n<p>Ante Erceg har i denne s\u00e6son v\u00e6ret udlejet til NK Osijek i hjemlandet Kroatien, hvor han har spillet 27 kampe, scoret 4 m\u00e5l og leveret 2 opl\u00e6g i 2020\/21-s\u00e6sonen.<\/p>\n\n\n\n<p>Tidligere p\u00e5 m\u00e5neden p\u00e5drog den 31-\u00e5rige angriber sig dog en alvorlig kn\u00e6skade, der holder ham ude resten af \u00e5ret.<\/p>\n\n\n\n<figure class=\"wp-block-embed is-type-wp-embed is-provider-ace-football-danmark wp-block-embed-ace-football-danmark\"><div class=\"wp-block-embed__wrapper\">\n<blockquote class=\"wp-embedded-content\" data-secret=\"hHmm6Jbp4T\"><a href=\"https:\/\/acefootball.com\/da\/fodboldnyheder\/broendby-lejesvend-alvorligt-knaeskadet-til-traening\/\">Udlejet Br\u00f8ndby-spiller alvorligt kn\u00e6skadet til tr\u00e6ning<\/a><\/blockquote><iframe class=\"wp-embedded-content\" sandbox=\"allow-scripts\" security=\"restricted\" style=\"position: absolute; clip: rect(1px, 1px, 1px, 1px);\" title=\"&#8220;Udlejet Br\u00f8ndby-spiller alvorligt kn\u00e6skadet til tr\u00e6ning&#8221; &#8212; Ace Football Danmark\" src=\"https:\/\/acefootball.com\/da\/fodboldnyheder\/broendby-lejesvend-alvorligt-knaeskadet-til-traening\/embed\/#?secret=hHmm6Jbp4T\" data-secret=\"hHmm6Jbp4T\" width=\"600\" height=\"338\" frameborder=\"0\" marginwidth=\"0\" marginheight=\"0\" scrolling=\"no\"><\/iframe>\n<\/div><\/figure>\n\n\n\n<p>Derfor s\u00e5 det ud til, at Erceg ville vende tilbage til Br\u00f8ndby for at blive opereret og genoptr\u00e6ne. S\u00e5dan bliver det dog ikke, for NK Osijek har nu meddelt, at de har forl\u00e6nget lejeopholdet med endnu et \u00e5r, s\u00e5 den nu l\u00f8ber frem til sommeren 2022.<\/p>\n\n\n\n<p>&#8220;N\u00e5r du har det sv\u00e6rt, er vi altid med dig. Ante Ercegs lejeophold er blevet forl\u00e6nget med endnu et \u00e5r!,&#8221; skriver Nk Osijek p\u00e5 deres officielle Twitter-konto. <\/p>\n\n\n\n<figure class=\"wp-block-embed is-type-rich is-provider-twitter wp-block-embed-twitter\"><div class=\"wp-block-embed__wrapper\">\n<blockquote class=\"twitter-tweet\" data-width=\"550\" data-dnt=\"true\"><p lang=\"und\" dir=\"ltr\">\u201cI kada te\u0161ko je, uvijek smo uz tebe!\u201d \ud83e\udd0d\ud83d\udc99 <br><br>Posudba Ante Ercega produ\u017eena je za jo\u0161 godinu dana! \ud83e\udd1d <a href=\"https:\/\/t.co\/pI4tKxDdhr\">pic.twitter.com\/pI4tKxDdhr<\/a><\/p>&mdash; NK Osijek (@nkosijek) <a href=\"https:\/\/twitter.com\/nkosijek\/status\/1395027473214148610?ref_src=twsrc%5Etfw\">May 19, 2021<\/a><\/blockquote><script async src=\"https:\/\/platform.twitter.com\/widgets.js\" charset=\"utf-8\"><\/script>\n<\/div><\/figure>\n\n\n\n<p>Dermed er Erceg alts\u00e5 f\u00e6rdig i Br\u00f8ndby IF, da han har kontraktudl\u00f8b med Superliga-klubben, n\u00e5r dette lejeophold udl\u00f8ber og derfor kan skifte til en anden klub p\u00e5 en fri transfer.<\/p>\n\n\n\n<p><\/p>\n","protected":false},"excerpt":{"rendered":"<p>Den kroatiske klub NK Osijek har meddelt, at de har forl\u00e6nget lejeopholdet med Br\u00f8ndby-angriberen Ante Erceg frem til 2022<\/p>\n","protected":false},"author":1,"featured_media":253183,"comment_status":"open","ping_status":"closed","sticky":false,"template":"","format":"standard","meta":{"om_disable_all_campaigns":false,"push_articles_ronaldo":{"active":false,"canonical":0,"publish":false},"force_updates":null},"categories":[7],"tags":[1768,53,6951,588],"enet_tags":{"player":["206388"],"team":["8595","10157"],"league":["46"],"sport_events":[]},"yoast_head":"<!-- This site is optimized with the Yoast SEO plugin v18.3 - https:\/\/yoast.com\/wordpress\/plugins\/seo\/ -->\n<title>Officielt: Udlejet Br\u00f8ndby-spiller vender ikke tilbage<\/title>\n<meta name=\"description\" content=\"Den kroatiske klub NK Osijek har meddelt, at de har forl\u00e6nget lejeopholdet med Br\u00f8ndby-angriberen Ante Erceg frem til 2022\" \/>\n<meta name=\"robots\" content=\"index, follow, max-snippet:-1, max-image-preview:large, max-video-preview:-1\" \/>\n<link rel=\"canonical\" href=\"https:\/\/acefootball.com\/da\/fodboldnyheder\/officielt-udlejet-broendby-spiller-vender-ikke-tilbage\/\" \/>\n<meta property=\"og:locale\" content=\"en_US\" \/>\n<meta property=\"og:type\" content=\"article\" \/>\n<meta property=\"og:title\" content=\"Officielt: Udlejet Br\u00f8ndby-spiller vender ikke tilbage\" \/>\n<meta property=\"og:description\" content=\"Den kroatiske klub NK Osijek har meddelt, at de har forl\u00e6nget lejeopholdet med Br\u00f8ndby-angriberen Ante Erceg frem til 2022\" \/>\n<meta property=\"og:url\" content=\"https:\/\/acefootball.com\/da\/fodboldnyheder\/officielt-udlejet-broendby-spiller-vender-ikke-tilbage\/\" \/>\n<meta property=\"og:site_name\" content=\"Ace Football Danmark\" \/>\n<meta property=\"article:publisher\" content=\"https:\/\/www.facebook.com\/acefootballdk\" \/>\n<meta property=\"article:published_time\" content=\"2021-05-20T06:33:10+00:00\" \/>\n<meta property=\"og:image\" content=\"https:\/\/acefootball.com\/da\/wp-content\/uploads\/sites\/2\/2021\/05\/Laes-mere-generel-78.jpg\" \/>\n\t<meta property=\"og:image:width\" content=\"1920\" \/>\n\t<meta property=\"og:image:height\" content=\"1008\" \/>\n\t<meta property=\"og:image:type\" content=\"image\/jpeg\" \/>\n<meta name=\"twitter:card\" content=\"summary_large_image\" \/>\n<meta name=\"twitter:label1\" content=\"Written by\" \/>\n\t<meta name=\"twitter:data1\" content=\"Team Acefootball\" \/>\n\t<meta name=\"twitter:label2\" content=\"Est. reading time\" \/>\n\t<meta name=\"twitter:data2\" content=\"1 minute\" \/>\n<script type=\"application\/ld+json\" class=\"yoast-schema-graph\">{\"@context\":\"https:\/\/schema.org\",\"@graph\":[{\"@type\":\"Organization\",\"@id\":\"https:\/\/acefootball.com\/da\/#organization\",\"name\":\"Ace Football\",\"url\":\"https:\/\/acefootball.com\/da\/\",\"sameAs\":[\"https:\/\/www.facebook.com\/acefootballdk\"],\"logo\":{\"@type\":\"ImageObject\",\"@id\":\"https:\/\/acefootball.com\/da\/#logo\",\"inLanguage\":\"en-US\",\"url\":\"https:\/\/acefootball.com\/da\/wp-content\/uploads\/sites\/2\/2020\/07\/Ace-Football-30-07-2020-2.png\",\"contentUrl\":\"https:\/\/acefootball.com\/da\/wp-content\/uploads\/sites\/2\/2020\/07\/Ace-Football-30-07-2020-2.png\",\"width\":1200,\"height\":600,\"caption\":\"Ace Football\"},\"image\":{\"@id\":\"https:\/\/acefootball.com\/da\/#logo\"}},{\"@type\":\"WebSite\",\"@id\":\"https:\/\/acefootball.com\/da\/#website\",\"url\":\"https:\/\/acefootball.com\/da\/\",\"name\":\"Ace Football Danmark\",\"description\":\"Nyheder, Spiltips &amp; Livescore\",\"publisher\":{\"@id\":\"https:\/\/acefootball.com\/da\/#organization\"},\"potentialAction\":[{\"@type\":\"SearchAction\",\"target\":{\"@type\":\"EntryPoint\",\"urlTemplate\":\"https:\/\/acefootball.com\/da\/?s={search_term_string}\"},\"query-input\":\"required name=search_term_string\"}],\"inLanguage\":\"en-US\"},{\"@type\":\"ImageObject\",\"@id\":\"https:\/\/acefootball.com\/da\/fodboldnyheder\/officielt-udlejet-broendby-spiller-vender-ikke-tilbage\/#primaryimage\",\"inLanguage\":\"en-US\",\"url\":\"https:\/\/acefootball.com\/da\/wp-content\/uploads\/sites\/2\/2021\/05\/Laes-mere-generel-78.jpg\",\"contentUrl\":\"https:\/\/acefootball.com\/da\/wp-content\/uploads\/sites\/2\/2021\/05\/Laes-mere-generel-78.jpg\",\"width\":1920,\"height\":1008,\"caption\":\"BRONDBY, DENMARK - JANUARY 09: Ante Erceg of Brondby IF in action during the Brondby IF training session at Brondby Stadion on January 9, 2019 in Brondby, Denmark. (Photo by Lars Ronbog \/ FrontZoneSport via Getty Images)\"},{\"@type\":\"WebPage\",\"@id\":\"https:\/\/acefootball.com\/da\/fodboldnyheder\/officielt-udlejet-broendby-spiller-vender-ikke-tilbage\/#webpage\",\"url\":\"https:\/\/acefootball.com\/da\/fodboldnyheder\/officielt-udlejet-broendby-spiller-vender-ikke-tilbage\/\",\"name\":\"Officielt: Udlejet Br\u00f8ndby-spiller vender ikke tilbage\",\"isPartOf\":{\"@id\":\"https:\/\/acefootball.com\/da\/#website\"},\"primaryImageOfPage\":{\"@id\":\"https:\/\/acefootball.com\/da\/fodboldnyheder\/officielt-udlejet-broendby-spiller-vender-ikke-tilbage\/#primaryimage\"},\"datePublished\":\"2021-05-20T06:33:10+00:00\",\"dateModified\":\"2021-05-20T06:33:10+00:00\",\"description\":\"Den kroatiske klub NK Osijek har meddelt, at de har forl\u00e6nget lejeopholdet med Br\u00f8ndby-angriberen Ante Erceg frem til 2022\",\"breadcrumb\":{\"@id\":\"https:\/\/acefootball.com\/da\/fodboldnyheder\/officielt-udlejet-broendby-spiller-vender-ikke-tilbage\/#breadcrumb\"},\"inLanguage\":\"en-US\",\"potentialAction\":[{\"@type\":\"ReadAction\",\"target\":[\"https:\/\/acefootball.com\/da\/fodboldnyheder\/officielt-udlejet-broendby-spiller-vender-ikke-tilbage\/\"]}]},{\"@type\":\"BreadcrumbList\",\"@id\":\"https:\/\/acefootball.com\/da\/fodboldnyheder\/officielt-udlejet-broendby-spiller-vender-ikke-tilbage\/#breadcrumb\",\"itemListElement\":[{\"@type\":\"ListItem\",\"position\":1,\"name\":\"Home\",\"item\":\"https:\/\/acefootball.com\/da\/\"},{\"@type\":\"ListItem\",\"position\":2,\"name\":\"Officielt: Udlejet Br\u00f8ndby-spiller vender ikke tilbage\"}]},{\"@type\":\"Article\",\"@id\":\"https:\/\/acefootball.com\/da\/fodboldnyheder\/officielt-udlejet-broendby-spiller-vender-ikke-tilbage\/#article\",\"isPartOf\":{\"@id\":\"https:\/\/acefootball.com\/da\/fodboldnyheder\/officielt-udlejet-broendby-spiller-vender-ikke-tilbage\/#webpage\"},\"author\":{\"@id\":\"https:\/\/acefootball.com\/da\/#\/schema\/person\/9b4be16c64ad64ec1ef43b3fec19abcf\"},\"headline\":\"Officielt: Udlejet Br\u00f8ndby-spiller vender ikke tilbage\",\"datePublished\":\"2021-05-20T06:33:10+00:00\",\"dateModified\":\"2021-05-20T06:33:10+00:00\",\"mainEntityOfPage\":{\"@id\":\"https:\/\/acefootball.com\/da\/fodboldnyheder\/officielt-udlejet-broendby-spiller-vender-ikke-tilbage\/#webpage\"},\"wordCount\":207,\"commentCount\":0,\"publisher\":{\"@id\":\"https:\/\/acefootball.com\/da\/#organization\"},\"image\":{\"@id\":\"https:\/\/acefootball.com\/da\/fodboldnyheder\/officielt-udlejet-broendby-spiller-vender-ikke-tilbage\/#primaryimage\"},\"thumbnailUrl\":\"https:\/\/acefootball.com\/da\/wp-content\/uploads\/sites\/2\/2021\/03\/GettyImages-1059649542.jpg\",\"keywords\":[\"Ante Erceg\",\"Br\u00f8ndby IF\",\"NK Osijek\",\"Superligaen\"],\"articleSection\":[\"Transfer\"],\"inLanguage\":\"en-US\",\"potentialAction\":[{\"@type\":\"CommentAction\",\"name\":\"Comment\",\"target\":[\"https:\/\/acefootball.com\/da\/fodboldnyheder\/officielt-udlejet-broendby-spiller-vender-ikke-tilbage\/#respond\"]}]},{\"@type\":\"Person\",\"@id\":\"https:\/\/acefootball.com\/da\/#\/schema\/person\/9b4be16c64ad64ec1ef43b3fec19abcf\",\"name\":\"Team Acefootball\",\"image\":{\"@type\":\"ImageObject\",\"@id\":\"https:\/\/acefootball.com\/da\/#personlogo\",\"inLanguage\":\"en-US\",\"url\":\"https:\/\/secure.gravatar.com\/avatar\/19d749670aa1f01ecf6bba95169ecaf2?s=96&d=mm&r=g\",\"contentUrl\":\"https:\/\/secure.gravatar.com\/avatar\/19d749670aa1f01ecf6bba95169ecaf2?s=96&d=mm&r=g\",\"caption\":\"Team Acefootball\"},\"url\":\"https:\/\/acefootball.com\/da\/fodboldnyheder\/author\/solrek\/\"}]}<\/script>\n<!-- \/ Yoast SEO plugin. -->","yoast_head_json":{"title":"Officielt: Udlejet Br\u00f8ndby-spiller vender ikke tilbage","description":"Den kroatiske klub NK Osijek har meddelt, at de har forl\u00e6nget lejeopholdet med Br\u00f8ndby-angriberen Ante Erceg frem til 2022","robots":{"index":"index","follow":"follow","max-snippet":"max-snippet:-1","max-image-preview":"max-image-preview:large","max-video-preview":"max-video-preview:-1"},"canonical":"https:\/\/acefootball.com\/da\/fodboldnyheder\/officielt-udlejet-broendby-spiller-vender-ikke-tilbage\/","og_locale":"en_US","og_type":"article","og_title":"Officielt: Udlejet Br\u00f8ndby-spiller vender ikke tilbage","og_description":"Den kroatiske klub NK Osijek har meddelt, at de har forl\u00e6nget lejeopholdet med Br\u00f8ndby-angriberen Ante Erceg frem til 2022","og_url":"https:\/\/acefootball.com\/da\/fodboldnyheder\/officielt-udlejet-broendby-spiller-vender-ikke-tilbage\/","og_site_name":"Ace Football Danmark","article_publisher":"https:\/\/www.facebook.com\/acefootballdk","article_published_time":"2021-05-20T06:33:10+00:00","og_image":[{"width":1920,"height":1008,"url":"https:\/\/acefootball.com\/da\/wp-content\/uploads\/sites\/2\/2021\/05\/Laes-mere-generel-78.jpg","type":"image\/jpeg"}],"twitter_card":"summary_large_image","twitter_misc":{"Written by":"Team Acefootball","Est. reading time":"1 minute"},"schema":{"@context":"https:\/\/schema.org","@graph":[{"@type":"Organization","@id":"https:\/\/acefootball.com\/da\/#organization","name":"Ace Football","url":"https:\/\/acefootball.com\/da\/","sameAs":["https:\/\/www.facebook.com\/acefootballdk"],"logo":{"@type":"ImageObject","@id":"https:\/\/acefootball.com\/da\/#logo","inLanguage":"en-US","url":"https:\/\/acefootball.com\/da\/wp-content\/uploads\/sites\/2\/2020\/07\/Ace-Football-30-07-2020-2.png","contentUrl":"https:\/\/acefootball.com\/da\/wp-content\/uploads\/sites\/2\/2020\/07\/Ace-Football-30-07-2020-2.png","width":1200,"height":600,"caption":"Ace Football"},"image":{"@id":"https:\/\/acefootball.com\/da\/#logo"}},{"@type":"WebSite","@id":"https:\/\/acefootball.com\/da\/#website","url":"https:\/\/acefootball.com\/da\/","name":"Ace Football Danmark","description":"Nyheder, Spiltips &amp; Livescore","publisher":{"@id":"https:\/\/acefootball.com\/da\/#organization"},"potentialAction":[{"@type":"SearchAction","target":{"@type":"EntryPoint","urlTemplate":"https:\/\/acefootball.com\/da\/?s={search_term_string}"},"query-input":"required name=search_term_string"}],"inLanguage":"en-US"},{"@type":"ImageObject","@id":"https:\/\/acefootball.com\/da\/fodboldnyheder\/officielt-udlejet-broendby-spiller-vender-ikke-tilbage\/#primaryimage","inLanguage":"en-US","url":"https:\/\/acefootball.com\/da\/wp-content\/uploads\/sites\/2\/2021\/05\/Laes-mere-generel-78.jpg","contentUrl":"https:\/\/acefootball.com\/da\/wp-content\/uploads\/sites\/2\/2021\/05\/Laes-mere-generel-78.jpg","width":1920,"height":1008,"caption":"BRONDBY, DENMARK - JANUARY 09: Ante Erceg of Brondby IF in action during the Brondby IF training session at Brondby Stadion on January 9, 2019 in Brondby, Denmark. (Photo by Lars Ronbog \/ FrontZoneSport via Getty Images)"},{"@type":"WebPage","@id":"https:\/\/acefootball.com\/da\/fodboldnyheder\/officielt-udlejet-broendby-spiller-vender-ikke-tilbage\/#webpage","url":"https:\/\/acefootball.com\/da\/fodboldnyheder\/officielt-udlejet-broendby-spiller-vender-ikke-tilbage\/","name":"Officielt: Udlejet Br\u00f8ndby-spiller vender ikke tilbage","isPartOf":{"@id":"https:\/\/acefootball.com\/da\/#website"},"primaryImageOfPage":{"@id":"https:\/\/acefootball.com\/da\/fodboldnyheder\/officielt-udlejet-broendby-spiller-vender-ikke-tilbage\/#primaryimage"},"datePublished":"2021-05-20T06:33:10+00:00","dateModified":"2021-05-20T06:33:10+00:00","description":"Den kroatiske klub NK Osijek har meddelt, at de har forl\u00e6nget lejeopholdet med Br\u00f8ndby-angriberen Ante Erceg frem til 2022","breadcrumb":{"@id":"https:\/\/acefootball.com\/da\/fodboldnyheder\/officielt-udlejet-broendby-spiller-vender-ikke-tilbage\/#breadcrumb"},"inLanguage":"en-US","potentialAction":[{"@type":"ReadAction","target":["https:\/\/acefootball.com\/da\/fodboldnyheder\/officielt-udlejet-broendby-spiller-vender-ikke-tilbage\/"]}]},{"@type":"BreadcrumbList","@id":"https:\/\/acefootball.com\/da\/fodboldnyheder\/officielt-udlejet-broendby-spiller-vender-ikke-tilbage\/#breadcrumb","itemListElement":[{"@type":"ListItem","position":1,"name":"Home","item":"https:\/\/acefootball.com\/da\/"},{"@type":"ListItem","position":2,"name":"Officielt: Udlejet Br\u00f8ndby-spiller vender ikke tilbage"}]},{"@type":"Article","@id":"https:\/\/acefootball.com\/da\/fodboldnyheder\/officielt-udlejet-broendby-spiller-vender-ikke-tilbage\/#article","isPartOf":{"@id":"https:\/\/acefootball.com\/da\/fodboldnyheder\/officielt-udlejet-broendby-spiller-vender-ikke-tilbage\/#webpage"},"author":{"@id":"https:\/\/acefootball.com\/da\/#\/schema\/person\/9b4be16c64ad64ec1ef43b3fec19abcf"},"headline":"Officielt: Udlejet Br\u00f8ndby-spiller vender ikke tilbage","datePublished":"2021-05-20T06:33:10+00:00","dateModified":"2021-05-20T06:33:10+00:00","mainEntityOfPage":{"@id":"https:\/\/acefootball.com\/da\/fodboldnyheder\/officielt-udlejet-broendby-spiller-vender-ikke-tilbage\/#webpage"},"wordCount":207,"commentCount":0,"publisher":{"@id":"https:\/\/acefootball.com\/da\/#organization"},"image":{"@id":"https:\/\/acefootball.com\/da\/fodboldnyheder\/officielt-udlejet-broendby-spiller-vender-ikke-tilbage\/#primaryimage"},"thumbnailUrl":"https:\/\/acefootball.com\/da\/wp-content\/uploads\/sites\/2\/2021\/03\/GettyImages-1059649542.jpg","keywords":["Ante Erceg","Br\u00f8ndby IF","NK Osijek","Superligaen"],"articleSection":["Transfer"],"inLanguage":"en-US","potentialAction":[{"@type":"CommentAction","name":"Comment","target":["https:\/\/acefootball.com\/da\/fodboldnyheder\/officielt-udlejet-broendby-spiller-vender-ikke-tilbage\/#respond"]}]},{"@type":"Person","@id":"https:\/\/acefootball.com\/da\/#\/schema\/person\/9b4be16c64ad64ec1ef43b3fec19abcf","name":"Team Acefootball","image":{"@type":"ImageObject","@id":"https:\/\/acefootball.com\/da\/#personlogo","inLanguage":"en-US","url":"https:\/\/secure.gravatar.com\/avatar\/19d749670aa1f01ecf6bba95169ecaf2?s=96&d=mm&r=g","contentUrl":"https:\/\/secure.gravatar.com\/avatar\/19d749670aa1f01ecf6bba95169ecaf2?s=96&d=mm&r=g","caption":"Team Acefootball"},"url":"https:\/\/acefootball.com\/da\/fodboldnyheder\/author\/solrek\/"}]}},"fimg_url":"https:\/\/acefootball.com\/da\/wp-content\/uploads\/sites\/2\/2021\/03\/GettyImages-1059649542.jpg","_links":{"self":[{"href":"https:\/\/acefootball.com\/da\/wp-json\/wp\/v2\/posts\/258033"}],"collection":[{"href":"https:\/\/acefootball.com\/da\/wp-json\/wp\/v2\/posts"}],"about":[{"href":"https:\/\/acefootball.com\/da\/wp-json\/wp\/v2\/types\/post"}],"author":[{"embeddable":true,"href":"https:\/\/acefootball.com\/da\/wp-json\/wp\/v2\/users\/1"}],"replies":[{"embeddable":true,"href":"https:\/\/acefootball.com\/da\/wp-json\/wp\/v2\/comments?post=258033"}],"version-history":[{"count":0,"href":"https:\/\/acefootball.com\/da\/wp-json\/wp\/v2\/posts\/258033\/revisions"}],"wp:featuredmedia":[{"embeddable":true,"href":"https:\/\/acefootball.com\/da\/wp-json\/wp\/v2\/media\/253183"}],"wp:attachment":[{"href":"https:\/\/acefootball.com\/da\/wp-json\/wp\/v2\/media?parent=258033"}],"wp:term":[{"taxonomy":"category","embeddable":true,"href":"https:\/\/acefootball.com\/da\/wp-json\/wp\/v2\/categories?post=258033"},{"taxonomy":"post_tag","embeddable":true,"href":"https:\/\/acefootball.com\/da\/wp-json\/wp\/v2\/tags?post=258033"}],"curies":[{"name":"wp","href":"https:\/\/api.w.org\/{rel}","templated":true}]}}