{"id":257961,"date":"2021-05-16T18:44:37","date_gmt":"2021-05-16T16:44:37","guid":{"rendered":"https:\/\/acefootball.com\/da\/?p=257961"},"modified":"2021-05-16T18:53:58","modified_gmt":"2021-05-16T16:53:58","slug":"efter-kortslutning-fans-bakker-stadig-op-om-jesper-lindstroem","status":"publish","type":"post","link":"https:\/\/acefootball.com\/da\/fodboldnyheder\/efter-kortslutning-fans-bakker-stadig-op-om-jesper-lindstroem\/","title":{"rendered":"Efter kortslutning: Fans bakker stadig op om Jesper Lindstr\u00f8m"},"content":{"rendered":"\n<h2 id=\"h-jesper-lindstr-m-har-f-et-meget-kritik-for-sit-r-de-kort-men-en-r-kke-br-ndby-fans-fors-ger-at-minde-om-alt-det-gode-han-har-gjort\">Jesper Lindstr\u00f8m har f\u00e5et meget kritik for sit r\u00f8de kort, men en r\u00e6kke Br\u00f8ndby-fans fors\u00f8ger at minde om alt det gode, han har gjort<\/h2>\n\n\n\n<p>Br\u00f8ndby IF havde muligheden for at indtage f\u00f8rstepladsen, da de i dag m\u00f8dte FC K\u00f8benhavn i Parken, men desv\u00e6rre for de bl\u00e5gule endte det med et skuffende 1-2 nederlag til rivalerne, der nu blot er tre point efter dem i tabellen.<\/p>\n\n\n\n\n        <div class=\"svf-video-single only-video\">\n            <div class=\"svf-video-container svf-embedded embedded\">\n                <script>(function(){const el = document.createElement('iframe');el.allow = 'autoplay';el.frameBorder = '0';el.classList.add('svf-video');el.allowFullscreen = true;document.currentScript.parentNode.style.display = 'none';el.src = \"https:\/\/www.viafree.dk\/embed\/sport\/id\/8396462f-02f6-405d-afaa-421c2e884729?partnerId=a788403f-2c83-488f-adb0-2650ac7278a3\";el.addEventListener( 'load', function(){ this.parentNode.style.display = ''; });document.currentScript.parentNode.insertBefore(el, document.currentScript.nextSibling);})();<\/script>\n                <noscript><iframe allow=\"autoplay\" allowfullscreen frameborder=\"0\" class=\"svf-video\" src=\"https:\/\/www.viafree.dk\/embed\/sport\/id\/8396462f-02f6-405d-afaa-421c2e884729?partnerId=a788403f-2c83-488f-adb0-2650ac7278a3\"><\/iframe><\/noscript>\n            <\/div>\n                    <\/div>\n        \n\n\n\n<p>I midten af anden halvleg ved stillingen 2-1 til FCK, fik Br\u00f8ndbys stortalent Jesper Lindstr\u00f8m direkte r\u00f8dt kort for at stemple Rasmus Falk p\u00e5 l\u00e6ggen.<\/p>\n\n\n\n<p>Dette er selvf\u00f8lgelig p\u00e5 ingen m\u00e5de i orden og den unge offensivspiller har i den grad ogs\u00e5 m\u00f8dt stor kritik fra fans p\u00e5 sociale medier, hvor folk blandt andet skriver, at han s\u00e6lger sine holdkammerater og s\u00e6tter sig selv over holdet.<\/p>\n\n\n\n<p>Der er dog ogs\u00e5 flere fans, der selvom de er skuffet, har valgt at bakke Lindstr\u00f8m op og minde de mange vrede medfans om, hvor meget godt &#8216;Jobbe&#8217; har gjort for den klub, som han har st\u00f8ttet gennem hele livet og v\u00e6ret med til at bringe ind i en mesterskabskamp, som meget f\u00e5 havde regnet med, at de skulle v\u00e6re en del af inden s\u00e6sonen.<\/p>\n\n\n\n<p>Du kan l\u00e6se, hvad der bliver skrevet om Lindstr\u00f8m herunder.<\/p>\n\n\n\n<figure class=\"wp-block-embed is-type-rich is-provider-twitter wp-block-embed-twitter\"><div class=\"wp-block-embed__wrapper\">\n<blockquote class=\"twitter-tweet\" data-width=\"550\" data-dnt=\"true\"><p lang=\"da\" dir=\"ltr\">Super dumt af Lindstr\u00f8m, men n\u00e5r jeg l\u00e6ser, at folk sviner ham til for at have smidt mesterskabet, s\u00e5 husk, hvem der har en af de st\u00f8rste andele i, at Br\u00f8ndby er, hvor de er i mesterskabskampen. Jesper Lindstr\u00f8m. <a href=\"https:\/\/twitter.com\/hashtag\/fckbif?src=hash&amp;ref_src=twsrc%5Etfw\">#fckbif<\/a> <a href=\"https:\/\/twitter.com\/hashtag\/sldk?src=hash&amp;ref_src=twsrc%5Etfw\">#sldk<\/a><\/p>&mdash; Robin Ettinger Julsgaard (@RobinEttinger) <a href=\"https:\/\/twitter.com\/RobinEttinger\/status\/1393954863667679234?ref_src=twsrc%5Etfw\">May 16, 2021<\/a><\/blockquote><script async src=\"https:\/\/platform.twitter.com\/widgets.js\" charset=\"utf-8\"><\/script>\n<\/div><\/figure>\n\n\n\n<figure class=\"wp-block-embed is-type-rich is-provider-twitter wp-block-embed-twitter\"><div class=\"wp-block-embed__wrapper\">\n<blockquote class=\"twitter-tweet\" data-width=\"550\" data-dnt=\"true\"><p lang=\"da\" dir=\"ltr\">Det var noget pis, urutineret at Jobbe og Frendrup dummer sig, men vi havde aldrig v\u00e6ret i situationen uden dem. <br>Vi skal trods alt stadig bare vinde 2, og s\u00e5 h\u00e5be p\u00e5 hj\u00e6lp! K\u00e6mpe  <a href=\"https:\/\/twitter.com\/hashtag\/bollespark?src=hash&amp;ref_src=twsrc%5Etfw\">#bollespark<\/a> i dag, men jeg holder fast i optimismen!<\/p>&mdash; Nicki M Jensen (@nickidk) <a href=\"https:\/\/twitter.com\/nickidk\/status\/1393960665073737728?ref_src=twsrc%5Etfw\">May 16, 2021<\/a><\/blockquote><script async src=\"https:\/\/platform.twitter.com\/widgets.js\" charset=\"utf-8\"><\/script>\n<\/div><\/figure>\n\n\n\n<figure class=\"wp-block-embed is-type-rich is-provider-twitter wp-block-embed-twitter\"><div class=\"wp-block-embed__wrapper\">\n<blockquote class=\"twitter-tweet\" data-width=\"550\" data-dnt=\"true\"><p lang=\"da\" dir=\"ltr\">VI magter tydeligvis intet n\u00e5r det g\u00e6lder, Jeg er s\u00e5 tr\u00e6t af, at de ikke magter det n\u00e5r det bliver rigtig sjovt!! f\u00f8ler med jer drenge og ikke mindst Jobbe og Frenne<\/p>&mdash; Jonny B Renaldi (@JonnyRenaldi79) <a href=\"https:\/\/twitter.com\/JonnyRenaldi79\/status\/1393960571427561472?ref_src=twsrc%5Etfw\">May 16, 2021<\/a><\/blockquote><script async src=\"https:\/\/platform.twitter.com\/widgets.js\" charset=\"utf-8\"><\/script>\n<\/div><\/figure>\n\n\n\n<figure class=\"wp-block-embed is-type-rich is-provider-twitter wp-block-embed-twitter\"><div class=\"wp-block-embed__wrapper\">\n<blockquote class=\"twitter-tweet\" data-width=\"550\" data-dnt=\"true\"><p lang=\"da\" dir=\"ltr\"><a href=\"https:\/\/twitter.com\/hashtag\/fckbif?src=hash&amp;ref_src=twsrc%5Etfw\">#fckbif<\/a><br>Gider ikke bashe <a href=\"https:\/\/twitter.com\/jobbe2902?ref_src=twsrc%5Etfw\">@jobbe2902<\/a> <br>Han har givet os s\u00e5 mange gode oplevelser i \u00e5r og dr\u00f8mmen lever stadig \ud83d\udfe1\ud83d\udd35<br>Tak Jobbe &#8211; du kommer s\u00e5 st\u00e6rkt tilbage efter operation<a href=\"https:\/\/twitter.com\/hashtag\/KeepAttacking?src=hash&amp;ref_src=twsrc%5Etfw\">#KeepAttacking<\/a> <a href=\"https:\/\/twitter.com\/hashtag\/keepdreaming?src=hash&amp;ref_src=twsrc%5Etfw\">#keepdreaming<\/a><\/p>&mdash; thomas jensen (@tjacobjensen) <a href=\"https:\/\/twitter.com\/tjacobjensen\/status\/1393959692725014528?ref_src=twsrc%5Etfw\">May 16, 2021<\/a><\/blockquote><script async src=\"https:\/\/platform.twitter.com\/widgets.js\" charset=\"utf-8\"><\/script>\n<\/div><\/figure>\n\n\n\n<figure class=\"wp-block-embed is-type-rich is-provider-twitter wp-block-embed-twitter\"><div class=\"wp-block-embed__wrapper\">\n<blockquote class=\"twitter-tweet\" data-width=\"550\" data-dnt=\"true\"><p lang=\"da\" dir=\"ltr\">En dreng fra Br\u00f8ndby strand f\u00f8lger n\u00e6ppe logikkens regler i s\u00e5dan en kamp. Jeg har selv smadret et fjernsyn, et glasbord og en bild\u00f8r i ren affektion. Jobbe deler samme sk\u00e6bnef\u00e6llesskab, og dermed samme impulsive f\u00f8lelser, som alle andre BIF-fans.<\/p>&mdash; Patrick Krintel Johansen (@KrintelPatrick) <a href=\"https:\/\/twitter.com\/KrintelPatrick\/status\/1393958229697253381?ref_src=twsrc%5Etfw\">May 16, 2021<\/a><\/blockquote><script async src=\"https:\/\/platform.twitter.com\/widgets.js\" charset=\"utf-8\"><\/script>\n<\/div><\/figure>\n\n\n\n<figure class=\"wp-block-embed is-type-rich is-provider-twitter wp-block-embed-twitter\"><div class=\"wp-block-embed__wrapper\">\n<blockquote class=\"twitter-tweet\" data-width=\"550\" data-dnt=\"true\"><p lang=\"da\" dir=\"ltr\">Frygter en Beckhamsk tilsvining af Jobbe.. ABSURD dumt lavet, men stop den der. Han fortjener bedre&#8230; tror der er f\u00e5 der er mere skuffede end ham.  <a href=\"https:\/\/twitter.com\/hashtag\/sldk?src=hash&amp;ref_src=twsrc%5Etfw\">#sldk<\/a> <a href=\"https:\/\/twitter.com\/hashtag\/fckbif?src=hash&amp;ref_src=twsrc%5Etfw\">#fckbif<\/a> <a href=\"https:\/\/twitter.com\/hashtag\/derby?src=hash&amp;ref_src=twsrc%5Etfw\">#derby<\/a><\/p>&mdash; Esben (@kj_lder) <a href=\"https:\/\/twitter.com\/kj_lder\/status\/1393953318947393545?ref_src=twsrc%5Etfw\">May 16, 2021<\/a><\/blockquote><script async src=\"https:\/\/platform.twitter.com\/widgets.js\" charset=\"utf-8\"><\/script>\n<\/div><\/figure>\n\n\n\n<figure class=\"wp-block-embed is-type-rich is-provider-twitter wp-block-embed-twitter\"><div class=\"wp-block-embed__wrapper\">\n<blockquote class=\"twitter-tweet\" data-width=\"550\" data-dnt=\"true\"><p lang=\"da\" dir=\"ltr\">Tak for en fantastisk s\u00e6son Jobbe, jeg tilgiver dig &#8230; men hold nu k\u00e6ft, hvor var det dumt! <a href=\"https:\/\/twitter.com\/hashtag\/fckbif?src=hash&amp;ref_src=twsrc%5Etfw\">#fckbif<\/a> <a href=\"https:\/\/twitter.com\/hashtag\/sldk?src=hash&amp;ref_src=twsrc%5Etfw\">#sldk<\/a> <a href=\"https:\/\/twitter.com\/hashtag\/broendbyif?src=hash&amp;ref_src=twsrc%5Etfw\">#broendbyif<\/a><\/p>&mdash; Kasper Tingk\u00e6r (@KTingkaer) <a href=\"https:\/\/twitter.com\/KTingkaer\/status\/1393953238639161348?ref_src=twsrc%5Etfw\">May 16, 2021<\/a><\/blockquote><script async src=\"https:\/\/platform.twitter.com\/widgets.js\" charset=\"utf-8\"><\/script>\n<\/div><\/figure>\n\n\n\n<p><\/p>\n","protected":false},"excerpt":{"rendered":"<p>Jesper Lindstr\u00f8m har f\u00e5et meget kritik for sit r\u00f8de kort, men en r\u00e6kke Br\u00f8ndby-fans fors\u00f8ger at minde om alt det gode, han har gjort<\/p>\n","protected":false},"author":74,"featured_media":257962,"comment_status":"open","ping_status":"closed","sticky":false,"template":"","format":"standard","meta":{"om_disable_all_campaigns":false,"push_articles_ronaldo":{"active":false,"canonical":0,"publish":false},"force_updates":null},"categories":[8060],"tags":[53,7164,588],"enet_tags":{"team":["8595"],"player":["958335"],"league":["46"],"sport_events":[]},"yoast_head":"<!-- This site is optimized with the Yoast SEO plugin v18.3 - https:\/\/yoast.com\/wordpress\/plugins\/seo\/ -->\n<title>Efter kortslutning: Fans bakker stadig op om Jesper Lindstr\u00f8m<\/title>\n<meta name=\"description\" content=\"Jesper Lindstr\u00f8m har f\u00e5et meget kritik for sit r\u00f8de kort, men en r\u00e6kke Br\u00f8ndby-fans fors\u00f8ger at minde om alt det gode, han har gjort\" \/>\n<meta name=\"robots\" content=\"index, follow, max-snippet:-1, max-image-preview:large, max-video-preview:-1\" \/>\n<link rel=\"canonical\" href=\"https:\/\/acefootball.com\/da\/fodboldnyheder\/efter-kortslutning-fans-bakker-stadig-op-om-jesper-lindstroem\/\" \/>\n<meta property=\"og:locale\" content=\"en_US\" \/>\n<meta property=\"og:type\" content=\"article\" \/>\n<meta property=\"og:title\" content=\"Efter kortslutning: Fans bakker stadig op om Jesper Lindstr\u00f8m\" \/>\n<meta property=\"og:description\" content=\"Jesper Lindstr\u00f8m har f\u00e5et meget kritik for sit r\u00f8de kort, men en r\u00e6kke Br\u00f8ndby-fans fors\u00f8ger at minde om alt det gode, han har gjort\" \/>\n<meta property=\"og:url\" content=\"https:\/\/acefootball.com\/da\/fodboldnyheder\/efter-kortslutning-fans-bakker-stadig-op-om-jesper-lindstroem\/\" \/>\n<meta property=\"og:site_name\" content=\"Ace Football Danmark\" \/>\n<meta property=\"article:publisher\" content=\"https:\/\/www.facebook.com\/acefootballdk\" \/>\n<meta property=\"article:published_time\" content=\"2021-05-16T16:44:37+00:00\" \/>\n<meta property=\"article:modified_time\" content=\"2021-05-16T16:53:58+00:00\" \/>\n<meta property=\"og:image\" content=\"https:\/\/acefootball.com\/da\/wp-content\/uploads\/sites\/2\/2021\/05\/Brondby-43.jpg\" \/>\n\t<meta property=\"og:image:width\" content=\"1920\" \/>\n\t<meta property=\"og:image:height\" content=\"1008\" \/>\n\t<meta property=\"og:image:type\" content=\"image\/jpeg\" \/>\n<meta name=\"twitter:card\" content=\"summary_large_image\" \/>\n<meta name=\"twitter:label1\" content=\"Written by\" \/>\n\t<meta name=\"twitter:data1\" content=\"Patrick Hesselb\u00e6k\" \/>\n\t<meta name=\"twitter:label2\" content=\"Est. reading time\" \/>\n\t<meta name=\"twitter:data2\" content=\"1 minute\" \/>\n<script type=\"application\/ld+json\" class=\"yoast-schema-graph\">{\"@context\":\"https:\/\/schema.org\",\"@graph\":[{\"@type\":\"Organization\",\"@id\":\"https:\/\/acefootball.com\/da\/#organization\",\"name\":\"Ace Football\",\"url\":\"https:\/\/acefootball.com\/da\/\",\"sameAs\":[\"https:\/\/www.facebook.com\/acefootballdk\"],\"logo\":{\"@type\":\"ImageObject\",\"@id\":\"https:\/\/acefootball.com\/da\/#logo\",\"inLanguage\":\"en-US\",\"url\":\"https:\/\/acefootball.com\/da\/wp-content\/uploads\/sites\/2\/2020\/07\/Ace-Football-30-07-2020-2.png\",\"contentUrl\":\"https:\/\/acefootball.com\/da\/wp-content\/uploads\/sites\/2\/2020\/07\/Ace-Football-30-07-2020-2.png\",\"width\":1200,\"height\":600,\"caption\":\"Ace Football\"},\"image\":{\"@id\":\"https:\/\/acefootball.com\/da\/#logo\"}},{\"@type\":\"WebSite\",\"@id\":\"https:\/\/acefootball.com\/da\/#website\",\"url\":\"https:\/\/acefootball.com\/da\/\",\"name\":\"Ace Football Danmark\",\"description\":\"Nyheder, Spiltips &amp; Livescore\",\"publisher\":{\"@id\":\"https:\/\/acefootball.com\/da\/#organization\"},\"potentialAction\":[{\"@type\":\"SearchAction\",\"target\":{\"@type\":\"EntryPoint\",\"urlTemplate\":\"https:\/\/acefootball.com\/da\/?s={search_term_string}\"},\"query-input\":\"required name=search_term_string\"}],\"inLanguage\":\"en-US\"},{\"@type\":\"ImageObject\",\"@id\":\"https:\/\/acefootball.com\/da\/fodboldnyheder\/efter-kortslutning-fans-bakker-stadig-op-om-jesper-lindstroem\/#primaryimage\",\"inLanguage\":\"en-US\",\"url\":\"https:\/\/acefootball.com\/da\/wp-content\/uploads\/sites\/2\/2021\/05\/Brondby-43.jpg\",\"contentUrl\":\"https:\/\/acefootball.com\/da\/wp-content\/uploads\/sites\/2\/2021\/05\/Brondby-43.jpg\",\"width\":1920,\"height\":1008},{\"@type\":\"WebPage\",\"@id\":\"https:\/\/acefootball.com\/da\/fodboldnyheder\/efter-kortslutning-fans-bakker-stadig-op-om-jesper-lindstroem\/#webpage\",\"url\":\"https:\/\/acefootball.com\/da\/fodboldnyheder\/efter-kortslutning-fans-bakker-stadig-op-om-jesper-lindstroem\/\",\"name\":\"Efter kortslutning: Fans bakker stadig op om Jesper Lindstr\u00f8m\",\"isPartOf\":{\"@id\":\"https:\/\/acefootball.com\/da\/#website\"},\"primaryImageOfPage\":{\"@id\":\"https:\/\/acefootball.com\/da\/fodboldnyheder\/efter-kortslutning-fans-bakker-stadig-op-om-jesper-lindstroem\/#primaryimage\"},\"datePublished\":\"2021-05-16T16:44:37+00:00\",\"dateModified\":\"2021-05-16T16:53:58+00:00\",\"description\":\"Jesper Lindstr\u00f8m har f\u00e5et meget kritik for sit r\u00f8de kort, men en r\u00e6kke Br\u00f8ndby-fans fors\u00f8ger at minde om alt det gode, han har gjort\",\"breadcrumb\":{\"@id\":\"https:\/\/acefootball.com\/da\/fodboldnyheder\/efter-kortslutning-fans-bakker-stadig-op-om-jesper-lindstroem\/#breadcrumb\"},\"inLanguage\":\"en-US\",\"potentialAction\":[{\"@type\":\"ReadAction\",\"target\":[\"https:\/\/acefootball.com\/da\/fodboldnyheder\/efter-kortslutning-fans-bakker-stadig-op-om-jesper-lindstroem\/\"]}]},{\"@type\":\"BreadcrumbList\",\"@id\":\"https:\/\/acefootball.com\/da\/fodboldnyheder\/efter-kortslutning-fans-bakker-stadig-op-om-jesper-lindstroem\/#breadcrumb\",\"itemListElement\":[{\"@type\":\"ListItem\",\"position\":1,\"name\":\"Home\",\"item\":\"https:\/\/acefootball.com\/da\/\"},{\"@type\":\"ListItem\",\"position\":2,\"name\":\"Efter kortslutning: Fans bakker stadig op om Jesper Lindstr\u00f8m\"}]},{\"@type\":\"Article\",\"@id\":\"https:\/\/acefootball.com\/da\/fodboldnyheder\/efter-kortslutning-fans-bakker-stadig-op-om-jesper-lindstroem\/#article\",\"isPartOf\":{\"@id\":\"https:\/\/acefootball.com\/da\/fodboldnyheder\/efter-kortslutning-fans-bakker-stadig-op-om-jesper-lindstroem\/#webpage\"},\"author\":{\"@id\":\"https:\/\/acefootball.com\/da\/#\/schema\/person\/fd6223a1c033400b41da7853ddf88c84\"},\"headline\":\"Efter kortslutning: Fans bakker stadig op om Jesper Lindstr\u00f8m\",\"datePublished\":\"2021-05-16T16:44:37+00:00\",\"dateModified\":\"2021-05-16T16:53:58+00:00\",\"mainEntityOfPage\":{\"@id\":\"https:\/\/acefootball.com\/da\/fodboldnyheder\/efter-kortslutning-fans-bakker-stadig-op-om-jesper-lindstroem\/#webpage\"},\"wordCount\":291,\"commentCount\":0,\"publisher\":{\"@id\":\"https:\/\/acefootball.com\/da\/#organization\"},\"image\":{\"@id\":\"https:\/\/acefootball.com\/da\/fodboldnyheder\/efter-kortslutning-fans-bakker-stadig-op-om-jesper-lindstroem\/#primaryimage\"},\"thumbnailUrl\":\"https:\/\/acefootball.com\/da\/wp-content\/uploads\/sites\/2\/2021\/05\/GettyImages-1232929798.jpg\",\"keywords\":[\"Br\u00f8ndby IF\",\"Jesper Lindstr\u00f8m\",\"Superligaen\"],\"articleSection\":[\"Reaktion\"],\"inLanguage\":\"en-US\",\"potentialAction\":[{\"@type\":\"CommentAction\",\"name\":\"Comment\",\"target\":[\"https:\/\/acefootball.com\/da\/fodboldnyheder\/efter-kortslutning-fans-bakker-stadig-op-om-jesper-lindstroem\/#respond\"]}]},{\"@type\":\"Person\",\"@id\":\"https:\/\/acefootball.com\/da\/#\/schema\/person\/fd6223a1c033400b41da7853ddf88c84\",\"name\":\"Patrick Hesselb\u00e6k\",\"image\":{\"@type\":\"ImageObject\",\"@id\":\"https:\/\/acefootball.com\/da\/#personlogo\",\"inLanguage\":\"en-US\",\"url\":\"https:\/\/secure.gravatar.com\/avatar\/7919060992759bffbffb199d6cbdce6f?s=96&d=mm&r=g\",\"contentUrl\":\"https:\/\/secure.gravatar.com\/avatar\/7919060992759bffbffb199d6cbdce6f?s=96&d=mm&r=g\",\"caption\":\"Patrick Hesselb\u00e6k\"},\"description\":\"Redakt\u00f8r p\u00e5 den danske Ace Football-redaktion. Uddannet i kommunikation fra Aalborg Universitet. Prim\u00e6rt fokus p\u00e5 den danske 3F Superliga og de st\u00f8rste europ\u00e6iske turneringer.\",\"sameAs\":[\"https:\/\/www.linkedin.com\/in\/patrick-hesselbk-2a4b1711a\/\"],\"url\":\"https:\/\/acefootball.com\/da\/fodboldnyheder\/author\/patrickhesselbaek\/\"}]}<\/script>\n<!-- \/ Yoast SEO plugin. -->","yoast_head_json":{"title":"Efter kortslutning: Fans bakker stadig op om Jesper Lindstr\u00f8m","description":"Jesper Lindstr\u00f8m har f\u00e5et meget kritik for sit r\u00f8de kort, men en r\u00e6kke Br\u00f8ndby-fans fors\u00f8ger at minde om alt det gode, han har gjort","robots":{"index":"index","follow":"follow","max-snippet":"max-snippet:-1","max-image-preview":"max-image-preview:large","max-video-preview":"max-video-preview:-1"},"canonical":"https:\/\/acefootball.com\/da\/fodboldnyheder\/efter-kortslutning-fans-bakker-stadig-op-om-jesper-lindstroem\/","og_locale":"en_US","og_type":"article","og_title":"Efter kortslutning: Fans bakker stadig op om Jesper Lindstr\u00f8m","og_description":"Jesper Lindstr\u00f8m har f\u00e5et meget kritik for sit r\u00f8de kort, men en r\u00e6kke Br\u00f8ndby-fans fors\u00f8ger at minde om alt det gode, han har gjort","og_url":"https:\/\/acefootball.com\/da\/fodboldnyheder\/efter-kortslutning-fans-bakker-stadig-op-om-jesper-lindstroem\/","og_site_name":"Ace Football Danmark","article_publisher":"https:\/\/www.facebook.com\/acefootballdk","article_published_time":"2021-05-16T16:44:37+00:00","article_modified_time":"2021-05-16T16:53:58+00:00","og_image":[{"width":1920,"height":1008,"url":"https:\/\/acefootball.com\/da\/wp-content\/uploads\/sites\/2\/2021\/05\/Brondby-43.jpg","type":"image\/jpeg"}],"twitter_card":"summary_large_image","twitter_misc":{"Written by":"Patrick Hesselb\u00e6k","Est. reading time":"1 minute"},"schema":{"@context":"https:\/\/schema.org","@graph":[{"@type":"Organization","@id":"https:\/\/acefootball.com\/da\/#organization","name":"Ace Football","url":"https:\/\/acefootball.com\/da\/","sameAs":["https:\/\/www.facebook.com\/acefootballdk"],"logo":{"@type":"ImageObject","@id":"https:\/\/acefootball.com\/da\/#logo","inLanguage":"en-US","url":"https:\/\/acefootball.com\/da\/wp-content\/uploads\/sites\/2\/2020\/07\/Ace-Football-30-07-2020-2.png","contentUrl":"https:\/\/acefootball.com\/da\/wp-content\/uploads\/sites\/2\/2020\/07\/Ace-Football-30-07-2020-2.png","width":1200,"height":600,"caption":"Ace Football"},"image":{"@id":"https:\/\/acefootball.com\/da\/#logo"}},{"@type":"WebSite","@id":"https:\/\/acefootball.com\/da\/#website","url":"https:\/\/acefootball.com\/da\/","name":"Ace Football Danmark","description":"Nyheder, Spiltips &amp; Livescore","publisher":{"@id":"https:\/\/acefootball.com\/da\/#organization"},"potentialAction":[{"@type":"SearchAction","target":{"@type":"EntryPoint","urlTemplate":"https:\/\/acefootball.com\/da\/?s={search_term_string}"},"query-input":"required name=search_term_string"}],"inLanguage":"en-US"},{"@type":"ImageObject","@id":"https:\/\/acefootball.com\/da\/fodboldnyheder\/efter-kortslutning-fans-bakker-stadig-op-om-jesper-lindstroem\/#primaryimage","inLanguage":"en-US","url":"https:\/\/acefootball.com\/da\/wp-content\/uploads\/sites\/2\/2021\/05\/Brondby-43.jpg","contentUrl":"https:\/\/acefootball.com\/da\/wp-content\/uploads\/sites\/2\/2021\/05\/Brondby-43.jpg","width":1920,"height":1008},{"@type":"WebPage","@id":"https:\/\/acefootball.com\/da\/fodboldnyheder\/efter-kortslutning-fans-bakker-stadig-op-om-jesper-lindstroem\/#webpage","url":"https:\/\/acefootball.com\/da\/fodboldnyheder\/efter-kortslutning-fans-bakker-stadig-op-om-jesper-lindstroem\/","name":"Efter kortslutning: Fans bakker stadig op om Jesper Lindstr\u00f8m","isPartOf":{"@id":"https:\/\/acefootball.com\/da\/#website"},"primaryImageOfPage":{"@id":"https:\/\/acefootball.com\/da\/fodboldnyheder\/efter-kortslutning-fans-bakker-stadig-op-om-jesper-lindstroem\/#primaryimage"},"datePublished":"2021-05-16T16:44:37+00:00","dateModified":"2021-05-16T16:53:58+00:00","description":"Jesper Lindstr\u00f8m har f\u00e5et meget kritik for sit r\u00f8de kort, men en r\u00e6kke Br\u00f8ndby-fans fors\u00f8ger at minde om alt det gode, han har gjort","breadcrumb":{"@id":"https:\/\/acefootball.com\/da\/fodboldnyheder\/efter-kortslutning-fans-bakker-stadig-op-om-jesper-lindstroem\/#breadcrumb"},"inLanguage":"en-US","potentialAction":[{"@type":"ReadAction","target":["https:\/\/acefootball.com\/da\/fodboldnyheder\/efter-kortslutning-fans-bakker-stadig-op-om-jesper-lindstroem\/"]}]},{"@type":"BreadcrumbList","@id":"https:\/\/acefootball.com\/da\/fodboldnyheder\/efter-kortslutning-fans-bakker-stadig-op-om-jesper-lindstroem\/#breadcrumb","itemListElement":[{"@type":"ListItem","position":1,"name":"Home","item":"https:\/\/acefootball.com\/da\/"},{"@type":"ListItem","position":2,"name":"Efter kortslutning: Fans bakker stadig op om Jesper Lindstr\u00f8m"}]},{"@type":"Article","@id":"https:\/\/acefootball.com\/da\/fodboldnyheder\/efter-kortslutning-fans-bakker-stadig-op-om-jesper-lindstroem\/#article","isPartOf":{"@id":"https:\/\/acefootball.com\/da\/fodboldnyheder\/efter-kortslutning-fans-bakker-stadig-op-om-jesper-lindstroem\/#webpage"},"author":{"@id":"https:\/\/acefootball.com\/da\/#\/schema\/person\/fd6223a1c033400b41da7853ddf88c84"},"headline":"Efter kortslutning: Fans bakker stadig op om Jesper Lindstr\u00f8m","datePublished":"2021-05-16T16:44:37+00:00","dateModified":"2021-05-16T16:53:58+00:00","mainEntityOfPage":{"@id":"https:\/\/acefootball.com\/da\/fodboldnyheder\/efter-kortslutning-fans-bakker-stadig-op-om-jesper-lindstroem\/#webpage"},"wordCount":291,"commentCount":0,"publisher":{"@id":"https:\/\/acefootball.com\/da\/#organization"},"image":{"@id":"https:\/\/acefootball.com\/da\/fodboldnyheder\/efter-kortslutning-fans-bakker-stadig-op-om-jesper-lindstroem\/#primaryimage"},"thumbnailUrl":"https:\/\/acefootball.com\/da\/wp-content\/uploads\/sites\/2\/2021\/05\/GettyImages-1232929798.jpg","keywords":["Br\u00f8ndby IF","Jesper Lindstr\u00f8m","Superligaen"],"articleSection":["Reaktion"],"inLanguage":"en-US","potentialAction":[{"@type":"CommentAction","name":"Comment","target":["https:\/\/acefootball.com\/da\/fodboldnyheder\/efter-kortslutning-fans-bakker-stadig-op-om-jesper-lindstroem\/#respond"]}]},{"@type":"Person","@id":"https:\/\/acefootball.com\/da\/#\/schema\/person\/fd6223a1c033400b41da7853ddf88c84","name":"Patrick Hesselb\u00e6k","image":{"@type":"ImageObject","@id":"https:\/\/acefootball.com\/da\/#personlogo","inLanguage":"en-US","url":"https:\/\/secure.gravatar.com\/avatar\/7919060992759bffbffb199d6cbdce6f?s=96&d=mm&r=g","contentUrl":"https:\/\/secure.gravatar.com\/avatar\/7919060992759bffbffb199d6cbdce6f?s=96&d=mm&r=g","caption":"Patrick Hesselb\u00e6k"},"description":"Redakt\u00f8r p\u00e5 den danske Ace Football-redaktion. Uddannet i kommunikation fra Aalborg Universitet. Prim\u00e6rt fokus p\u00e5 den danske 3F Superliga og de st\u00f8rste europ\u00e6iske turneringer.","sameAs":["https:\/\/www.linkedin.com\/in\/patrick-hesselbk-2a4b1711a\/"],"url":"https:\/\/acefootball.com\/da\/fodboldnyheder\/author\/patrickhesselbaek\/"}]}},"fimg_url":"https:\/\/acefootball.com\/da\/wp-content\/uploads\/sites\/2\/2021\/05\/GettyImages-1232929798.jpg","_links":{"self":[{"href":"https:\/\/acefootball.com\/da\/wp-json\/wp\/v2\/posts\/257961"}],"collection":[{"href":"https:\/\/acefootball.com\/da\/wp-json\/wp\/v2\/posts"}],"about":[{"href":"https:\/\/acefootball.com\/da\/wp-json\/wp\/v2\/types\/post"}],"author":[{"embeddable":true,"href":"https:\/\/acefootball.com\/da\/wp-json\/wp\/v2\/users\/74"}],"replies":[{"embeddable":true,"href":"https:\/\/acefootball.com\/da\/wp-json\/wp\/v2\/comments?post=257961"}],"version-history":[{"count":0,"href":"https:\/\/acefootball.com\/da\/wp-json\/wp\/v2\/posts\/257961\/revisions"}],"wp:featuredmedia":[{"embeddable":true,"href":"https:\/\/acefootball.com\/da\/wp-json\/wp\/v2\/media\/257962"}],"wp:attachment":[{"href":"https:\/\/acefootball.com\/da\/wp-json\/wp\/v2\/media?parent=257961"}],"wp:term":[{"taxonomy":"category","embeddable":true,"href":"https:\/\/acefootball.com\/da\/wp-json\/wp\/v2\/categories?post=257961"},{"taxonomy":"post_tag","embeddable":true,"href":"https:\/\/acefootball.com\/da\/wp-json\/wp\/v2\/tags?post=257961"}],"curies":[{"name":"wp","href":"https:\/\/api.w.org\/{rel}","templated":true}]}}