{"id":257957,"date":"2021-05-17T09:47:30","date_gmt":"2021-05-17T07:47:30","guid":{"rendered":"https:\/\/acefootball.com\/da\/?p=257957"},"modified":"2021-05-17T10:04:30","modified_gmt":"2021-05-17T08:04:30","slug":"manchester-united-legende-ser-bort-fra-hoejbjerg-roeveri-ved-hoejlys-dag","status":"publish","type":"post","link":"https:\/\/acefootball.com\/da\/fodboldnyheder\/manchester-united-legende-ser-bort-fra-hoejbjerg-roeveri-ved-hoejlys-dag\/","title":{"rendered":"Manchester United-legende ser bort fra H\u00f8jbjerg: &#8216;R\u00f8veri ved h\u00f8jlys dag!&#8217;"},"content":{"rendered":"\n<h2 id=\"h-til-trods-for-b-de-at-have-v-ret-involveret-i-begge-kampens-m-l-og-spillet-bundsolidt-valgte-gary-neville-ikke-at-pege-p-pierre-emile-h-jbjerg-som-man-of-the-match\">Til trods for b\u00e5de at have v\u00e6ret involveret i begge kampens m\u00e5l og spillet bundsolidt, valgte Gary Neville ikke at pege p\u00e5 Pierre-Emile H\u00f8jbjerg som Man of the Match<\/h2>\n\n\n\n<div class=\"wp-block-si-widget wp-block-si-widget--center\"><si-lb-widget widget-id=\"MatchInfo\" width=\"440\" data-nopadding=\"true\" data-card=\"true\" data-event-id=\"3411707\" data-theme-appearance=\"dark\"><\/si-lb-widget><\/div>\n\n\n\n<p>Pierre-Emile H\u00f8jbjerg blev dagens mand i skysovs, da Tottenham i g\u00e5r besejrede Wolverhampton med 2-0 hjemme p\u00e5 Tottenham Hotspur Stadium i en kamp, hvor danskeren f\u00f8rst leverede en assist til Harry Kane og selv scorede m\u00e5let til 2-0.<\/p>\n\n\n\n\n        <div class=\"svf-video-single only-video\">\n            <div class=\"svf-video-container svf-embedded embedded\">\n                <script>(function(){const el = document.createElement('iframe');el.allow = 'autoplay';el.frameBorder = '0';el.classList.add('svf-video');el.allowFullscreen = true;document.currentScript.parentNode.style.display = 'none';el.src = \"https:\/\/www.viafree.dk\/embed\/sport\/id\/e8e4787f-9f5e-432e-9e15-f659bd8290bd?partnerId=a788403f-2c83-488f-adb0-2650ac7278a3\";el.addEventListener( 'load', function(){ this.parentNode.style.display = ''; });document.currentScript.parentNode.insertBefore(el, document.currentScript.nextSibling);})();<\/script>\n                <noscript><iframe allow=\"autoplay\" allowfullscreen frameborder=\"0\" class=\"svf-video\" src=\"https:\/\/www.viafree.dk\/embed\/sport\/id\/e8e4787f-9f5e-432e-9e15-f659bd8290bd?partnerId=a788403f-2c83-488f-adb0-2650ac7278a3\"><\/iframe><\/noscript>\n            <\/div>\n                    <\/div>\n        \n\n\n\n<p>Udover at have v\u00e6ret involveret i begge kampens m\u00e5l, spillede han generelt ogs\u00e5 bare en bundsolid kamp og vandt n\u00e6rmest alle dueller, som han gik ind i, hvilket hans stats fra kampen, som kan ses herunder, ogs\u00e5 beretter om.<\/p>\n\n\n\n<figure class=\"wp-block-embed is-type-rich is-provider-twitter wp-block-embed-twitter\"><div class=\"wp-block-embed__wrapper\">\n<blockquote class=\"twitter-tweet\" data-width=\"550\" data-dnt=\"true\"><p lang=\"en\" dir=\"ltr\">Pierre-Emile H\u00f8jbjerg\u2019s game by numbers vs. Wolves: <br><br>94% pass accuracy <br>102 touches <br>10 ball recoveries<br>6 duels won <br>3 tackles <br>3 shots<br>2 interceptions <br>2 chances created<br>2 shots on target <br>1 goal <br>1 assist <br><br>Involved in both goals. \u26bd\ufe0f\ud83c\udd70\ufe0f <a href=\"https:\/\/t.co\/9qHDhqRckj\">pic.twitter.com\/9qHDhqRckj<\/a><\/p>&mdash; Squawka Football (@Squawka) <a href=\"https:\/\/twitter.com\/Squawka\/status\/1393944235427106819?ref_src=twsrc%5Etfw\">May 16, 2021<\/a><\/blockquote><script async src=\"https:\/\/platform.twitter.com\/widgets.js\" charset=\"utf-8\"><\/script>\n<\/div><\/figure>\n\n\n\n<p>Derfor var der heller ikke mange, der der var i tvivl om, at den danske midtbanespiller ville blive k\u00e5ret til Man of the Match for sin fantastiske indsats, men s\u00e5dan skulle det ikke v\u00e6re.<\/p>\n\n\n\n<p>Den tidligere Manchester United-stjerne, Gary Neville, der nu er pundit p\u00e5 Sky Sport, valgte nemlig at pege p\u00e5 Wolverhampton-anf\u00f8rer Conor Coady, og det har efterf\u00f8lgende skabt stor vrede blandt fans p\u00e5 Twitter, der mener, at det er t\u00e6t p\u00e5 r\u00f8veri ved h\u00f8jlys dag, at han ikke ser bort fra H\u00f8jbjerg.<\/p>\n\n\n\n<p>Du kan l\u00e6se nogle af de mange Twitter-reaktioner p\u00e5 denne beslutning herunder.<\/p>\n\n\n\n<figure class=\"wp-block-embed is-type-rich is-provider-twitter wp-block-embed-twitter\"><div class=\"wp-block-embed__wrapper\">\n<blockquote class=\"twitter-tweet\" data-width=\"550\" data-dnt=\"true\"><p lang=\"en\" dir=\"ltr\"><a href=\"https:\/\/twitter.com\/GNev2?ref_src=twsrc%5Etfw\">@GNev2<\/a> gives Coady MOTM for some headers and you got H\u00f8jbjerg with an assist and goal. You super league shagging donut.<\/p>&mdash; Bill (@G3BJN) <a href=\"https:\/\/twitter.com\/G3BJN\/status\/1393943478917386242?ref_src=twsrc%5Etfw\">May 16, 2021<\/a><\/blockquote><script async src=\"https:\/\/platform.twitter.com\/widgets.js\" charset=\"utf-8\"><\/script>\n<\/div><\/figure>\n\n\n\n<figure class=\"wp-block-embed is-type-rich is-provider-twitter wp-block-embed-twitter\"><div class=\"wp-block-embed__wrapper\">\n<blockquote class=\"twitter-tweet\" data-width=\"550\" data-dnt=\"true\"><p lang=\"da\" dir=\"ltr\">H\u00f8jbjerg with a goal &amp; assist, <a href=\"https:\/\/twitter.com\/GNev2?ref_src=twsrc%5Etfw\">@GNev2<\/a> gives Coady MOTM \ud83e\udd26\ud83c\udffb\u200d\u2642\ufe0f<\/p>&mdash; Steve McGrath \ud83c\uddee\ud83c\uddea\u26aa\ud83c\udfa7 (@djstevemcgrath) <a href=\"https:\/\/twitter.com\/djstevemcgrath\/status\/1393943312416092161?ref_src=twsrc%5Etfw\">May 16, 2021<\/a><\/blockquote><script async src=\"https:\/\/platform.twitter.com\/widgets.js\" charset=\"utf-8\"><\/script>\n<\/div><\/figure>\n\n\n\n<figure class=\"wp-block-embed is-type-rich is-provider-twitter wp-block-embed-twitter\"><div class=\"wp-block-embed__wrapper\">\n<blockquote class=\"twitter-tweet\" data-width=\"550\" data-dnt=\"true\"><p lang=\"en\" dir=\"ltr\">Pierre Emile Hojbjerg &#8211; 1 goal, 1 assist from defensive midfield.<br><br>Conor Coady &#8211; on the end of a 2-0 loss and put on his ass for the 1st goal.<br><br>Gary Neville: &quot;I&#39;m gonna give Man of the Match to Conor Coady.&quot;<br><br>Embarrassing human being.<\/p>&mdash; \u064b (@SpurssKai) <a href=\"https:\/\/twitter.com\/SpurssKai\/status\/1393944268935507968?ref_src=twsrc%5Etfw\">May 16, 2021<\/a><\/blockquote><script async src=\"https:\/\/platform.twitter.com\/widgets.js\" charset=\"utf-8\"><\/script>\n<\/div><\/figure>\n\n\n\n<figure class=\"wp-block-embed is-type-rich is-provider-twitter wp-block-embed-twitter\"><div class=\"wp-block-embed__wrapper\">\n<blockquote class=\"twitter-tweet\" data-width=\"550\" data-dnt=\"true\"><p lang=\"en\" dir=\"ltr\">Hojbjerg &#8211; 1 Goal 1 Assist + Clean Sheet. 2-0 Win. <br><br>Coady &#8211; Concedes twice loses 2-0 &#8211; MOTM. <br><br>Gary Neville is a joke:<\/p>&mdash; Kezzy\u2122\ufe0f (@HonkMyHonda) <a href=\"https:\/\/twitter.com\/HonkMyHonda\/status\/1393943075316191237?ref_src=twsrc%5Etfw\">May 16, 2021<\/a><\/blockquote><script async src=\"https:\/\/platform.twitter.com\/widgets.js\" charset=\"utf-8\"><\/script>\n<\/div><\/figure>\n\n\n\n<figure class=\"wp-block-embed is-type-rich is-provider-twitter wp-block-embed-twitter\"><div class=\"wp-block-embed__wrapper\">\n<blockquote class=\"twitter-tweet\" data-width=\"550\" data-dnt=\"true\"><p lang=\"en\" dir=\"ltr\">Man of the match left Kane run off away from him for the first.<br>Let Hojbjerg beat him to the ball for the second.<br><br>Stumped as to why Neville was so bad at Valencia.<\/p>&mdash; Andy (@AndyBolton89) <a href=\"https:\/\/twitter.com\/AndyBolton89\/status\/1393943997564035083?ref_src=twsrc%5Etfw\">May 16, 2021<\/a><\/blockquote><script async src=\"https:\/\/platform.twitter.com\/widgets.js\" charset=\"utf-8\"><\/script>\n<\/div><\/figure>\n\n\n\n<figure class=\"wp-block-embed is-type-rich is-provider-twitter wp-block-embed-twitter\"><div class=\"wp-block-embed__wrapper\">\n<blockquote class=\"twitter-tweet\" data-width=\"550\" data-dnt=\"true\"><p lang=\"en\" dir=\"ltr\">Hojbjerg had to be MoM with other Spurs contenders &#8211; one can only assume that compared to Eric Dier Connor Cody looked like Bobby Moore hence Neville\u2019s bizarre decision <a href=\"https:\/\/twitter.com\/hashtag\/TOTWOL?src=hash&amp;ref_src=twsrc%5Etfw\">#TOTWOL<\/a><\/p>&mdash; Ian Gillespie (@iangills) <a href=\"https:\/\/twitter.com\/iangills\/status\/1394034617070596099?ref_src=twsrc%5Etfw\">May 16, 2021<\/a><\/blockquote><script async src=\"https:\/\/platform.twitter.com\/widgets.js\" charset=\"utf-8\"><\/script>\n<\/div><\/figure>\n\n\n\n<figure class=\"wp-block-embed is-type-rich is-provider-twitter wp-block-embed-twitter\"><div class=\"wp-block-embed__wrapper\">\n<blockquote class=\"twitter-tweet\" data-width=\"550\" data-dnt=\"true\"><p lang=\"en\" dir=\"ltr\">Coady MOTM as a CB on a losing side! Sorry Neville that\u2019s a joke. MOTM &#8211; Hojbjerg. We looked so much better today, we got at them with a bit of urgency. Wolves weren\u2019t all that but it\u2019s a good win, pleased with that. <a href=\"https:\/\/twitter.com\/hashtag\/COYS?src=hash&amp;ref_src=twsrc%5Etfw\">#COYS<\/a> <a href=\"https:\/\/twitter.com\/hashtag\/TTID?src=hash&amp;ref_src=twsrc%5Etfw\">#TTID<\/a> <br>Come on you Baggies <a href=\"https:\/\/twitter.com\/hashtag\/WBALIV?src=hash&amp;ref_src=twsrc%5Etfw\">#WBALIV<\/a><\/p>&mdash; DrBarringtonStait (@clogbarrington1) <a href=\"https:\/\/twitter.com\/clogbarrington1\/status\/1393945527214125057?ref_src=twsrc%5Etfw\">May 16, 2021<\/a><\/blockquote><script async src=\"https:\/\/platform.twitter.com\/widgets.js\" charset=\"utf-8\"><\/script>\n<\/div><\/figure>\n\n\n\n<figure class=\"wp-block-embed is-type-rich is-provider-twitter wp-block-embed-twitter\"><div class=\"wp-block-embed__wrapper\">\n<blockquote class=\"twitter-tweet\" data-width=\"550\" data-dnt=\"true\"><p lang=\"en\" dir=\"ltr\">H\u00f8jbjerg with a goal and an assist misses out on MOTM to Coady who conceded 2 goals\ud83d\ude10<\/p>&mdash; Japh\u2019s Wrld\ud83c\udf0e (@Eashar19) <a href=\"https:\/\/twitter.com\/Eashar19\/status\/1393943215527632897?ref_src=twsrc%5Etfw\">May 16, 2021<\/a><\/blockquote><script async src=\"https:\/\/platform.twitter.com\/widgets.js\" charset=\"utf-8\"><\/script>\n<\/div><\/figure>\n\n\n\n<figure class=\"wp-block-embed is-type-rich is-provider-twitter wp-block-embed-twitter\"><div class=\"wp-block-embed__wrapper\">\n<blockquote class=\"twitter-tweet\" data-width=\"550\" data-dnt=\"true\"><p lang=\"en\" dir=\"ltr\">what is wrong with Neville? Coady held 2 and lost, H\u00f8jbjerg got a goal and assist, idiot<\/p>&mdash; G (@arrywinks) <a href=\"https:\/\/twitter.com\/arrywinks\/status\/1393943011642445828?ref_src=twsrc%5Etfw\">May 16, 2021<\/a><\/blockquote><script async src=\"https:\/\/platform.twitter.com\/widgets.js\" charset=\"utf-8\"><\/script>\n<\/div><\/figure>\n\n\n\n<figure class=\"wp-block-embed is-type-rich is-provider-twitter wp-block-embed-twitter\"><div class=\"wp-block-embed__wrapper\">\n<blockquote class=\"twitter-tweet\" data-width=\"550\" data-dnt=\"true\"><p lang=\"da\" dir=\"ltr\">Neville robbing H\u00f8jbjerg of a motm the bastard jokeman<\/p>&mdash; Jack (@SpursIad) <a href=\"https:\/\/twitter.com\/SpursIad\/status\/1393942973029683210?ref_src=twsrc%5Etfw\">May 16, 2021<\/a><\/blockquote><script async src=\"https:\/\/platform.twitter.com\/widgets.js\" charset=\"utf-8\"><\/script>\n<\/div><\/figure>\n\n\n\n<figure class=\"wp-block-embed is-type-rich is-provider-twitter wp-block-embed-twitter\"><div class=\"wp-block-embed__wrapper\">\n<blockquote class=\"twitter-tweet\" data-width=\"550\" data-dnt=\"true\"><p lang=\"da\" dir=\"ltr\">H\u00f8jbjerg has been fully robbed of MOTM.<\/p>&mdash; \u064b (@thfc_josh_) <a href=\"https:\/\/twitter.com\/thfc_josh_\/status\/1393942857644482560?ref_src=twsrc%5Etfw\">May 16, 2021<\/a><\/blockquote><script async src=\"https:\/\/platform.twitter.com\/widgets.js\" charset=\"utf-8\"><\/script>\n<\/div><\/figure>\n\n\n\n<figure class=\"wp-block-embed is-type-rich is-provider-twitter wp-block-embed-twitter\"><div class=\"wp-block-embed__wrapper\">\n<blockquote class=\"twitter-tweet\" data-width=\"550\" data-dnt=\"true\"><p lang=\"da\" dir=\"ltr\">H\u00f8jbjerg is MOTM you stupid mf <a href=\"https:\/\/twitter.com\/GNev2?ref_src=twsrc%5Etfw\">@GNev2<\/a><\/p>&mdash; Cameron \ud83c\uddef\ud83c\uddf2 X \ud83c\uddee\ud83c\uddea (@thfc_cameron) <a href=\"https:\/\/twitter.com\/thfc_cameron\/status\/1393941740764151812?ref_src=twsrc%5Etfw\">May 16, 2021<\/a><\/blockquote><script async src=\"https:\/\/platform.twitter.com\/widgets.js\" charset=\"utf-8\"><\/script>\n<\/div><\/figure>\n\n\n\n<figure class=\"wp-block-embed is-type-wp-embed is-provider-ace-football-danmark wp-block-embed-ace-football-danmark\"><div class=\"wp-block-embed__wrapper\">\n<blockquote class=\"wp-embedded-content\" data-secret=\"5hWLkAbb9d\"><a href=\"https:\/\/acefootball.com\/da\/fodboldnyheder\/fans-i-ekstase-over-offensiv-hoejbjerg-forvandlede-sig-pludselig-til-eriksen\/\">Fans i ekstase over offensiv H\u00f8jbjerg: &#8216;Forvandlede sig pludselig til Eriksen&#8217;<\/a><\/blockquote><iframe class=\"wp-embedded-content\" sandbox=\"allow-scripts\" security=\"restricted\" style=\"position: absolute; clip: rect(1px, 1px, 1px, 1px);\" title=\"&#8220;Fans i ekstase over offensiv H\u00f8jbjerg: &#8216;Forvandlede sig pludselig til Eriksen&#8217;&#8221; &#8212; Ace Football Danmark\" src=\"https:\/\/acefootball.com\/da\/fodboldnyheder\/fans-i-ekstase-over-offensiv-hoejbjerg-forvandlede-sig-pludselig-til-eriksen\/embed\/#?secret=5hWLkAbb9d\" data-secret=\"5hWLkAbb9d\" width=\"600\" height=\"338\" frameborder=\"0\" marginwidth=\"0\" marginheight=\"0\" scrolling=\"no\"><\/iframe>\n<\/div><\/figure>\n\n\n\n<p><\/p>\n","protected":false},"excerpt":{"rendered":"<p>Til trods for b\u00e5de at have v\u00e6ret involveret i begge kampens m\u00e5l og spillet bundsolidt, valgte Gary Neville ikke at pege p\u00e5 Pierre-Emile H\u00f8jbjerg som Man of the Match<\/p>\n","protected":false},"author":74,"featured_media":241565,"comment_status":"open","ping_status":"closed","sticky":false,"template":"","format":"standard","meta":{"om_disable_all_campaigns":false,"push_articles_ronaldo":{"active":false,"canonical":0,"publish":false},"force_updates":null},"categories":[8060],"tags":[544,126,383,45],"enet_tags":{"team":["10260","8586"],"player":["266523"],"sport_events":[3411707]},"yoast_head":"<!-- This site is optimized with the Yoast SEO plugin v18.3 - https:\/\/yoast.com\/wordpress\/plugins\/seo\/ -->\n<title>Manchester United-legende ser bort fra H\u00f8jbjerg: &#039;R\u00f8veri ved h\u00f8jlys dag!&#039;<\/title>\n<meta name=\"description\" content=\"Til trods for b\u00e5de at have v\u00e6ret involveret i begge kampens m\u00e5l og spillet bundsolidt, valgte Gary Neville ikke at pege p\u00e5 Pierre-Emile H\u00f8jbjerg som Man of the Match\" \/>\n<meta name=\"robots\" content=\"index, follow, max-snippet:-1, max-image-preview:large, max-video-preview:-1\" \/>\n<link rel=\"canonical\" href=\"https:\/\/acefootball.com\/da\/fodboldnyheder\/manchester-united-legende-ser-bort-fra-hoejbjerg-roeveri-ved-hoejlys-dag\/\" \/>\n<meta property=\"og:locale\" content=\"en_US\" \/>\n<meta property=\"og:type\" content=\"article\" \/>\n<meta property=\"og:title\" content=\"Manchester United-legende ser bort fra H\u00f8jbjerg: &#039;R\u00f8veri ved h\u00f8jlys dag!&#039;\" \/>\n<meta property=\"og:description\" content=\"Til trods for b\u00e5de at have v\u00e6ret involveret i begge kampens m\u00e5l og spillet bundsolidt, valgte Gary Neville ikke at pege p\u00e5 Pierre-Emile H\u00f8jbjerg som Man of the Match\" \/>\n<meta property=\"og:url\" content=\"https:\/\/acefootball.com\/da\/fodboldnyheder\/manchester-united-legende-ser-bort-fra-hoejbjerg-roeveri-ved-hoejlys-dag\/\" \/>\n<meta property=\"og:site_name\" content=\"Ace Football Danmark\" \/>\n<meta property=\"article:publisher\" content=\"https:\/\/www.facebook.com\/acefootballdk\" \/>\n<meta property=\"article:published_time\" content=\"2021-05-17T07:47:30+00:00\" \/>\n<meta property=\"article:modified_time\" content=\"2021-05-17T08:04:30+00:00\" \/>\n<meta property=\"og:image\" content=\"https:\/\/acefootball.com\/da\/wp-content\/uploads\/sites\/2\/2021\/05\/Copy-of-Video-generel-19.jpg\" \/>\n\t<meta property=\"og:image:width\" content=\"1920\" \/>\n\t<meta property=\"og:image:height\" content=\"1008\" \/>\n\t<meta property=\"og:image:type\" content=\"image\/jpeg\" \/>\n<meta name=\"twitter:card\" content=\"summary_large_image\" \/>\n<meta name=\"twitter:label1\" content=\"Written by\" \/>\n\t<meta name=\"twitter:data1\" content=\"Patrick Hesselb\u00e6k\" \/>\n\t<meta name=\"twitter:label2\" content=\"Est. reading time\" \/>\n\t<meta name=\"twitter:data2\" content=\"1 minute\" \/>\n<script type=\"application\/ld+json\" class=\"yoast-schema-graph\">{\"@context\":\"https:\/\/schema.org\",\"@graph\":[{\"@type\":\"Organization\",\"@id\":\"https:\/\/acefootball.com\/da\/#organization\",\"name\":\"Ace Football\",\"url\":\"https:\/\/acefootball.com\/da\/\",\"sameAs\":[\"https:\/\/www.facebook.com\/acefootballdk\"],\"logo\":{\"@type\":\"ImageObject\",\"@id\":\"https:\/\/acefootball.com\/da\/#logo\",\"inLanguage\":\"en-US\",\"url\":\"https:\/\/acefootball.com\/da\/wp-content\/uploads\/sites\/2\/2020\/07\/Ace-Football-30-07-2020-2.png\",\"contentUrl\":\"https:\/\/acefootball.com\/da\/wp-content\/uploads\/sites\/2\/2020\/07\/Ace-Football-30-07-2020-2.png\",\"width\":1200,\"height\":600,\"caption\":\"Ace Football\"},\"image\":{\"@id\":\"https:\/\/acefootball.com\/da\/#logo\"}},{\"@type\":\"WebSite\",\"@id\":\"https:\/\/acefootball.com\/da\/#website\",\"url\":\"https:\/\/acefootball.com\/da\/\",\"name\":\"Ace Football Danmark\",\"description\":\"Nyheder, Spiltips &amp; Livescore\",\"publisher\":{\"@id\":\"https:\/\/acefootball.com\/da\/#organization\"},\"potentialAction\":[{\"@type\":\"SearchAction\",\"target\":{\"@type\":\"EntryPoint\",\"urlTemplate\":\"https:\/\/acefootball.com\/da\/?s={search_term_string}\"},\"query-input\":\"required name=search_term_string\"}],\"inLanguage\":\"en-US\"},{\"@type\":\"ImageObject\",\"@id\":\"https:\/\/acefootball.com\/da\/fodboldnyheder\/manchester-united-legende-ser-bort-fra-hoejbjerg-roeveri-ved-hoejlys-dag\/#primaryimage\",\"inLanguage\":\"en-US\",\"url\":\"https:\/\/acefootball.com\/da\/wp-content\/uploads\/sites\/2\/2021\/05\/Copy-of-Video-generel-19.jpg\",\"contentUrl\":\"https:\/\/acefootball.com\/da\/wp-content\/uploads\/sites\/2\/2021\/05\/Copy-of-Video-generel-19.jpg\",\"width\":1920,\"height\":1008},{\"@type\":\"WebPage\",\"@id\":\"https:\/\/acefootball.com\/da\/fodboldnyheder\/manchester-united-legende-ser-bort-fra-hoejbjerg-roeveri-ved-hoejlys-dag\/#webpage\",\"url\":\"https:\/\/acefootball.com\/da\/fodboldnyheder\/manchester-united-legende-ser-bort-fra-hoejbjerg-roeveri-ved-hoejlys-dag\/\",\"name\":\"Manchester United-legende ser bort fra H\u00f8jbjerg: 'R\u00f8veri ved h\u00f8jlys dag!'\",\"isPartOf\":{\"@id\":\"https:\/\/acefootball.com\/da\/#website\"},\"primaryImageOfPage\":{\"@id\":\"https:\/\/acefootball.com\/da\/fodboldnyheder\/manchester-united-legende-ser-bort-fra-hoejbjerg-roeveri-ved-hoejlys-dag\/#primaryimage\"},\"datePublished\":\"2021-05-17T07:47:30+00:00\",\"dateModified\":\"2021-05-17T08:04:30+00:00\",\"description\":\"Til trods for b\u00e5de at have v\u00e6ret involveret i begge kampens m\u00e5l og spillet bundsolidt, valgte Gary Neville ikke at pege p\u00e5 Pierre-Emile H\u00f8jbjerg som Man of the Match\",\"breadcrumb\":{\"@id\":\"https:\/\/acefootball.com\/da\/fodboldnyheder\/manchester-united-legende-ser-bort-fra-hoejbjerg-roeveri-ved-hoejlys-dag\/#breadcrumb\"},\"inLanguage\":\"en-US\",\"potentialAction\":[{\"@type\":\"ReadAction\",\"target\":[\"https:\/\/acefootball.com\/da\/fodboldnyheder\/manchester-united-legende-ser-bort-fra-hoejbjerg-roeveri-ved-hoejlys-dag\/\"]}]},{\"@type\":\"BreadcrumbList\",\"@id\":\"https:\/\/acefootball.com\/da\/fodboldnyheder\/manchester-united-legende-ser-bort-fra-hoejbjerg-roeveri-ved-hoejlys-dag\/#breadcrumb\",\"itemListElement\":[{\"@type\":\"ListItem\",\"position\":1,\"name\":\"Home\",\"item\":\"https:\/\/acefootball.com\/da\/\"},{\"@type\":\"ListItem\",\"position\":2,\"name\":\"Manchester United-legende ser bort fra H\u00f8jbjerg: &#8216;R\u00f8veri ved h\u00f8jlys dag!&#8217;\"}]},{\"@type\":\"Article\",\"@id\":\"https:\/\/acefootball.com\/da\/fodboldnyheder\/manchester-united-legende-ser-bort-fra-hoejbjerg-roeveri-ved-hoejlys-dag\/#article\",\"isPartOf\":{\"@id\":\"https:\/\/acefootball.com\/da\/fodboldnyheder\/manchester-united-legende-ser-bort-fra-hoejbjerg-roeveri-ved-hoejlys-dag\/#webpage\"},\"author\":{\"@id\":\"https:\/\/acefootball.com\/da\/#\/schema\/person\/fd6223a1c033400b41da7853ddf88c84\"},\"headline\":\"Manchester United-legende ser bort fra H\u00f8jbjerg: &#8216;R\u00f8veri ved h\u00f8jlys dag!&#8217;\",\"datePublished\":\"2021-05-17T07:47:30+00:00\",\"dateModified\":\"2021-05-17T08:04:30+00:00\",\"mainEntityOfPage\":{\"@id\":\"https:\/\/acefootball.com\/da\/fodboldnyheder\/manchester-united-legende-ser-bort-fra-hoejbjerg-roeveri-ved-hoejlys-dag\/#webpage\"},\"wordCount\":326,\"commentCount\":0,\"publisher\":{\"@id\":\"https:\/\/acefootball.com\/da\/#organization\"},\"image\":{\"@id\":\"https:\/\/acefootball.com\/da\/fodboldnyheder\/manchester-united-legende-ser-bort-fra-hoejbjerg-roeveri-ved-hoejlys-dag\/#primaryimage\"},\"thumbnailUrl\":\"https:\/\/acefootball.com\/da\/wp-content\/uploads\/sites\/2\/2020\/10\/GettyImages-1282458638.jpg\",\"keywords\":[\"Gary Neville\",\"Manchester United\",\"Pierre-Emile H\u00f8jbjerg\",\"Tottenham\"],\"articleSection\":[\"Reaktion\"],\"inLanguage\":\"en-US\",\"potentialAction\":[{\"@type\":\"CommentAction\",\"name\":\"Comment\",\"target\":[\"https:\/\/acefootball.com\/da\/fodboldnyheder\/manchester-united-legende-ser-bort-fra-hoejbjerg-roeveri-ved-hoejlys-dag\/#respond\"]}]},{\"@type\":\"Person\",\"@id\":\"https:\/\/acefootball.com\/da\/#\/schema\/person\/fd6223a1c033400b41da7853ddf88c84\",\"name\":\"Patrick Hesselb\u00e6k\",\"image\":{\"@type\":\"ImageObject\",\"@id\":\"https:\/\/acefootball.com\/da\/#personlogo\",\"inLanguage\":\"en-US\",\"url\":\"https:\/\/secure.gravatar.com\/avatar\/7919060992759bffbffb199d6cbdce6f?s=96&d=mm&r=g\",\"contentUrl\":\"https:\/\/secure.gravatar.com\/avatar\/7919060992759bffbffb199d6cbdce6f?s=96&d=mm&r=g\",\"caption\":\"Patrick Hesselb\u00e6k\"},\"description\":\"Redakt\u00f8r p\u00e5 den danske Ace Football-redaktion. Uddannet i kommunikation fra Aalborg Universitet. Prim\u00e6rt fokus p\u00e5 den danske 3F Superliga og de st\u00f8rste europ\u00e6iske turneringer.\",\"sameAs\":[\"https:\/\/www.linkedin.com\/in\/patrick-hesselbk-2a4b1711a\/\"],\"url\":\"https:\/\/acefootball.com\/da\/fodboldnyheder\/author\/patrickhesselbaek\/\"}]}<\/script>\n<!-- \/ Yoast SEO plugin. -->","yoast_head_json":{"title":"Manchester United-legende ser bort fra H\u00f8jbjerg: 'R\u00f8veri ved h\u00f8jlys dag!'","description":"Til trods for b\u00e5de at have v\u00e6ret involveret i begge kampens m\u00e5l og spillet bundsolidt, valgte Gary Neville ikke at pege p\u00e5 Pierre-Emile H\u00f8jbjerg som Man of the Match","robots":{"index":"index","follow":"follow","max-snippet":"max-snippet:-1","max-image-preview":"max-image-preview:large","max-video-preview":"max-video-preview:-1"},"canonical":"https:\/\/acefootball.com\/da\/fodboldnyheder\/manchester-united-legende-ser-bort-fra-hoejbjerg-roeveri-ved-hoejlys-dag\/","og_locale":"en_US","og_type":"article","og_title":"Manchester United-legende ser bort fra H\u00f8jbjerg: 'R\u00f8veri ved h\u00f8jlys dag!'","og_description":"Til trods for b\u00e5de at have v\u00e6ret involveret i begge kampens m\u00e5l og spillet bundsolidt, valgte Gary Neville ikke at pege p\u00e5 Pierre-Emile H\u00f8jbjerg som Man of the Match","og_url":"https:\/\/acefootball.com\/da\/fodboldnyheder\/manchester-united-legende-ser-bort-fra-hoejbjerg-roeveri-ved-hoejlys-dag\/","og_site_name":"Ace Football Danmark","article_publisher":"https:\/\/www.facebook.com\/acefootballdk","article_published_time":"2021-05-17T07:47:30+00:00","article_modified_time":"2021-05-17T08:04:30+00:00","og_image":[{"width":1920,"height":1008,"url":"https:\/\/acefootball.com\/da\/wp-content\/uploads\/sites\/2\/2021\/05\/Copy-of-Video-generel-19.jpg","type":"image\/jpeg"}],"twitter_card":"summary_large_image","twitter_misc":{"Written by":"Patrick Hesselb\u00e6k","Est. reading time":"1 minute"},"schema":{"@context":"https:\/\/schema.org","@graph":[{"@type":"Organization","@id":"https:\/\/acefootball.com\/da\/#organization","name":"Ace Football","url":"https:\/\/acefootball.com\/da\/","sameAs":["https:\/\/www.facebook.com\/acefootballdk"],"logo":{"@type":"ImageObject","@id":"https:\/\/acefootball.com\/da\/#logo","inLanguage":"en-US","url":"https:\/\/acefootball.com\/da\/wp-content\/uploads\/sites\/2\/2020\/07\/Ace-Football-30-07-2020-2.png","contentUrl":"https:\/\/acefootball.com\/da\/wp-content\/uploads\/sites\/2\/2020\/07\/Ace-Football-30-07-2020-2.png","width":1200,"height":600,"caption":"Ace Football"},"image":{"@id":"https:\/\/acefootball.com\/da\/#logo"}},{"@type":"WebSite","@id":"https:\/\/acefootball.com\/da\/#website","url":"https:\/\/acefootball.com\/da\/","name":"Ace Football Danmark","description":"Nyheder, Spiltips &amp; Livescore","publisher":{"@id":"https:\/\/acefootball.com\/da\/#organization"},"potentialAction":[{"@type":"SearchAction","target":{"@type":"EntryPoint","urlTemplate":"https:\/\/acefootball.com\/da\/?s={search_term_string}"},"query-input":"required name=search_term_string"}],"inLanguage":"en-US"},{"@type":"ImageObject","@id":"https:\/\/acefootball.com\/da\/fodboldnyheder\/manchester-united-legende-ser-bort-fra-hoejbjerg-roeveri-ved-hoejlys-dag\/#primaryimage","inLanguage":"en-US","url":"https:\/\/acefootball.com\/da\/wp-content\/uploads\/sites\/2\/2021\/05\/Copy-of-Video-generel-19.jpg","contentUrl":"https:\/\/acefootball.com\/da\/wp-content\/uploads\/sites\/2\/2021\/05\/Copy-of-Video-generel-19.jpg","width":1920,"height":1008},{"@type":"WebPage","@id":"https:\/\/acefootball.com\/da\/fodboldnyheder\/manchester-united-legende-ser-bort-fra-hoejbjerg-roeveri-ved-hoejlys-dag\/#webpage","url":"https:\/\/acefootball.com\/da\/fodboldnyheder\/manchester-united-legende-ser-bort-fra-hoejbjerg-roeveri-ved-hoejlys-dag\/","name":"Manchester United-legende ser bort fra H\u00f8jbjerg: 'R\u00f8veri ved h\u00f8jlys dag!'","isPartOf":{"@id":"https:\/\/acefootball.com\/da\/#website"},"primaryImageOfPage":{"@id":"https:\/\/acefootball.com\/da\/fodboldnyheder\/manchester-united-legende-ser-bort-fra-hoejbjerg-roeveri-ved-hoejlys-dag\/#primaryimage"},"datePublished":"2021-05-17T07:47:30+00:00","dateModified":"2021-05-17T08:04:30+00:00","description":"Til trods for b\u00e5de at have v\u00e6ret involveret i begge kampens m\u00e5l og spillet bundsolidt, valgte Gary Neville ikke at pege p\u00e5 Pierre-Emile H\u00f8jbjerg som Man of the Match","breadcrumb":{"@id":"https:\/\/acefootball.com\/da\/fodboldnyheder\/manchester-united-legende-ser-bort-fra-hoejbjerg-roeveri-ved-hoejlys-dag\/#breadcrumb"},"inLanguage":"en-US","potentialAction":[{"@type":"ReadAction","target":["https:\/\/acefootball.com\/da\/fodboldnyheder\/manchester-united-legende-ser-bort-fra-hoejbjerg-roeveri-ved-hoejlys-dag\/"]}]},{"@type":"BreadcrumbList","@id":"https:\/\/acefootball.com\/da\/fodboldnyheder\/manchester-united-legende-ser-bort-fra-hoejbjerg-roeveri-ved-hoejlys-dag\/#breadcrumb","itemListElement":[{"@type":"ListItem","position":1,"name":"Home","item":"https:\/\/acefootball.com\/da\/"},{"@type":"ListItem","position":2,"name":"Manchester United-legende ser bort fra H\u00f8jbjerg: &#8216;R\u00f8veri ved h\u00f8jlys dag!&#8217;"}]},{"@type":"Article","@id":"https:\/\/acefootball.com\/da\/fodboldnyheder\/manchester-united-legende-ser-bort-fra-hoejbjerg-roeveri-ved-hoejlys-dag\/#article","isPartOf":{"@id":"https:\/\/acefootball.com\/da\/fodboldnyheder\/manchester-united-legende-ser-bort-fra-hoejbjerg-roeveri-ved-hoejlys-dag\/#webpage"},"author":{"@id":"https:\/\/acefootball.com\/da\/#\/schema\/person\/fd6223a1c033400b41da7853ddf88c84"},"headline":"Manchester United-legende ser bort fra H\u00f8jbjerg: &#8216;R\u00f8veri ved h\u00f8jlys dag!&#8217;","datePublished":"2021-05-17T07:47:30+00:00","dateModified":"2021-05-17T08:04:30+00:00","mainEntityOfPage":{"@id":"https:\/\/acefootball.com\/da\/fodboldnyheder\/manchester-united-legende-ser-bort-fra-hoejbjerg-roeveri-ved-hoejlys-dag\/#webpage"},"wordCount":326,"commentCount":0,"publisher":{"@id":"https:\/\/acefootball.com\/da\/#organization"},"image":{"@id":"https:\/\/acefootball.com\/da\/fodboldnyheder\/manchester-united-legende-ser-bort-fra-hoejbjerg-roeveri-ved-hoejlys-dag\/#primaryimage"},"thumbnailUrl":"https:\/\/acefootball.com\/da\/wp-content\/uploads\/sites\/2\/2020\/10\/GettyImages-1282458638.jpg","keywords":["Gary Neville","Manchester United","Pierre-Emile H\u00f8jbjerg","Tottenham"],"articleSection":["Reaktion"],"inLanguage":"en-US","potentialAction":[{"@type":"CommentAction","name":"Comment","target":["https:\/\/acefootball.com\/da\/fodboldnyheder\/manchester-united-legende-ser-bort-fra-hoejbjerg-roeveri-ved-hoejlys-dag\/#respond"]}]},{"@type":"Person","@id":"https:\/\/acefootball.com\/da\/#\/schema\/person\/fd6223a1c033400b41da7853ddf88c84","name":"Patrick Hesselb\u00e6k","image":{"@type":"ImageObject","@id":"https:\/\/acefootball.com\/da\/#personlogo","inLanguage":"en-US","url":"https:\/\/secure.gravatar.com\/avatar\/7919060992759bffbffb199d6cbdce6f?s=96&d=mm&r=g","contentUrl":"https:\/\/secure.gravatar.com\/avatar\/7919060992759bffbffb199d6cbdce6f?s=96&d=mm&r=g","caption":"Patrick Hesselb\u00e6k"},"description":"Redakt\u00f8r p\u00e5 den danske Ace Football-redaktion. Uddannet i kommunikation fra Aalborg Universitet. Prim\u00e6rt fokus p\u00e5 den danske 3F Superliga og de st\u00f8rste europ\u00e6iske turneringer.","sameAs":["https:\/\/www.linkedin.com\/in\/patrick-hesselbk-2a4b1711a\/"],"url":"https:\/\/acefootball.com\/da\/fodboldnyheder\/author\/patrickhesselbaek\/"}]}},"fimg_url":"https:\/\/acefootball.com\/da\/wp-content\/uploads\/sites\/2\/2020\/10\/GettyImages-1282458638.jpg","_links":{"self":[{"href":"https:\/\/acefootball.com\/da\/wp-json\/wp\/v2\/posts\/257957"}],"collection":[{"href":"https:\/\/acefootball.com\/da\/wp-json\/wp\/v2\/posts"}],"about":[{"href":"https:\/\/acefootball.com\/da\/wp-json\/wp\/v2\/types\/post"}],"author":[{"embeddable":true,"href":"https:\/\/acefootball.com\/da\/wp-json\/wp\/v2\/users\/74"}],"replies":[{"embeddable":true,"href":"https:\/\/acefootball.com\/da\/wp-json\/wp\/v2\/comments?post=257957"}],"version-history":[{"count":0,"href":"https:\/\/acefootball.com\/da\/wp-json\/wp\/v2\/posts\/257957\/revisions"}],"wp:featuredmedia":[{"embeddable":true,"href":"https:\/\/acefootball.com\/da\/wp-json\/wp\/v2\/media\/241565"}],"wp:attachment":[{"href":"https:\/\/acefootball.com\/da\/wp-json\/wp\/v2\/media?parent=257957"}],"wp:term":[{"taxonomy":"category","embeddable":true,"href":"https:\/\/acefootball.com\/da\/wp-json\/wp\/v2\/categories?post=257957"},{"taxonomy":"post_tag","embeddable":true,"href":"https:\/\/acefootball.com\/da\/wp-json\/wp\/v2\/tags?post=257957"}],"curies":[{"name":"wp","href":"https:\/\/api.w.org\/{rel}","templated":true}]}}