{"id":257938,"date":"2021-05-16T10:26:02","date_gmt":"2021-05-16T08:26:02","guid":{"rendered":"https:\/\/acefootball.com\/da\/?p=257938"},"modified":"2021-05-16T10:39:00","modified_gmt":"2021-05-16T08:39:00","slug":"broendby-maa-se-bort-fra-midtbaneprofil-i-dagens-derby-moede","status":"publish","type":"post","link":"https:\/\/acefootball.com\/da\/fodboldnyheder\/broendby-maa-se-bort-fra-midtbaneprofil-i-dagens-derby-moede\/","title":{"rendered":"Br\u00f8ndby m\u00e5 se bort fra midtbaneprofil i dagens derby-m\u00f8de"},"content":{"rendered":"\n<h2 id=\"h-br-ndby-if-har-netop-offentliggjort-truppen-med-de-spillere-som-kan-komme-i-kamp-n-r-de-i-dag-skal-m-de-fc-k-benhavn-i-parken\">Br\u00f8ndby IF har netop offentliggjort truppen med de spillere, som kan komme i kamp, n\u00e5r de i dag skal m\u00f8de FC K\u00f8benhavn i Parken<\/h2>\n\n\n\n<p>Br\u00f8ndby IF og FC K\u00f8benhavn brager kl. 16.00 sammen i tredjesidste spillerunde af 3F Superligaen.<\/p>\n\n\n\n<p>Her skal udeholdet med stor sandsynlighed bruge alle tre point, hvis de vil holde fat i FC Midtjylland i toppen, mens rivalerne fra FCK med garanti vil g\u00f8re, hvad de kan for sp\u00e6nde ben for de bl\u00e5gule.<\/p>\n\n\n\n<p>Til opg\u00f8ret m\u00e5 BIF-tr\u00e6ner Niels Frederiksen se bort fra deres vigtige midtbanespiller Josip Radosevic, der sidder ude med karant\u00e6ne, mens Peter Bjur og Blas Riveros stadig er skadet og derfor heller ikke tilg\u00e6ngelige.<\/p>\n\n\n\n<p><a href=\"https:\/\/brondby.com\/nyhed\/2021\/05\/16\/truppen-til-dagens-derby\" target=\"_blank\" rel=\"noreferrer noopener\"><strong>Br\u00f8ndby-truppen ser s\u00e5ledes ud:<\/strong><br><\/a><br>1 Marvin Schw\u00e4be (GK)<br>30 Mads Hermansen (GK)<br>3 Anthony Jung<br>4 Sigurd Rosted<br>5 Andreas Maxs\u00f8<br>6 Hj\u00f6rtur Hermannsson<br>7 Rezan Corlu<br>9 Andrija Pavlovic<br>11 Mikael Uhre<br>12 Michael Lumb<br>14 Kevin Mensah<br>17 Andreas Bruus<br>18 Jesper &#8216;Jobbe&#8217; Lindstr\u00f8m<br>19 Morten Frendrup<br>20 Oskar Fallenius<br>21 Lasse Vigen<br>25 Anis Slimane<br>27 Simon Hedlund<br>42 Tobias B\u00f8rkeeiet<\/p>\n","protected":false},"excerpt":{"rendered":"<p>Br\u00f8ndby IF har netop offentliggjort truppen med de spillere, som kan komme i kamp, n\u00e5r de i dag skal m\u00f8de FC K\u00f8benhavn i Parken<\/p>\n","protected":false},"author":74,"featured_media":250531,"comment_status":"open","ping_status":"closed","sticky":false,"template":"","format":"standard","meta":{"om_disable_all_campaigns":false,"push_articles_ronaldo":{"active":false,"canonical":0,"publish":false},"force_updates":null},"categories":[8062],"tags":[53,16,588],"enet_tags":{"team":["8595","8391"],"league":["46"],"sport_events":[]},"yoast_head":"<!-- This site is optimized with the Yoast SEO plugin v18.3 - https:\/\/yoast.com\/wordpress\/plugins\/seo\/ -->\n<title>Br\u00f8ndby m\u00e5 se bort fra midtbaneprofil i dagens derby-m\u00f8de<\/title>\n<meta name=\"description\" content=\"Br\u00f8ndby IF har netop offentliggjort truppen med de spillere, som kan komme i kamp, n\u00e5r de i dag skal m\u00f8de FC K\u00f8benhavn i Parken\" \/>\n<meta name=\"robots\" content=\"index, follow, max-snippet:-1, max-image-preview:large, max-video-preview:-1\" \/>\n<link rel=\"canonical\" href=\"https:\/\/acefootball.com\/da\/fodboldnyheder\/broendby-maa-se-bort-fra-midtbaneprofil-i-dagens-derby-moede\/\" \/>\n<meta property=\"og:locale\" content=\"en_US\" \/>\n<meta property=\"og:type\" content=\"article\" \/>\n<meta property=\"og:title\" content=\"Br\u00f8ndby m\u00e5 se bort fra midtbaneprofil i dagens derby-m\u00f8de\" \/>\n<meta property=\"og:description\" content=\"Br\u00f8ndby IF har netop offentliggjort truppen med de spillere, som kan komme i kamp, n\u00e5r de i dag skal m\u00f8de FC K\u00f8benhavn i Parken\" \/>\n<meta property=\"og:url\" content=\"https:\/\/acefootball.com\/da\/fodboldnyheder\/broendby-maa-se-bort-fra-midtbaneprofil-i-dagens-derby-moede\/\" \/>\n<meta property=\"og:site_name\" content=\"Ace Football Danmark\" \/>\n<meta property=\"article:publisher\" content=\"https:\/\/www.facebook.com\/acefootballdk\" \/>\n<meta property=\"article:published_time\" content=\"2021-05-16T08:26:02+00:00\" \/>\n<meta property=\"article:modified_time\" content=\"2021-05-16T08:39:00+00:00\" \/>\n<meta property=\"og:image\" content=\"https:\/\/acefootball.com\/da\/wp-content\/uploads\/sites\/2\/2021\/03\/Brondby-53.jpg\" \/>\n\t<meta property=\"og:image:width\" content=\"1920\" \/>\n\t<meta property=\"og:image:height\" content=\"1008\" \/>\n\t<meta property=\"og:image:type\" content=\"image\/jpeg\" \/>\n<meta name=\"twitter:card\" content=\"summary_large_image\" \/>\n<meta name=\"twitter:label1\" content=\"Written by\" \/>\n\t<meta name=\"twitter:data1\" content=\"Patrick Hesselb\u00e6k\" \/>\n\t<meta name=\"twitter:label2\" content=\"Est. reading time\" \/>\n\t<meta name=\"twitter:data2\" content=\"1 minute\" \/>\n<script type=\"application\/ld+json\" class=\"yoast-schema-graph\">{\"@context\":\"https:\/\/schema.org\",\"@graph\":[{\"@type\":\"Organization\",\"@id\":\"https:\/\/acefootball.com\/da\/#organization\",\"name\":\"Ace Football\",\"url\":\"https:\/\/acefootball.com\/da\/\",\"sameAs\":[\"https:\/\/www.facebook.com\/acefootballdk\"],\"logo\":{\"@type\":\"ImageObject\",\"@id\":\"https:\/\/acefootball.com\/da\/#logo\",\"inLanguage\":\"en-US\",\"url\":\"https:\/\/acefootball.com\/da\/wp-content\/uploads\/sites\/2\/2020\/07\/Ace-Football-30-07-2020-2.png\",\"contentUrl\":\"https:\/\/acefootball.com\/da\/wp-content\/uploads\/sites\/2\/2020\/07\/Ace-Football-30-07-2020-2.png\",\"width\":1200,\"height\":600,\"caption\":\"Ace Football\"},\"image\":{\"@id\":\"https:\/\/acefootball.com\/da\/#logo\"}},{\"@type\":\"WebSite\",\"@id\":\"https:\/\/acefootball.com\/da\/#website\",\"url\":\"https:\/\/acefootball.com\/da\/\",\"name\":\"Ace Football Danmark\",\"description\":\"Nyheder, Spiltips &amp; Livescore\",\"publisher\":{\"@id\":\"https:\/\/acefootball.com\/da\/#organization\"},\"potentialAction\":[{\"@type\":\"SearchAction\",\"target\":{\"@type\":\"EntryPoint\",\"urlTemplate\":\"https:\/\/acefootball.com\/da\/?s={search_term_string}\"},\"query-input\":\"required name=search_term_string\"}],\"inLanguage\":\"en-US\"},{\"@type\":\"ImageObject\",\"@id\":\"https:\/\/acefootball.com\/da\/fodboldnyheder\/broendby-maa-se-bort-fra-midtbaneprofil-i-dagens-derby-moede\/#primaryimage\",\"inLanguage\":\"en-US\",\"url\":\"https:\/\/acefootball.com\/da\/wp-content\/uploads\/sites\/2\/2021\/03\/Brondby-53.jpg\",\"contentUrl\":\"https:\/\/acefootball.com\/da\/wp-content\/uploads\/sites\/2\/2021\/03\/Brondby-53.jpg\",\"width\":1920,\"height\":1008,\"caption\":\"Niels Frederiksen\"},{\"@type\":\"WebPage\",\"@id\":\"https:\/\/acefootball.com\/da\/fodboldnyheder\/broendby-maa-se-bort-fra-midtbaneprofil-i-dagens-derby-moede\/#webpage\",\"url\":\"https:\/\/acefootball.com\/da\/fodboldnyheder\/broendby-maa-se-bort-fra-midtbaneprofil-i-dagens-derby-moede\/\",\"name\":\"Br\u00f8ndby m\u00e5 se bort fra midtbaneprofil i dagens derby-m\u00f8de\",\"isPartOf\":{\"@id\":\"https:\/\/acefootball.com\/da\/#website\"},\"primaryImageOfPage\":{\"@id\":\"https:\/\/acefootball.com\/da\/fodboldnyheder\/broendby-maa-se-bort-fra-midtbaneprofil-i-dagens-derby-moede\/#primaryimage\"},\"datePublished\":\"2021-05-16T08:26:02+00:00\",\"dateModified\":\"2021-05-16T08:39:00+00:00\",\"description\":\"Br\u00f8ndby IF har netop offentliggjort truppen med de spillere, som kan komme i kamp, n\u00e5r de i dag skal m\u00f8de FC K\u00f8benhavn i Parken\",\"breadcrumb\":{\"@id\":\"https:\/\/acefootball.com\/da\/fodboldnyheder\/broendby-maa-se-bort-fra-midtbaneprofil-i-dagens-derby-moede\/#breadcrumb\"},\"inLanguage\":\"en-US\",\"potentialAction\":[{\"@type\":\"ReadAction\",\"target\":[\"https:\/\/acefootball.com\/da\/fodboldnyheder\/broendby-maa-se-bort-fra-midtbaneprofil-i-dagens-derby-moede\/\"]}]},{\"@type\":\"BreadcrumbList\",\"@id\":\"https:\/\/acefootball.com\/da\/fodboldnyheder\/broendby-maa-se-bort-fra-midtbaneprofil-i-dagens-derby-moede\/#breadcrumb\",\"itemListElement\":[{\"@type\":\"ListItem\",\"position\":1,\"name\":\"Home\",\"item\":\"https:\/\/acefootball.com\/da\/\"},{\"@type\":\"ListItem\",\"position\":2,\"name\":\"Br\u00f8ndby m\u00e5 se bort fra midtbaneprofil i dagens derby-m\u00f8de\"}]},{\"@type\":\"Article\",\"@id\":\"https:\/\/acefootball.com\/da\/fodboldnyheder\/broendby-maa-se-bort-fra-midtbaneprofil-i-dagens-derby-moede\/#article\",\"isPartOf\":{\"@id\":\"https:\/\/acefootball.com\/da\/fodboldnyheder\/broendby-maa-se-bort-fra-midtbaneprofil-i-dagens-derby-moede\/#webpage\"},\"author\":{\"@id\":\"https:\/\/acefootball.com\/da\/#\/schema\/person\/fd6223a1c033400b41da7853ddf88c84\"},\"headline\":\"Br\u00f8ndby m\u00e5 se bort fra midtbaneprofil i dagens derby-m\u00f8de\",\"datePublished\":\"2021-05-16T08:26:02+00:00\",\"dateModified\":\"2021-05-16T08:39:00+00:00\",\"mainEntityOfPage\":{\"@id\":\"https:\/\/acefootball.com\/da\/fodboldnyheder\/broendby-maa-se-bort-fra-midtbaneprofil-i-dagens-derby-moede\/#webpage\"},\"wordCount\":183,\"commentCount\":0,\"publisher\":{\"@id\":\"https:\/\/acefootball.com\/da\/#organization\"},\"image\":{\"@id\":\"https:\/\/acefootball.com\/da\/fodboldnyheder\/broendby-maa-se-bort-fra-midtbaneprofil-i-dagens-derby-moede\/#primaryimage\"},\"thumbnailUrl\":\"https:\/\/acefootball.com\/da\/wp-content\/uploads\/sites\/2\/2021\/02\/GettyImages-1011530258.jpg\",\"keywords\":[\"Br\u00f8ndby IF\",\"FC K\u00f8benhavn\",\"Superligaen\"],\"articleSection\":[\"Kamp\"],\"inLanguage\":\"en-US\",\"potentialAction\":[{\"@type\":\"CommentAction\",\"name\":\"Comment\",\"target\":[\"https:\/\/acefootball.com\/da\/fodboldnyheder\/broendby-maa-se-bort-fra-midtbaneprofil-i-dagens-derby-moede\/#respond\"]}]},{\"@type\":\"Person\",\"@id\":\"https:\/\/acefootball.com\/da\/#\/schema\/person\/fd6223a1c033400b41da7853ddf88c84\",\"name\":\"Patrick Hesselb\u00e6k\",\"image\":{\"@type\":\"ImageObject\",\"@id\":\"https:\/\/acefootball.com\/da\/#personlogo\",\"inLanguage\":\"en-US\",\"url\":\"https:\/\/secure.gravatar.com\/avatar\/7919060992759bffbffb199d6cbdce6f?s=96&d=mm&r=g\",\"contentUrl\":\"https:\/\/secure.gravatar.com\/avatar\/7919060992759bffbffb199d6cbdce6f?s=96&d=mm&r=g\",\"caption\":\"Patrick Hesselb\u00e6k\"},\"description\":\"Redakt\u00f8r p\u00e5 den danske Ace Football-redaktion. Uddannet i kommunikation fra Aalborg Universitet. Prim\u00e6rt fokus p\u00e5 den danske 3F Superliga og de st\u00f8rste europ\u00e6iske turneringer.\",\"sameAs\":[\"https:\/\/www.linkedin.com\/in\/patrick-hesselbk-2a4b1711a\/\"],\"url\":\"https:\/\/acefootball.com\/da\/fodboldnyheder\/author\/patrickhesselbaek\/\"}]}<\/script>\n<!-- \/ Yoast SEO plugin. -->","yoast_head_json":{"title":"Br\u00f8ndby m\u00e5 se bort fra midtbaneprofil i dagens derby-m\u00f8de","description":"Br\u00f8ndby IF har netop offentliggjort truppen med de spillere, som kan komme i kamp, n\u00e5r de i dag skal m\u00f8de FC K\u00f8benhavn i Parken","robots":{"index":"index","follow":"follow","max-snippet":"max-snippet:-1","max-image-preview":"max-image-preview:large","max-video-preview":"max-video-preview:-1"},"canonical":"https:\/\/acefootball.com\/da\/fodboldnyheder\/broendby-maa-se-bort-fra-midtbaneprofil-i-dagens-derby-moede\/","og_locale":"en_US","og_type":"article","og_title":"Br\u00f8ndby m\u00e5 se bort fra midtbaneprofil i dagens derby-m\u00f8de","og_description":"Br\u00f8ndby IF har netop offentliggjort truppen med de spillere, som kan komme i kamp, n\u00e5r de i dag skal m\u00f8de FC K\u00f8benhavn i Parken","og_url":"https:\/\/acefootball.com\/da\/fodboldnyheder\/broendby-maa-se-bort-fra-midtbaneprofil-i-dagens-derby-moede\/","og_site_name":"Ace Football Danmark","article_publisher":"https:\/\/www.facebook.com\/acefootballdk","article_published_time":"2021-05-16T08:26:02+00:00","article_modified_time":"2021-05-16T08:39:00+00:00","og_image":[{"width":1920,"height":1008,"url":"https:\/\/acefootball.com\/da\/wp-content\/uploads\/sites\/2\/2021\/03\/Brondby-53.jpg","type":"image\/jpeg"}],"twitter_card":"summary_large_image","twitter_misc":{"Written by":"Patrick Hesselb\u00e6k","Est. reading time":"1 minute"},"schema":{"@context":"https:\/\/schema.org","@graph":[{"@type":"Organization","@id":"https:\/\/acefootball.com\/da\/#organization","name":"Ace Football","url":"https:\/\/acefootball.com\/da\/","sameAs":["https:\/\/www.facebook.com\/acefootballdk"],"logo":{"@type":"ImageObject","@id":"https:\/\/acefootball.com\/da\/#logo","inLanguage":"en-US","url":"https:\/\/acefootball.com\/da\/wp-content\/uploads\/sites\/2\/2020\/07\/Ace-Football-30-07-2020-2.png","contentUrl":"https:\/\/acefootball.com\/da\/wp-content\/uploads\/sites\/2\/2020\/07\/Ace-Football-30-07-2020-2.png","width":1200,"height":600,"caption":"Ace Football"},"image":{"@id":"https:\/\/acefootball.com\/da\/#logo"}},{"@type":"WebSite","@id":"https:\/\/acefootball.com\/da\/#website","url":"https:\/\/acefootball.com\/da\/","name":"Ace Football Danmark","description":"Nyheder, Spiltips &amp; Livescore","publisher":{"@id":"https:\/\/acefootball.com\/da\/#organization"},"potentialAction":[{"@type":"SearchAction","target":{"@type":"EntryPoint","urlTemplate":"https:\/\/acefootball.com\/da\/?s={search_term_string}"},"query-input":"required name=search_term_string"}],"inLanguage":"en-US"},{"@type":"ImageObject","@id":"https:\/\/acefootball.com\/da\/fodboldnyheder\/broendby-maa-se-bort-fra-midtbaneprofil-i-dagens-derby-moede\/#primaryimage","inLanguage":"en-US","url":"https:\/\/acefootball.com\/da\/wp-content\/uploads\/sites\/2\/2021\/03\/Brondby-53.jpg","contentUrl":"https:\/\/acefootball.com\/da\/wp-content\/uploads\/sites\/2\/2021\/03\/Brondby-53.jpg","width":1920,"height":1008,"caption":"Niels Frederiksen"},{"@type":"WebPage","@id":"https:\/\/acefootball.com\/da\/fodboldnyheder\/broendby-maa-se-bort-fra-midtbaneprofil-i-dagens-derby-moede\/#webpage","url":"https:\/\/acefootball.com\/da\/fodboldnyheder\/broendby-maa-se-bort-fra-midtbaneprofil-i-dagens-derby-moede\/","name":"Br\u00f8ndby m\u00e5 se bort fra midtbaneprofil i dagens derby-m\u00f8de","isPartOf":{"@id":"https:\/\/acefootball.com\/da\/#website"},"primaryImageOfPage":{"@id":"https:\/\/acefootball.com\/da\/fodboldnyheder\/broendby-maa-se-bort-fra-midtbaneprofil-i-dagens-derby-moede\/#primaryimage"},"datePublished":"2021-05-16T08:26:02+00:00","dateModified":"2021-05-16T08:39:00+00:00","description":"Br\u00f8ndby IF har netop offentliggjort truppen med de spillere, som kan komme i kamp, n\u00e5r de i dag skal m\u00f8de FC K\u00f8benhavn i Parken","breadcrumb":{"@id":"https:\/\/acefootball.com\/da\/fodboldnyheder\/broendby-maa-se-bort-fra-midtbaneprofil-i-dagens-derby-moede\/#breadcrumb"},"inLanguage":"en-US","potentialAction":[{"@type":"ReadAction","target":["https:\/\/acefootball.com\/da\/fodboldnyheder\/broendby-maa-se-bort-fra-midtbaneprofil-i-dagens-derby-moede\/"]}]},{"@type":"BreadcrumbList","@id":"https:\/\/acefootball.com\/da\/fodboldnyheder\/broendby-maa-se-bort-fra-midtbaneprofil-i-dagens-derby-moede\/#breadcrumb","itemListElement":[{"@type":"ListItem","position":1,"name":"Home","item":"https:\/\/acefootball.com\/da\/"},{"@type":"ListItem","position":2,"name":"Br\u00f8ndby m\u00e5 se bort fra midtbaneprofil i dagens derby-m\u00f8de"}]},{"@type":"Article","@id":"https:\/\/acefootball.com\/da\/fodboldnyheder\/broendby-maa-se-bort-fra-midtbaneprofil-i-dagens-derby-moede\/#article","isPartOf":{"@id":"https:\/\/acefootball.com\/da\/fodboldnyheder\/broendby-maa-se-bort-fra-midtbaneprofil-i-dagens-derby-moede\/#webpage"},"author":{"@id":"https:\/\/acefootball.com\/da\/#\/schema\/person\/fd6223a1c033400b41da7853ddf88c84"},"headline":"Br\u00f8ndby m\u00e5 se bort fra midtbaneprofil i dagens derby-m\u00f8de","datePublished":"2021-05-16T08:26:02+00:00","dateModified":"2021-05-16T08:39:00+00:00","mainEntityOfPage":{"@id":"https:\/\/acefootball.com\/da\/fodboldnyheder\/broendby-maa-se-bort-fra-midtbaneprofil-i-dagens-derby-moede\/#webpage"},"wordCount":183,"commentCount":0,"publisher":{"@id":"https:\/\/acefootball.com\/da\/#organization"},"image":{"@id":"https:\/\/acefootball.com\/da\/fodboldnyheder\/broendby-maa-se-bort-fra-midtbaneprofil-i-dagens-derby-moede\/#primaryimage"},"thumbnailUrl":"https:\/\/acefootball.com\/da\/wp-content\/uploads\/sites\/2\/2021\/02\/GettyImages-1011530258.jpg","keywords":["Br\u00f8ndby IF","FC K\u00f8benhavn","Superligaen"],"articleSection":["Kamp"],"inLanguage":"en-US","potentialAction":[{"@type":"CommentAction","name":"Comment","target":["https:\/\/acefootball.com\/da\/fodboldnyheder\/broendby-maa-se-bort-fra-midtbaneprofil-i-dagens-derby-moede\/#respond"]}]},{"@type":"Person","@id":"https:\/\/acefootball.com\/da\/#\/schema\/person\/fd6223a1c033400b41da7853ddf88c84","name":"Patrick Hesselb\u00e6k","image":{"@type":"ImageObject","@id":"https:\/\/acefootball.com\/da\/#personlogo","inLanguage":"en-US","url":"https:\/\/secure.gravatar.com\/avatar\/7919060992759bffbffb199d6cbdce6f?s=96&d=mm&r=g","contentUrl":"https:\/\/secure.gravatar.com\/avatar\/7919060992759bffbffb199d6cbdce6f?s=96&d=mm&r=g","caption":"Patrick Hesselb\u00e6k"},"description":"Redakt\u00f8r p\u00e5 den danske Ace Football-redaktion. Uddannet i kommunikation fra Aalborg Universitet. Prim\u00e6rt fokus p\u00e5 den danske 3F Superliga og de st\u00f8rste europ\u00e6iske turneringer.","sameAs":["https:\/\/www.linkedin.com\/in\/patrick-hesselbk-2a4b1711a\/"],"url":"https:\/\/acefootball.com\/da\/fodboldnyheder\/author\/patrickhesselbaek\/"}]}},"fimg_url":"https:\/\/acefootball.com\/da\/wp-content\/uploads\/sites\/2\/2021\/02\/GettyImages-1011530258.jpg","_links":{"self":[{"href":"https:\/\/acefootball.com\/da\/wp-json\/wp\/v2\/posts\/257938"}],"collection":[{"href":"https:\/\/acefootball.com\/da\/wp-json\/wp\/v2\/posts"}],"about":[{"href":"https:\/\/acefootball.com\/da\/wp-json\/wp\/v2\/types\/post"}],"author":[{"embeddable":true,"href":"https:\/\/acefootball.com\/da\/wp-json\/wp\/v2\/users\/74"}],"replies":[{"embeddable":true,"href":"https:\/\/acefootball.com\/da\/wp-json\/wp\/v2\/comments?post=257938"}],"version-history":[{"count":0,"href":"https:\/\/acefootball.com\/da\/wp-json\/wp\/v2\/posts\/257938\/revisions"}],"wp:featuredmedia":[{"embeddable":true,"href":"https:\/\/acefootball.com\/da\/wp-json\/wp\/v2\/media\/250531"}],"wp:attachment":[{"href":"https:\/\/acefootball.com\/da\/wp-json\/wp\/v2\/media?parent=257938"}],"wp:term":[{"taxonomy":"category","embeddable":true,"href":"https:\/\/acefootball.com\/da\/wp-json\/wp\/v2\/categories?post=257938"},{"taxonomy":"post_tag","embeddable":true,"href":"https:\/\/acefootball.com\/da\/wp-json\/wp\/v2\/tags?post=257938"}],"curies":[{"name":"wp","href":"https:\/\/api.w.org\/{rel}","templated":true}]}}