{"id":257739,"date":"2021-05-08T12:32:28","date_gmt":"2021-05-08T10:32:28","guid":{"rendered":"https:\/\/acefootball.com\/da\/?p=257739"},"modified":"2021-05-08T12:33:05","modified_gmt":"2021-05-08T10:33:05","slug":"real-fans-raser-efter-ny-skade-til-stjerne-nu-maa-det-vaere-nok","status":"publish","type":"post","link":"https:\/\/acefootball.com\/da\/fodboldnyheder\/real-fans-raser-efter-ny-skade-til-stjerne-nu-maa-det-vaere-nok\/","title":{"rendered":"Real-fans raser efter ny skade til stjerne: &#8216;Nu m\u00e5 det v\u00e6re nok!&#8217;"},"content":{"rendered":"\n<h2 id=\"h-real-madrid-har-netop-meldt-anf-rer-sergio-ramos-skadet-hvorfor-han-misser-morgendagens-vigtige-kamp-mod-sevilla\">Real Madrid har netop meldt anf\u00f8rer Sergio Ramos skadet, hvorfor han misser morgendagens vigtige kamp mod Sevilla<\/h2>\n\n\n\n<p>Real Madrid spiller i morgen den nok vigtigste kamp, de har tilbage i s\u00e6sonen, n\u00e5r de p\u00e5 hjemmebane m\u00f8der r\u00e6kkens nummer fire Sevilla i en kamp, som efter alt at d\u00f8mme skal vindes, hvis de vil genvinde det spanske mesterskab.<\/p>\n\n\n\n<p>Nu har klubben dog d\u00e5rligt nyt til kampen og kan afsl\u00f8re, at anf\u00f8rer Sergio Ramos ikke er udtaget til truppen, da han har p\u00e5draget sig en ny skade i l\u00e6ggen.<\/p>\n\n\n\n<figure class=\"wp-block-embed is-type-rich is-provider-twitter wp-block-embed-twitter\"><div class=\"wp-block-embed__wrapper\">\n<blockquote class=\"twitter-tweet\" data-width=\"550\" data-dnt=\"true\"><p lang=\"pt\" dir=\"ltr\">Parte m\u00e9dico de Sergio Ramos.<a href=\"https:\/\/twitter.com\/hashtag\/RealMadrid?src=hash&amp;ref_src=twsrc%5Etfw\">#RealMadrid<\/a><\/p>&mdash; Real Madrid C.F. (@realmadrid) <a href=\"https:\/\/twitter.com\/realmadrid\/status\/1390965809812496385?ref_src=twsrc%5Etfw\">May 8, 2021<\/a><\/blockquote><script async src=\"https:\/\/platform.twitter.com\/widgets.js\" charset=\"utf-8\"><\/script>\n<\/div><\/figure>\n\n\n\n<p>Ramos&#8217; skade er dog langt fra et enkeltst\u00e5ende tilf\u00e6lde hos Los Blancos i denne s\u00e6son, hvor en r\u00e6kke n\u00f8glespillere har manglet i l\u00e6ngere perioder.<\/p>\n\n\n\n<p>Dette har nu f\u00e5et flere fans til at opfordre klubben til at se indad og overveje at udskifte l\u00e6gestaben. Du kan l\u00e6se, hvad der skrives p\u00e5 Reddit efter Ramos&#8217; nye skade herunder.<\/p>\n\n\n\n<figure class=\"wp-block-image size-large is-resized\"><img loading=\"lazy\" src=\"https:\/\/acefootball.com\/da\/wp-content\/uploads\/sites\/2\/2021\/05\/Skaermbillede-2021-05-08-kl.-12.16.17-1024x716.png\" alt=\"\" class=\"wp-image-257746\" width=\"472\" height=\"329\" srcset=\"https:\/\/acefootball.com\/da\/wp-content\/uploads\/sites\/2\/2021\/05\/Skaermbillede-2021-05-08-kl.-12.16.17-1024x716.png 1024w, https:\/\/acefootball.com\/da\/wp-content\/uploads\/sites\/2\/2021\/05\/Skaermbillede-2021-05-08-kl.-12.16.17-300x210.png 300w, https:\/\/acefootball.com\/da\/wp-content\/uploads\/sites\/2\/2021\/05\/Skaermbillede-2021-05-08-kl.-12.16.17-768x537.png 768w, https:\/\/acefootball.com\/da\/wp-content\/uploads\/sites\/2\/2021\/05\/Skaermbillede-2021-05-08-kl.-12.16.17-100x70.png 100w, https:\/\/acefootball.com\/da\/wp-content\/uploads\/sites\/2\/2021\/05\/Skaermbillede-2021-05-08-kl.-12.16.17.png 1052w\" sizes=\"(max-width: 472px) 100vw, 472px\" \/><\/figure>\n\n\n\n<figure class=\"wp-block-image size-large\"><img loading=\"lazy\" width=\"1024\" height=\"379\" src=\"https:\/\/acefootball.com\/da\/wp-content\/uploads\/sites\/2\/2021\/05\/Skaermbillede-2021-05-08-kl.-12.29.13-1024x379.png\" alt=\"\" class=\"wp-image-257748\" srcset=\"https:\/\/acefootball.com\/da\/wp-content\/uploads\/sites\/2\/2021\/05\/Skaermbillede-2021-05-08-kl.-12.29.13-1024x379.png 1024w, https:\/\/acefootball.com\/da\/wp-content\/uploads\/sites\/2\/2021\/05\/Skaermbillede-2021-05-08-kl.-12.29.13-300x111.png 300w, https:\/\/acefootball.com\/da\/wp-content\/uploads\/sites\/2\/2021\/05\/Skaermbillede-2021-05-08-kl.-12.29.13-768x284.png 768w, https:\/\/acefootball.com\/da\/wp-content\/uploads\/sites\/2\/2021\/05\/Skaermbillede-2021-05-08-kl.-12.29.13.png 1432w\" sizes=\"(max-width: 1024px) 100vw, 1024px\" \/><\/figure>\n\n\n\n<figure class=\"wp-block-image size-large\"><img loading=\"lazy\" width=\"1024\" height=\"480\" src=\"https:\/\/acefootball.com\/da\/wp-content\/uploads\/sites\/2\/2021\/05\/Skaermbillede-2021-05-08-kl.-12.30.25-1024x480.png\" alt=\"\" class=\"wp-image-257749\" srcset=\"https:\/\/acefootball.com\/da\/wp-content\/uploads\/sites\/2\/2021\/05\/Skaermbillede-2021-05-08-kl.-12.30.25-1024x480.png 1024w, https:\/\/acefootball.com\/da\/wp-content\/uploads\/sites\/2\/2021\/05\/Skaermbillede-2021-05-08-kl.-12.30.25-300x141.png 300w, https:\/\/acefootball.com\/da\/wp-content\/uploads\/sites\/2\/2021\/05\/Skaermbillede-2021-05-08-kl.-12.30.25-768x360.png 768w, https:\/\/acefootball.com\/da\/wp-content\/uploads\/sites\/2\/2021\/05\/Skaermbillede-2021-05-08-kl.-12.30.25.png 1396w\" sizes=\"(max-width: 1024px) 100vw, 1024px\" \/><\/figure>\n\n\n\n<p>Tidligere har der v\u00e6ret stillet sp\u00f8rgsm\u00e5lstegn ved Real Madrid-spillernes styrketr\u00e6ning, da en video fra deres fitnesscenter med nogle bizarre tr\u00e6nings\u00f8velser gik viralt. Denne kan du se i artiklen herunder.<\/p>\n\n\n\n<figure class=\"wp-block-embed is-type-wp-embed is-provider-ace-football-danmark wp-block-embed-ace-football-danmark\"><div class=\"wp-block-embed__wrapper\">\n<blockquote class=\"wp-embedded-content\" data-secret=\"aOlZZ0QoSL\"><a href=\"https:\/\/acefootball.com\/da\/fodboldnyheder\/twitter-raser-over-bizar-video-fra-real-madrids-traeningslokale-derfor-er-de-skadet\/\">Twitter raser over bizar video fra Real Madrids tr\u00e6ningslokale: Derfor er de skadet!<\/a><\/blockquote><iframe class=\"wp-embedded-content\" sandbox=\"allow-scripts\" security=\"restricted\" style=\"position: absolute; clip: rect(1px, 1px, 1px, 1px);\" title=\"&#8220;Twitter raser over bizar video fra Real Madrids tr\u00e6ningslokale: Derfor er de skadet!&#8221; &#8212; Ace Football Danmark\" src=\"https:\/\/acefootball.com\/da\/fodboldnyheder\/twitter-raser-over-bizar-video-fra-real-madrids-traeningslokale-derfor-er-de-skadet\/embed\/#?secret=aOlZZ0QoSL\" data-secret=\"aOlZZ0QoSL\" width=\"600\" height=\"338\" frameborder=\"0\" marginwidth=\"0\" marginheight=\"0\" scrolling=\"no\"><\/iframe>\n<\/div><\/figure>\n","protected":false},"excerpt":{"rendered":"<p>Real Madrid har netop meldt anf\u00f8rer Sergio Ramos skadet, hvorfor han misser morgendagens vigtige kamp mod Sevilla<\/p>\n","protected":false},"author":74,"featured_media":242591,"comment_status":"open","ping_status":"closed","sticky":false,"template":"","format":"standard","meta":{"om_disable_all_campaigns":false,"push_articles_ronaldo":{"active":false,"canonical":0,"publish":false},"force_updates":null},"categories":[8060],"tags":[303,85,655,77],"enet_tags":{"league":["87"],"team":["8633","8302"],"player":["30962"],"sport_events":[]},"yoast_head":"<!-- This site is optimized with the Yoast SEO plugin v18.3 - https:\/\/yoast.com\/wordpress\/plugins\/seo\/ -->\n<title>Real-fans raser efter ny skade til stjerne: &#039;Nu m\u00e5 det v\u00e6re nok!&#039;<\/title>\n<meta name=\"description\" content=\"Real Madrid har netop meldt anf\u00f8rer Sergio Ramos skadet, hvorfor han misser morgendagens vigtige kamp mod Sevilla\" \/>\n<meta name=\"robots\" content=\"index, follow, max-snippet:-1, max-image-preview:large, max-video-preview:-1\" \/>\n<link rel=\"canonical\" href=\"https:\/\/acefootball.com\/da\/fodboldnyheder\/real-fans-raser-efter-ny-skade-til-stjerne-nu-maa-det-vaere-nok\/\" \/>\n<meta property=\"og:locale\" content=\"en_US\" \/>\n<meta property=\"og:type\" content=\"article\" \/>\n<meta property=\"og:title\" content=\"Real-fans raser efter ny skade til stjerne: &#039;Nu m\u00e5 det v\u00e6re nok!&#039;\" \/>\n<meta property=\"og:description\" content=\"Real Madrid har netop meldt anf\u00f8rer Sergio Ramos skadet, hvorfor han misser morgendagens vigtige kamp mod Sevilla\" \/>\n<meta property=\"og:url\" content=\"https:\/\/acefootball.com\/da\/fodboldnyheder\/real-fans-raser-efter-ny-skade-til-stjerne-nu-maa-det-vaere-nok\/\" \/>\n<meta property=\"og:site_name\" content=\"Ace Football Danmark\" \/>\n<meta property=\"article:publisher\" content=\"https:\/\/www.facebook.com\/acefootballdk\" \/>\n<meta property=\"article:published_time\" content=\"2021-05-08T10:32:28+00:00\" \/>\n<meta property=\"article:modified_time\" content=\"2021-05-08T10:33:05+00:00\" \/>\n<meta property=\"og:image\" content=\"https:\/\/acefootball.com\/da\/wp-content\/uploads\/sites\/2\/2021\/04\/Laes-mere-generel-73.jpg\" \/>\n\t<meta property=\"og:image:width\" content=\"1920\" \/>\n\t<meta property=\"og:image:height\" content=\"1008\" \/>\n\t<meta property=\"og:image:type\" content=\"image\/jpeg\" \/>\n<meta name=\"twitter:card\" content=\"summary_large_image\" \/>\n<meta name=\"twitter:label1\" content=\"Written by\" \/>\n\t<meta name=\"twitter:data1\" content=\"Patrick Hesselb\u00e6k\" \/>\n\t<meta name=\"twitter:label2\" content=\"Est. reading time\" \/>\n\t<meta name=\"twitter:data2\" content=\"2 minutes\" \/>\n<script type=\"application\/ld+json\" class=\"yoast-schema-graph\">{\"@context\":\"https:\/\/schema.org\",\"@graph\":[{\"@type\":\"Organization\",\"@id\":\"https:\/\/acefootball.com\/da\/#organization\",\"name\":\"Ace Football\",\"url\":\"https:\/\/acefootball.com\/da\/\",\"sameAs\":[\"https:\/\/www.facebook.com\/acefootballdk\"],\"logo\":{\"@type\":\"ImageObject\",\"@id\":\"https:\/\/acefootball.com\/da\/#logo\",\"inLanguage\":\"en-US\",\"url\":\"https:\/\/acefootball.com\/da\/wp-content\/uploads\/sites\/2\/2020\/07\/Ace-Football-30-07-2020-2.png\",\"contentUrl\":\"https:\/\/acefootball.com\/da\/wp-content\/uploads\/sites\/2\/2020\/07\/Ace-Football-30-07-2020-2.png\",\"width\":1200,\"height\":600,\"caption\":\"Ace Football\"},\"image\":{\"@id\":\"https:\/\/acefootball.com\/da\/#logo\"}},{\"@type\":\"WebSite\",\"@id\":\"https:\/\/acefootball.com\/da\/#website\",\"url\":\"https:\/\/acefootball.com\/da\/\",\"name\":\"Ace Football Danmark\",\"description\":\"Nyheder, Spiltips &amp; Livescore\",\"publisher\":{\"@id\":\"https:\/\/acefootball.com\/da\/#organization\"},\"potentialAction\":[{\"@type\":\"SearchAction\",\"target\":{\"@type\":\"EntryPoint\",\"urlTemplate\":\"https:\/\/acefootball.com\/da\/?s={search_term_string}\"},\"query-input\":\"required name=search_term_string\"}],\"inLanguage\":\"en-US\"},{\"@type\":\"ImageObject\",\"@id\":\"https:\/\/acefootball.com\/da\/fodboldnyheder\/real-fans-raser-efter-ny-skade-til-stjerne-nu-maa-det-vaere-nok\/#primaryimage\",\"inLanguage\":\"en-US\",\"url\":\"https:\/\/acefootball.com\/da\/wp-content\/uploads\/sites\/2\/2021\/04\/Laes-mere-generel-73.jpg\",\"contentUrl\":\"https:\/\/acefootball.com\/da\/wp-content\/uploads\/sites\/2\/2021\/04\/Laes-mere-generel-73.jpg\",\"width\":1920,\"height\":1008},{\"@type\":\"WebPage\",\"@id\":\"https:\/\/acefootball.com\/da\/fodboldnyheder\/real-fans-raser-efter-ny-skade-til-stjerne-nu-maa-det-vaere-nok\/#webpage\",\"url\":\"https:\/\/acefootball.com\/da\/fodboldnyheder\/real-fans-raser-efter-ny-skade-til-stjerne-nu-maa-det-vaere-nok\/\",\"name\":\"Real-fans raser efter ny skade til stjerne: 'Nu m\u00e5 det v\u00e6re nok!'\",\"isPartOf\":{\"@id\":\"https:\/\/acefootball.com\/da\/#website\"},\"primaryImageOfPage\":{\"@id\":\"https:\/\/acefootball.com\/da\/fodboldnyheder\/real-fans-raser-efter-ny-skade-til-stjerne-nu-maa-det-vaere-nok\/#primaryimage\"},\"datePublished\":\"2021-05-08T10:32:28+00:00\",\"dateModified\":\"2021-05-08T10:33:05+00:00\",\"description\":\"Real Madrid har netop meldt anf\u00f8rer Sergio Ramos skadet, hvorfor han misser morgendagens vigtige kamp mod Sevilla\",\"breadcrumb\":{\"@id\":\"https:\/\/acefootball.com\/da\/fodboldnyheder\/real-fans-raser-efter-ny-skade-til-stjerne-nu-maa-det-vaere-nok\/#breadcrumb\"},\"inLanguage\":\"en-US\",\"potentialAction\":[{\"@type\":\"ReadAction\",\"target\":[\"https:\/\/acefootball.com\/da\/fodboldnyheder\/real-fans-raser-efter-ny-skade-til-stjerne-nu-maa-det-vaere-nok\/\"]}]},{\"@type\":\"BreadcrumbList\",\"@id\":\"https:\/\/acefootball.com\/da\/fodboldnyheder\/real-fans-raser-efter-ny-skade-til-stjerne-nu-maa-det-vaere-nok\/#breadcrumb\",\"itemListElement\":[{\"@type\":\"ListItem\",\"position\":1,\"name\":\"Home\",\"item\":\"https:\/\/acefootball.com\/da\/\"},{\"@type\":\"ListItem\",\"position\":2,\"name\":\"Real-fans raser efter ny skade til stjerne: &#8216;Nu m\u00e5 det v\u00e6re nok!&#8217;\"}]},{\"@type\":\"Article\",\"@id\":\"https:\/\/acefootball.com\/da\/fodboldnyheder\/real-fans-raser-efter-ny-skade-til-stjerne-nu-maa-det-vaere-nok\/#article\",\"isPartOf\":{\"@id\":\"https:\/\/acefootball.com\/da\/fodboldnyheder\/real-fans-raser-efter-ny-skade-til-stjerne-nu-maa-det-vaere-nok\/#webpage\"},\"author\":{\"@id\":\"https:\/\/acefootball.com\/da\/#\/schema\/person\/fd6223a1c033400b41da7853ddf88c84\"},\"headline\":\"Real-fans raser efter ny skade til stjerne: &#8216;Nu m\u00e5 det v\u00e6re nok!&#8217;\",\"datePublished\":\"2021-05-08T10:32:28+00:00\",\"dateModified\":\"2021-05-08T10:33:05+00:00\",\"mainEntityOfPage\":{\"@id\":\"https:\/\/acefootball.com\/da\/fodboldnyheder\/real-fans-raser-efter-ny-skade-til-stjerne-nu-maa-det-vaere-nok\/#webpage\"},\"wordCount\":224,\"commentCount\":0,\"publisher\":{\"@id\":\"https:\/\/acefootball.com\/da\/#organization\"},\"image\":{\"@id\":\"https:\/\/acefootball.com\/da\/fodboldnyheder\/real-fans-raser-efter-ny-skade-til-stjerne-nu-maa-det-vaere-nok\/#primaryimage\"},\"thumbnailUrl\":\"https:\/\/acefootball.com\/da\/wp-content\/uploads\/sites\/2\/2020\/11\/GettyImages-1283838120.jpg\",\"keywords\":[\"La Liga\",\"Real Madrid\",\"Sergio Ramos\",\"Sevilla\"],\"articleSection\":[\"Reaktion\"],\"inLanguage\":\"en-US\",\"potentialAction\":[{\"@type\":\"CommentAction\",\"name\":\"Comment\",\"target\":[\"https:\/\/acefootball.com\/da\/fodboldnyheder\/real-fans-raser-efter-ny-skade-til-stjerne-nu-maa-det-vaere-nok\/#respond\"]}]},{\"@type\":\"Person\",\"@id\":\"https:\/\/acefootball.com\/da\/#\/schema\/person\/fd6223a1c033400b41da7853ddf88c84\",\"name\":\"Patrick Hesselb\u00e6k\",\"image\":{\"@type\":\"ImageObject\",\"@id\":\"https:\/\/acefootball.com\/da\/#personlogo\",\"inLanguage\":\"en-US\",\"url\":\"https:\/\/secure.gravatar.com\/avatar\/7919060992759bffbffb199d6cbdce6f?s=96&d=mm&r=g\",\"contentUrl\":\"https:\/\/secure.gravatar.com\/avatar\/7919060992759bffbffb199d6cbdce6f?s=96&d=mm&r=g\",\"caption\":\"Patrick Hesselb\u00e6k\"},\"description\":\"Redakt\u00f8r p\u00e5 den danske Ace Football-redaktion. Uddannet i kommunikation fra Aalborg Universitet. Prim\u00e6rt fokus p\u00e5 den danske 3F Superliga og de st\u00f8rste europ\u00e6iske turneringer.\",\"sameAs\":[\"https:\/\/www.linkedin.com\/in\/patrick-hesselbk-2a4b1711a\/\"],\"url\":\"https:\/\/acefootball.com\/da\/fodboldnyheder\/author\/patrickhesselbaek\/\"}]}<\/script>\n<!-- \/ Yoast SEO plugin. -->","yoast_head_json":{"title":"Real-fans raser efter ny skade til stjerne: 'Nu m\u00e5 det v\u00e6re nok!'","description":"Real Madrid har netop meldt anf\u00f8rer Sergio Ramos skadet, hvorfor han misser morgendagens vigtige kamp mod Sevilla","robots":{"index":"index","follow":"follow","max-snippet":"max-snippet:-1","max-image-preview":"max-image-preview:large","max-video-preview":"max-video-preview:-1"},"canonical":"https:\/\/acefootball.com\/da\/fodboldnyheder\/real-fans-raser-efter-ny-skade-til-stjerne-nu-maa-det-vaere-nok\/","og_locale":"en_US","og_type":"article","og_title":"Real-fans raser efter ny skade til stjerne: 'Nu m\u00e5 det v\u00e6re nok!'","og_description":"Real Madrid har netop meldt anf\u00f8rer Sergio Ramos skadet, hvorfor han misser morgendagens vigtige kamp mod Sevilla","og_url":"https:\/\/acefootball.com\/da\/fodboldnyheder\/real-fans-raser-efter-ny-skade-til-stjerne-nu-maa-det-vaere-nok\/","og_site_name":"Ace Football Danmark","article_publisher":"https:\/\/www.facebook.com\/acefootballdk","article_published_time":"2021-05-08T10:32:28+00:00","article_modified_time":"2021-05-08T10:33:05+00:00","og_image":[{"width":1920,"height":1008,"url":"https:\/\/acefootball.com\/da\/wp-content\/uploads\/sites\/2\/2021\/04\/Laes-mere-generel-73.jpg","type":"image\/jpeg"}],"twitter_card":"summary_large_image","twitter_misc":{"Written by":"Patrick Hesselb\u00e6k","Est. reading time":"2 minutes"},"schema":{"@context":"https:\/\/schema.org","@graph":[{"@type":"Organization","@id":"https:\/\/acefootball.com\/da\/#organization","name":"Ace Football","url":"https:\/\/acefootball.com\/da\/","sameAs":["https:\/\/www.facebook.com\/acefootballdk"],"logo":{"@type":"ImageObject","@id":"https:\/\/acefootball.com\/da\/#logo","inLanguage":"en-US","url":"https:\/\/acefootball.com\/da\/wp-content\/uploads\/sites\/2\/2020\/07\/Ace-Football-30-07-2020-2.png","contentUrl":"https:\/\/acefootball.com\/da\/wp-content\/uploads\/sites\/2\/2020\/07\/Ace-Football-30-07-2020-2.png","width":1200,"height":600,"caption":"Ace Football"},"image":{"@id":"https:\/\/acefootball.com\/da\/#logo"}},{"@type":"WebSite","@id":"https:\/\/acefootball.com\/da\/#website","url":"https:\/\/acefootball.com\/da\/","name":"Ace Football Danmark","description":"Nyheder, Spiltips &amp; Livescore","publisher":{"@id":"https:\/\/acefootball.com\/da\/#organization"},"potentialAction":[{"@type":"SearchAction","target":{"@type":"EntryPoint","urlTemplate":"https:\/\/acefootball.com\/da\/?s={search_term_string}"},"query-input":"required name=search_term_string"}],"inLanguage":"en-US"},{"@type":"ImageObject","@id":"https:\/\/acefootball.com\/da\/fodboldnyheder\/real-fans-raser-efter-ny-skade-til-stjerne-nu-maa-det-vaere-nok\/#primaryimage","inLanguage":"en-US","url":"https:\/\/acefootball.com\/da\/wp-content\/uploads\/sites\/2\/2021\/04\/Laes-mere-generel-73.jpg","contentUrl":"https:\/\/acefootball.com\/da\/wp-content\/uploads\/sites\/2\/2021\/04\/Laes-mere-generel-73.jpg","width":1920,"height":1008},{"@type":"WebPage","@id":"https:\/\/acefootball.com\/da\/fodboldnyheder\/real-fans-raser-efter-ny-skade-til-stjerne-nu-maa-det-vaere-nok\/#webpage","url":"https:\/\/acefootball.com\/da\/fodboldnyheder\/real-fans-raser-efter-ny-skade-til-stjerne-nu-maa-det-vaere-nok\/","name":"Real-fans raser efter ny skade til stjerne: 'Nu m\u00e5 det v\u00e6re nok!'","isPartOf":{"@id":"https:\/\/acefootball.com\/da\/#website"},"primaryImageOfPage":{"@id":"https:\/\/acefootball.com\/da\/fodboldnyheder\/real-fans-raser-efter-ny-skade-til-stjerne-nu-maa-det-vaere-nok\/#primaryimage"},"datePublished":"2021-05-08T10:32:28+00:00","dateModified":"2021-05-08T10:33:05+00:00","description":"Real Madrid har netop meldt anf\u00f8rer Sergio Ramos skadet, hvorfor han misser morgendagens vigtige kamp mod Sevilla","breadcrumb":{"@id":"https:\/\/acefootball.com\/da\/fodboldnyheder\/real-fans-raser-efter-ny-skade-til-stjerne-nu-maa-det-vaere-nok\/#breadcrumb"},"inLanguage":"en-US","potentialAction":[{"@type":"ReadAction","target":["https:\/\/acefootball.com\/da\/fodboldnyheder\/real-fans-raser-efter-ny-skade-til-stjerne-nu-maa-det-vaere-nok\/"]}]},{"@type":"BreadcrumbList","@id":"https:\/\/acefootball.com\/da\/fodboldnyheder\/real-fans-raser-efter-ny-skade-til-stjerne-nu-maa-det-vaere-nok\/#breadcrumb","itemListElement":[{"@type":"ListItem","position":1,"name":"Home","item":"https:\/\/acefootball.com\/da\/"},{"@type":"ListItem","position":2,"name":"Real-fans raser efter ny skade til stjerne: &#8216;Nu m\u00e5 det v\u00e6re nok!&#8217;"}]},{"@type":"Article","@id":"https:\/\/acefootball.com\/da\/fodboldnyheder\/real-fans-raser-efter-ny-skade-til-stjerne-nu-maa-det-vaere-nok\/#article","isPartOf":{"@id":"https:\/\/acefootball.com\/da\/fodboldnyheder\/real-fans-raser-efter-ny-skade-til-stjerne-nu-maa-det-vaere-nok\/#webpage"},"author":{"@id":"https:\/\/acefootball.com\/da\/#\/schema\/person\/fd6223a1c033400b41da7853ddf88c84"},"headline":"Real-fans raser efter ny skade til stjerne: &#8216;Nu m\u00e5 det v\u00e6re nok!&#8217;","datePublished":"2021-05-08T10:32:28+00:00","dateModified":"2021-05-08T10:33:05+00:00","mainEntityOfPage":{"@id":"https:\/\/acefootball.com\/da\/fodboldnyheder\/real-fans-raser-efter-ny-skade-til-stjerne-nu-maa-det-vaere-nok\/#webpage"},"wordCount":224,"commentCount":0,"publisher":{"@id":"https:\/\/acefootball.com\/da\/#organization"},"image":{"@id":"https:\/\/acefootball.com\/da\/fodboldnyheder\/real-fans-raser-efter-ny-skade-til-stjerne-nu-maa-det-vaere-nok\/#primaryimage"},"thumbnailUrl":"https:\/\/acefootball.com\/da\/wp-content\/uploads\/sites\/2\/2020\/11\/GettyImages-1283838120.jpg","keywords":["La Liga","Real Madrid","Sergio Ramos","Sevilla"],"articleSection":["Reaktion"],"inLanguage":"en-US","potentialAction":[{"@type":"CommentAction","name":"Comment","target":["https:\/\/acefootball.com\/da\/fodboldnyheder\/real-fans-raser-efter-ny-skade-til-stjerne-nu-maa-det-vaere-nok\/#respond"]}]},{"@type":"Person","@id":"https:\/\/acefootball.com\/da\/#\/schema\/person\/fd6223a1c033400b41da7853ddf88c84","name":"Patrick Hesselb\u00e6k","image":{"@type":"ImageObject","@id":"https:\/\/acefootball.com\/da\/#personlogo","inLanguage":"en-US","url":"https:\/\/secure.gravatar.com\/avatar\/7919060992759bffbffb199d6cbdce6f?s=96&d=mm&r=g","contentUrl":"https:\/\/secure.gravatar.com\/avatar\/7919060992759bffbffb199d6cbdce6f?s=96&d=mm&r=g","caption":"Patrick Hesselb\u00e6k"},"description":"Redakt\u00f8r p\u00e5 den danske Ace Football-redaktion. Uddannet i kommunikation fra Aalborg Universitet. Prim\u00e6rt fokus p\u00e5 den danske 3F Superliga og de st\u00f8rste europ\u00e6iske turneringer.","sameAs":["https:\/\/www.linkedin.com\/in\/patrick-hesselbk-2a4b1711a\/"],"url":"https:\/\/acefootball.com\/da\/fodboldnyheder\/author\/patrickhesselbaek\/"}]}},"fimg_url":"https:\/\/acefootball.com\/da\/wp-content\/uploads\/sites\/2\/2020\/11\/GettyImages-1283838120.jpg","_links":{"self":[{"href":"https:\/\/acefootball.com\/da\/wp-json\/wp\/v2\/posts\/257739"}],"collection":[{"href":"https:\/\/acefootball.com\/da\/wp-json\/wp\/v2\/posts"}],"about":[{"href":"https:\/\/acefootball.com\/da\/wp-json\/wp\/v2\/types\/post"}],"author":[{"embeddable":true,"href":"https:\/\/acefootball.com\/da\/wp-json\/wp\/v2\/users\/74"}],"replies":[{"embeddable":true,"href":"https:\/\/acefootball.com\/da\/wp-json\/wp\/v2\/comments?post=257739"}],"version-history":[{"count":0,"href":"https:\/\/acefootball.com\/da\/wp-json\/wp\/v2\/posts\/257739\/revisions"}],"wp:featuredmedia":[{"embeddable":true,"href":"https:\/\/acefootball.com\/da\/wp-json\/wp\/v2\/media\/242591"}],"wp:attachment":[{"href":"https:\/\/acefootball.com\/da\/wp-json\/wp\/v2\/media?parent=257739"}],"wp:term":[{"taxonomy":"category","embeddable":true,"href":"https:\/\/acefootball.com\/da\/wp-json\/wp\/v2\/categories?post=257739"},{"taxonomy":"post_tag","embeddable":true,"href":"https:\/\/acefootball.com\/da\/wp-json\/wp\/v2\/tags?post=257739"}],"curies":[{"name":"wp","href":"https:\/\/api.w.org\/{rel}","templated":true}]}}