{"id":257638,"date":"2021-05-05T10:20:19","date_gmt":"2021-05-05T08:20:19","guid":{"rendered":"https:\/\/acefootball.com\/da\/?p=257638"},"modified":"2021-05-05T10:23:48","modified_gmt":"2021-05-05T08:23:48","slug":"mediano-eksperternes-bud-saadan-ville-en-kombineret-xi-med-broendby-og-midtjylland-se-ud","status":"publish","type":"post","link":"https:\/\/acefootball.com\/da\/fodboldnyheder\/mediano-eksperternes-bud-saadan-ville-en-kombineret-xi-med-broendby-og-midtjylland-se-ud\/","title":{"rendered":"Mediano-eksperternes bud: S\u00e5dan ville en kombineret XI med Br\u00f8ndby og Midtjylland se ud"},"content":{"rendered":"\n<h2 id=\"h-rasmus-monnerup-og-jonas-hebo-rasmussen-kunne-blot-finde-plads-til-tre-br-ndby-spillere-i-deres-kombinerede-startellever-med-br-ndby-if-og-fc-midtjylland\">Rasmus Monnerup og Jonas Hebo Rasmussen kunne blot finde plads til tre Br\u00f8ndby-spillere i deres kombinerede startellever med Br\u00f8ndby IF og FC Midtjylland<\/h2>\n\n\n\n<div class=\"wp-block-si-widget wp-block-si-widget--center\"><si-lb-widget widget-id=\"MatchInfoWithOdds\" data-nopadding=\"true\" data-across-all-tournaments=\"false\" data-limit=\"5\" width=\"440\" data-event-id=\"3560499\" data-provider=\"comeon\" data-theme-appearance=\"dark\" data-card=\"true\"><\/si-lb-widget><\/div>\n\n\n\n<p>Superligaens nummer \u00e9t og to brager i weekenden sammen, n\u00e5r Br\u00f8ndby IF hjemme tager imod FC Midtjylland.<\/p>\n\n\n\n<p>Der er lige nu fire point, der adskiller de to hold i tabellen, og med en bl\u00e5gul sejr vil kampen om mesterskabet igen v\u00e6re helt \u00e5ben med tre kampe igen. Men det er ingen hemmelighed, at Niels Frederiksen og co. har haft det sv\u00e6rt mod Ulvene, hvor det blot er blevet til to sejre i de seneste ti m\u00f8der, mens FCM kan prale med seks.<\/p>\n\n\n\n<div class=\"wp-block-image\"><figure class=\"aligncenter size-large is-resized\"><img loading=\"lazy\" src=\"https:\/\/acefootball.com\/da\/wp-content\/uploads\/sites\/2\/2021\/05\/image-2.png\" alt=\"\" class=\"wp-image-257643\" width=\"414\" height=\"207\" srcset=\"https:\/\/acefootball.com\/da\/wp-content\/uploads\/sites\/2\/2021\/05\/image-2.png 485w, https:\/\/acefootball.com\/da\/wp-content\/uploads\/sites\/2\/2021\/05\/image-2-300x150.png 300w\" sizes=\"(max-width: 414px) 100vw, 414px\" \/><\/figure><\/div>\n\n\n\n<p>FC Midtjylland har m\u00e5ske ogs\u00e5 mere kvalitet spiller for spiller, mens der inden s\u00e6sonen nok ikke var mange, der havde regnet med, at det unge Br\u00f8ndby-hold skulle v\u00e6re med i guldkampen helt frem til det sidste.<\/p>\n\n\n\n<p>Dette har ogs\u00e5 afspejlet sig en smule, da den tidligere tr\u00e6ner Rasmus Monnerup og fodboldspiller Jonas Hebo Rasmussen, der er Superliga-eksperter p\u00e5 Medianos YouTube-kanal, skulle s\u00e6tte en kombineret startellever med spillere fra de to hold vurderet ud fra spillernes nuv\u00e6rende form.<\/p>\n\n\n\n<p>Her blev der nemlig blot plads til tre Br\u00f8ndby-spillere i form af Andreas Maxs\u00f8, Anthony Jung og Jesper Lindstr\u00f8m, mens de sidste otte pladser i opstillingen alts\u00e5 er besat af FCM-spillere.<\/p>\n\n\n\n<p>Du kan se hele den kombinerede startellever herunder. <\/p>\n\n\n\n<div class=\"wp-block-image\"><figure class=\"aligncenter size-large is-resized\"><img loading=\"lazy\" src=\"https:\/\/acefootball.com\/da\/wp-content\/uploads\/sites\/2\/2021\/05\/image-1.png\" alt=\"\" class=\"wp-image-257639\" width=\"586\" height=\"564\" srcset=\"https:\/\/acefootball.com\/da\/wp-content\/uploads\/sites\/2\/2021\/05\/image-1.png 729w, https:\/\/acefootball.com\/da\/wp-content\/uploads\/sites\/2\/2021\/05\/image-1-300x289.png 300w\" sizes=\"(max-width: 586px) 100vw, 586px\" \/><\/figure><\/div>\n\n\n\n<p>Du kan h\u00f8re deres forklaring p\u00e5 de forskellige valg i videoen herunder.<\/p>\n\n\n\n<figure class=\"wp-block-embed is-type-video is-provider-youtube wp-block-embed-youtube wp-embed-aspect-16-9 wp-has-aspect-ratio\"><div class=\"wp-block-embed__wrapper\">\n<iframe loading=\"lazy\" title=\"Br\u00f8ndby IF - FC Midtjylland: Kombineret XI\" width=\"640\" height=\"360\" src=\"https:\/\/www.youtube.com\/embed\/V8dNXoAM7YI?start=879&#038;feature=oembed\" frameborder=\"0\" allow=\"accelerometer; autoplay; clipboard-write; encrypted-media; gyroscope; picture-in-picture\" allowfullscreen><\/iframe>\n<\/div><\/figure>\n","protected":false},"excerpt":{"rendered":"<p>Rasmus Monnerup og Jonas Hebo Rasmussen kunne blot finde plads til tre Br\u00f8ndby-spillere i deres kombinerede startellever med Br\u00f8ndby IF og FC Midtjylland<\/p>\n","protected":false},"author":74,"featured_media":257644,"comment_status":"open","ping_status":"closed","sticky":false,"template":"","format":"standard","meta":{"om_disable_all_campaigns":false,"push_articles_ronaldo":{"active":false,"canonical":0,"publish":false},"force_updates":null},"categories":[2470],"tags":[53,51,588],"enet_tags":{"team":["8595","8113"],"league":["46"],"sport_events":[3560499]},"yoast_head":"<!-- This site is optimized with the Yoast SEO plugin v18.3 - https:\/\/yoast.com\/wordpress\/plugins\/seo\/ -->\n<title>Mediano-eksperternes bud: S\u00e5dan ville en kombineret XI med Br\u00f8ndby og Midtjylland se ud<\/title>\n<meta name=\"description\" content=\"Rasmus Monnerup og Jonas Hebo Rasmussen kunne blot finde plads til tre Br\u00f8ndby-spillere i deres kombinerede startellever med Br\u00f8ndby IF og FC Midtjylland\" \/>\n<meta name=\"robots\" content=\"index, follow, max-snippet:-1, max-image-preview:large, max-video-preview:-1\" \/>\n<link rel=\"canonical\" href=\"https:\/\/acefootball.com\/da\/fodboldnyheder\/mediano-eksperternes-bud-saadan-ville-en-kombineret-xi-med-broendby-og-midtjylland-se-ud\/\" \/>\n<meta property=\"og:locale\" content=\"en_US\" \/>\n<meta property=\"og:type\" content=\"article\" \/>\n<meta property=\"og:title\" content=\"Mediano-eksperternes bud: S\u00e5dan ville en kombineret XI med Br\u00f8ndby og Midtjylland se ud\" \/>\n<meta property=\"og:description\" content=\"Rasmus Monnerup og Jonas Hebo Rasmussen kunne blot finde plads til tre Br\u00f8ndby-spillere i deres kombinerede startellever med Br\u00f8ndby IF og FC Midtjylland\" \/>\n<meta property=\"og:url\" content=\"https:\/\/acefootball.com\/da\/fodboldnyheder\/mediano-eksperternes-bud-saadan-ville-en-kombineret-xi-med-broendby-og-midtjylland-se-ud\/\" \/>\n<meta property=\"og:site_name\" content=\"Ace Football Danmark\" \/>\n<meta property=\"article:publisher\" content=\"https:\/\/www.facebook.com\/acefootballdk\" \/>\n<meta property=\"article:published_time\" content=\"2021-05-05T08:20:19+00:00\" \/>\n<meta property=\"article:modified_time\" content=\"2021-05-05T08:23:48+00:00\" \/>\n<meta property=\"og:image\" content=\"https:\/\/acefootball.com\/da\/wp-content\/uploads\/sites\/2\/2021\/05\/Laes-mere-generel-76.jpg\" \/>\n\t<meta property=\"og:image:width\" content=\"1920\" \/>\n\t<meta property=\"og:image:height\" content=\"1008\" \/>\n\t<meta property=\"og:image:type\" content=\"image\/jpeg\" \/>\n<meta name=\"twitter:card\" content=\"summary_large_image\" \/>\n<meta name=\"twitter:label1\" content=\"Written by\" \/>\n\t<meta name=\"twitter:data1\" content=\"Patrick Hesselb\u00e6k\" \/>\n\t<meta name=\"twitter:label2\" content=\"Est. reading time\" \/>\n\t<meta name=\"twitter:data2\" content=\"2 minutes\" \/>\n<script type=\"application\/ld+json\" class=\"yoast-schema-graph\">{\"@context\":\"https:\/\/schema.org\",\"@graph\":[{\"@type\":\"Organization\",\"@id\":\"https:\/\/acefootball.com\/da\/#organization\",\"name\":\"Ace Football\",\"url\":\"https:\/\/acefootball.com\/da\/\",\"sameAs\":[\"https:\/\/www.facebook.com\/acefootballdk\"],\"logo\":{\"@type\":\"ImageObject\",\"@id\":\"https:\/\/acefootball.com\/da\/#logo\",\"inLanguage\":\"en-US\",\"url\":\"https:\/\/acefootball.com\/da\/wp-content\/uploads\/sites\/2\/2020\/07\/Ace-Football-30-07-2020-2.png\",\"contentUrl\":\"https:\/\/acefootball.com\/da\/wp-content\/uploads\/sites\/2\/2020\/07\/Ace-Football-30-07-2020-2.png\",\"width\":1200,\"height\":600,\"caption\":\"Ace Football\"},\"image\":{\"@id\":\"https:\/\/acefootball.com\/da\/#logo\"}},{\"@type\":\"WebSite\",\"@id\":\"https:\/\/acefootball.com\/da\/#website\",\"url\":\"https:\/\/acefootball.com\/da\/\",\"name\":\"Ace Football Danmark\",\"description\":\"Nyheder, Spiltips &amp; Livescore\",\"publisher\":{\"@id\":\"https:\/\/acefootball.com\/da\/#organization\"},\"potentialAction\":[{\"@type\":\"SearchAction\",\"target\":{\"@type\":\"EntryPoint\",\"urlTemplate\":\"https:\/\/acefootball.com\/da\/?s={search_term_string}\"},\"query-input\":\"required name=search_term_string\"}],\"inLanguage\":\"en-US\"},{\"@type\":\"ImageObject\",\"@id\":\"https:\/\/acefootball.com\/da\/fodboldnyheder\/mediano-eksperternes-bud-saadan-ville-en-kombineret-xi-med-broendby-og-midtjylland-se-ud\/#primaryimage\",\"inLanguage\":\"en-US\",\"url\":\"https:\/\/acefootball.com\/da\/wp-content\/uploads\/sites\/2\/2021\/05\/Laes-mere-generel-76.jpg\",\"contentUrl\":\"https:\/\/acefootball.com\/da\/wp-content\/uploads\/sites\/2\/2021\/05\/Laes-mere-generel-76.jpg\",\"width\":1920,\"height\":1008,\"caption\":\"BRONDBY, DENMARK - OCTOBER 24: Jesper Lindstrom of Brondby IF and Paulinho of FC Midtjylland compete for the ball during the Danish 3F Superliga match between Brondby IF and FC Midtjylland at Brondby Stadion on October 24, 2020 in Brondby, Denmark. (Photo by Lars Ronbog \/ FrontZoneSport via Getty Images)\"},{\"@type\":\"WebPage\",\"@id\":\"https:\/\/acefootball.com\/da\/fodboldnyheder\/mediano-eksperternes-bud-saadan-ville-en-kombineret-xi-med-broendby-og-midtjylland-se-ud\/#webpage\",\"url\":\"https:\/\/acefootball.com\/da\/fodboldnyheder\/mediano-eksperternes-bud-saadan-ville-en-kombineret-xi-med-broendby-og-midtjylland-se-ud\/\",\"name\":\"Mediano-eksperternes bud: S\u00e5dan ville en kombineret XI med Br\u00f8ndby og Midtjylland se ud\",\"isPartOf\":{\"@id\":\"https:\/\/acefootball.com\/da\/#website\"},\"primaryImageOfPage\":{\"@id\":\"https:\/\/acefootball.com\/da\/fodboldnyheder\/mediano-eksperternes-bud-saadan-ville-en-kombineret-xi-med-broendby-og-midtjylland-se-ud\/#primaryimage\"},\"datePublished\":\"2021-05-05T08:20:19+00:00\",\"dateModified\":\"2021-05-05T08:23:48+00:00\",\"description\":\"Rasmus Monnerup og Jonas Hebo Rasmussen kunne blot finde plads til tre Br\u00f8ndby-spillere i deres kombinerede startellever med Br\u00f8ndby IF og FC Midtjylland\",\"breadcrumb\":{\"@id\":\"https:\/\/acefootball.com\/da\/fodboldnyheder\/mediano-eksperternes-bud-saadan-ville-en-kombineret-xi-med-broendby-og-midtjylland-se-ud\/#breadcrumb\"},\"inLanguage\":\"en-US\",\"potentialAction\":[{\"@type\":\"ReadAction\",\"target\":[\"https:\/\/acefootball.com\/da\/fodboldnyheder\/mediano-eksperternes-bud-saadan-ville-en-kombineret-xi-med-broendby-og-midtjylland-se-ud\/\"]}]},{\"@type\":\"BreadcrumbList\",\"@id\":\"https:\/\/acefootball.com\/da\/fodboldnyheder\/mediano-eksperternes-bud-saadan-ville-en-kombineret-xi-med-broendby-og-midtjylland-se-ud\/#breadcrumb\",\"itemListElement\":[{\"@type\":\"ListItem\",\"position\":1,\"name\":\"Home\",\"item\":\"https:\/\/acefootball.com\/da\/\"},{\"@type\":\"ListItem\",\"position\":2,\"name\":\"Mediano-eksperternes bud: S\u00e5dan ville en kombineret XI med Br\u00f8ndby og Midtjylland se ud\"}]},{\"@type\":\"Article\",\"@id\":\"https:\/\/acefootball.com\/da\/fodboldnyheder\/mediano-eksperternes-bud-saadan-ville-en-kombineret-xi-med-broendby-og-midtjylland-se-ud\/#article\",\"isPartOf\":{\"@id\":\"https:\/\/acefootball.com\/da\/fodboldnyheder\/mediano-eksperternes-bud-saadan-ville-en-kombineret-xi-med-broendby-og-midtjylland-se-ud\/#webpage\"},\"author\":{\"@id\":\"https:\/\/acefootball.com\/da\/#\/schema\/person\/fd6223a1c033400b41da7853ddf88c84\"},\"headline\":\"Mediano-eksperternes bud: S\u00e5dan ville en kombineret XI med Br\u00f8ndby og Midtjylland se ud\",\"datePublished\":\"2021-05-05T08:20:19+00:00\",\"dateModified\":\"2021-05-05T08:23:48+00:00\",\"mainEntityOfPage\":{\"@id\":\"https:\/\/acefootball.com\/da\/fodboldnyheder\/mediano-eksperternes-bud-saadan-ville-en-kombineret-xi-med-broendby-og-midtjylland-se-ud\/#webpage\"},\"wordCount\":282,\"commentCount\":0,\"publisher\":{\"@id\":\"https:\/\/acefootball.com\/da\/#organization\"},\"image\":{\"@id\":\"https:\/\/acefootball.com\/da\/fodboldnyheder\/mediano-eksperternes-bud-saadan-ville-en-kombineret-xi-med-broendby-og-midtjylland-se-ud\/#primaryimage\"},\"thumbnailUrl\":\"https:\/\/acefootball.com\/da\/wp-content\/uploads\/sites\/2\/2021\/05\/GettyImages-1229260392.jpg\",\"keywords\":[\"Br\u00f8ndby IF\",\"FC Midtjylland\",\"Superligaen\"],\"articleSection\":[\"Offsite\"],\"inLanguage\":\"en-US\",\"potentialAction\":[{\"@type\":\"CommentAction\",\"name\":\"Comment\",\"target\":[\"https:\/\/acefootball.com\/da\/fodboldnyheder\/mediano-eksperternes-bud-saadan-ville-en-kombineret-xi-med-broendby-og-midtjylland-se-ud\/#respond\"]}]},{\"@type\":\"Person\",\"@id\":\"https:\/\/acefootball.com\/da\/#\/schema\/person\/fd6223a1c033400b41da7853ddf88c84\",\"name\":\"Patrick Hesselb\u00e6k\",\"image\":{\"@type\":\"ImageObject\",\"@id\":\"https:\/\/acefootball.com\/da\/#personlogo\",\"inLanguage\":\"en-US\",\"url\":\"https:\/\/secure.gravatar.com\/avatar\/7919060992759bffbffb199d6cbdce6f?s=96&d=mm&r=g\",\"contentUrl\":\"https:\/\/secure.gravatar.com\/avatar\/7919060992759bffbffb199d6cbdce6f?s=96&d=mm&r=g\",\"caption\":\"Patrick Hesselb\u00e6k\"},\"description\":\"Redakt\u00f8r p\u00e5 den danske Ace Football-redaktion. Uddannet i kommunikation fra Aalborg Universitet. Prim\u00e6rt fokus p\u00e5 den danske 3F Superliga og de st\u00f8rste europ\u00e6iske turneringer.\",\"sameAs\":[\"https:\/\/www.linkedin.com\/in\/patrick-hesselbk-2a4b1711a\/\"],\"url\":\"https:\/\/acefootball.com\/da\/fodboldnyheder\/author\/patrickhesselbaek\/\"}]}<\/script>\n<!-- \/ Yoast SEO plugin. -->","yoast_head_json":{"title":"Mediano-eksperternes bud: S\u00e5dan ville en kombineret XI med Br\u00f8ndby og Midtjylland se ud","description":"Rasmus Monnerup og Jonas Hebo Rasmussen kunne blot finde plads til tre Br\u00f8ndby-spillere i deres kombinerede startellever med Br\u00f8ndby IF og FC Midtjylland","robots":{"index":"index","follow":"follow","max-snippet":"max-snippet:-1","max-image-preview":"max-image-preview:large","max-video-preview":"max-video-preview:-1"},"canonical":"https:\/\/acefootball.com\/da\/fodboldnyheder\/mediano-eksperternes-bud-saadan-ville-en-kombineret-xi-med-broendby-og-midtjylland-se-ud\/","og_locale":"en_US","og_type":"article","og_title":"Mediano-eksperternes bud: S\u00e5dan ville en kombineret XI med Br\u00f8ndby og Midtjylland se ud","og_description":"Rasmus Monnerup og Jonas Hebo Rasmussen kunne blot finde plads til tre Br\u00f8ndby-spillere i deres kombinerede startellever med Br\u00f8ndby IF og FC Midtjylland","og_url":"https:\/\/acefootball.com\/da\/fodboldnyheder\/mediano-eksperternes-bud-saadan-ville-en-kombineret-xi-med-broendby-og-midtjylland-se-ud\/","og_site_name":"Ace Football Danmark","article_publisher":"https:\/\/www.facebook.com\/acefootballdk","article_published_time":"2021-05-05T08:20:19+00:00","article_modified_time":"2021-05-05T08:23:48+00:00","og_image":[{"width":1920,"height":1008,"url":"https:\/\/acefootball.com\/da\/wp-content\/uploads\/sites\/2\/2021\/05\/Laes-mere-generel-76.jpg","type":"image\/jpeg"}],"twitter_card":"summary_large_image","twitter_misc":{"Written by":"Patrick Hesselb\u00e6k","Est. reading time":"2 minutes"},"schema":{"@context":"https:\/\/schema.org","@graph":[{"@type":"Organization","@id":"https:\/\/acefootball.com\/da\/#organization","name":"Ace Football","url":"https:\/\/acefootball.com\/da\/","sameAs":["https:\/\/www.facebook.com\/acefootballdk"],"logo":{"@type":"ImageObject","@id":"https:\/\/acefootball.com\/da\/#logo","inLanguage":"en-US","url":"https:\/\/acefootball.com\/da\/wp-content\/uploads\/sites\/2\/2020\/07\/Ace-Football-30-07-2020-2.png","contentUrl":"https:\/\/acefootball.com\/da\/wp-content\/uploads\/sites\/2\/2020\/07\/Ace-Football-30-07-2020-2.png","width":1200,"height":600,"caption":"Ace Football"},"image":{"@id":"https:\/\/acefootball.com\/da\/#logo"}},{"@type":"WebSite","@id":"https:\/\/acefootball.com\/da\/#website","url":"https:\/\/acefootball.com\/da\/","name":"Ace Football Danmark","description":"Nyheder, Spiltips &amp; Livescore","publisher":{"@id":"https:\/\/acefootball.com\/da\/#organization"},"potentialAction":[{"@type":"SearchAction","target":{"@type":"EntryPoint","urlTemplate":"https:\/\/acefootball.com\/da\/?s={search_term_string}"},"query-input":"required name=search_term_string"}],"inLanguage":"en-US"},{"@type":"ImageObject","@id":"https:\/\/acefootball.com\/da\/fodboldnyheder\/mediano-eksperternes-bud-saadan-ville-en-kombineret-xi-med-broendby-og-midtjylland-se-ud\/#primaryimage","inLanguage":"en-US","url":"https:\/\/acefootball.com\/da\/wp-content\/uploads\/sites\/2\/2021\/05\/Laes-mere-generel-76.jpg","contentUrl":"https:\/\/acefootball.com\/da\/wp-content\/uploads\/sites\/2\/2021\/05\/Laes-mere-generel-76.jpg","width":1920,"height":1008,"caption":"BRONDBY, DENMARK - OCTOBER 24: Jesper Lindstrom of Brondby IF and Paulinho of FC Midtjylland compete for the ball during the Danish 3F Superliga match between Brondby IF and FC Midtjylland at Brondby Stadion on October 24, 2020 in Brondby, Denmark. (Photo by Lars Ronbog \/ FrontZoneSport via Getty Images)"},{"@type":"WebPage","@id":"https:\/\/acefootball.com\/da\/fodboldnyheder\/mediano-eksperternes-bud-saadan-ville-en-kombineret-xi-med-broendby-og-midtjylland-se-ud\/#webpage","url":"https:\/\/acefootball.com\/da\/fodboldnyheder\/mediano-eksperternes-bud-saadan-ville-en-kombineret-xi-med-broendby-og-midtjylland-se-ud\/","name":"Mediano-eksperternes bud: S\u00e5dan ville en kombineret XI med Br\u00f8ndby og Midtjylland se ud","isPartOf":{"@id":"https:\/\/acefootball.com\/da\/#website"},"primaryImageOfPage":{"@id":"https:\/\/acefootball.com\/da\/fodboldnyheder\/mediano-eksperternes-bud-saadan-ville-en-kombineret-xi-med-broendby-og-midtjylland-se-ud\/#primaryimage"},"datePublished":"2021-05-05T08:20:19+00:00","dateModified":"2021-05-05T08:23:48+00:00","description":"Rasmus Monnerup og Jonas Hebo Rasmussen kunne blot finde plads til tre Br\u00f8ndby-spillere i deres kombinerede startellever med Br\u00f8ndby IF og FC Midtjylland","breadcrumb":{"@id":"https:\/\/acefootball.com\/da\/fodboldnyheder\/mediano-eksperternes-bud-saadan-ville-en-kombineret-xi-med-broendby-og-midtjylland-se-ud\/#breadcrumb"},"inLanguage":"en-US","potentialAction":[{"@type":"ReadAction","target":["https:\/\/acefootball.com\/da\/fodboldnyheder\/mediano-eksperternes-bud-saadan-ville-en-kombineret-xi-med-broendby-og-midtjylland-se-ud\/"]}]},{"@type":"BreadcrumbList","@id":"https:\/\/acefootball.com\/da\/fodboldnyheder\/mediano-eksperternes-bud-saadan-ville-en-kombineret-xi-med-broendby-og-midtjylland-se-ud\/#breadcrumb","itemListElement":[{"@type":"ListItem","position":1,"name":"Home","item":"https:\/\/acefootball.com\/da\/"},{"@type":"ListItem","position":2,"name":"Mediano-eksperternes bud: S\u00e5dan ville en kombineret XI med Br\u00f8ndby og Midtjylland se ud"}]},{"@type":"Article","@id":"https:\/\/acefootball.com\/da\/fodboldnyheder\/mediano-eksperternes-bud-saadan-ville-en-kombineret-xi-med-broendby-og-midtjylland-se-ud\/#article","isPartOf":{"@id":"https:\/\/acefootball.com\/da\/fodboldnyheder\/mediano-eksperternes-bud-saadan-ville-en-kombineret-xi-med-broendby-og-midtjylland-se-ud\/#webpage"},"author":{"@id":"https:\/\/acefootball.com\/da\/#\/schema\/person\/fd6223a1c033400b41da7853ddf88c84"},"headline":"Mediano-eksperternes bud: S\u00e5dan ville en kombineret XI med Br\u00f8ndby og Midtjylland se ud","datePublished":"2021-05-05T08:20:19+00:00","dateModified":"2021-05-05T08:23:48+00:00","mainEntityOfPage":{"@id":"https:\/\/acefootball.com\/da\/fodboldnyheder\/mediano-eksperternes-bud-saadan-ville-en-kombineret-xi-med-broendby-og-midtjylland-se-ud\/#webpage"},"wordCount":282,"commentCount":0,"publisher":{"@id":"https:\/\/acefootball.com\/da\/#organization"},"image":{"@id":"https:\/\/acefootball.com\/da\/fodboldnyheder\/mediano-eksperternes-bud-saadan-ville-en-kombineret-xi-med-broendby-og-midtjylland-se-ud\/#primaryimage"},"thumbnailUrl":"https:\/\/acefootball.com\/da\/wp-content\/uploads\/sites\/2\/2021\/05\/GettyImages-1229260392.jpg","keywords":["Br\u00f8ndby IF","FC Midtjylland","Superligaen"],"articleSection":["Offsite"],"inLanguage":"en-US","potentialAction":[{"@type":"CommentAction","name":"Comment","target":["https:\/\/acefootball.com\/da\/fodboldnyheder\/mediano-eksperternes-bud-saadan-ville-en-kombineret-xi-med-broendby-og-midtjylland-se-ud\/#respond"]}]},{"@type":"Person","@id":"https:\/\/acefootball.com\/da\/#\/schema\/person\/fd6223a1c033400b41da7853ddf88c84","name":"Patrick Hesselb\u00e6k","image":{"@type":"ImageObject","@id":"https:\/\/acefootball.com\/da\/#personlogo","inLanguage":"en-US","url":"https:\/\/secure.gravatar.com\/avatar\/7919060992759bffbffb199d6cbdce6f?s=96&d=mm&r=g","contentUrl":"https:\/\/secure.gravatar.com\/avatar\/7919060992759bffbffb199d6cbdce6f?s=96&d=mm&r=g","caption":"Patrick Hesselb\u00e6k"},"description":"Redakt\u00f8r p\u00e5 den danske Ace Football-redaktion. Uddannet i kommunikation fra Aalborg Universitet. Prim\u00e6rt fokus p\u00e5 den danske 3F Superliga og de st\u00f8rste europ\u00e6iske turneringer.","sameAs":["https:\/\/www.linkedin.com\/in\/patrick-hesselbk-2a4b1711a\/"],"url":"https:\/\/acefootball.com\/da\/fodboldnyheder\/author\/patrickhesselbaek\/"}]}},"fimg_url":"https:\/\/acefootball.com\/da\/wp-content\/uploads\/sites\/2\/2021\/05\/GettyImages-1229260392.jpg","_links":{"self":[{"href":"https:\/\/acefootball.com\/da\/wp-json\/wp\/v2\/posts\/257638"}],"collection":[{"href":"https:\/\/acefootball.com\/da\/wp-json\/wp\/v2\/posts"}],"about":[{"href":"https:\/\/acefootball.com\/da\/wp-json\/wp\/v2\/types\/post"}],"author":[{"embeddable":true,"href":"https:\/\/acefootball.com\/da\/wp-json\/wp\/v2\/users\/74"}],"replies":[{"embeddable":true,"href":"https:\/\/acefootball.com\/da\/wp-json\/wp\/v2\/comments?post=257638"}],"version-history":[{"count":0,"href":"https:\/\/acefootball.com\/da\/wp-json\/wp\/v2\/posts\/257638\/revisions"}],"wp:featuredmedia":[{"embeddable":true,"href":"https:\/\/acefootball.com\/da\/wp-json\/wp\/v2\/media\/257644"}],"wp:attachment":[{"href":"https:\/\/acefootball.com\/da\/wp-json\/wp\/v2\/media?parent=257638"}],"wp:term":[{"taxonomy":"category","embeddable":true,"href":"https:\/\/acefootball.com\/da\/wp-json\/wp\/v2\/categories?post=257638"},{"taxonomy":"post_tag","embeddable":true,"href":"https:\/\/acefootball.com\/da\/wp-json\/wp\/v2\/tags?post=257638"}],"curies":[{"name":"wp","href":"https:\/\/api.w.org\/{rel}","templated":true}]}}