{"id":257618,"date":"2021-05-04T12:54:44","date_gmt":"2021-05-04T10:54:44","guid":{"rendered":"https:\/\/acefootball.com\/da\/?p=257618"},"modified":"2021-05-04T12:54:45","modified_gmt":"2021-05-04T10:54:45","slug":"se-den-her-broendby-stiller-op-i-hyldesttroeje-mod-fcm","status":"publish","type":"post","link":"https:\/\/acefootball.com\/da\/fodboldnyheder\/se-den-her-broendby-stiller-op-i-hyldesttroeje-mod-fcm\/","title":{"rendered":"Se den her: Br\u00f8ndby stiller op i hyldesttr\u00f8je mod FCM"},"content":{"rendered":"\n<h2 id=\"h-br-ndby-har-valgt-at-hylde-en-af-klubbens-st-rste-legender-med-en-speciel-spilletr-je-til-kampen-mod-fc-midtjylland\">Br\u00f8ndby har valgt at hylde en af klubbens st\u00f8rste legender med en speciel spilletr\u00f8je til kampen mod FC Midtjylland<\/h2>\n\n\n\n<p>Til s\u00f8ndagens topkamp mellem Br\u00f8ndby IF og FC Midtjylland stiller hjemmeholdet op i en noget alternativ spilletr\u00f8je.<\/p>\n\n\n\n<p>Br\u00f8ndby meddeler nemlig, at man har valgt at hylde en af klubbens store legender, Per Nielsen, med en s\u00e5kaldt &#8220;legendetr\u00f8je&#8221;, som fremvises i en video p\u00e5 sociale medier.<\/p>\n\n\n\n<p> I videoen bliver Per Nielsen selv pr\u00e6senteret for tr\u00f8jen af klubbens kvindehold, som han er tr\u00e6ner for.<\/p>\n\n\n\n<p>Du kan se klublegendens reaktion og selve tr\u00f8jen her:<\/p>\n\n\n\n<figure class=\"wp-block-embed is-type-rich is-provider-twitter wp-block-embed-twitter\"><div class=\"wp-block-embed__wrapper\">\n<blockquote class=\"twitter-tweet\" data-width=\"550\" data-dnt=\"true\"><p lang=\"da\" dir=\"ltr\">Med sine 547 kampe for Br\u00f8ndby IF st\u00e5r Per Nielsens navn lysende klart i de bl\u00e5gule historieb\u00f8ger, og nu skal han hyldes med en legendetr\u00f8je \ud83d\udc4f\ud83d\udc9b\ud83d\udc99<br><br>Overraskelsen stod hans spillere selvf\u00f8lgelig for \ud83d\ude04\ud83c\udfa5 <a href=\"https:\/\/t.co\/H6tJrkpjgX\">pic.twitter.com\/H6tJrkpjgX<\/a><\/p>&mdash; Br\u00f8ndby IF (@BrondbyIF) <a href=\"https:\/\/twitter.com\/BrondbyIF\/status\/1389520176241004546?ref_src=twsrc%5Etfw\">May 4, 2021<\/a><\/blockquote><script async src=\"https:\/\/platform.twitter.com\/widgets.js\" charset=\"utf-8\"><\/script>\n<\/div><\/figure>\n","protected":false},"excerpt":{"rendered":"<p>Br\u00f8ndby har valgt at hylde en af klubbens st\u00f8rste legender med en speciel spilletr\u00f8je til kampen mod FC Midtjylland<\/p>\n","protected":false},"author":705,"featured_media":257160,"comment_status":"open","ping_status":"closed","sticky":false,"template":"","format":"video","meta":{"om_disable_all_campaigns":false,"push_articles_ronaldo":{"active":false,"canonical":0,"publish":false},"force_updates":null},"categories":[1],"tags":[53,588],"enet_tags":{"team":["8595"],"league":["46"],"sport_events":[]},"yoast_head":"<!-- This site is optimized with the Yoast SEO plugin v18.3 - https:\/\/yoast.com\/wordpress\/plugins\/seo\/ -->\n<title>Se den her: Br\u00f8ndby stiller op i hyldesttr\u00f8je mod FCM<\/title>\n<meta name=\"description\" content=\"Br\u00f8ndby har valgt at hylde en af klubbens st\u00f8rste legender med en speciel spilletr\u00f8je til kampen mod FC Midtjylland\" \/>\n<meta name=\"robots\" content=\"index, follow, max-snippet:-1, max-image-preview:large, max-video-preview:-1\" \/>\n<link rel=\"canonical\" href=\"https:\/\/acefootball.com\/da\/fodboldnyheder\/se-den-her-broendby-stiller-op-i-hyldesttroeje-mod-fcm\/\" \/>\n<meta property=\"og:locale\" content=\"en_US\" \/>\n<meta property=\"og:type\" content=\"article\" \/>\n<meta property=\"og:title\" content=\"Se den her: Br\u00f8ndby stiller op i hyldesttr\u00f8je mod FCM\" \/>\n<meta property=\"og:description\" content=\"Br\u00f8ndby har valgt at hylde en af klubbens st\u00f8rste legender med en speciel spilletr\u00f8je til kampen mod FC Midtjylland\" \/>\n<meta property=\"og:url\" content=\"https:\/\/acefootball.com\/da\/fodboldnyheder\/se-den-her-broendby-stiller-op-i-hyldesttroeje-mod-fcm\/\" \/>\n<meta property=\"og:site_name\" content=\"Ace Football Danmark\" \/>\n<meta property=\"article:publisher\" content=\"https:\/\/www.facebook.com\/acefootballdk\" \/>\n<meta property=\"article:published_time\" content=\"2021-05-04T10:54:44+00:00\" \/>\n<meta property=\"article:modified_time\" content=\"2021-05-04T10:54:45+00:00\" \/>\n<meta property=\"og:image\" content=\"https:\/\/acefootball.com\/da\/wp-content\/uploads\/sites\/2\/2021\/04\/Brondby-18-3.jpg\" \/>\n\t<meta property=\"og:image:width\" content=\"1920\" \/>\n\t<meta property=\"og:image:height\" content=\"1008\" \/>\n\t<meta property=\"og:image:type\" content=\"image\/jpeg\" \/>\n<meta name=\"twitter:card\" content=\"summary_large_image\" \/>\n<meta name=\"twitter:label1\" content=\"Written by\" \/>\n\t<meta name=\"twitter:data1\" content=\"Mads Dreyer\" \/>\n\t<meta name=\"twitter:label2\" content=\"Est. reading time\" \/>\n\t<meta name=\"twitter:data2\" content=\"1 minute\" \/>\n<script type=\"application\/ld+json\" class=\"yoast-schema-graph\">{\"@context\":\"https:\/\/schema.org\",\"@graph\":[{\"@type\":\"Organization\",\"@id\":\"https:\/\/acefootball.com\/da\/#organization\",\"name\":\"Ace Football\",\"url\":\"https:\/\/acefootball.com\/da\/\",\"sameAs\":[\"https:\/\/www.facebook.com\/acefootballdk\"],\"logo\":{\"@type\":\"ImageObject\",\"@id\":\"https:\/\/acefootball.com\/da\/#logo\",\"inLanguage\":\"en-US\",\"url\":\"https:\/\/acefootball.com\/da\/wp-content\/uploads\/sites\/2\/2020\/07\/Ace-Football-30-07-2020-2.png\",\"contentUrl\":\"https:\/\/acefootball.com\/da\/wp-content\/uploads\/sites\/2\/2020\/07\/Ace-Football-30-07-2020-2.png\",\"width\":1200,\"height\":600,\"caption\":\"Ace Football\"},\"image\":{\"@id\":\"https:\/\/acefootball.com\/da\/#logo\"}},{\"@type\":\"WebSite\",\"@id\":\"https:\/\/acefootball.com\/da\/#website\",\"url\":\"https:\/\/acefootball.com\/da\/\",\"name\":\"Ace Football Danmark\",\"description\":\"Nyheder, Spiltips &amp; Livescore\",\"publisher\":{\"@id\":\"https:\/\/acefootball.com\/da\/#organization\"},\"potentialAction\":[{\"@type\":\"SearchAction\",\"target\":{\"@type\":\"EntryPoint\",\"urlTemplate\":\"https:\/\/acefootball.com\/da\/?s={search_term_string}\"},\"query-input\":\"required name=search_term_string\"}],\"inLanguage\":\"en-US\"},{\"@type\":\"ImageObject\",\"@id\":\"https:\/\/acefootball.com\/da\/fodboldnyheder\/se-den-her-broendby-stiller-op-i-hyldesttroeje-mod-fcm\/#primaryimage\",\"inLanguage\":\"en-US\",\"url\":\"https:\/\/acefootball.com\/da\/wp-content\/uploads\/sites\/2\/2021\/04\/Brondby-18-3.jpg\",\"contentUrl\":\"https:\/\/acefootball.com\/da\/wp-content\/uploads\/sites\/2\/2021\/04\/Brondby-18-3.jpg\",\"width\":1920,\"height\":1008,\"caption\":\"BRONDBY, DENMARK - SEPTEMBER 27: Sigurd Rosted, Jesper Lindstrom, Morten Frendrup and Kevin Mensah of Brondby IF celebrate after scoring their first goal during the Danish 3F Superliga match between Brondby IF and AC Horsens at Brondby Stadion on September 27, 2020 in Brondby, Denmark. (Photo by Lars Ronbog \/ FrontZoneSport via Getty Images)\"},{\"@type\":\"WebPage\",\"@id\":\"https:\/\/acefootball.com\/da\/fodboldnyheder\/se-den-her-broendby-stiller-op-i-hyldesttroeje-mod-fcm\/#webpage\",\"url\":\"https:\/\/acefootball.com\/da\/fodboldnyheder\/se-den-her-broendby-stiller-op-i-hyldesttroeje-mod-fcm\/\",\"name\":\"Se den her: Br\u00f8ndby stiller op i hyldesttr\u00f8je mod FCM\",\"isPartOf\":{\"@id\":\"https:\/\/acefootball.com\/da\/#website\"},\"primaryImageOfPage\":{\"@id\":\"https:\/\/acefootball.com\/da\/fodboldnyheder\/se-den-her-broendby-stiller-op-i-hyldesttroeje-mod-fcm\/#primaryimage\"},\"datePublished\":\"2021-05-04T10:54:44+00:00\",\"dateModified\":\"2021-05-04T10:54:45+00:00\",\"description\":\"Br\u00f8ndby har valgt at hylde en af klubbens st\u00f8rste legender med en speciel spilletr\u00f8je til kampen mod FC Midtjylland\",\"breadcrumb\":{\"@id\":\"https:\/\/acefootball.com\/da\/fodboldnyheder\/se-den-her-broendby-stiller-op-i-hyldesttroeje-mod-fcm\/#breadcrumb\"},\"inLanguage\":\"en-US\",\"potentialAction\":[{\"@type\":\"ReadAction\",\"target\":[\"https:\/\/acefootball.com\/da\/fodboldnyheder\/se-den-her-broendby-stiller-op-i-hyldesttroeje-mod-fcm\/\"]}]},{\"@type\":\"BreadcrumbList\",\"@id\":\"https:\/\/acefootball.com\/da\/fodboldnyheder\/se-den-her-broendby-stiller-op-i-hyldesttroeje-mod-fcm\/#breadcrumb\",\"itemListElement\":[{\"@type\":\"ListItem\",\"position\":1,\"name\":\"Home\",\"item\":\"https:\/\/acefootball.com\/da\/\"},{\"@type\":\"ListItem\",\"position\":2,\"name\":\"Se den her: Br\u00f8ndby stiller op i hyldesttr\u00f8je mod FCM\"}]},{\"@type\":\"Article\",\"@id\":\"https:\/\/acefootball.com\/da\/fodboldnyheder\/se-den-her-broendby-stiller-op-i-hyldesttroeje-mod-fcm\/#article\",\"isPartOf\":{\"@id\":\"https:\/\/acefootball.com\/da\/fodboldnyheder\/se-den-her-broendby-stiller-op-i-hyldesttroeje-mod-fcm\/#webpage\"},\"author\":{\"@id\":\"https:\/\/acefootball.com\/da\/#\/schema\/person\/ee67e9cf04a276f144100ffa722f10cd\"},\"headline\":\"Se den her: Br\u00f8ndby stiller op i hyldesttr\u00f8je mod FCM\",\"datePublished\":\"2021-05-04T10:54:44+00:00\",\"dateModified\":\"2021-05-04T10:54:45+00:00\",\"mainEntityOfPage\":{\"@id\":\"https:\/\/acefootball.com\/da\/fodboldnyheder\/se-den-her-broendby-stiller-op-i-hyldesttroeje-mod-fcm\/#webpage\"},\"wordCount\":120,\"commentCount\":0,\"publisher\":{\"@id\":\"https:\/\/acefootball.com\/da\/#organization\"},\"image\":{\"@id\":\"https:\/\/acefootball.com\/da\/fodboldnyheder\/se-den-her-broendby-stiller-op-i-hyldesttroeje-mod-fcm\/#primaryimage\"},\"thumbnailUrl\":\"https:\/\/acefootball.com\/da\/wp-content\/uploads\/sites\/2\/2021\/04\/GettyImages-1228749282.jpg\",\"keywords\":[\"Br\u00f8ndby IF\",\"Superligaen\"],\"articleSection\":[\"Nyhed\"],\"inLanguage\":\"en-US\",\"potentialAction\":[{\"@type\":\"CommentAction\",\"name\":\"Comment\",\"target\":[\"https:\/\/acefootball.com\/da\/fodboldnyheder\/se-den-her-broendby-stiller-op-i-hyldesttroeje-mod-fcm\/#respond\"]}]},{\"@type\":\"Person\",\"@id\":\"https:\/\/acefootball.com\/da\/#\/schema\/person\/ee67e9cf04a276f144100ffa722f10cd\",\"name\":\"Mads Dreyer\",\"image\":{\"@type\":\"ImageObject\",\"@id\":\"https:\/\/acefootball.com\/da\/#personlogo\",\"inLanguage\":\"en-US\",\"url\":\"https:\/\/secure.gravatar.com\/avatar\/7c7abf72cfde9902b6a60efe60c88d4c?s=96&d=mm&r=g\",\"contentUrl\":\"https:\/\/secure.gravatar.com\/avatar\/7c7abf72cfde9902b6a60efe60c88d4c?s=96&d=mm&r=g\",\"caption\":\"Mads Dreyer\"},\"description\":\"Skribent og fodboldn\u00f8rd, der lige nu fort\u00e6ller om alt og intet i fodboldverdenen p\u00e5 acefootball.com. Uddannet i kommunikation fra Aalborg Universitet.\",\"sameAs\":[\"https:\/\/www.linkedin.com\/in\/mads-dreyer-b9b08266\/\"],\"url\":\"https:\/\/acefootball.com\/da\/fodboldnyheder\/author\/mdnronaldo\/\"}]}<\/script>\n<!-- \/ Yoast SEO plugin. -->","yoast_head_json":{"title":"Se den her: Br\u00f8ndby stiller op i hyldesttr\u00f8je mod FCM","description":"Br\u00f8ndby har valgt at hylde en af klubbens st\u00f8rste legender med en speciel spilletr\u00f8je til kampen mod FC Midtjylland","robots":{"index":"index","follow":"follow","max-snippet":"max-snippet:-1","max-image-preview":"max-image-preview:large","max-video-preview":"max-video-preview:-1"},"canonical":"https:\/\/acefootball.com\/da\/fodboldnyheder\/se-den-her-broendby-stiller-op-i-hyldesttroeje-mod-fcm\/","og_locale":"en_US","og_type":"article","og_title":"Se den her: Br\u00f8ndby stiller op i hyldesttr\u00f8je mod FCM","og_description":"Br\u00f8ndby har valgt at hylde en af klubbens st\u00f8rste legender med en speciel spilletr\u00f8je til kampen mod FC Midtjylland","og_url":"https:\/\/acefootball.com\/da\/fodboldnyheder\/se-den-her-broendby-stiller-op-i-hyldesttroeje-mod-fcm\/","og_site_name":"Ace Football Danmark","article_publisher":"https:\/\/www.facebook.com\/acefootballdk","article_published_time":"2021-05-04T10:54:44+00:00","article_modified_time":"2021-05-04T10:54:45+00:00","og_image":[{"width":1920,"height":1008,"url":"https:\/\/acefootball.com\/da\/wp-content\/uploads\/sites\/2\/2021\/04\/Brondby-18-3.jpg","type":"image\/jpeg"}],"twitter_card":"summary_large_image","twitter_misc":{"Written by":"Mads Dreyer","Est. reading time":"1 minute"},"schema":{"@context":"https:\/\/schema.org","@graph":[{"@type":"Organization","@id":"https:\/\/acefootball.com\/da\/#organization","name":"Ace Football","url":"https:\/\/acefootball.com\/da\/","sameAs":["https:\/\/www.facebook.com\/acefootballdk"],"logo":{"@type":"ImageObject","@id":"https:\/\/acefootball.com\/da\/#logo","inLanguage":"en-US","url":"https:\/\/acefootball.com\/da\/wp-content\/uploads\/sites\/2\/2020\/07\/Ace-Football-30-07-2020-2.png","contentUrl":"https:\/\/acefootball.com\/da\/wp-content\/uploads\/sites\/2\/2020\/07\/Ace-Football-30-07-2020-2.png","width":1200,"height":600,"caption":"Ace Football"},"image":{"@id":"https:\/\/acefootball.com\/da\/#logo"}},{"@type":"WebSite","@id":"https:\/\/acefootball.com\/da\/#website","url":"https:\/\/acefootball.com\/da\/","name":"Ace Football Danmark","description":"Nyheder, Spiltips &amp; Livescore","publisher":{"@id":"https:\/\/acefootball.com\/da\/#organization"},"potentialAction":[{"@type":"SearchAction","target":{"@type":"EntryPoint","urlTemplate":"https:\/\/acefootball.com\/da\/?s={search_term_string}"},"query-input":"required name=search_term_string"}],"inLanguage":"en-US"},{"@type":"ImageObject","@id":"https:\/\/acefootball.com\/da\/fodboldnyheder\/se-den-her-broendby-stiller-op-i-hyldesttroeje-mod-fcm\/#primaryimage","inLanguage":"en-US","url":"https:\/\/acefootball.com\/da\/wp-content\/uploads\/sites\/2\/2021\/04\/Brondby-18-3.jpg","contentUrl":"https:\/\/acefootball.com\/da\/wp-content\/uploads\/sites\/2\/2021\/04\/Brondby-18-3.jpg","width":1920,"height":1008,"caption":"BRONDBY, DENMARK - SEPTEMBER 27: Sigurd Rosted, Jesper Lindstrom, Morten Frendrup and Kevin Mensah of Brondby IF celebrate after scoring their first goal during the Danish 3F Superliga match between Brondby IF and AC Horsens at Brondby Stadion on September 27, 2020 in Brondby, Denmark. (Photo by Lars Ronbog \/ FrontZoneSport via Getty Images)"},{"@type":"WebPage","@id":"https:\/\/acefootball.com\/da\/fodboldnyheder\/se-den-her-broendby-stiller-op-i-hyldesttroeje-mod-fcm\/#webpage","url":"https:\/\/acefootball.com\/da\/fodboldnyheder\/se-den-her-broendby-stiller-op-i-hyldesttroeje-mod-fcm\/","name":"Se den her: Br\u00f8ndby stiller op i hyldesttr\u00f8je mod FCM","isPartOf":{"@id":"https:\/\/acefootball.com\/da\/#website"},"primaryImageOfPage":{"@id":"https:\/\/acefootball.com\/da\/fodboldnyheder\/se-den-her-broendby-stiller-op-i-hyldesttroeje-mod-fcm\/#primaryimage"},"datePublished":"2021-05-04T10:54:44+00:00","dateModified":"2021-05-04T10:54:45+00:00","description":"Br\u00f8ndby har valgt at hylde en af klubbens st\u00f8rste legender med en speciel spilletr\u00f8je til kampen mod FC Midtjylland","breadcrumb":{"@id":"https:\/\/acefootball.com\/da\/fodboldnyheder\/se-den-her-broendby-stiller-op-i-hyldesttroeje-mod-fcm\/#breadcrumb"},"inLanguage":"en-US","potentialAction":[{"@type":"ReadAction","target":["https:\/\/acefootball.com\/da\/fodboldnyheder\/se-den-her-broendby-stiller-op-i-hyldesttroeje-mod-fcm\/"]}]},{"@type":"BreadcrumbList","@id":"https:\/\/acefootball.com\/da\/fodboldnyheder\/se-den-her-broendby-stiller-op-i-hyldesttroeje-mod-fcm\/#breadcrumb","itemListElement":[{"@type":"ListItem","position":1,"name":"Home","item":"https:\/\/acefootball.com\/da\/"},{"@type":"ListItem","position":2,"name":"Se den her: Br\u00f8ndby stiller op i hyldesttr\u00f8je mod FCM"}]},{"@type":"Article","@id":"https:\/\/acefootball.com\/da\/fodboldnyheder\/se-den-her-broendby-stiller-op-i-hyldesttroeje-mod-fcm\/#article","isPartOf":{"@id":"https:\/\/acefootball.com\/da\/fodboldnyheder\/se-den-her-broendby-stiller-op-i-hyldesttroeje-mod-fcm\/#webpage"},"author":{"@id":"https:\/\/acefootball.com\/da\/#\/schema\/person\/ee67e9cf04a276f144100ffa722f10cd"},"headline":"Se den her: Br\u00f8ndby stiller op i hyldesttr\u00f8je mod FCM","datePublished":"2021-05-04T10:54:44+00:00","dateModified":"2021-05-04T10:54:45+00:00","mainEntityOfPage":{"@id":"https:\/\/acefootball.com\/da\/fodboldnyheder\/se-den-her-broendby-stiller-op-i-hyldesttroeje-mod-fcm\/#webpage"},"wordCount":120,"commentCount":0,"publisher":{"@id":"https:\/\/acefootball.com\/da\/#organization"},"image":{"@id":"https:\/\/acefootball.com\/da\/fodboldnyheder\/se-den-her-broendby-stiller-op-i-hyldesttroeje-mod-fcm\/#primaryimage"},"thumbnailUrl":"https:\/\/acefootball.com\/da\/wp-content\/uploads\/sites\/2\/2021\/04\/GettyImages-1228749282.jpg","keywords":["Br\u00f8ndby IF","Superligaen"],"articleSection":["Nyhed"],"inLanguage":"en-US","potentialAction":[{"@type":"CommentAction","name":"Comment","target":["https:\/\/acefootball.com\/da\/fodboldnyheder\/se-den-her-broendby-stiller-op-i-hyldesttroeje-mod-fcm\/#respond"]}]},{"@type":"Person","@id":"https:\/\/acefootball.com\/da\/#\/schema\/person\/ee67e9cf04a276f144100ffa722f10cd","name":"Mads Dreyer","image":{"@type":"ImageObject","@id":"https:\/\/acefootball.com\/da\/#personlogo","inLanguage":"en-US","url":"https:\/\/secure.gravatar.com\/avatar\/7c7abf72cfde9902b6a60efe60c88d4c?s=96&d=mm&r=g","contentUrl":"https:\/\/secure.gravatar.com\/avatar\/7c7abf72cfde9902b6a60efe60c88d4c?s=96&d=mm&r=g","caption":"Mads Dreyer"},"description":"Skribent og fodboldn\u00f8rd, der lige nu fort\u00e6ller om alt og intet i fodboldverdenen p\u00e5 acefootball.com. Uddannet i kommunikation fra Aalborg Universitet.","sameAs":["https:\/\/www.linkedin.com\/in\/mads-dreyer-b9b08266\/"],"url":"https:\/\/acefootball.com\/da\/fodboldnyheder\/author\/mdnronaldo\/"}]}},"fimg_url":"https:\/\/acefootball.com\/da\/wp-content\/uploads\/sites\/2\/2021\/04\/GettyImages-1228749282.jpg","_links":{"self":[{"href":"https:\/\/acefootball.com\/da\/wp-json\/wp\/v2\/posts\/257618"}],"collection":[{"href":"https:\/\/acefootball.com\/da\/wp-json\/wp\/v2\/posts"}],"about":[{"href":"https:\/\/acefootball.com\/da\/wp-json\/wp\/v2\/types\/post"}],"author":[{"embeddable":true,"href":"https:\/\/acefootball.com\/da\/wp-json\/wp\/v2\/users\/705"}],"replies":[{"embeddable":true,"href":"https:\/\/acefootball.com\/da\/wp-json\/wp\/v2\/comments?post=257618"}],"version-history":[{"count":0,"href":"https:\/\/acefootball.com\/da\/wp-json\/wp\/v2\/posts\/257618\/revisions"}],"wp:featuredmedia":[{"embeddable":true,"href":"https:\/\/acefootball.com\/da\/wp-json\/wp\/v2\/media\/257160"}],"wp:attachment":[{"href":"https:\/\/acefootball.com\/da\/wp-json\/wp\/v2\/media?parent=257618"}],"wp:term":[{"taxonomy":"category","embeddable":true,"href":"https:\/\/acefootball.com\/da\/wp-json\/wp\/v2\/categories?post=257618"},{"taxonomy":"post_tag","embeddable":true,"href":"https:\/\/acefootball.com\/da\/wp-json\/wp\/v2\/tags?post=257618"}],"curies":[{"name":"wp","href":"https:\/\/api.w.org\/{rel}","templated":true}]}}