{"id":257585,"date":"2021-05-03T13:21:53","date_gmt":"2021-05-03T11:21:53","guid":{"rendered":"https:\/\/acefootball.com\/da\/?p=257585"},"modified":"2021-05-03T13:21:54","modified_gmt":"2021-05-03T11:21:54","slug":"schmeichel-slagter-united-fans-virkeligt-skuffende","status":"publish","type":"post","link":"https:\/\/acefootball.com\/da\/fodboldnyheder\/schmeichel-slagter-united-fans-virkeligt-skuffende\/","title":{"rendered":"Schmeichel slagter United-fans: Virkeligt skuffende"},"content":{"rendered":"\n<h2 id=\"h-peter-schmeichel-er-slet-ikke-tilfreds-med-den-m-de-en-gruppe-manchester-united-fans-spolerede-demonstrationen-p-old-trafford\">Peter Schmeichel er slet ikke tilfreds med den m\u00e5de, en gruppe Manchester United-fans spolerede demonstrationen p\u00e5 Old Trafford<\/h2>\n\n\n\n<p>S\u00f8ndagens kamp mellem Manchester United og Liverpool m\u00e5tte aflyses, da en stor flok af hjemmeholdets tilh\u00e6ngere stormede banen i protest mod klubbens ejere.<\/p>\n\n\n\n<p>Demonstrationen forl\u00f8b overvejende fredeligt, men i de forskellige medier kan man ogs\u00e5 l\u00e6se om episoder med b\u00e5de h\u00e6rv\u00e6rk og vold mod politifolk.<\/p>\n\n\n\n<p>De f\u00e5 ballademagere f\u00e5r en h\u00e5rd medfart af Peter Schmeichel, som er skuffet over tingenes udvikling.<\/p>\n\n\n\n<p>&#8220;Jeg var ikke glad. Jeg t\u00e6nkte, at der igen er nogle f\u00e5, som \u00f8del\u00e6gger det for os andre. Manchester Uniteds fangruppe opfordrede til en fredelig demonstration, da enhver aggressivitet ville give bagslag,&#8221; udtalte Schmeichel i tv-showet &#8216;Good Morning Britain&#8217;.<\/p>\n\n\n\n<p>&#8220;De sagde ogs\u00e5, at man ikke skulle g\u00f8re noget for at p\u00e5virke holdet eller klubben, men igen er det nogle f\u00e5, der \u00f8del\u00e6gger det for alle. Det er virkeligt skuffende.<\/p>\n\n\n\n<p>Peter Schmeichel opfordrer nu til, at man i stedet g\u00e5r i dialog med ejerne for at finde en f\u00e6lles l\u00f8sning.<\/p>\n\n\n\n<p>&#8220;Jeg ville meget hellere pr\u00f8ve at samarbejde med ejerne for at se, om det er muligt at f\u00e5 dem til at forst\u00e5, hvad klubben best\u00e5r af.&#8221;<\/p>\n\n\n\n<p>Det er endnu usikkert, hvorn\u00e5r kampen mellem Manchester United og Liverpool kan spilles i det i forvejen pressede kampprogram.<\/p>\n","protected":false},"excerpt":{"rendered":"<p>Peter Schmeichel er slet ikke tilfreds med den m\u00e5de, en gruppe Manchester United-fans spolerede demonstrationen p\u00e5 Old Trafford<\/p>\n","protected":false},"author":705,"featured_media":253311,"comment_status":"open","ping_status":"closed","sticky":false,"template":"","format":"standard","meta":{"om_disable_all_campaigns":false,"push_articles_ronaldo":{"active":false,"canonical":0,"publish":false},"force_updates":null},"categories":[8204],"tags":[126,1573,134],"enet_tags":{"team":["10260"],"league":["47"],"sport_events":[]},"yoast_head":"<!-- This site is optimized with the Yoast SEO plugin v18.3 - https:\/\/yoast.com\/wordpress\/plugins\/seo\/ -->\n<title>Schmeichel slagter United-fans: Virkeligt skuffende<\/title>\n<meta name=\"description\" content=\"Peter Schmeichel er slet ikke tilfreds med den m\u00e5de, en gruppe Manchester United-fans spolerede demonstrationen p\u00e5 Old Trafford\" \/>\n<meta name=\"robots\" content=\"index, follow, max-snippet:-1, max-image-preview:large, max-video-preview:-1\" \/>\n<link rel=\"canonical\" href=\"https:\/\/acefootball.com\/da\/fodboldnyheder\/schmeichel-slagter-united-fans-virkeligt-skuffende\/\" \/>\n<meta property=\"og:locale\" content=\"en_US\" \/>\n<meta property=\"og:type\" content=\"article\" \/>\n<meta property=\"og:title\" content=\"Schmeichel slagter United-fans: Virkeligt skuffende\" \/>\n<meta property=\"og:description\" content=\"Peter Schmeichel er slet ikke tilfreds med den m\u00e5de, en gruppe Manchester United-fans spolerede demonstrationen p\u00e5 Old Trafford\" \/>\n<meta property=\"og:url\" content=\"https:\/\/acefootball.com\/da\/fodboldnyheder\/schmeichel-slagter-united-fans-virkeligt-skuffende\/\" \/>\n<meta property=\"og:site_name\" content=\"Ace Football Danmark\" \/>\n<meta property=\"article:publisher\" content=\"https:\/\/www.facebook.com\/acefootballdk\" \/>\n<meta property=\"article:published_time\" content=\"2021-05-03T11:21:53+00:00\" \/>\n<meta property=\"article:modified_time\" content=\"2021-05-03T11:21:54+00:00\" \/>\n<meta property=\"og:image\" content=\"https:\/\/acefootball.com\/da\/wp-content\/uploads\/sites\/2\/2021\/05\/Laes-mere-generel-2021-05-03T132109.944.jpg\" \/>\n\t<meta property=\"og:image:width\" content=\"1920\" \/>\n\t<meta property=\"og:image:height\" content=\"1008\" \/>\n\t<meta property=\"og:image:type\" content=\"image\/jpeg\" \/>\n<meta name=\"twitter:card\" content=\"summary_large_image\" \/>\n<meta name=\"twitter:label1\" content=\"Written by\" \/>\n\t<meta name=\"twitter:data1\" content=\"Mads Dreyer\" \/>\n\t<meta name=\"twitter:label2\" content=\"Est. reading time\" \/>\n\t<meta name=\"twitter:data2\" content=\"1 minute\" \/>\n<script type=\"application\/ld+json\" class=\"yoast-schema-graph\">{\"@context\":\"https:\/\/schema.org\",\"@graph\":[{\"@type\":\"Organization\",\"@id\":\"https:\/\/acefootball.com\/da\/#organization\",\"name\":\"Ace Football\",\"url\":\"https:\/\/acefootball.com\/da\/\",\"sameAs\":[\"https:\/\/www.facebook.com\/acefootballdk\"],\"logo\":{\"@type\":\"ImageObject\",\"@id\":\"https:\/\/acefootball.com\/da\/#logo\",\"inLanguage\":\"en-US\",\"url\":\"https:\/\/acefootball.com\/da\/wp-content\/uploads\/sites\/2\/2020\/07\/Ace-Football-30-07-2020-2.png\",\"contentUrl\":\"https:\/\/acefootball.com\/da\/wp-content\/uploads\/sites\/2\/2020\/07\/Ace-Football-30-07-2020-2.png\",\"width\":1200,\"height\":600,\"caption\":\"Ace Football\"},\"image\":{\"@id\":\"https:\/\/acefootball.com\/da\/#logo\"}},{\"@type\":\"WebSite\",\"@id\":\"https:\/\/acefootball.com\/da\/#website\",\"url\":\"https:\/\/acefootball.com\/da\/\",\"name\":\"Ace Football Danmark\",\"description\":\"Nyheder, Spiltips &amp; Livescore\",\"publisher\":{\"@id\":\"https:\/\/acefootball.com\/da\/#organization\"},\"potentialAction\":[{\"@type\":\"SearchAction\",\"target\":{\"@type\":\"EntryPoint\",\"urlTemplate\":\"https:\/\/acefootball.com\/da\/?s={search_term_string}\"},\"query-input\":\"required name=search_term_string\"}],\"inLanguage\":\"en-US\"},{\"@type\":\"ImageObject\",\"@id\":\"https:\/\/acefootball.com\/da\/fodboldnyheder\/schmeichel-slagter-united-fans-virkeligt-skuffende\/#primaryimage\",\"inLanguage\":\"en-US\",\"url\":\"https:\/\/acefootball.com\/da\/wp-content\/uploads\/sites\/2\/2021\/05\/Laes-mere-generel-2021-05-03T132109.944.jpg\",\"contentUrl\":\"https:\/\/acefootball.com\/da\/wp-content\/uploads\/sites\/2\/2021\/05\/Laes-mere-generel-2021-05-03T132109.944.jpg\",\"width\":1920,\"height\":1008,\"caption\":\"schmeichel\"},{\"@type\":\"WebPage\",\"@id\":\"https:\/\/acefootball.com\/da\/fodboldnyheder\/schmeichel-slagter-united-fans-virkeligt-skuffende\/#webpage\",\"url\":\"https:\/\/acefootball.com\/da\/fodboldnyheder\/schmeichel-slagter-united-fans-virkeligt-skuffende\/\",\"name\":\"Schmeichel slagter United-fans: Virkeligt skuffende\",\"isPartOf\":{\"@id\":\"https:\/\/acefootball.com\/da\/#website\"},\"primaryImageOfPage\":{\"@id\":\"https:\/\/acefootball.com\/da\/fodboldnyheder\/schmeichel-slagter-united-fans-virkeligt-skuffende\/#primaryimage\"},\"datePublished\":\"2021-05-03T11:21:53+00:00\",\"dateModified\":\"2021-05-03T11:21:54+00:00\",\"description\":\"Peter Schmeichel er slet ikke tilfreds med den m\u00e5de, en gruppe Manchester United-fans spolerede demonstrationen p\u00e5 Old Trafford\",\"breadcrumb\":{\"@id\":\"https:\/\/acefootball.com\/da\/fodboldnyheder\/schmeichel-slagter-united-fans-virkeligt-skuffende\/#breadcrumb\"},\"inLanguage\":\"en-US\",\"potentialAction\":[{\"@type\":\"ReadAction\",\"target\":[\"https:\/\/acefootball.com\/da\/fodboldnyheder\/schmeichel-slagter-united-fans-virkeligt-skuffende\/\"]}]},{\"@type\":\"BreadcrumbList\",\"@id\":\"https:\/\/acefootball.com\/da\/fodboldnyheder\/schmeichel-slagter-united-fans-virkeligt-skuffende\/#breadcrumb\",\"itemListElement\":[{\"@type\":\"ListItem\",\"position\":1,\"name\":\"Home\",\"item\":\"https:\/\/acefootball.com\/da\/\"},{\"@type\":\"ListItem\",\"position\":2,\"name\":\"Schmeichel slagter United-fans: Virkeligt skuffende\"}]},{\"@type\":\"Article\",\"@id\":\"https:\/\/acefootball.com\/da\/fodboldnyheder\/schmeichel-slagter-united-fans-virkeligt-skuffende\/#article\",\"isPartOf\":{\"@id\":\"https:\/\/acefootball.com\/da\/fodboldnyheder\/schmeichel-slagter-united-fans-virkeligt-skuffende\/#webpage\"},\"author\":{\"@id\":\"https:\/\/acefootball.com\/da\/#\/schema\/person\/ee67e9cf04a276f144100ffa722f10cd\"},\"headline\":\"Schmeichel slagter United-fans: Virkeligt skuffende\",\"datePublished\":\"2021-05-03T11:21:53+00:00\",\"dateModified\":\"2021-05-03T11:21:54+00:00\",\"mainEntityOfPage\":{\"@id\":\"https:\/\/acefootball.com\/da\/fodboldnyheder\/schmeichel-slagter-united-fans-virkeligt-skuffende\/#webpage\"},\"wordCount\":240,\"commentCount\":0,\"publisher\":{\"@id\":\"https:\/\/acefootball.com\/da\/#organization\"},\"image\":{\"@id\":\"https:\/\/acefootball.com\/da\/fodboldnyheder\/schmeichel-slagter-united-fans-virkeligt-skuffende\/#primaryimage\"},\"thumbnailUrl\":\"https:\/\/acefootball.com\/da\/wp-content\/uploads\/sites\/2\/2021\/03\/GettyImages-1629572.jpg\",\"keywords\":[\"Manchester United\",\"Peter Schmeichel\",\"Premier League\"],\"articleSection\":[\"Udtalelse\"],\"inLanguage\":\"en-US\",\"potentialAction\":[{\"@type\":\"CommentAction\",\"name\":\"Comment\",\"target\":[\"https:\/\/acefootball.com\/da\/fodboldnyheder\/schmeichel-slagter-united-fans-virkeligt-skuffende\/#respond\"]}]},{\"@type\":\"Person\",\"@id\":\"https:\/\/acefootball.com\/da\/#\/schema\/person\/ee67e9cf04a276f144100ffa722f10cd\",\"name\":\"Mads Dreyer\",\"image\":{\"@type\":\"ImageObject\",\"@id\":\"https:\/\/acefootball.com\/da\/#personlogo\",\"inLanguage\":\"en-US\",\"url\":\"https:\/\/secure.gravatar.com\/avatar\/7c7abf72cfde9902b6a60efe60c88d4c?s=96&d=mm&r=g\",\"contentUrl\":\"https:\/\/secure.gravatar.com\/avatar\/7c7abf72cfde9902b6a60efe60c88d4c?s=96&d=mm&r=g\",\"caption\":\"Mads Dreyer\"},\"description\":\"Skribent og fodboldn\u00f8rd, der lige nu fort\u00e6ller om alt og intet i fodboldverdenen p\u00e5 acefootball.com. Uddannet i kommunikation fra Aalborg Universitet.\",\"sameAs\":[\"https:\/\/www.linkedin.com\/in\/mads-dreyer-b9b08266\/\"],\"url\":\"https:\/\/acefootball.com\/da\/fodboldnyheder\/author\/mdnronaldo\/\"}]}<\/script>\n<!-- \/ Yoast SEO plugin. -->","yoast_head_json":{"title":"Schmeichel slagter United-fans: Virkeligt skuffende","description":"Peter Schmeichel er slet ikke tilfreds med den m\u00e5de, en gruppe Manchester United-fans spolerede demonstrationen p\u00e5 Old Trafford","robots":{"index":"index","follow":"follow","max-snippet":"max-snippet:-1","max-image-preview":"max-image-preview:large","max-video-preview":"max-video-preview:-1"},"canonical":"https:\/\/acefootball.com\/da\/fodboldnyheder\/schmeichel-slagter-united-fans-virkeligt-skuffende\/","og_locale":"en_US","og_type":"article","og_title":"Schmeichel slagter United-fans: Virkeligt skuffende","og_description":"Peter Schmeichel er slet ikke tilfreds med den m\u00e5de, en gruppe Manchester United-fans spolerede demonstrationen p\u00e5 Old Trafford","og_url":"https:\/\/acefootball.com\/da\/fodboldnyheder\/schmeichel-slagter-united-fans-virkeligt-skuffende\/","og_site_name":"Ace Football Danmark","article_publisher":"https:\/\/www.facebook.com\/acefootballdk","article_published_time":"2021-05-03T11:21:53+00:00","article_modified_time":"2021-05-03T11:21:54+00:00","og_image":[{"width":1920,"height":1008,"url":"https:\/\/acefootball.com\/da\/wp-content\/uploads\/sites\/2\/2021\/05\/Laes-mere-generel-2021-05-03T132109.944.jpg","type":"image\/jpeg"}],"twitter_card":"summary_large_image","twitter_misc":{"Written by":"Mads Dreyer","Est. reading time":"1 minute"},"schema":{"@context":"https:\/\/schema.org","@graph":[{"@type":"Organization","@id":"https:\/\/acefootball.com\/da\/#organization","name":"Ace Football","url":"https:\/\/acefootball.com\/da\/","sameAs":["https:\/\/www.facebook.com\/acefootballdk"],"logo":{"@type":"ImageObject","@id":"https:\/\/acefootball.com\/da\/#logo","inLanguage":"en-US","url":"https:\/\/acefootball.com\/da\/wp-content\/uploads\/sites\/2\/2020\/07\/Ace-Football-30-07-2020-2.png","contentUrl":"https:\/\/acefootball.com\/da\/wp-content\/uploads\/sites\/2\/2020\/07\/Ace-Football-30-07-2020-2.png","width":1200,"height":600,"caption":"Ace Football"},"image":{"@id":"https:\/\/acefootball.com\/da\/#logo"}},{"@type":"WebSite","@id":"https:\/\/acefootball.com\/da\/#website","url":"https:\/\/acefootball.com\/da\/","name":"Ace Football Danmark","description":"Nyheder, Spiltips &amp; Livescore","publisher":{"@id":"https:\/\/acefootball.com\/da\/#organization"},"potentialAction":[{"@type":"SearchAction","target":{"@type":"EntryPoint","urlTemplate":"https:\/\/acefootball.com\/da\/?s={search_term_string}"},"query-input":"required name=search_term_string"}],"inLanguage":"en-US"},{"@type":"ImageObject","@id":"https:\/\/acefootball.com\/da\/fodboldnyheder\/schmeichel-slagter-united-fans-virkeligt-skuffende\/#primaryimage","inLanguage":"en-US","url":"https:\/\/acefootball.com\/da\/wp-content\/uploads\/sites\/2\/2021\/05\/Laes-mere-generel-2021-05-03T132109.944.jpg","contentUrl":"https:\/\/acefootball.com\/da\/wp-content\/uploads\/sites\/2\/2021\/05\/Laes-mere-generel-2021-05-03T132109.944.jpg","width":1920,"height":1008,"caption":"schmeichel"},{"@type":"WebPage","@id":"https:\/\/acefootball.com\/da\/fodboldnyheder\/schmeichel-slagter-united-fans-virkeligt-skuffende\/#webpage","url":"https:\/\/acefootball.com\/da\/fodboldnyheder\/schmeichel-slagter-united-fans-virkeligt-skuffende\/","name":"Schmeichel slagter United-fans: Virkeligt skuffende","isPartOf":{"@id":"https:\/\/acefootball.com\/da\/#website"},"primaryImageOfPage":{"@id":"https:\/\/acefootball.com\/da\/fodboldnyheder\/schmeichel-slagter-united-fans-virkeligt-skuffende\/#primaryimage"},"datePublished":"2021-05-03T11:21:53+00:00","dateModified":"2021-05-03T11:21:54+00:00","description":"Peter Schmeichel er slet ikke tilfreds med den m\u00e5de, en gruppe Manchester United-fans spolerede demonstrationen p\u00e5 Old Trafford","breadcrumb":{"@id":"https:\/\/acefootball.com\/da\/fodboldnyheder\/schmeichel-slagter-united-fans-virkeligt-skuffende\/#breadcrumb"},"inLanguage":"en-US","potentialAction":[{"@type":"ReadAction","target":["https:\/\/acefootball.com\/da\/fodboldnyheder\/schmeichel-slagter-united-fans-virkeligt-skuffende\/"]}]},{"@type":"BreadcrumbList","@id":"https:\/\/acefootball.com\/da\/fodboldnyheder\/schmeichel-slagter-united-fans-virkeligt-skuffende\/#breadcrumb","itemListElement":[{"@type":"ListItem","position":1,"name":"Home","item":"https:\/\/acefootball.com\/da\/"},{"@type":"ListItem","position":2,"name":"Schmeichel slagter United-fans: Virkeligt skuffende"}]},{"@type":"Article","@id":"https:\/\/acefootball.com\/da\/fodboldnyheder\/schmeichel-slagter-united-fans-virkeligt-skuffende\/#article","isPartOf":{"@id":"https:\/\/acefootball.com\/da\/fodboldnyheder\/schmeichel-slagter-united-fans-virkeligt-skuffende\/#webpage"},"author":{"@id":"https:\/\/acefootball.com\/da\/#\/schema\/person\/ee67e9cf04a276f144100ffa722f10cd"},"headline":"Schmeichel slagter United-fans: Virkeligt skuffende","datePublished":"2021-05-03T11:21:53+00:00","dateModified":"2021-05-03T11:21:54+00:00","mainEntityOfPage":{"@id":"https:\/\/acefootball.com\/da\/fodboldnyheder\/schmeichel-slagter-united-fans-virkeligt-skuffende\/#webpage"},"wordCount":240,"commentCount":0,"publisher":{"@id":"https:\/\/acefootball.com\/da\/#organization"},"image":{"@id":"https:\/\/acefootball.com\/da\/fodboldnyheder\/schmeichel-slagter-united-fans-virkeligt-skuffende\/#primaryimage"},"thumbnailUrl":"https:\/\/acefootball.com\/da\/wp-content\/uploads\/sites\/2\/2021\/03\/GettyImages-1629572.jpg","keywords":["Manchester United","Peter Schmeichel","Premier League"],"articleSection":["Udtalelse"],"inLanguage":"en-US","potentialAction":[{"@type":"CommentAction","name":"Comment","target":["https:\/\/acefootball.com\/da\/fodboldnyheder\/schmeichel-slagter-united-fans-virkeligt-skuffende\/#respond"]}]},{"@type":"Person","@id":"https:\/\/acefootball.com\/da\/#\/schema\/person\/ee67e9cf04a276f144100ffa722f10cd","name":"Mads Dreyer","image":{"@type":"ImageObject","@id":"https:\/\/acefootball.com\/da\/#personlogo","inLanguage":"en-US","url":"https:\/\/secure.gravatar.com\/avatar\/7c7abf72cfde9902b6a60efe60c88d4c?s=96&d=mm&r=g","contentUrl":"https:\/\/secure.gravatar.com\/avatar\/7c7abf72cfde9902b6a60efe60c88d4c?s=96&d=mm&r=g","caption":"Mads Dreyer"},"description":"Skribent og fodboldn\u00f8rd, der lige nu fort\u00e6ller om alt og intet i fodboldverdenen p\u00e5 acefootball.com. Uddannet i kommunikation fra Aalborg Universitet.","sameAs":["https:\/\/www.linkedin.com\/in\/mads-dreyer-b9b08266\/"],"url":"https:\/\/acefootball.com\/da\/fodboldnyheder\/author\/mdnronaldo\/"}]}},"fimg_url":"https:\/\/acefootball.com\/da\/wp-content\/uploads\/sites\/2\/2021\/03\/GettyImages-1629572.jpg","_links":{"self":[{"href":"https:\/\/acefootball.com\/da\/wp-json\/wp\/v2\/posts\/257585"}],"collection":[{"href":"https:\/\/acefootball.com\/da\/wp-json\/wp\/v2\/posts"}],"about":[{"href":"https:\/\/acefootball.com\/da\/wp-json\/wp\/v2\/types\/post"}],"author":[{"embeddable":true,"href":"https:\/\/acefootball.com\/da\/wp-json\/wp\/v2\/users\/705"}],"replies":[{"embeddable":true,"href":"https:\/\/acefootball.com\/da\/wp-json\/wp\/v2\/comments?post=257585"}],"version-history":[{"count":0,"href":"https:\/\/acefootball.com\/da\/wp-json\/wp\/v2\/posts\/257585\/revisions"}],"wp:featuredmedia":[{"embeddable":true,"href":"https:\/\/acefootball.com\/da\/wp-json\/wp\/v2\/media\/253311"}],"wp:attachment":[{"href":"https:\/\/acefootball.com\/da\/wp-json\/wp\/v2\/media?parent=257585"}],"wp:term":[{"taxonomy":"category","embeddable":true,"href":"https:\/\/acefootball.com\/da\/wp-json\/wp\/v2\/categories?post=257585"},{"taxonomy":"post_tag","embeddable":true,"href":"https:\/\/acefootball.com\/da\/wp-json\/wp\/v2\/tags?post=257585"}],"curies":[{"name":"wp","href":"https:\/\/api.w.org\/{rel}","templated":true}]}}