{"id":257579,"date":"2021-05-03T11:02:08","date_gmt":"2021-05-03T09:02:08","guid":{"rendered":"https:\/\/acefootball.com\/da\/?p=257579"},"modified":"2021-05-03T11:02:09","modified_gmt":"2021-05-03T09:02:09","slug":"avis-afsloerer-derfor-blev-slimane-vraget","status":"publish","type":"post","link":"https:\/\/acefootball.com\/da\/fodboldnyheder\/avis-afsloerer-derfor-blev-slimane-vraget\/","title":{"rendered":"Avis afsl\u00f8rer: Derfor blev Slimane vraget"},"content":{"rendered":"\n<h2 id=\"h-anis-ben-slimane-var-af-disciplin-re-rsager-ikke-en-del-af-br-ndby-truppen-til-s-ndagens-kamp-mod-randers\">Anis Ben Slimane var af disciplin\u00e6re \u00e5rsager ikke en del af Br\u00f8ndby-truppen til s\u00f8ndagens kamp mod Randers<\/h2>\n\n\n\n<p>Der har v\u00e6ret fremgang at spore hos Anis Ben Slimane p\u00e5 det seneste, hvor Br\u00f8ndby-talentet har budt ind med b\u00e5de m\u00e5l og assist, men alligevel var han ikke at finde i truppen til s\u00f8ndagens kamp mod Randers.<\/p>\n\n\n\n<p>Det forklarede cheftr\u00e6ner Niels Frederiksen med disciplin\u00e6re problemer &#8211; uden at give den specifikke \u00e5rsag &#8211; mens han forsikrede, at Slimane kunne v\u00e6re tilbage til braget mod FC Midtjylland.<\/p>\n\n\n\n<p>&#8220;Det er korrekt, at vi lod Anis blive hjemme fra weekendens kamp mod Randers FC, men nu har vi trukket en streg i sandet, og han er i spil til s\u00f8ndagens kamp p\u00e5 lige fod med de \u00f8vrige spillere i truppen,&#8221; l\u00f8d det fra Br\u00f8ndby-tr\u00e6neren if\u00f8lge <a href=\"https:\/\/www.bt.dk\/superligaen\/broendby-chef-straffede-slimane-for-at-komme-for-sent\" target=\"_blank\" rel=\"noreferrer noopener\">B.T.<\/a><\/p>\n\n\n\n<p>Nu kan samme medie dog afsl\u00f8re, at Slimane blev vraget, da han kom en halv time for sent til l\u00f8rdagens tr\u00e6ning, og der derfor blev statueret et eksempel.<\/p>\n\n\n\n<p>Anis Ben Slimane kom ogs\u00e5 p\u00e5 kant med de interne regler tidligere p\u00e5 s\u00e6sonen, da han var til stede til en ulovlig fest.<\/p>\n","protected":false},"excerpt":{"rendered":"<p>Anis Ben Slimane var af disciplin\u00e6re \u00e5rsager ikke en del af Br\u00f8ndby-truppen til s\u00f8ndagens kamp mod Randers<\/p>\n","protected":false},"author":705,"featured_media":246690,"comment_status":"open","ping_status":"closed","sticky":false,"template":"","format":"standard","meta":{"om_disable_all_campaigns":false,"push_articles_ronaldo":{"active":false,"canonical":0,"publish":false},"force_updates":null},"categories":[1],"tags":[8211,53,588],"enet_tags":{"player":["1055316"],"team":["8595"],"league":["46"],"sport_events":[]},"yoast_head":"<!-- This site is optimized with the Yoast SEO plugin v18.3 - https:\/\/yoast.com\/wordpress\/plugins\/seo\/ -->\n<title>Avis afsl\u00f8rer: Derfor blev Slimane vraget<\/title>\n<meta name=\"description\" content=\"Anis Ben Slimane var af disciplin\u00e6re \u00e5rsager ikke en del af Br\u00f8ndby-truppen til s\u00f8ndagens kamp mod Randers\" \/>\n<meta name=\"robots\" content=\"index, follow, max-snippet:-1, max-image-preview:large, max-video-preview:-1\" \/>\n<link rel=\"canonical\" href=\"https:\/\/acefootball.com\/da\/fodboldnyheder\/avis-afsloerer-derfor-blev-slimane-vraget\/\" \/>\n<meta property=\"og:locale\" content=\"en_US\" \/>\n<meta property=\"og:type\" content=\"article\" \/>\n<meta property=\"og:title\" content=\"Avis afsl\u00f8rer: Derfor blev Slimane vraget\" \/>\n<meta property=\"og:description\" content=\"Anis Ben Slimane var af disciplin\u00e6re \u00e5rsager ikke en del af Br\u00f8ndby-truppen til s\u00f8ndagens kamp mod Randers\" \/>\n<meta property=\"og:url\" content=\"https:\/\/acefootball.com\/da\/fodboldnyheder\/avis-afsloerer-derfor-blev-slimane-vraget\/\" \/>\n<meta property=\"og:site_name\" content=\"Ace Football Danmark\" \/>\n<meta property=\"article:publisher\" content=\"https:\/\/www.facebook.com\/acefootballdk\" \/>\n<meta property=\"article:published_time\" content=\"2021-05-03T09:02:08+00:00\" \/>\n<meta property=\"article:modified_time\" content=\"2021-05-03T09:02:09+00:00\" \/>\n<meta property=\"og:image\" content=\"https:\/\/acefootball.com\/da\/wp-content\/uploads\/sites\/2\/2021\/01\/Brondby-28.jpg\" \/>\n\t<meta property=\"og:image:width\" content=\"1920\" \/>\n\t<meta property=\"og:image:height\" content=\"1008\" \/>\n\t<meta property=\"og:image:type\" content=\"image\/jpeg\" \/>\n<meta name=\"twitter:card\" content=\"summary_large_image\" \/>\n<meta name=\"twitter:label1\" content=\"Written by\" \/>\n\t<meta name=\"twitter:data1\" content=\"Mads Dreyer\" \/>\n\t<meta name=\"twitter:label2\" content=\"Est. reading time\" \/>\n\t<meta name=\"twitter:data2\" content=\"1 minute\" \/>\n<script type=\"application\/ld+json\" class=\"yoast-schema-graph\">{\"@context\":\"https:\/\/schema.org\",\"@graph\":[{\"@type\":\"Organization\",\"@id\":\"https:\/\/acefootball.com\/da\/#organization\",\"name\":\"Ace Football\",\"url\":\"https:\/\/acefootball.com\/da\/\",\"sameAs\":[\"https:\/\/www.facebook.com\/acefootballdk\"],\"logo\":{\"@type\":\"ImageObject\",\"@id\":\"https:\/\/acefootball.com\/da\/#logo\",\"inLanguage\":\"en-US\",\"url\":\"https:\/\/acefootball.com\/da\/wp-content\/uploads\/sites\/2\/2020\/07\/Ace-Football-30-07-2020-2.png\",\"contentUrl\":\"https:\/\/acefootball.com\/da\/wp-content\/uploads\/sites\/2\/2020\/07\/Ace-Football-30-07-2020-2.png\",\"width\":1200,\"height\":600,\"caption\":\"Ace Football\"},\"image\":{\"@id\":\"https:\/\/acefootball.com\/da\/#logo\"}},{\"@type\":\"WebSite\",\"@id\":\"https:\/\/acefootball.com\/da\/#website\",\"url\":\"https:\/\/acefootball.com\/da\/\",\"name\":\"Ace Football Danmark\",\"description\":\"Nyheder, Spiltips &amp; Livescore\",\"publisher\":{\"@id\":\"https:\/\/acefootball.com\/da\/#organization\"},\"potentialAction\":[{\"@type\":\"SearchAction\",\"target\":{\"@type\":\"EntryPoint\",\"urlTemplate\":\"https:\/\/acefootball.com\/da\/?s={search_term_string}\"},\"query-input\":\"required name=search_term_string\"}],\"inLanguage\":\"en-US\"},{\"@type\":\"ImageObject\",\"@id\":\"https:\/\/acefootball.com\/da\/fodboldnyheder\/avis-afsloerer-derfor-blev-slimane-vraget\/#primaryimage\",\"inLanguage\":\"en-US\",\"url\":\"https:\/\/acefootball.com\/da\/wp-content\/uploads\/sites\/2\/2021\/01\/Brondby-28.jpg\",\"contentUrl\":\"https:\/\/acefootball.com\/da\/wp-content\/uploads\/sites\/2\/2021\/01\/Brondby-28.jpg\",\"width\":1920,\"height\":1008},{\"@type\":\"WebPage\",\"@id\":\"https:\/\/acefootball.com\/da\/fodboldnyheder\/avis-afsloerer-derfor-blev-slimane-vraget\/#webpage\",\"url\":\"https:\/\/acefootball.com\/da\/fodboldnyheder\/avis-afsloerer-derfor-blev-slimane-vraget\/\",\"name\":\"Avis afsl\u00f8rer: Derfor blev Slimane vraget\",\"isPartOf\":{\"@id\":\"https:\/\/acefootball.com\/da\/#website\"},\"primaryImageOfPage\":{\"@id\":\"https:\/\/acefootball.com\/da\/fodboldnyheder\/avis-afsloerer-derfor-blev-slimane-vraget\/#primaryimage\"},\"datePublished\":\"2021-05-03T09:02:08+00:00\",\"dateModified\":\"2021-05-03T09:02:09+00:00\",\"description\":\"Anis Ben Slimane var af disciplin\u00e6re \u00e5rsager ikke en del af Br\u00f8ndby-truppen til s\u00f8ndagens kamp mod Randers\",\"breadcrumb\":{\"@id\":\"https:\/\/acefootball.com\/da\/fodboldnyheder\/avis-afsloerer-derfor-blev-slimane-vraget\/#breadcrumb\"},\"inLanguage\":\"en-US\",\"potentialAction\":[{\"@type\":\"ReadAction\",\"target\":[\"https:\/\/acefootball.com\/da\/fodboldnyheder\/avis-afsloerer-derfor-blev-slimane-vraget\/\"]}]},{\"@type\":\"BreadcrumbList\",\"@id\":\"https:\/\/acefootball.com\/da\/fodboldnyheder\/avis-afsloerer-derfor-blev-slimane-vraget\/#breadcrumb\",\"itemListElement\":[{\"@type\":\"ListItem\",\"position\":1,\"name\":\"Home\",\"item\":\"https:\/\/acefootball.com\/da\/\"},{\"@type\":\"ListItem\",\"position\":2,\"name\":\"Avis afsl\u00f8rer: Derfor blev Slimane vraget\"}]},{\"@type\":\"Article\",\"@id\":\"https:\/\/acefootball.com\/da\/fodboldnyheder\/avis-afsloerer-derfor-blev-slimane-vraget\/#article\",\"isPartOf\":{\"@id\":\"https:\/\/acefootball.com\/da\/fodboldnyheder\/avis-afsloerer-derfor-blev-slimane-vraget\/#webpage\"},\"author\":{\"@id\":\"https:\/\/acefootball.com\/da\/#\/schema\/person\/ee67e9cf04a276f144100ffa722f10cd\"},\"headline\":\"Avis afsl\u00f8rer: Derfor blev Slimane vraget\",\"datePublished\":\"2021-05-03T09:02:08+00:00\",\"dateModified\":\"2021-05-03T09:02:09+00:00\",\"mainEntityOfPage\":{\"@id\":\"https:\/\/acefootball.com\/da\/fodboldnyheder\/avis-afsloerer-derfor-blev-slimane-vraget\/#webpage\"},\"wordCount\":209,\"commentCount\":0,\"publisher\":{\"@id\":\"https:\/\/acefootball.com\/da\/#organization\"},\"image\":{\"@id\":\"https:\/\/acefootball.com\/da\/fodboldnyheder\/avis-afsloerer-derfor-blev-slimane-vraget\/#primaryimage\"},\"thumbnailUrl\":\"https:\/\/acefootball.com\/da\/wp-content\/uploads\/sites\/2\/2020\/12\/GettyImages-1230111322.jpg\",\"keywords\":[\"Anis Slimane\",\"Br\u00f8ndby IF\",\"Superligaen\"],\"articleSection\":[\"Nyhed\"],\"inLanguage\":\"en-US\",\"potentialAction\":[{\"@type\":\"CommentAction\",\"name\":\"Comment\",\"target\":[\"https:\/\/acefootball.com\/da\/fodboldnyheder\/avis-afsloerer-derfor-blev-slimane-vraget\/#respond\"]}]},{\"@type\":\"Person\",\"@id\":\"https:\/\/acefootball.com\/da\/#\/schema\/person\/ee67e9cf04a276f144100ffa722f10cd\",\"name\":\"Mads Dreyer\",\"image\":{\"@type\":\"ImageObject\",\"@id\":\"https:\/\/acefootball.com\/da\/#personlogo\",\"inLanguage\":\"en-US\",\"url\":\"https:\/\/secure.gravatar.com\/avatar\/7c7abf72cfde9902b6a60efe60c88d4c?s=96&d=mm&r=g\",\"contentUrl\":\"https:\/\/secure.gravatar.com\/avatar\/7c7abf72cfde9902b6a60efe60c88d4c?s=96&d=mm&r=g\",\"caption\":\"Mads Dreyer\"},\"description\":\"Skribent og fodboldn\u00f8rd, der lige nu fort\u00e6ller om alt og intet i fodboldverdenen p\u00e5 acefootball.com. Uddannet i kommunikation fra Aalborg Universitet.\",\"sameAs\":[\"https:\/\/www.linkedin.com\/in\/mads-dreyer-b9b08266\/\"],\"url\":\"https:\/\/acefootball.com\/da\/fodboldnyheder\/author\/mdnronaldo\/\"}]}<\/script>\n<!-- \/ Yoast SEO plugin. -->","yoast_head_json":{"title":"Avis afsl\u00f8rer: Derfor blev Slimane vraget","description":"Anis Ben Slimane var af disciplin\u00e6re \u00e5rsager ikke en del af Br\u00f8ndby-truppen til s\u00f8ndagens kamp mod Randers","robots":{"index":"index","follow":"follow","max-snippet":"max-snippet:-1","max-image-preview":"max-image-preview:large","max-video-preview":"max-video-preview:-1"},"canonical":"https:\/\/acefootball.com\/da\/fodboldnyheder\/avis-afsloerer-derfor-blev-slimane-vraget\/","og_locale":"en_US","og_type":"article","og_title":"Avis afsl\u00f8rer: Derfor blev Slimane vraget","og_description":"Anis Ben Slimane var af disciplin\u00e6re \u00e5rsager ikke en del af Br\u00f8ndby-truppen til s\u00f8ndagens kamp mod Randers","og_url":"https:\/\/acefootball.com\/da\/fodboldnyheder\/avis-afsloerer-derfor-blev-slimane-vraget\/","og_site_name":"Ace Football Danmark","article_publisher":"https:\/\/www.facebook.com\/acefootballdk","article_published_time":"2021-05-03T09:02:08+00:00","article_modified_time":"2021-05-03T09:02:09+00:00","og_image":[{"width":1920,"height":1008,"url":"https:\/\/acefootball.com\/da\/wp-content\/uploads\/sites\/2\/2021\/01\/Brondby-28.jpg","type":"image\/jpeg"}],"twitter_card":"summary_large_image","twitter_misc":{"Written by":"Mads Dreyer","Est. reading time":"1 minute"},"schema":{"@context":"https:\/\/schema.org","@graph":[{"@type":"Organization","@id":"https:\/\/acefootball.com\/da\/#organization","name":"Ace Football","url":"https:\/\/acefootball.com\/da\/","sameAs":["https:\/\/www.facebook.com\/acefootballdk"],"logo":{"@type":"ImageObject","@id":"https:\/\/acefootball.com\/da\/#logo","inLanguage":"en-US","url":"https:\/\/acefootball.com\/da\/wp-content\/uploads\/sites\/2\/2020\/07\/Ace-Football-30-07-2020-2.png","contentUrl":"https:\/\/acefootball.com\/da\/wp-content\/uploads\/sites\/2\/2020\/07\/Ace-Football-30-07-2020-2.png","width":1200,"height":600,"caption":"Ace Football"},"image":{"@id":"https:\/\/acefootball.com\/da\/#logo"}},{"@type":"WebSite","@id":"https:\/\/acefootball.com\/da\/#website","url":"https:\/\/acefootball.com\/da\/","name":"Ace Football Danmark","description":"Nyheder, Spiltips &amp; Livescore","publisher":{"@id":"https:\/\/acefootball.com\/da\/#organization"},"potentialAction":[{"@type":"SearchAction","target":{"@type":"EntryPoint","urlTemplate":"https:\/\/acefootball.com\/da\/?s={search_term_string}"},"query-input":"required name=search_term_string"}],"inLanguage":"en-US"},{"@type":"ImageObject","@id":"https:\/\/acefootball.com\/da\/fodboldnyheder\/avis-afsloerer-derfor-blev-slimane-vraget\/#primaryimage","inLanguage":"en-US","url":"https:\/\/acefootball.com\/da\/wp-content\/uploads\/sites\/2\/2021\/01\/Brondby-28.jpg","contentUrl":"https:\/\/acefootball.com\/da\/wp-content\/uploads\/sites\/2\/2021\/01\/Brondby-28.jpg","width":1920,"height":1008},{"@type":"WebPage","@id":"https:\/\/acefootball.com\/da\/fodboldnyheder\/avis-afsloerer-derfor-blev-slimane-vraget\/#webpage","url":"https:\/\/acefootball.com\/da\/fodboldnyheder\/avis-afsloerer-derfor-blev-slimane-vraget\/","name":"Avis afsl\u00f8rer: Derfor blev Slimane vraget","isPartOf":{"@id":"https:\/\/acefootball.com\/da\/#website"},"primaryImageOfPage":{"@id":"https:\/\/acefootball.com\/da\/fodboldnyheder\/avis-afsloerer-derfor-blev-slimane-vraget\/#primaryimage"},"datePublished":"2021-05-03T09:02:08+00:00","dateModified":"2021-05-03T09:02:09+00:00","description":"Anis Ben Slimane var af disciplin\u00e6re \u00e5rsager ikke en del af Br\u00f8ndby-truppen til s\u00f8ndagens kamp mod Randers","breadcrumb":{"@id":"https:\/\/acefootball.com\/da\/fodboldnyheder\/avis-afsloerer-derfor-blev-slimane-vraget\/#breadcrumb"},"inLanguage":"en-US","potentialAction":[{"@type":"ReadAction","target":["https:\/\/acefootball.com\/da\/fodboldnyheder\/avis-afsloerer-derfor-blev-slimane-vraget\/"]}]},{"@type":"BreadcrumbList","@id":"https:\/\/acefootball.com\/da\/fodboldnyheder\/avis-afsloerer-derfor-blev-slimane-vraget\/#breadcrumb","itemListElement":[{"@type":"ListItem","position":1,"name":"Home","item":"https:\/\/acefootball.com\/da\/"},{"@type":"ListItem","position":2,"name":"Avis afsl\u00f8rer: Derfor blev Slimane vraget"}]},{"@type":"Article","@id":"https:\/\/acefootball.com\/da\/fodboldnyheder\/avis-afsloerer-derfor-blev-slimane-vraget\/#article","isPartOf":{"@id":"https:\/\/acefootball.com\/da\/fodboldnyheder\/avis-afsloerer-derfor-blev-slimane-vraget\/#webpage"},"author":{"@id":"https:\/\/acefootball.com\/da\/#\/schema\/person\/ee67e9cf04a276f144100ffa722f10cd"},"headline":"Avis afsl\u00f8rer: Derfor blev Slimane vraget","datePublished":"2021-05-03T09:02:08+00:00","dateModified":"2021-05-03T09:02:09+00:00","mainEntityOfPage":{"@id":"https:\/\/acefootball.com\/da\/fodboldnyheder\/avis-afsloerer-derfor-blev-slimane-vraget\/#webpage"},"wordCount":209,"commentCount":0,"publisher":{"@id":"https:\/\/acefootball.com\/da\/#organization"},"image":{"@id":"https:\/\/acefootball.com\/da\/fodboldnyheder\/avis-afsloerer-derfor-blev-slimane-vraget\/#primaryimage"},"thumbnailUrl":"https:\/\/acefootball.com\/da\/wp-content\/uploads\/sites\/2\/2020\/12\/GettyImages-1230111322.jpg","keywords":["Anis Slimane","Br\u00f8ndby IF","Superligaen"],"articleSection":["Nyhed"],"inLanguage":"en-US","potentialAction":[{"@type":"CommentAction","name":"Comment","target":["https:\/\/acefootball.com\/da\/fodboldnyheder\/avis-afsloerer-derfor-blev-slimane-vraget\/#respond"]}]},{"@type":"Person","@id":"https:\/\/acefootball.com\/da\/#\/schema\/person\/ee67e9cf04a276f144100ffa722f10cd","name":"Mads Dreyer","image":{"@type":"ImageObject","@id":"https:\/\/acefootball.com\/da\/#personlogo","inLanguage":"en-US","url":"https:\/\/secure.gravatar.com\/avatar\/7c7abf72cfde9902b6a60efe60c88d4c?s=96&d=mm&r=g","contentUrl":"https:\/\/secure.gravatar.com\/avatar\/7c7abf72cfde9902b6a60efe60c88d4c?s=96&d=mm&r=g","caption":"Mads Dreyer"},"description":"Skribent og fodboldn\u00f8rd, der lige nu fort\u00e6ller om alt og intet i fodboldverdenen p\u00e5 acefootball.com. Uddannet i kommunikation fra Aalborg Universitet.","sameAs":["https:\/\/www.linkedin.com\/in\/mads-dreyer-b9b08266\/"],"url":"https:\/\/acefootball.com\/da\/fodboldnyheder\/author\/mdnronaldo\/"}]}},"fimg_url":"https:\/\/acefootball.com\/da\/wp-content\/uploads\/sites\/2\/2020\/12\/GettyImages-1230111322.jpg","_links":{"self":[{"href":"https:\/\/acefootball.com\/da\/wp-json\/wp\/v2\/posts\/257579"}],"collection":[{"href":"https:\/\/acefootball.com\/da\/wp-json\/wp\/v2\/posts"}],"about":[{"href":"https:\/\/acefootball.com\/da\/wp-json\/wp\/v2\/types\/post"}],"author":[{"embeddable":true,"href":"https:\/\/acefootball.com\/da\/wp-json\/wp\/v2\/users\/705"}],"replies":[{"embeddable":true,"href":"https:\/\/acefootball.com\/da\/wp-json\/wp\/v2\/comments?post=257579"}],"version-history":[{"count":0,"href":"https:\/\/acefootball.com\/da\/wp-json\/wp\/v2\/posts\/257579\/revisions"}],"wp:featuredmedia":[{"embeddable":true,"href":"https:\/\/acefootball.com\/da\/wp-json\/wp\/v2\/media\/246690"}],"wp:attachment":[{"href":"https:\/\/acefootball.com\/da\/wp-json\/wp\/v2\/media?parent=257579"}],"wp:term":[{"taxonomy":"category","embeddable":true,"href":"https:\/\/acefootball.com\/da\/wp-json\/wp\/v2\/categories?post=257579"},{"taxonomy":"post_tag","embeddable":true,"href":"https:\/\/acefootball.com\/da\/wp-json\/wp\/v2\/tags?post=257579"}],"curies":[{"name":"wp","href":"https:\/\/api.w.org\/{rel}","templated":true}]}}