{"id":257448,"date":"2021-04-28T12:50:18","date_gmt":"2021-04-28T10:50:18","guid":{"rendered":"https:\/\/acefootball.com\/da\/?p=257448"},"modified":"2021-04-28T12:50:19","modified_gmt":"2021-04-28T10:50:19","slug":"broendby-fans-faar-international-anerkendelse-klasse","status":"publish","type":"post","link":"https:\/\/acefootball.com\/da\/fodboldnyheder\/broendby-fans-faar-international-anerkendelse-klasse\/","title":{"rendered":"Br\u00f8ndby-fans f\u00e5r international anerkendelse: Klasse!"},"content":{"rendered":"\n<h2 id=\"h-en-gruppe-br-ndby-fans-havde-en-besked-til-fifa-og-uefa-ved-hjemmekampen-mod-randers-og-den-v-kker-opsigt-i-udlandet\">En gruppe Br\u00f8ndby-fans havde en besked til FIFA og UEFA ved hjemmekampen mod Randers, og den v\u00e6kker opsigt i udlandet<\/h2>\n\n\n\n<p>Til \u00e5rets f\u00f8rste hjemmekamp med tilskuere havde en gruppe Br\u00f8ndby-fans en st\u00e6rk besked med til fodboldens magthavere i UEFA og FIFA.<\/p>\n\n\n\n<p>P\u00e5 bannere klandrede de bl\u00e5gule tilh\u00e6ngere forbundene for blandt andet gr\u00e5dighed og korruption, og det blev bifaldet fra flere sider i Danmark.<\/p>\n\n\n\n<p>Men aktionen er ogs\u00e5 n\u00e5et til det store udland, hvor man ligeledes hylder Br\u00f8ndby-fansenes kritik.<\/p>\n\n\n\n<p>Du kan se nogle af reaktionerne her:<\/p>\n\n\n\n<figure class=\"wp-block-embed is-type-rich is-provider-twitter wp-block-embed-twitter\"><div class=\"wp-block-embed__wrapper\">\n<blockquote class=\"twitter-tweet\" data-width=\"550\" data-dnt=\"true\"><p lang=\"en\" dir=\"ltr\">Fair play, fans of <a href=\"https:\/\/twitter.com\/BrondbyIF?ref_src=twsrc%5Etfw\">@BrondbyIF<\/a> \ud83d\udc9b\ud83d\udc99<br><br>They\u2019re right tbh, just because we appear to have \u2018won\u2019 the <a href=\"https:\/\/twitter.com\/hashtag\/ESL?src=hash&amp;ref_src=twsrc%5Etfw\">#ESL<\/a> battle, doesn\u2019t mean the wider war is over &#8230;<br><br>As a collective, we gotta make sure that <a href=\"https:\/\/twitter.com\/hashtag\/UEFA?src=hash&amp;ref_src=twsrc%5Etfw\">#UEFA<\/a> and <a href=\"https:\/\/twitter.com\/hashtag\/FIFA?src=hash&amp;ref_src=twsrc%5Etfw\">#FIFA<\/a> have recognised what\u2019s important in this game \ud83e\udd15<a href=\"https:\/\/twitter.com\/hashtag\/SuperLeague?src=hash&amp;ref_src=twsrc%5Etfw\">#SuperLeague<\/a> <a href=\"https:\/\/twitter.com\/hashtag\/Brondby?src=hash&amp;ref_src=twsrc%5Etfw\">#Brondby<\/a> <a href=\"https:\/\/t.co\/z7il47o7IZ\">pic.twitter.com\/z7il47o7IZ<\/a><\/p>&mdash; Ultra UTD (@UltraaUtd) <a href=\"https:\/\/twitter.com\/UltraaUtd\/status\/1387035878917165058?ref_src=twsrc%5Etfw\">April 27, 2021<\/a><\/blockquote><script async src=\"https:\/\/platform.twitter.com\/widgets.js\" charset=\"utf-8\"><\/script>\n<\/div><\/figure>\n\n\n\n<figure class=\"wp-block-embed is-type-rich is-provider-twitter wp-block-embed-twitter\"><div class=\"wp-block-embed__wrapper\">\n<blockquote class=\"twitter-tweet\" data-width=\"550\" data-dnt=\"true\"><p lang=\"en\" dir=\"ltr\">Brondby fans message yesterday <a href=\"https:\/\/t.co\/1pi9ZqXtSd\">pic.twitter.com\/1pi9ZqXtSd<\/a><\/p>&mdash; FootballAwaydays (@Awaydays23) <a href=\"https:\/\/twitter.com\/Awaydays23\/status\/1386752971044790273?ref_src=twsrc%5Etfw\">April 26, 2021<\/a><\/blockquote><script async src=\"https:\/\/platform.twitter.com\/widgets.js\" charset=\"utf-8\"><\/script>\n<\/div><\/figure>\n\n\n\n<figure class=\"wp-block-image size-large\"><img loading=\"lazy\" width=\"591\" height=\"137\" src=\"https:\/\/acefootball.com\/da\/wp-content\/uploads\/sites\/2\/2021\/04\/image-47.png\" alt=\"\" class=\"wp-image-257449\" srcset=\"https:\/\/acefootball.com\/da\/wp-content\/uploads\/sites\/2\/2021\/04\/image-47.png 591w, https:\/\/acefootball.com\/da\/wp-content\/uploads\/sites\/2\/2021\/04\/image-47-300x70.png 300w\" sizes=\"(max-width: 591px) 100vw, 591px\" \/><\/figure>\n\n\n\n<figure class=\"wp-block-image size-large\"><img loading=\"lazy\" width=\"592\" height=\"116\" src=\"https:\/\/acefootball.com\/da\/wp-content\/uploads\/sites\/2\/2021\/04\/image-48.png\" alt=\"\" class=\"wp-image-257450\" srcset=\"https:\/\/acefootball.com\/da\/wp-content\/uploads\/sites\/2\/2021\/04\/image-48.png 592w, https:\/\/acefootball.com\/da\/wp-content\/uploads\/sites\/2\/2021\/04\/image-48-300x59.png 300w\" sizes=\"(max-width: 592px) 100vw, 592px\" \/><\/figure>\n\n\n\n<figure class=\"wp-block-image size-large\"><img loading=\"lazy\" width=\"594\" height=\"115\" src=\"https:\/\/acefootball.com\/da\/wp-content\/uploads\/sites\/2\/2021\/04\/image-49.png\" alt=\"\" class=\"wp-image-257451\" srcset=\"https:\/\/acefootball.com\/da\/wp-content\/uploads\/sites\/2\/2021\/04\/image-49.png 594w, https:\/\/acefootball.com\/da\/wp-content\/uploads\/sites\/2\/2021\/04\/image-49-300x58.png 300w\" sizes=\"(max-width: 594px) 100vw, 594px\" \/><\/figure>\n\n\n\n<figure class=\"wp-block-image size-large\"><img loading=\"lazy\" width=\"591\" height=\"117\" src=\"https:\/\/acefootball.com\/da\/wp-content\/uploads\/sites\/2\/2021\/04\/image-50.png\" alt=\"\" class=\"wp-image-257452\" srcset=\"https:\/\/acefootball.com\/da\/wp-content\/uploads\/sites\/2\/2021\/04\/image-50.png 591w, https:\/\/acefootball.com\/da\/wp-content\/uploads\/sites\/2\/2021\/04\/image-50-300x59.png 300w\" sizes=\"(max-width: 591px) 100vw, 591px\" \/><\/figure>\n\n\n\n<p>Et andet statement fra Br\u00f8ndby-fans f\u00e5r ogs\u00e5 opbakning fra en af Superliga-konkurrenterne. L\u00e6s mere her:<\/p>\n\n\n\n<figure class=\"wp-block-embed is-type-wp-embed is-provider-ace-football-danmark wp-block-embed-ace-football-danmark\"><div class=\"wp-block-embed__wrapper\">\n<blockquote class=\"wp-embedded-content\" data-secret=\"s3IKhGWOSl\"><a href=\"https:\/\/acefootball.com\/da\/fodboldnyheder\/broendby-fans-moeder-stoette-fra-superliga-konkurrent\/\">Br\u00f8ndby-fans m\u00f8der st\u00f8tte fra Superliga-konkurrent<\/a><\/blockquote><iframe class=\"wp-embedded-content\" sandbox=\"allow-scripts\" security=\"restricted\" style=\"position: absolute; clip: rect(1px, 1px, 1px, 1px);\" title=\"&#8220;Br\u00f8ndby-fans m\u00f8der st\u00f8tte fra Superliga-konkurrent&#8221; &#8212; Ace Football Danmark\" src=\"https:\/\/acefootball.com\/da\/fodboldnyheder\/broendby-fans-moeder-stoette-fra-superliga-konkurrent\/embed\/#?secret=s3IKhGWOSl\" data-secret=\"s3IKhGWOSl\" width=\"600\" height=\"338\" frameborder=\"0\" marginwidth=\"0\" marginheight=\"0\" scrolling=\"no\"><\/iframe>\n<\/div><\/figure>\n","protected":false},"excerpt":{"rendered":"<p>En gruppe Br\u00f8ndby-fans havde en besked til FIFA og UEFA ved hjemmekampen mod Randers, og den v\u00e6kker opsigt i udlandet<\/p>\n","protected":false},"author":705,"featured_media":257457,"comment_status":"open","ping_status":"closed","sticky":false,"template":"","format":"standard","meta":{"om_disable_all_campaigns":false,"push_articles_ronaldo":{"active":false,"canonical":0,"publish":false},"force_updates":null},"categories":[8060],"tags":[53,588],"enet_tags":{"team":["8595"],"league":["46"],"sport_events":[]},"yoast_head":"<!-- This site is optimized with the Yoast SEO plugin v18.3 - https:\/\/yoast.com\/wordpress\/plugins\/seo\/ -->\n<title>Br\u00f8ndby-fans f\u00e5r international anerkendelse: Klasse!<\/title>\n<meta name=\"description\" content=\"En gruppe Br\u00f8ndby-fans havde en besked til FIFA og UEFA ved hjemmekampen mod Randers, og den v\u00e6kker opsigt i udlandet\" \/>\n<meta name=\"robots\" content=\"index, follow, max-snippet:-1, max-image-preview:large, max-video-preview:-1\" \/>\n<link rel=\"canonical\" href=\"https:\/\/acefootball.com\/da\/fodboldnyheder\/broendby-fans-faar-international-anerkendelse-klasse\/\" \/>\n<meta property=\"og:locale\" content=\"en_US\" \/>\n<meta property=\"og:type\" content=\"article\" \/>\n<meta property=\"og:title\" content=\"Br\u00f8ndby-fans f\u00e5r international anerkendelse: Klasse!\" \/>\n<meta property=\"og:description\" content=\"En gruppe Br\u00f8ndby-fans havde en besked til FIFA og UEFA ved hjemmekampen mod Randers, og den v\u00e6kker opsigt i udlandet\" \/>\n<meta property=\"og:url\" content=\"https:\/\/acefootball.com\/da\/fodboldnyheder\/broendby-fans-faar-international-anerkendelse-klasse\/\" \/>\n<meta property=\"og:site_name\" content=\"Ace Football Danmark\" \/>\n<meta property=\"article:publisher\" content=\"https:\/\/www.facebook.com\/acefootballdk\" \/>\n<meta property=\"article:published_time\" content=\"2021-04-28T10:50:18+00:00\" \/>\n<meta property=\"article:modified_time\" content=\"2021-04-28T10:50:19+00:00\" \/>\n<meta property=\"og:image\" content=\"https:\/\/acefootball.com\/da\/wp-content\/uploads\/sites\/2\/2021\/03\/Brondby-45.jpg\" \/>\n\t<meta property=\"og:image:width\" content=\"1920\" \/>\n\t<meta property=\"og:image:height\" content=\"1008\" \/>\n\t<meta property=\"og:image:type\" content=\"image\/jpeg\" \/>\n<meta name=\"twitter:card\" content=\"summary_large_image\" \/>\n<meta name=\"twitter:label1\" content=\"Written by\" \/>\n\t<meta name=\"twitter:data1\" content=\"Mads Dreyer\" \/>\n\t<meta name=\"twitter:label2\" content=\"Est. reading time\" \/>\n\t<meta name=\"twitter:data2\" content=\"2 minutes\" \/>\n<script type=\"application\/ld+json\" class=\"yoast-schema-graph\">{\"@context\":\"https:\/\/schema.org\",\"@graph\":[{\"@type\":\"Organization\",\"@id\":\"https:\/\/acefootball.com\/da\/#organization\",\"name\":\"Ace Football\",\"url\":\"https:\/\/acefootball.com\/da\/\",\"sameAs\":[\"https:\/\/www.facebook.com\/acefootballdk\"],\"logo\":{\"@type\":\"ImageObject\",\"@id\":\"https:\/\/acefootball.com\/da\/#logo\",\"inLanguage\":\"en-US\",\"url\":\"https:\/\/acefootball.com\/da\/wp-content\/uploads\/sites\/2\/2020\/07\/Ace-Football-30-07-2020-2.png\",\"contentUrl\":\"https:\/\/acefootball.com\/da\/wp-content\/uploads\/sites\/2\/2020\/07\/Ace-Football-30-07-2020-2.png\",\"width\":1200,\"height\":600,\"caption\":\"Ace Football\"},\"image\":{\"@id\":\"https:\/\/acefootball.com\/da\/#logo\"}},{\"@type\":\"WebSite\",\"@id\":\"https:\/\/acefootball.com\/da\/#website\",\"url\":\"https:\/\/acefootball.com\/da\/\",\"name\":\"Ace Football Danmark\",\"description\":\"Nyheder, Spiltips &amp; Livescore\",\"publisher\":{\"@id\":\"https:\/\/acefootball.com\/da\/#organization\"},\"potentialAction\":[{\"@type\":\"SearchAction\",\"target\":{\"@type\":\"EntryPoint\",\"urlTemplate\":\"https:\/\/acefootball.com\/da\/?s={search_term_string}\"},\"query-input\":\"required name=search_term_string\"}],\"inLanguage\":\"en-US\"},{\"@type\":\"ImageObject\",\"@id\":\"https:\/\/acefootball.com\/da\/fodboldnyheder\/broendby-fans-faar-international-anerkendelse-klasse\/#primaryimage\",\"inLanguage\":\"en-US\",\"url\":\"https:\/\/acefootball.com\/da\/wp-content\/uploads\/sites\/2\/2021\/03\/Brondby-45.jpg\",\"contentUrl\":\"https:\/\/acefootball.com\/da\/wp-content\/uploads\/sites\/2\/2021\/03\/Brondby-45.jpg\",\"width\":1920,\"height\":1008},{\"@type\":\"WebPage\",\"@id\":\"https:\/\/acefootball.com\/da\/fodboldnyheder\/broendby-fans-faar-international-anerkendelse-klasse\/#webpage\",\"url\":\"https:\/\/acefootball.com\/da\/fodboldnyheder\/broendby-fans-faar-international-anerkendelse-klasse\/\",\"name\":\"Br\u00f8ndby-fans f\u00e5r international anerkendelse: Klasse!\",\"isPartOf\":{\"@id\":\"https:\/\/acefootball.com\/da\/#website\"},\"primaryImageOfPage\":{\"@id\":\"https:\/\/acefootball.com\/da\/fodboldnyheder\/broendby-fans-faar-international-anerkendelse-klasse\/#primaryimage\"},\"datePublished\":\"2021-04-28T10:50:18+00:00\",\"dateModified\":\"2021-04-28T10:50:19+00:00\",\"description\":\"En gruppe Br\u00f8ndby-fans havde en besked til FIFA og UEFA ved hjemmekampen mod Randers, og den v\u00e6kker opsigt i udlandet\",\"breadcrumb\":{\"@id\":\"https:\/\/acefootball.com\/da\/fodboldnyheder\/broendby-fans-faar-international-anerkendelse-klasse\/#breadcrumb\"},\"inLanguage\":\"en-US\",\"potentialAction\":[{\"@type\":\"ReadAction\",\"target\":[\"https:\/\/acefootball.com\/da\/fodboldnyheder\/broendby-fans-faar-international-anerkendelse-klasse\/\"]}]},{\"@type\":\"BreadcrumbList\",\"@id\":\"https:\/\/acefootball.com\/da\/fodboldnyheder\/broendby-fans-faar-international-anerkendelse-klasse\/#breadcrumb\",\"itemListElement\":[{\"@type\":\"ListItem\",\"position\":1,\"name\":\"Home\",\"item\":\"https:\/\/acefootball.com\/da\/\"},{\"@type\":\"ListItem\",\"position\":2,\"name\":\"Br\u00f8ndby-fans f\u00e5r international anerkendelse: Klasse!\"}]},{\"@type\":\"Article\",\"@id\":\"https:\/\/acefootball.com\/da\/fodboldnyheder\/broendby-fans-faar-international-anerkendelse-klasse\/#article\",\"isPartOf\":{\"@id\":\"https:\/\/acefootball.com\/da\/fodboldnyheder\/broendby-fans-faar-international-anerkendelse-klasse\/#webpage\"},\"author\":{\"@id\":\"https:\/\/acefootball.com\/da\/#\/schema\/person\/ee67e9cf04a276f144100ffa722f10cd\"},\"headline\":\"Br\u00f8ndby-fans f\u00e5r international anerkendelse: Klasse!\",\"datePublished\":\"2021-04-28T10:50:18+00:00\",\"dateModified\":\"2021-04-28T10:50:19+00:00\",\"mainEntityOfPage\":{\"@id\":\"https:\/\/acefootball.com\/da\/fodboldnyheder\/broendby-fans-faar-international-anerkendelse-klasse\/#webpage\"},\"wordCount\":136,\"commentCount\":0,\"publisher\":{\"@id\":\"https:\/\/acefootball.com\/da\/#organization\"},\"image\":{\"@id\":\"https:\/\/acefootball.com\/da\/fodboldnyheder\/broendby-fans-faar-international-anerkendelse-klasse\/#primaryimage\"},\"thumbnailUrl\":\"https:\/\/acefootball.com\/da\/wp-content\/uploads\/sites\/2\/2021\/04\/GettyImages-1232536876.jpg\",\"keywords\":[\"Br\u00f8ndby IF\",\"Superligaen\"],\"articleSection\":[\"Reaktion\"],\"inLanguage\":\"en-US\",\"potentialAction\":[{\"@type\":\"CommentAction\",\"name\":\"Comment\",\"target\":[\"https:\/\/acefootball.com\/da\/fodboldnyheder\/broendby-fans-faar-international-anerkendelse-klasse\/#respond\"]}]},{\"@type\":\"Person\",\"@id\":\"https:\/\/acefootball.com\/da\/#\/schema\/person\/ee67e9cf04a276f144100ffa722f10cd\",\"name\":\"Mads Dreyer\",\"image\":{\"@type\":\"ImageObject\",\"@id\":\"https:\/\/acefootball.com\/da\/#personlogo\",\"inLanguage\":\"en-US\",\"url\":\"https:\/\/secure.gravatar.com\/avatar\/7c7abf72cfde9902b6a60efe60c88d4c?s=96&d=mm&r=g\",\"contentUrl\":\"https:\/\/secure.gravatar.com\/avatar\/7c7abf72cfde9902b6a60efe60c88d4c?s=96&d=mm&r=g\",\"caption\":\"Mads Dreyer\"},\"description\":\"Skribent og fodboldn\u00f8rd, der lige nu fort\u00e6ller om alt og intet i fodboldverdenen p\u00e5 acefootball.com. Uddannet i kommunikation fra Aalborg Universitet.\",\"sameAs\":[\"https:\/\/www.linkedin.com\/in\/mads-dreyer-b9b08266\/\"],\"url\":\"https:\/\/acefootball.com\/da\/fodboldnyheder\/author\/mdnronaldo\/\"}]}<\/script>\n<!-- \/ Yoast SEO plugin. -->","yoast_head_json":{"title":"Br\u00f8ndby-fans f\u00e5r international anerkendelse: Klasse!","description":"En gruppe Br\u00f8ndby-fans havde en besked til FIFA og UEFA ved hjemmekampen mod Randers, og den v\u00e6kker opsigt i udlandet","robots":{"index":"index","follow":"follow","max-snippet":"max-snippet:-1","max-image-preview":"max-image-preview:large","max-video-preview":"max-video-preview:-1"},"canonical":"https:\/\/acefootball.com\/da\/fodboldnyheder\/broendby-fans-faar-international-anerkendelse-klasse\/","og_locale":"en_US","og_type":"article","og_title":"Br\u00f8ndby-fans f\u00e5r international anerkendelse: Klasse!","og_description":"En gruppe Br\u00f8ndby-fans havde en besked til FIFA og UEFA ved hjemmekampen mod Randers, og den v\u00e6kker opsigt i udlandet","og_url":"https:\/\/acefootball.com\/da\/fodboldnyheder\/broendby-fans-faar-international-anerkendelse-klasse\/","og_site_name":"Ace Football Danmark","article_publisher":"https:\/\/www.facebook.com\/acefootballdk","article_published_time":"2021-04-28T10:50:18+00:00","article_modified_time":"2021-04-28T10:50:19+00:00","og_image":[{"width":1920,"height":1008,"url":"https:\/\/acefootball.com\/da\/wp-content\/uploads\/sites\/2\/2021\/03\/Brondby-45.jpg","type":"image\/jpeg"}],"twitter_card":"summary_large_image","twitter_misc":{"Written by":"Mads Dreyer","Est. reading time":"2 minutes"},"schema":{"@context":"https:\/\/schema.org","@graph":[{"@type":"Organization","@id":"https:\/\/acefootball.com\/da\/#organization","name":"Ace Football","url":"https:\/\/acefootball.com\/da\/","sameAs":["https:\/\/www.facebook.com\/acefootballdk"],"logo":{"@type":"ImageObject","@id":"https:\/\/acefootball.com\/da\/#logo","inLanguage":"en-US","url":"https:\/\/acefootball.com\/da\/wp-content\/uploads\/sites\/2\/2020\/07\/Ace-Football-30-07-2020-2.png","contentUrl":"https:\/\/acefootball.com\/da\/wp-content\/uploads\/sites\/2\/2020\/07\/Ace-Football-30-07-2020-2.png","width":1200,"height":600,"caption":"Ace Football"},"image":{"@id":"https:\/\/acefootball.com\/da\/#logo"}},{"@type":"WebSite","@id":"https:\/\/acefootball.com\/da\/#website","url":"https:\/\/acefootball.com\/da\/","name":"Ace Football Danmark","description":"Nyheder, Spiltips &amp; Livescore","publisher":{"@id":"https:\/\/acefootball.com\/da\/#organization"},"potentialAction":[{"@type":"SearchAction","target":{"@type":"EntryPoint","urlTemplate":"https:\/\/acefootball.com\/da\/?s={search_term_string}"},"query-input":"required name=search_term_string"}],"inLanguage":"en-US"},{"@type":"ImageObject","@id":"https:\/\/acefootball.com\/da\/fodboldnyheder\/broendby-fans-faar-international-anerkendelse-klasse\/#primaryimage","inLanguage":"en-US","url":"https:\/\/acefootball.com\/da\/wp-content\/uploads\/sites\/2\/2021\/03\/Brondby-45.jpg","contentUrl":"https:\/\/acefootball.com\/da\/wp-content\/uploads\/sites\/2\/2021\/03\/Brondby-45.jpg","width":1920,"height":1008},{"@type":"WebPage","@id":"https:\/\/acefootball.com\/da\/fodboldnyheder\/broendby-fans-faar-international-anerkendelse-klasse\/#webpage","url":"https:\/\/acefootball.com\/da\/fodboldnyheder\/broendby-fans-faar-international-anerkendelse-klasse\/","name":"Br\u00f8ndby-fans f\u00e5r international anerkendelse: Klasse!","isPartOf":{"@id":"https:\/\/acefootball.com\/da\/#website"},"primaryImageOfPage":{"@id":"https:\/\/acefootball.com\/da\/fodboldnyheder\/broendby-fans-faar-international-anerkendelse-klasse\/#primaryimage"},"datePublished":"2021-04-28T10:50:18+00:00","dateModified":"2021-04-28T10:50:19+00:00","description":"En gruppe Br\u00f8ndby-fans havde en besked til FIFA og UEFA ved hjemmekampen mod Randers, og den v\u00e6kker opsigt i udlandet","breadcrumb":{"@id":"https:\/\/acefootball.com\/da\/fodboldnyheder\/broendby-fans-faar-international-anerkendelse-klasse\/#breadcrumb"},"inLanguage":"en-US","potentialAction":[{"@type":"ReadAction","target":["https:\/\/acefootball.com\/da\/fodboldnyheder\/broendby-fans-faar-international-anerkendelse-klasse\/"]}]},{"@type":"BreadcrumbList","@id":"https:\/\/acefootball.com\/da\/fodboldnyheder\/broendby-fans-faar-international-anerkendelse-klasse\/#breadcrumb","itemListElement":[{"@type":"ListItem","position":1,"name":"Home","item":"https:\/\/acefootball.com\/da\/"},{"@type":"ListItem","position":2,"name":"Br\u00f8ndby-fans f\u00e5r international anerkendelse: Klasse!"}]},{"@type":"Article","@id":"https:\/\/acefootball.com\/da\/fodboldnyheder\/broendby-fans-faar-international-anerkendelse-klasse\/#article","isPartOf":{"@id":"https:\/\/acefootball.com\/da\/fodboldnyheder\/broendby-fans-faar-international-anerkendelse-klasse\/#webpage"},"author":{"@id":"https:\/\/acefootball.com\/da\/#\/schema\/person\/ee67e9cf04a276f144100ffa722f10cd"},"headline":"Br\u00f8ndby-fans f\u00e5r international anerkendelse: Klasse!","datePublished":"2021-04-28T10:50:18+00:00","dateModified":"2021-04-28T10:50:19+00:00","mainEntityOfPage":{"@id":"https:\/\/acefootball.com\/da\/fodboldnyheder\/broendby-fans-faar-international-anerkendelse-klasse\/#webpage"},"wordCount":136,"commentCount":0,"publisher":{"@id":"https:\/\/acefootball.com\/da\/#organization"},"image":{"@id":"https:\/\/acefootball.com\/da\/fodboldnyheder\/broendby-fans-faar-international-anerkendelse-klasse\/#primaryimage"},"thumbnailUrl":"https:\/\/acefootball.com\/da\/wp-content\/uploads\/sites\/2\/2021\/04\/GettyImages-1232536876.jpg","keywords":["Br\u00f8ndby IF","Superligaen"],"articleSection":["Reaktion"],"inLanguage":"en-US","potentialAction":[{"@type":"CommentAction","name":"Comment","target":["https:\/\/acefootball.com\/da\/fodboldnyheder\/broendby-fans-faar-international-anerkendelse-klasse\/#respond"]}]},{"@type":"Person","@id":"https:\/\/acefootball.com\/da\/#\/schema\/person\/ee67e9cf04a276f144100ffa722f10cd","name":"Mads Dreyer","image":{"@type":"ImageObject","@id":"https:\/\/acefootball.com\/da\/#personlogo","inLanguage":"en-US","url":"https:\/\/secure.gravatar.com\/avatar\/7c7abf72cfde9902b6a60efe60c88d4c?s=96&d=mm&r=g","contentUrl":"https:\/\/secure.gravatar.com\/avatar\/7c7abf72cfde9902b6a60efe60c88d4c?s=96&d=mm&r=g","caption":"Mads Dreyer"},"description":"Skribent og fodboldn\u00f8rd, der lige nu fort\u00e6ller om alt og intet i fodboldverdenen p\u00e5 acefootball.com. Uddannet i kommunikation fra Aalborg Universitet.","sameAs":["https:\/\/www.linkedin.com\/in\/mads-dreyer-b9b08266\/"],"url":"https:\/\/acefootball.com\/da\/fodboldnyheder\/author\/mdnronaldo\/"}]}},"fimg_url":"https:\/\/acefootball.com\/da\/wp-content\/uploads\/sites\/2\/2021\/04\/GettyImages-1232536876.jpg","_links":{"self":[{"href":"https:\/\/acefootball.com\/da\/wp-json\/wp\/v2\/posts\/257448"}],"collection":[{"href":"https:\/\/acefootball.com\/da\/wp-json\/wp\/v2\/posts"}],"about":[{"href":"https:\/\/acefootball.com\/da\/wp-json\/wp\/v2\/types\/post"}],"author":[{"embeddable":true,"href":"https:\/\/acefootball.com\/da\/wp-json\/wp\/v2\/users\/705"}],"replies":[{"embeddable":true,"href":"https:\/\/acefootball.com\/da\/wp-json\/wp\/v2\/comments?post=257448"}],"version-history":[{"count":0,"href":"https:\/\/acefootball.com\/da\/wp-json\/wp\/v2\/posts\/257448\/revisions"}],"wp:featuredmedia":[{"embeddable":true,"href":"https:\/\/acefootball.com\/da\/wp-json\/wp\/v2\/media\/257457"}],"wp:attachment":[{"href":"https:\/\/acefootball.com\/da\/wp-json\/wp\/v2\/media?parent=257448"}],"wp:term":[{"taxonomy":"category","embeddable":true,"href":"https:\/\/acefootball.com\/da\/wp-json\/wp\/v2\/categories?post=257448"},{"taxonomy":"post_tag","embeddable":true,"href":"https:\/\/acefootball.com\/da\/wp-json\/wp\/v2\/tags?post=257448"}],"curies":[{"name":"wp","href":"https:\/\/api.w.org\/{rel}","templated":true}]}}