{"id":257418,"date":"2021-04-28T09:34:06","date_gmt":"2021-04-28T07:34:06","guid":{"rendered":"https:\/\/acefootball.com\/da\/?p=257418"},"modified":"2021-04-28T09:45:00","modified_gmt":"2021-04-28T07:45:00","slug":"medie-mener-at-broendby-skal-slaa-til-man-skal-smede-mens-jernet-er-varmt","status":"publish","type":"post","link":"https:\/\/acefootball.com\/da\/fodboldnyheder\/medie-mener-at-broendby-skal-slaa-til-man-skal-smede-mens-jernet-er-varmt\/","title":{"rendered":"Medie mener, at Br\u00f8ndby skal sl\u00e5 til: &#8216;Man skal smede, mens jernet er varmt&#8217;"},"content":{"rendered":"\n<h2 id=\"h-b-r-br-ndby-fors-ger-at-skyde-topscorer-mikael-uhre-afsted-s-man-ikke-ender-i-en-situation-la-den-med-hany-mukhtar-i-2018\">B\u00f8r Br\u00f8ndby fors\u00f8ger at skyde topscorer Mikael Uhre afsted, s\u00e5 man ikke ender i en situation \u00e1 la den med Hany Mukhtar i 2018<\/h2>\n\n\n\n<p>Efter to knap s\u00e5 gode f\u00f8rste s\u00e6soner i Br\u00f8ndby, har Mikael Uhre i den grad braget igennem i denne s\u00e6son, hvor han ikke bare er topscorer i Br\u00f8ndby If, men ogs\u00e5 i hele Superligaen.<\/p>\n\n\n\n<div class=\"wp-block-si-widget wp-block-si-widget--center\"><si-lb-widget widget-id=\"PlayerSeasonProfile\" width=\"440\" data-player-id=\"436075\" data-theme-appearance=\"dark\" data-card=\"true\"><\/si-lb-widget><\/div>\n\n\n\n<p>N\u00e5r man har br\u00e6ndt s\u00e5dan en s\u00e6son af, er der selvf\u00f8lgelig ogs\u00e5 bejlere fra st\u00f8rre adresser i udlandet, og selvom det aldrig er sjovt at sige farvel til sin topscorer, kan det meget vel v\u00e6re, pr\u00e6cis hvad Br\u00f8ndby skal g\u00f8re i denne situation.<\/p>\n\n\n\n<p>&#8220;Man skal smede, mens jernet er varmt. Det gjorde Br\u00f8ndby ikke i 2018, hvor der var bud efter Hany Mukhtar oven p\u00e5 en suver\u00e6n s\u00e6son. Nu har Uhre haft en tilsvarende fantastisk s\u00e6son. Han er topscorer i Superligaen. Og det alene vil skabe interesse for angriberen. Sp\u00f8rgsm\u00e5let er, om prisen er rigtig, s\u00e5 vil det v\u00e6re naturligt at sl\u00e5 til,&#8221; skriver<a href=\"https:\/\/ekstrabladet.dk\/sport\/fodbold\/dansk_fodbold\/superligaen\/broendby\/broendbys-droemmehold-splittes-i-atomer\/8547751\" target=\"_blank\" rel=\"noreferrer noopener\"> Ekstra Bladet <\/a>om Uhres situation. <\/p>\n\n\n\n<p>Br\u00f8ndby k\u00f8bte Uhre i S\u00f8nderjyskE tilbage i 2018 for en pris i omegnen af 3,5 millioner kroner, og han har kontraktudl\u00f8b ved udgangen af 2022, hvilket selvf\u00f8lgelig er noget, man ogs\u00e5 skal have med i overvejelserne. Du kan l\u00e6se mere om, hvad han selv t\u00e6nker i omkring sin kontraktsituation herunder.<\/p>\n\n\n\n<figure class=\"wp-block-embed is-type-wp-embed is-provider-ace-football-danmark wp-block-embed-ace-football-danmark\"><div class=\"wp-block-embed__wrapper\">\n<blockquote class=\"wp-embedded-content\" data-secret=\"dFcyds5j6g\"><a href=\"https:\/\/acefootball.com\/da\/fodboldnyheder\/uhre-om-kontraktudloeb-skal-til-at-forholde-mig-til-det\/\">Uhre om kontraktudl\u00f8b: &#8216;Skal til at forholde mig til det&#8217;<\/a><\/blockquote><iframe class=\"wp-embedded-content\" sandbox=\"allow-scripts\" security=\"restricted\" style=\"position: absolute; clip: rect(1px, 1px, 1px, 1px);\" title=\"&#8220;Uhre om kontraktudl\u00f8b: &#8216;Skal til at forholde mig til det&#8217;&#8221; &#8212; Ace Football Danmark\" src=\"https:\/\/acefootball.com\/da\/fodboldnyheder\/uhre-om-kontraktudloeb-skal-til-at-forholde-mig-til-det\/embed\/#?secret=dFcyds5j6g\" data-secret=\"dFcyds5j6g\" width=\"600\" height=\"338\" frameborder=\"0\" marginwidth=\"0\" marginheight=\"0\" scrolling=\"no\"><\/iframe>\n<\/div><\/figure>\n","protected":false},"excerpt":{"rendered":"<p>B\u00f8r Br\u00f8ndby fors\u00f8ger at skyde topscorer Mikael Uhre afsted, s\u00e5 man ikke ender i en situation \u00e1 la den med Hany Mukhtar i 2018<\/p>\n","protected":false},"author":74,"featured_media":257423,"comment_status":"open","ping_status":"closed","sticky":false,"template":"","format":"standard","meta":{"om_disable_all_campaigns":false,"push_articles_ronaldo":{"active":false,"canonical":0,"publish":false},"force_updates":null},"categories":[8204],"tags":[53,666,588],"enet_tags":{"team":["8595"],"player":["436075"],"league":["46"],"sport_events":[]},"yoast_head":"<!-- This site is optimized with the Yoast SEO plugin v18.3 - https:\/\/yoast.com\/wordpress\/plugins\/seo\/ -->\n<title>Medie mener, at Br\u00f8ndby skal sl\u00e5 til: &#039;Man skal smede, mens jernet er varmt&#039;<\/title>\n<meta name=\"description\" content=\"B\u00f8r Br\u00f8ndby fors\u00f8ger at skyde topscorer Mikael Uhre afsted, s\u00e5 man ikke ender i en situation \u00e1 la den med Hany Mukhtar i 2018\" \/>\n<meta name=\"robots\" content=\"index, follow, max-snippet:-1, max-image-preview:large, max-video-preview:-1\" \/>\n<link rel=\"canonical\" href=\"https:\/\/acefootball.com\/da\/fodboldnyheder\/medie-mener-at-broendby-skal-slaa-til-man-skal-smede-mens-jernet-er-varmt\/\" \/>\n<meta property=\"og:locale\" content=\"en_US\" \/>\n<meta property=\"og:type\" content=\"article\" \/>\n<meta property=\"og:title\" content=\"Medie mener, at Br\u00f8ndby skal sl\u00e5 til: &#039;Man skal smede, mens jernet er varmt&#039;\" \/>\n<meta property=\"og:description\" content=\"B\u00f8r Br\u00f8ndby fors\u00f8ger at skyde topscorer Mikael Uhre afsted, s\u00e5 man ikke ender i en situation \u00e1 la den med Hany Mukhtar i 2018\" \/>\n<meta property=\"og:url\" content=\"https:\/\/acefootball.com\/da\/fodboldnyheder\/medie-mener-at-broendby-skal-slaa-til-man-skal-smede-mens-jernet-er-varmt\/\" \/>\n<meta property=\"og:site_name\" content=\"Ace Football Danmark\" \/>\n<meta property=\"article:publisher\" content=\"https:\/\/www.facebook.com\/acefootballdk\" \/>\n<meta property=\"article:published_time\" content=\"2021-04-28T07:34:06+00:00\" \/>\n<meta property=\"article:modified_time\" content=\"2021-04-28T07:45:00+00:00\" \/>\n<meta property=\"og:image\" content=\"https:\/\/acefootball.com\/da\/wp-content\/uploads\/sites\/2\/2021\/04\/Laes-mere-generel-63.jpg\" \/>\n\t<meta property=\"og:image:width\" content=\"1920\" \/>\n\t<meta property=\"og:image:height\" content=\"1008\" \/>\n\t<meta property=\"og:image:type\" content=\"image\/jpeg\" \/>\n<meta name=\"twitter:card\" content=\"summary_large_image\" \/>\n<meta name=\"twitter:label1\" content=\"Written by\" \/>\n\t<meta name=\"twitter:data1\" content=\"Patrick Hesselb\u00e6k\" \/>\n\t<meta name=\"twitter:label2\" content=\"Est. reading time\" \/>\n\t<meta name=\"twitter:data2\" content=\"1 minute\" \/>\n<script type=\"application\/ld+json\" class=\"yoast-schema-graph\">{\"@context\":\"https:\/\/schema.org\",\"@graph\":[{\"@type\":\"Organization\",\"@id\":\"https:\/\/acefootball.com\/da\/#organization\",\"name\":\"Ace Football\",\"url\":\"https:\/\/acefootball.com\/da\/\",\"sameAs\":[\"https:\/\/www.facebook.com\/acefootballdk\"],\"logo\":{\"@type\":\"ImageObject\",\"@id\":\"https:\/\/acefootball.com\/da\/#logo\",\"inLanguage\":\"en-US\",\"url\":\"https:\/\/acefootball.com\/da\/wp-content\/uploads\/sites\/2\/2020\/07\/Ace-Football-30-07-2020-2.png\",\"contentUrl\":\"https:\/\/acefootball.com\/da\/wp-content\/uploads\/sites\/2\/2020\/07\/Ace-Football-30-07-2020-2.png\",\"width\":1200,\"height\":600,\"caption\":\"Ace Football\"},\"image\":{\"@id\":\"https:\/\/acefootball.com\/da\/#logo\"}},{\"@type\":\"WebSite\",\"@id\":\"https:\/\/acefootball.com\/da\/#website\",\"url\":\"https:\/\/acefootball.com\/da\/\",\"name\":\"Ace Football Danmark\",\"description\":\"Nyheder, Spiltips &amp; Livescore\",\"publisher\":{\"@id\":\"https:\/\/acefootball.com\/da\/#organization\"},\"potentialAction\":[{\"@type\":\"SearchAction\",\"target\":{\"@type\":\"EntryPoint\",\"urlTemplate\":\"https:\/\/acefootball.com\/da\/?s={search_term_string}\"},\"query-input\":\"required name=search_term_string\"}],\"inLanguage\":\"en-US\"},{\"@type\":\"ImageObject\",\"@id\":\"https:\/\/acefootball.com\/da\/fodboldnyheder\/medie-mener-at-broendby-skal-slaa-til-man-skal-smede-mens-jernet-er-varmt\/#primaryimage\",\"inLanguage\":\"en-US\",\"url\":\"https:\/\/acefootball.com\/da\/wp-content\/uploads\/sites\/2\/2021\/04\/Laes-mere-generel-63.jpg\",\"contentUrl\":\"https:\/\/acefootball.com\/da\/wp-content\/uploads\/sites\/2\/2021\/04\/Laes-mere-generel-63.jpg\",\"width\":1920,\"height\":1008,\"caption\":\"RANDERS, DENMARK - OCTOBER 02: Lasse Vigen Christensen, Mikael Uhre, Josip Radosevic, Jesper Lindstrom and Kevin Mensah of Brondby IF celebrate after scoring their second goal during the Danish 3F Superliga match between Randers FC and Brondby IF at Cepheus Park on October 2, 2020 in Randers, Denmark. (Photo by Lars Ronbog \/ FrontZoneSport via Getty Images)\"},{\"@type\":\"WebPage\",\"@id\":\"https:\/\/acefootball.com\/da\/fodboldnyheder\/medie-mener-at-broendby-skal-slaa-til-man-skal-smede-mens-jernet-er-varmt\/#webpage\",\"url\":\"https:\/\/acefootball.com\/da\/fodboldnyheder\/medie-mener-at-broendby-skal-slaa-til-man-skal-smede-mens-jernet-er-varmt\/\",\"name\":\"Medie mener, at Br\u00f8ndby skal sl\u00e5 til: 'Man skal smede, mens jernet er varmt'\",\"isPartOf\":{\"@id\":\"https:\/\/acefootball.com\/da\/#website\"},\"primaryImageOfPage\":{\"@id\":\"https:\/\/acefootball.com\/da\/fodboldnyheder\/medie-mener-at-broendby-skal-slaa-til-man-skal-smede-mens-jernet-er-varmt\/#primaryimage\"},\"datePublished\":\"2021-04-28T07:34:06+00:00\",\"dateModified\":\"2021-04-28T07:45:00+00:00\",\"description\":\"B\u00f8r Br\u00f8ndby fors\u00f8ger at skyde topscorer Mikael Uhre afsted, s\u00e5 man ikke ender i en situation \u00e1 la den med Hany Mukhtar i 2018\",\"breadcrumb\":{\"@id\":\"https:\/\/acefootball.com\/da\/fodboldnyheder\/medie-mener-at-broendby-skal-slaa-til-man-skal-smede-mens-jernet-er-varmt\/#breadcrumb\"},\"inLanguage\":\"en-US\",\"potentialAction\":[{\"@type\":\"ReadAction\",\"target\":[\"https:\/\/acefootball.com\/da\/fodboldnyheder\/medie-mener-at-broendby-skal-slaa-til-man-skal-smede-mens-jernet-er-varmt\/\"]}]},{\"@type\":\"BreadcrumbList\",\"@id\":\"https:\/\/acefootball.com\/da\/fodboldnyheder\/medie-mener-at-broendby-skal-slaa-til-man-skal-smede-mens-jernet-er-varmt\/#breadcrumb\",\"itemListElement\":[{\"@type\":\"ListItem\",\"position\":1,\"name\":\"Home\",\"item\":\"https:\/\/acefootball.com\/da\/\"},{\"@type\":\"ListItem\",\"position\":2,\"name\":\"Medie mener, at Br\u00f8ndby skal sl\u00e5 til: &#8216;Man skal smede, mens jernet er varmt&#8217;\"}]},{\"@type\":\"Article\",\"@id\":\"https:\/\/acefootball.com\/da\/fodboldnyheder\/medie-mener-at-broendby-skal-slaa-til-man-skal-smede-mens-jernet-er-varmt\/#article\",\"isPartOf\":{\"@id\":\"https:\/\/acefootball.com\/da\/fodboldnyheder\/medie-mener-at-broendby-skal-slaa-til-man-skal-smede-mens-jernet-er-varmt\/#webpage\"},\"author\":{\"@id\":\"https:\/\/acefootball.com\/da\/#\/schema\/person\/fd6223a1c033400b41da7853ddf88c84\"},\"headline\":\"Medie mener, at Br\u00f8ndby skal sl\u00e5 til: &#8216;Man skal smede, mens jernet er varmt&#8217;\",\"datePublished\":\"2021-04-28T07:34:06+00:00\",\"dateModified\":\"2021-04-28T07:45:00+00:00\",\"mainEntityOfPage\":{\"@id\":\"https:\/\/acefootball.com\/da\/fodboldnyheder\/medie-mener-at-broendby-skal-slaa-til-man-skal-smede-mens-jernet-er-varmt\/#webpage\"},\"wordCount\":264,\"commentCount\":0,\"publisher\":{\"@id\":\"https:\/\/acefootball.com\/da\/#organization\"},\"image\":{\"@id\":\"https:\/\/acefootball.com\/da\/fodboldnyheder\/medie-mener-at-broendby-skal-slaa-til-man-skal-smede-mens-jernet-er-varmt\/#primaryimage\"},\"thumbnailUrl\":\"https:\/\/acefootball.com\/da\/wp-content\/uploads\/sites\/2\/2021\/04\/GettyImages-1228850630.jpg\",\"keywords\":[\"Br\u00f8ndby IF\",\"Mikael Uhre\",\"Superligaen\"],\"articleSection\":[\"Udtalelse\"],\"inLanguage\":\"en-US\",\"potentialAction\":[{\"@type\":\"CommentAction\",\"name\":\"Comment\",\"target\":[\"https:\/\/acefootball.com\/da\/fodboldnyheder\/medie-mener-at-broendby-skal-slaa-til-man-skal-smede-mens-jernet-er-varmt\/#respond\"]}]},{\"@type\":\"Person\",\"@id\":\"https:\/\/acefootball.com\/da\/#\/schema\/person\/fd6223a1c033400b41da7853ddf88c84\",\"name\":\"Patrick Hesselb\u00e6k\",\"image\":{\"@type\":\"ImageObject\",\"@id\":\"https:\/\/acefootball.com\/da\/#personlogo\",\"inLanguage\":\"en-US\",\"url\":\"https:\/\/secure.gravatar.com\/avatar\/7919060992759bffbffb199d6cbdce6f?s=96&d=mm&r=g\",\"contentUrl\":\"https:\/\/secure.gravatar.com\/avatar\/7919060992759bffbffb199d6cbdce6f?s=96&d=mm&r=g\",\"caption\":\"Patrick Hesselb\u00e6k\"},\"description\":\"Redakt\u00f8r p\u00e5 den danske Ace Football-redaktion. Uddannet i kommunikation fra Aalborg Universitet. Prim\u00e6rt fokus p\u00e5 den danske 3F Superliga og de st\u00f8rste europ\u00e6iske turneringer.\",\"sameAs\":[\"https:\/\/www.linkedin.com\/in\/patrick-hesselbk-2a4b1711a\/\"],\"url\":\"https:\/\/acefootball.com\/da\/fodboldnyheder\/author\/patrickhesselbaek\/\"}]}<\/script>\n<!-- \/ Yoast SEO plugin. -->","yoast_head_json":{"title":"Medie mener, at Br\u00f8ndby skal sl\u00e5 til: 'Man skal smede, mens jernet er varmt'","description":"B\u00f8r Br\u00f8ndby fors\u00f8ger at skyde topscorer Mikael Uhre afsted, s\u00e5 man ikke ender i en situation \u00e1 la den med Hany Mukhtar i 2018","robots":{"index":"index","follow":"follow","max-snippet":"max-snippet:-1","max-image-preview":"max-image-preview:large","max-video-preview":"max-video-preview:-1"},"canonical":"https:\/\/acefootball.com\/da\/fodboldnyheder\/medie-mener-at-broendby-skal-slaa-til-man-skal-smede-mens-jernet-er-varmt\/","og_locale":"en_US","og_type":"article","og_title":"Medie mener, at Br\u00f8ndby skal sl\u00e5 til: 'Man skal smede, mens jernet er varmt'","og_description":"B\u00f8r Br\u00f8ndby fors\u00f8ger at skyde topscorer Mikael Uhre afsted, s\u00e5 man ikke ender i en situation \u00e1 la den med Hany Mukhtar i 2018","og_url":"https:\/\/acefootball.com\/da\/fodboldnyheder\/medie-mener-at-broendby-skal-slaa-til-man-skal-smede-mens-jernet-er-varmt\/","og_site_name":"Ace Football Danmark","article_publisher":"https:\/\/www.facebook.com\/acefootballdk","article_published_time":"2021-04-28T07:34:06+00:00","article_modified_time":"2021-04-28T07:45:00+00:00","og_image":[{"width":1920,"height":1008,"url":"https:\/\/acefootball.com\/da\/wp-content\/uploads\/sites\/2\/2021\/04\/Laes-mere-generel-63.jpg","type":"image\/jpeg"}],"twitter_card":"summary_large_image","twitter_misc":{"Written by":"Patrick Hesselb\u00e6k","Est. reading time":"1 minute"},"schema":{"@context":"https:\/\/schema.org","@graph":[{"@type":"Organization","@id":"https:\/\/acefootball.com\/da\/#organization","name":"Ace Football","url":"https:\/\/acefootball.com\/da\/","sameAs":["https:\/\/www.facebook.com\/acefootballdk"],"logo":{"@type":"ImageObject","@id":"https:\/\/acefootball.com\/da\/#logo","inLanguage":"en-US","url":"https:\/\/acefootball.com\/da\/wp-content\/uploads\/sites\/2\/2020\/07\/Ace-Football-30-07-2020-2.png","contentUrl":"https:\/\/acefootball.com\/da\/wp-content\/uploads\/sites\/2\/2020\/07\/Ace-Football-30-07-2020-2.png","width":1200,"height":600,"caption":"Ace Football"},"image":{"@id":"https:\/\/acefootball.com\/da\/#logo"}},{"@type":"WebSite","@id":"https:\/\/acefootball.com\/da\/#website","url":"https:\/\/acefootball.com\/da\/","name":"Ace Football Danmark","description":"Nyheder, Spiltips &amp; Livescore","publisher":{"@id":"https:\/\/acefootball.com\/da\/#organization"},"potentialAction":[{"@type":"SearchAction","target":{"@type":"EntryPoint","urlTemplate":"https:\/\/acefootball.com\/da\/?s={search_term_string}"},"query-input":"required name=search_term_string"}],"inLanguage":"en-US"},{"@type":"ImageObject","@id":"https:\/\/acefootball.com\/da\/fodboldnyheder\/medie-mener-at-broendby-skal-slaa-til-man-skal-smede-mens-jernet-er-varmt\/#primaryimage","inLanguage":"en-US","url":"https:\/\/acefootball.com\/da\/wp-content\/uploads\/sites\/2\/2021\/04\/Laes-mere-generel-63.jpg","contentUrl":"https:\/\/acefootball.com\/da\/wp-content\/uploads\/sites\/2\/2021\/04\/Laes-mere-generel-63.jpg","width":1920,"height":1008,"caption":"RANDERS, DENMARK - OCTOBER 02: Lasse Vigen Christensen, Mikael Uhre, Josip Radosevic, Jesper Lindstrom and Kevin Mensah of Brondby IF celebrate after scoring their second goal during the Danish 3F Superliga match between Randers FC and Brondby IF at Cepheus Park on October 2, 2020 in Randers, Denmark. (Photo by Lars Ronbog \/ FrontZoneSport via Getty Images)"},{"@type":"WebPage","@id":"https:\/\/acefootball.com\/da\/fodboldnyheder\/medie-mener-at-broendby-skal-slaa-til-man-skal-smede-mens-jernet-er-varmt\/#webpage","url":"https:\/\/acefootball.com\/da\/fodboldnyheder\/medie-mener-at-broendby-skal-slaa-til-man-skal-smede-mens-jernet-er-varmt\/","name":"Medie mener, at Br\u00f8ndby skal sl\u00e5 til: 'Man skal smede, mens jernet er varmt'","isPartOf":{"@id":"https:\/\/acefootball.com\/da\/#website"},"primaryImageOfPage":{"@id":"https:\/\/acefootball.com\/da\/fodboldnyheder\/medie-mener-at-broendby-skal-slaa-til-man-skal-smede-mens-jernet-er-varmt\/#primaryimage"},"datePublished":"2021-04-28T07:34:06+00:00","dateModified":"2021-04-28T07:45:00+00:00","description":"B\u00f8r Br\u00f8ndby fors\u00f8ger at skyde topscorer Mikael Uhre afsted, s\u00e5 man ikke ender i en situation \u00e1 la den med Hany Mukhtar i 2018","breadcrumb":{"@id":"https:\/\/acefootball.com\/da\/fodboldnyheder\/medie-mener-at-broendby-skal-slaa-til-man-skal-smede-mens-jernet-er-varmt\/#breadcrumb"},"inLanguage":"en-US","potentialAction":[{"@type":"ReadAction","target":["https:\/\/acefootball.com\/da\/fodboldnyheder\/medie-mener-at-broendby-skal-slaa-til-man-skal-smede-mens-jernet-er-varmt\/"]}]},{"@type":"BreadcrumbList","@id":"https:\/\/acefootball.com\/da\/fodboldnyheder\/medie-mener-at-broendby-skal-slaa-til-man-skal-smede-mens-jernet-er-varmt\/#breadcrumb","itemListElement":[{"@type":"ListItem","position":1,"name":"Home","item":"https:\/\/acefootball.com\/da\/"},{"@type":"ListItem","position":2,"name":"Medie mener, at Br\u00f8ndby skal sl\u00e5 til: &#8216;Man skal smede, mens jernet er varmt&#8217;"}]},{"@type":"Article","@id":"https:\/\/acefootball.com\/da\/fodboldnyheder\/medie-mener-at-broendby-skal-slaa-til-man-skal-smede-mens-jernet-er-varmt\/#article","isPartOf":{"@id":"https:\/\/acefootball.com\/da\/fodboldnyheder\/medie-mener-at-broendby-skal-slaa-til-man-skal-smede-mens-jernet-er-varmt\/#webpage"},"author":{"@id":"https:\/\/acefootball.com\/da\/#\/schema\/person\/fd6223a1c033400b41da7853ddf88c84"},"headline":"Medie mener, at Br\u00f8ndby skal sl\u00e5 til: &#8216;Man skal smede, mens jernet er varmt&#8217;","datePublished":"2021-04-28T07:34:06+00:00","dateModified":"2021-04-28T07:45:00+00:00","mainEntityOfPage":{"@id":"https:\/\/acefootball.com\/da\/fodboldnyheder\/medie-mener-at-broendby-skal-slaa-til-man-skal-smede-mens-jernet-er-varmt\/#webpage"},"wordCount":264,"commentCount":0,"publisher":{"@id":"https:\/\/acefootball.com\/da\/#organization"},"image":{"@id":"https:\/\/acefootball.com\/da\/fodboldnyheder\/medie-mener-at-broendby-skal-slaa-til-man-skal-smede-mens-jernet-er-varmt\/#primaryimage"},"thumbnailUrl":"https:\/\/acefootball.com\/da\/wp-content\/uploads\/sites\/2\/2021\/04\/GettyImages-1228850630.jpg","keywords":["Br\u00f8ndby IF","Mikael Uhre","Superligaen"],"articleSection":["Udtalelse"],"inLanguage":"en-US","potentialAction":[{"@type":"CommentAction","name":"Comment","target":["https:\/\/acefootball.com\/da\/fodboldnyheder\/medie-mener-at-broendby-skal-slaa-til-man-skal-smede-mens-jernet-er-varmt\/#respond"]}]},{"@type":"Person","@id":"https:\/\/acefootball.com\/da\/#\/schema\/person\/fd6223a1c033400b41da7853ddf88c84","name":"Patrick Hesselb\u00e6k","image":{"@type":"ImageObject","@id":"https:\/\/acefootball.com\/da\/#personlogo","inLanguage":"en-US","url":"https:\/\/secure.gravatar.com\/avatar\/7919060992759bffbffb199d6cbdce6f?s=96&d=mm&r=g","contentUrl":"https:\/\/secure.gravatar.com\/avatar\/7919060992759bffbffb199d6cbdce6f?s=96&d=mm&r=g","caption":"Patrick Hesselb\u00e6k"},"description":"Redakt\u00f8r p\u00e5 den danske Ace Football-redaktion. Uddannet i kommunikation fra Aalborg Universitet. Prim\u00e6rt fokus p\u00e5 den danske 3F Superliga og de st\u00f8rste europ\u00e6iske turneringer.","sameAs":["https:\/\/www.linkedin.com\/in\/patrick-hesselbk-2a4b1711a\/"],"url":"https:\/\/acefootball.com\/da\/fodboldnyheder\/author\/patrickhesselbaek\/"}]}},"fimg_url":"https:\/\/acefootball.com\/da\/wp-content\/uploads\/sites\/2\/2021\/04\/GettyImages-1228850630.jpg","_links":{"self":[{"href":"https:\/\/acefootball.com\/da\/wp-json\/wp\/v2\/posts\/257418"}],"collection":[{"href":"https:\/\/acefootball.com\/da\/wp-json\/wp\/v2\/posts"}],"about":[{"href":"https:\/\/acefootball.com\/da\/wp-json\/wp\/v2\/types\/post"}],"author":[{"embeddable":true,"href":"https:\/\/acefootball.com\/da\/wp-json\/wp\/v2\/users\/74"}],"replies":[{"embeddable":true,"href":"https:\/\/acefootball.com\/da\/wp-json\/wp\/v2\/comments?post=257418"}],"version-history":[{"count":0,"href":"https:\/\/acefootball.com\/da\/wp-json\/wp\/v2\/posts\/257418\/revisions"}],"wp:featuredmedia":[{"embeddable":true,"href":"https:\/\/acefootball.com\/da\/wp-json\/wp\/v2\/media\/257423"}],"wp:attachment":[{"href":"https:\/\/acefootball.com\/da\/wp-json\/wp\/v2\/media?parent=257418"}],"wp:term":[{"taxonomy":"category","embeddable":true,"href":"https:\/\/acefootball.com\/da\/wp-json\/wp\/v2\/categories?post=257418"},{"taxonomy":"post_tag","embeddable":true,"href":"https:\/\/acefootball.com\/da\/wp-json\/wp\/v2\/tags?post=257418"}],"curies":[{"name":"wp","href":"https:\/\/api.w.org\/{rel}","templated":true}]}}