{"id":257395,"date":"2021-04-27T09:24:28","date_gmt":"2021-04-27T07:24:28","guid":{"rendered":"https:\/\/acefootball.com\/da\/?p=257395"},"modified":"2021-04-27T09:24:29","modified_gmt":"2021-04-27T07:24:29","slug":"agf-fan-faar-karantaene-efter-fischer-angreb","status":"publish","type":"post","link":"https:\/\/acefootball.com\/da\/fodboldnyheder\/agf-fan-faar-karantaene-efter-fischer-angreb\/","title":{"rendered":"AGF-fan f\u00e5r karant\u00e6ne efter Fischer-angreb"},"content":{"rendered":"\n<h2 id=\"h-stjyllands-politi-oplyser-at-man-har-sigtet-en-33-rig-mand-for-at-have-kastet-l-efter-fck-spillere-i-s-ndagens-kamp-p-ceres-park\">\u00d8stjyllands Politi oplyser, at man har sigtet en 33-\u00e5rig mand for at have kastet \u00f8l efter FCK-spillere i s\u00f8ndagens kamp p\u00e5 Ceres Park<\/h2>\n\n\n\n<p>Temperamenterne gik h\u00f8jt i slutningen af s\u00f8ndagens Superliga-kamp mellem AGF og FC K\u00f8benhavn.<\/p>\n\n\n\n<p>Tumulten blev centreret omkring Viktor Fischer, som i gennem kampen havde f\u00e5et flere AGF-spillere p\u00e5 nakken, og tilskuerne p\u00e5 Ceres Park var heller ikke tilfreds med FCK-profilen.<\/p>\n\n\n\n<p>Det fik Fischer at f\u00f8le, da han forlod stadion, hvor masser af kasteskyts blev sendt afsted mod ham, og det koster nu en person en sigtelse for uorden og karant\u00e6ne fra stadion.<\/p>\n\n\n\n<p>&#8220;AGF spillede s\u00f8ndag aften Superliga-kamp hjemme mod FC K\u00f8benhavn med omkring 8000 tilskuere p\u00e5 stadion i Aarhus. Det hele foregik overordnet i god ro og orden b\u00e5de f\u00f8r, under og efter kampen \u2013 p\u00e5 n\u00e6r en enkelt episode ved kampens afslutning, hvor der blev kastet et fyldt \u00f8lkrus efter FCK-spillerne,&#8221; skriver <a href=\"https:\/\/politi.dk\/oestjyllands-politi\/doegnrapporter\/doegn26042021\/2021\/04\/26\" target=\"_blank\" rel=\"noreferrer noopener\">\u00d8stjyllands Politi<\/a>.<\/p>\n\n\n\n<p>&#8220;En 33-\u00e5rig mand blev identificeret som \u00f8lkasteren, og han blev sigtet for at forstyrre den offentlige orden og fik i samme omb\u00e6ring karant\u00e6ne i forhold til at komme p\u00e5 stadion.&#8221;<\/p>\n\n\n\n<p>Det er dog ikke kun i AGF-lejren, man er tr\u00e6tte af Fischer. L\u00e6s mere her:<\/p>\n\n\n\n<figure class=\"wp-block-embed is-type-wp-embed is-provider-ace-football-danmark wp-block-embed-ace-football-danmark\"><div class=\"wp-block-embed__wrapper\">\n<blockquote class=\"wp-embedded-content\" data-secret=\"SmlCnpx2gz\"><a href=\"https:\/\/acefootball.com\/da\/fodboldnyheder\/don-oe-om-fischer-opfoersel-havde-ikke-gaaet-i-min-tid\/\">Don \u00d8 om Fischer-opf\u00f8rsel: Havde ikke g\u00e5et i min tid<\/a><\/blockquote><iframe class=\"wp-embedded-content\" sandbox=\"allow-scripts\" security=\"restricted\" style=\"position: absolute; clip: rect(1px, 1px, 1px, 1px);\" title=\"&#8220;Don \u00d8 om Fischer-opf\u00f8rsel: Havde ikke g\u00e5et i min tid&#8221; &#8212; Ace Football Danmark\" src=\"https:\/\/acefootball.com\/da\/fodboldnyheder\/don-oe-om-fischer-opfoersel-havde-ikke-gaaet-i-min-tid\/embed\/#?secret=SmlCnpx2gz\" data-secret=\"SmlCnpx2gz\" width=\"600\" height=\"338\" frameborder=\"0\" marginwidth=\"0\" marginheight=\"0\" scrolling=\"no\"><\/iframe>\n<\/div><\/figure>\n","protected":false},"excerpt":{"rendered":"<p>\u00d8stjyllands Politi oplyser, at man har sigtet en 33-\u00e5rig mand for at have kastet \u00f8l efter FCK-spillere i s\u00f8ndagens kamp p\u00e5 Ceres Park<\/p>\n","protected":false},"author":705,"featured_media":257399,"comment_status":"open","ping_status":"closed","sticky":false,"template":"","format":"standard","meta":{"om_disable_all_campaigns":false,"push_articles_ronaldo":{"active":false,"canonical":0,"publish":false},"force_updates":null},"categories":[1],"tags":[18,588,425],"enet_tags":{"team":["8071"],"league":["46"],"player":["266526"],"sport_events":[]},"yoast_head":"<!-- This site is optimized with the Yoast SEO plugin v18.3 - https:\/\/yoast.com\/wordpress\/plugins\/seo\/ -->\n<title>AGF-fan f\u00e5r karant\u00e6ne efter Fischer-angreb<\/title>\n<meta name=\"description\" content=\"\u00d8stjyllands Politi oplyser, at man har sigtet en 33-\u00e5rig mand for at have kastet \u00f8l efter FCK-spillere i s\u00f8ndagens kamp p\u00e5 Ceres Park\" \/>\n<meta name=\"robots\" content=\"index, follow, max-snippet:-1, max-image-preview:large, max-video-preview:-1\" \/>\n<link rel=\"canonical\" href=\"https:\/\/acefootball.com\/da\/fodboldnyheder\/agf-fan-faar-karantaene-efter-fischer-angreb\/\" \/>\n<meta property=\"og:locale\" content=\"en_US\" \/>\n<meta property=\"og:type\" content=\"article\" \/>\n<meta property=\"og:title\" content=\"AGF-fan f\u00e5r karant\u00e6ne efter Fischer-angreb\" \/>\n<meta property=\"og:description\" content=\"\u00d8stjyllands Politi oplyser, at man har sigtet en 33-\u00e5rig mand for at have kastet \u00f8l efter FCK-spillere i s\u00f8ndagens kamp p\u00e5 Ceres Park\" \/>\n<meta property=\"og:url\" content=\"https:\/\/acefootball.com\/da\/fodboldnyheder\/agf-fan-faar-karantaene-efter-fischer-angreb\/\" \/>\n<meta property=\"og:site_name\" content=\"Ace Football Danmark\" \/>\n<meta property=\"article:publisher\" content=\"https:\/\/www.facebook.com\/acefootballdk\" \/>\n<meta property=\"article:published_time\" content=\"2021-04-27T07:24:28+00:00\" \/>\n<meta property=\"article:modified_time\" content=\"2021-04-27T07:24:29+00:00\" \/>\n<meta property=\"og:image\" content=\"https:\/\/acefootball.com\/da\/wp-content\/uploads\/sites\/2\/2021\/04\/GettyImages-1232530754.jpg\" \/>\n\t<meta property=\"og:image:width\" content=\"1024\" \/>\n\t<meta property=\"og:image:height\" content=\"683\" \/>\n\t<meta property=\"og:image:type\" content=\"image\/jpeg\" \/>\n<meta name=\"twitter:card\" content=\"summary_large_image\" \/>\n<meta name=\"twitter:label1\" content=\"Written by\" \/>\n\t<meta name=\"twitter:data1\" content=\"Mads Dreyer\" \/>\n\t<meta name=\"twitter:label2\" content=\"Est. reading time\" \/>\n\t<meta name=\"twitter:data2\" content=\"1 minute\" \/>\n<script type=\"application\/ld+json\" class=\"yoast-schema-graph\">{\"@context\":\"https:\/\/schema.org\",\"@graph\":[{\"@type\":\"Organization\",\"@id\":\"https:\/\/acefootball.com\/da\/#organization\",\"name\":\"Ace Football\",\"url\":\"https:\/\/acefootball.com\/da\/\",\"sameAs\":[\"https:\/\/www.facebook.com\/acefootballdk\"],\"logo\":{\"@type\":\"ImageObject\",\"@id\":\"https:\/\/acefootball.com\/da\/#logo\",\"inLanguage\":\"en-US\",\"url\":\"https:\/\/acefootball.com\/da\/wp-content\/uploads\/sites\/2\/2020\/07\/Ace-Football-30-07-2020-2.png\",\"contentUrl\":\"https:\/\/acefootball.com\/da\/wp-content\/uploads\/sites\/2\/2020\/07\/Ace-Football-30-07-2020-2.png\",\"width\":1200,\"height\":600,\"caption\":\"Ace Football\"},\"image\":{\"@id\":\"https:\/\/acefootball.com\/da\/#logo\"}},{\"@type\":\"WebSite\",\"@id\":\"https:\/\/acefootball.com\/da\/#website\",\"url\":\"https:\/\/acefootball.com\/da\/\",\"name\":\"Ace Football Danmark\",\"description\":\"Nyheder, Spiltips &amp; Livescore\",\"publisher\":{\"@id\":\"https:\/\/acefootball.com\/da\/#organization\"},\"potentialAction\":[{\"@type\":\"SearchAction\",\"target\":{\"@type\":\"EntryPoint\",\"urlTemplate\":\"https:\/\/acefootball.com\/da\/?s={search_term_string}\"},\"query-input\":\"required name=search_term_string\"}],\"inLanguage\":\"en-US\"},{\"@type\":\"ImageObject\",\"@id\":\"https:\/\/acefootball.com\/da\/fodboldnyheder\/agf-fan-faar-karantaene-efter-fischer-angreb\/#primaryimage\",\"inLanguage\":\"en-US\",\"url\":\"https:\/\/acefootball.com\/da\/wp-content\/uploads\/sites\/2\/2021\/04\/GettyImages-1232530754.jpg\",\"contentUrl\":\"https:\/\/acefootball.com\/da\/wp-content\/uploads\/sites\/2\/2021\/04\/GettyImages-1232530754.jpg\",\"width\":1024,\"height\":683,\"caption\":\"ARHUS, DENMARK - APRIL 25: (L to R) Viktor Fischer of FC Copenhagen and Sebastian Hausner of AGF Arhus compete for the ball during the Danish 3F Superliga match between AGF Arhus and FC Copenhagen at Ceres Park on April 25, 2021 in Arhus, Denmark. (Photo by Jan Christensen \/ FrontzoneSport via Getty Images)\"},{\"@type\":\"WebPage\",\"@id\":\"https:\/\/acefootball.com\/da\/fodboldnyheder\/agf-fan-faar-karantaene-efter-fischer-angreb\/#webpage\",\"url\":\"https:\/\/acefootball.com\/da\/fodboldnyheder\/agf-fan-faar-karantaene-efter-fischer-angreb\/\",\"name\":\"AGF-fan f\u00e5r karant\u00e6ne efter Fischer-angreb\",\"isPartOf\":{\"@id\":\"https:\/\/acefootball.com\/da\/#website\"},\"primaryImageOfPage\":{\"@id\":\"https:\/\/acefootball.com\/da\/fodboldnyheder\/agf-fan-faar-karantaene-efter-fischer-angreb\/#primaryimage\"},\"datePublished\":\"2021-04-27T07:24:28+00:00\",\"dateModified\":\"2021-04-27T07:24:29+00:00\",\"description\":\"\u00d8stjyllands Politi oplyser, at man har sigtet en 33-\u00e5rig mand for at have kastet \u00f8l efter FCK-spillere i s\u00f8ndagens kamp p\u00e5 Ceres Park\",\"breadcrumb\":{\"@id\":\"https:\/\/acefootball.com\/da\/fodboldnyheder\/agf-fan-faar-karantaene-efter-fischer-angreb\/#breadcrumb\"},\"inLanguage\":\"en-US\",\"potentialAction\":[{\"@type\":\"ReadAction\",\"target\":[\"https:\/\/acefootball.com\/da\/fodboldnyheder\/agf-fan-faar-karantaene-efter-fischer-angreb\/\"]}]},{\"@type\":\"BreadcrumbList\",\"@id\":\"https:\/\/acefootball.com\/da\/fodboldnyheder\/agf-fan-faar-karantaene-efter-fischer-angreb\/#breadcrumb\",\"itemListElement\":[{\"@type\":\"ListItem\",\"position\":1,\"name\":\"Home\",\"item\":\"https:\/\/acefootball.com\/da\/\"},{\"@type\":\"ListItem\",\"position\":2,\"name\":\"AGF-fan f\u00e5r karant\u00e6ne efter Fischer-angreb\"}]},{\"@type\":\"Article\",\"@id\":\"https:\/\/acefootball.com\/da\/fodboldnyheder\/agf-fan-faar-karantaene-efter-fischer-angreb\/#article\",\"isPartOf\":{\"@id\":\"https:\/\/acefootball.com\/da\/fodboldnyheder\/agf-fan-faar-karantaene-efter-fischer-angreb\/#webpage\"},\"author\":{\"@id\":\"https:\/\/acefootball.com\/da\/#\/schema\/person\/ee67e9cf04a276f144100ffa722f10cd\"},\"headline\":\"AGF-fan f\u00e5r karant\u00e6ne efter Fischer-angreb\",\"datePublished\":\"2021-04-27T07:24:28+00:00\",\"dateModified\":\"2021-04-27T07:24:29+00:00\",\"mainEntityOfPage\":{\"@id\":\"https:\/\/acefootball.com\/da\/fodboldnyheder\/agf-fan-faar-karantaene-efter-fischer-angreb\/#webpage\"},\"wordCount\":222,\"commentCount\":0,\"publisher\":{\"@id\":\"https:\/\/acefootball.com\/da\/#organization\"},\"image\":{\"@id\":\"https:\/\/acefootball.com\/da\/fodboldnyheder\/agf-fan-faar-karantaene-efter-fischer-angreb\/#primaryimage\"},\"thumbnailUrl\":\"https:\/\/acefootball.com\/da\/wp-content\/uploads\/sites\/2\/2021\/04\/GettyImages-1232530754.jpg\",\"keywords\":[\"AGF\",\"Superligaen\",\"Viktor Fischer\"],\"articleSection\":[\"Nyhed\"],\"inLanguage\":\"en-US\",\"potentialAction\":[{\"@type\":\"CommentAction\",\"name\":\"Comment\",\"target\":[\"https:\/\/acefootball.com\/da\/fodboldnyheder\/agf-fan-faar-karantaene-efter-fischer-angreb\/#respond\"]}]},{\"@type\":\"Person\",\"@id\":\"https:\/\/acefootball.com\/da\/#\/schema\/person\/ee67e9cf04a276f144100ffa722f10cd\",\"name\":\"Mads Dreyer\",\"image\":{\"@type\":\"ImageObject\",\"@id\":\"https:\/\/acefootball.com\/da\/#personlogo\",\"inLanguage\":\"en-US\",\"url\":\"https:\/\/secure.gravatar.com\/avatar\/7c7abf72cfde9902b6a60efe60c88d4c?s=96&d=mm&r=g\",\"contentUrl\":\"https:\/\/secure.gravatar.com\/avatar\/7c7abf72cfde9902b6a60efe60c88d4c?s=96&d=mm&r=g\",\"caption\":\"Mads Dreyer\"},\"description\":\"Skribent og fodboldn\u00f8rd, der lige nu fort\u00e6ller om alt og intet i fodboldverdenen p\u00e5 acefootball.com. Uddannet i kommunikation fra Aalborg Universitet.\",\"sameAs\":[\"https:\/\/www.linkedin.com\/in\/mads-dreyer-b9b08266\/\"],\"url\":\"https:\/\/acefootball.com\/da\/fodboldnyheder\/author\/mdnronaldo\/\"}]}<\/script>\n<!-- \/ Yoast SEO plugin. -->","yoast_head_json":{"title":"AGF-fan f\u00e5r karant\u00e6ne efter Fischer-angreb","description":"\u00d8stjyllands Politi oplyser, at man har sigtet en 33-\u00e5rig mand for at have kastet \u00f8l efter FCK-spillere i s\u00f8ndagens kamp p\u00e5 Ceres Park","robots":{"index":"index","follow":"follow","max-snippet":"max-snippet:-1","max-image-preview":"max-image-preview:large","max-video-preview":"max-video-preview:-1"},"canonical":"https:\/\/acefootball.com\/da\/fodboldnyheder\/agf-fan-faar-karantaene-efter-fischer-angreb\/","og_locale":"en_US","og_type":"article","og_title":"AGF-fan f\u00e5r karant\u00e6ne efter Fischer-angreb","og_description":"\u00d8stjyllands Politi oplyser, at man har sigtet en 33-\u00e5rig mand for at have kastet \u00f8l efter FCK-spillere i s\u00f8ndagens kamp p\u00e5 Ceres Park","og_url":"https:\/\/acefootball.com\/da\/fodboldnyheder\/agf-fan-faar-karantaene-efter-fischer-angreb\/","og_site_name":"Ace Football Danmark","article_publisher":"https:\/\/www.facebook.com\/acefootballdk","article_published_time":"2021-04-27T07:24:28+00:00","article_modified_time":"2021-04-27T07:24:29+00:00","og_image":[{"width":1024,"height":683,"url":"https:\/\/acefootball.com\/da\/wp-content\/uploads\/sites\/2\/2021\/04\/GettyImages-1232530754.jpg","type":"image\/jpeg"}],"twitter_card":"summary_large_image","twitter_misc":{"Written by":"Mads Dreyer","Est. reading time":"1 minute"},"schema":{"@context":"https:\/\/schema.org","@graph":[{"@type":"Organization","@id":"https:\/\/acefootball.com\/da\/#organization","name":"Ace Football","url":"https:\/\/acefootball.com\/da\/","sameAs":["https:\/\/www.facebook.com\/acefootballdk"],"logo":{"@type":"ImageObject","@id":"https:\/\/acefootball.com\/da\/#logo","inLanguage":"en-US","url":"https:\/\/acefootball.com\/da\/wp-content\/uploads\/sites\/2\/2020\/07\/Ace-Football-30-07-2020-2.png","contentUrl":"https:\/\/acefootball.com\/da\/wp-content\/uploads\/sites\/2\/2020\/07\/Ace-Football-30-07-2020-2.png","width":1200,"height":600,"caption":"Ace Football"},"image":{"@id":"https:\/\/acefootball.com\/da\/#logo"}},{"@type":"WebSite","@id":"https:\/\/acefootball.com\/da\/#website","url":"https:\/\/acefootball.com\/da\/","name":"Ace Football Danmark","description":"Nyheder, Spiltips &amp; Livescore","publisher":{"@id":"https:\/\/acefootball.com\/da\/#organization"},"potentialAction":[{"@type":"SearchAction","target":{"@type":"EntryPoint","urlTemplate":"https:\/\/acefootball.com\/da\/?s={search_term_string}"},"query-input":"required name=search_term_string"}],"inLanguage":"en-US"},{"@type":"ImageObject","@id":"https:\/\/acefootball.com\/da\/fodboldnyheder\/agf-fan-faar-karantaene-efter-fischer-angreb\/#primaryimage","inLanguage":"en-US","url":"https:\/\/acefootball.com\/da\/wp-content\/uploads\/sites\/2\/2021\/04\/GettyImages-1232530754.jpg","contentUrl":"https:\/\/acefootball.com\/da\/wp-content\/uploads\/sites\/2\/2021\/04\/GettyImages-1232530754.jpg","width":1024,"height":683,"caption":"ARHUS, DENMARK - APRIL 25: (L to R) Viktor Fischer of FC Copenhagen and Sebastian Hausner of AGF Arhus compete for the ball during the Danish 3F Superliga match between AGF Arhus and FC Copenhagen at Ceres Park on April 25, 2021 in Arhus, Denmark. (Photo by Jan Christensen \/ FrontzoneSport via Getty Images)"},{"@type":"WebPage","@id":"https:\/\/acefootball.com\/da\/fodboldnyheder\/agf-fan-faar-karantaene-efter-fischer-angreb\/#webpage","url":"https:\/\/acefootball.com\/da\/fodboldnyheder\/agf-fan-faar-karantaene-efter-fischer-angreb\/","name":"AGF-fan f\u00e5r karant\u00e6ne efter Fischer-angreb","isPartOf":{"@id":"https:\/\/acefootball.com\/da\/#website"},"primaryImageOfPage":{"@id":"https:\/\/acefootball.com\/da\/fodboldnyheder\/agf-fan-faar-karantaene-efter-fischer-angreb\/#primaryimage"},"datePublished":"2021-04-27T07:24:28+00:00","dateModified":"2021-04-27T07:24:29+00:00","description":"\u00d8stjyllands Politi oplyser, at man har sigtet en 33-\u00e5rig mand for at have kastet \u00f8l efter FCK-spillere i s\u00f8ndagens kamp p\u00e5 Ceres Park","breadcrumb":{"@id":"https:\/\/acefootball.com\/da\/fodboldnyheder\/agf-fan-faar-karantaene-efter-fischer-angreb\/#breadcrumb"},"inLanguage":"en-US","potentialAction":[{"@type":"ReadAction","target":["https:\/\/acefootball.com\/da\/fodboldnyheder\/agf-fan-faar-karantaene-efter-fischer-angreb\/"]}]},{"@type":"BreadcrumbList","@id":"https:\/\/acefootball.com\/da\/fodboldnyheder\/agf-fan-faar-karantaene-efter-fischer-angreb\/#breadcrumb","itemListElement":[{"@type":"ListItem","position":1,"name":"Home","item":"https:\/\/acefootball.com\/da\/"},{"@type":"ListItem","position":2,"name":"AGF-fan f\u00e5r karant\u00e6ne efter Fischer-angreb"}]},{"@type":"Article","@id":"https:\/\/acefootball.com\/da\/fodboldnyheder\/agf-fan-faar-karantaene-efter-fischer-angreb\/#article","isPartOf":{"@id":"https:\/\/acefootball.com\/da\/fodboldnyheder\/agf-fan-faar-karantaene-efter-fischer-angreb\/#webpage"},"author":{"@id":"https:\/\/acefootball.com\/da\/#\/schema\/person\/ee67e9cf04a276f144100ffa722f10cd"},"headline":"AGF-fan f\u00e5r karant\u00e6ne efter Fischer-angreb","datePublished":"2021-04-27T07:24:28+00:00","dateModified":"2021-04-27T07:24:29+00:00","mainEntityOfPage":{"@id":"https:\/\/acefootball.com\/da\/fodboldnyheder\/agf-fan-faar-karantaene-efter-fischer-angreb\/#webpage"},"wordCount":222,"commentCount":0,"publisher":{"@id":"https:\/\/acefootball.com\/da\/#organization"},"image":{"@id":"https:\/\/acefootball.com\/da\/fodboldnyheder\/agf-fan-faar-karantaene-efter-fischer-angreb\/#primaryimage"},"thumbnailUrl":"https:\/\/acefootball.com\/da\/wp-content\/uploads\/sites\/2\/2021\/04\/GettyImages-1232530754.jpg","keywords":["AGF","Superligaen","Viktor Fischer"],"articleSection":["Nyhed"],"inLanguage":"en-US","potentialAction":[{"@type":"CommentAction","name":"Comment","target":["https:\/\/acefootball.com\/da\/fodboldnyheder\/agf-fan-faar-karantaene-efter-fischer-angreb\/#respond"]}]},{"@type":"Person","@id":"https:\/\/acefootball.com\/da\/#\/schema\/person\/ee67e9cf04a276f144100ffa722f10cd","name":"Mads Dreyer","image":{"@type":"ImageObject","@id":"https:\/\/acefootball.com\/da\/#personlogo","inLanguage":"en-US","url":"https:\/\/secure.gravatar.com\/avatar\/7c7abf72cfde9902b6a60efe60c88d4c?s=96&d=mm&r=g","contentUrl":"https:\/\/secure.gravatar.com\/avatar\/7c7abf72cfde9902b6a60efe60c88d4c?s=96&d=mm&r=g","caption":"Mads Dreyer"},"description":"Skribent og fodboldn\u00f8rd, der lige nu fort\u00e6ller om alt og intet i fodboldverdenen p\u00e5 acefootball.com. Uddannet i kommunikation fra Aalborg Universitet.","sameAs":["https:\/\/www.linkedin.com\/in\/mads-dreyer-b9b08266\/"],"url":"https:\/\/acefootball.com\/da\/fodboldnyheder\/author\/mdnronaldo\/"}]}},"fimg_url":"https:\/\/acefootball.com\/da\/wp-content\/uploads\/sites\/2\/2021\/04\/GettyImages-1232530754.jpg","_links":{"self":[{"href":"https:\/\/acefootball.com\/da\/wp-json\/wp\/v2\/posts\/257395"}],"collection":[{"href":"https:\/\/acefootball.com\/da\/wp-json\/wp\/v2\/posts"}],"about":[{"href":"https:\/\/acefootball.com\/da\/wp-json\/wp\/v2\/types\/post"}],"author":[{"embeddable":true,"href":"https:\/\/acefootball.com\/da\/wp-json\/wp\/v2\/users\/705"}],"replies":[{"embeddable":true,"href":"https:\/\/acefootball.com\/da\/wp-json\/wp\/v2\/comments?post=257395"}],"version-history":[{"count":0,"href":"https:\/\/acefootball.com\/da\/wp-json\/wp\/v2\/posts\/257395\/revisions"}],"wp:featuredmedia":[{"embeddable":true,"href":"https:\/\/acefootball.com\/da\/wp-json\/wp\/v2\/media\/257399"}],"wp:attachment":[{"href":"https:\/\/acefootball.com\/da\/wp-json\/wp\/v2\/media?parent=257395"}],"wp:term":[{"taxonomy":"category","embeddable":true,"href":"https:\/\/acefootball.com\/da\/wp-json\/wp\/v2\/categories?post=257395"},{"taxonomy":"post_tag","embeddable":true,"href":"https:\/\/acefootball.com\/da\/wp-json\/wp\/v2\/tags?post=257395"}],"curies":[{"name":"wp","href":"https:\/\/api.w.org\/{rel}","templated":true}]}}