{"id":257392,"date":"2021-04-27T08:59:52","date_gmt":"2021-04-27T06:59:52","guid":{"rendered":"https:\/\/acefootball.com\/da\/?p=257392"},"modified":"2021-04-27T08:59:52","modified_gmt":"2021-04-27T06:59:52","slug":"dansk-profil-aabner-for-udlandet-maa-se-om-det-bliver-til-sommer","status":"publish","type":"post","link":"https:\/\/acefootball.com\/da\/fodboldnyheder\/dansk-profil-aabner-for-udlandet-maa-se-om-det-bliver-til-sommer\/","title":{"rendered":"Dansk profil \u00e5bner for udlandet: M\u00e5 se om det bliver til sommer"},"content":{"rendered":"\n<h2 id=\"h-fc-nordsj-llands-magnus-kofod-andersen-dr-mmer-om-at-teste-sig-selv-af-p-et-h-jere-niveau-end-superligaen\">FC Nordsj\u00e6llands Magnus Kofod Andersen dr\u00f8mmer om at teste sig selv af p\u00e5 et h\u00f8jere niveau end Superligaen<\/h2>\n\n\n\n<p>Magnus Kofod Andersen har i denne s\u00e6son v\u00e6ret den m\u00e5ske st\u00f8rste profil hos FC Nordsj\u00e6lland, hvor han har spillet samtlige 27 kampe i Superligaen.<\/p>\n\n\n\n<p>Derudover har midtbanegeneralen ogs\u00e5 f\u00e5et \u00e6ren af at b\u00e6re anf\u00f8rerbindet de seneste mange kampe, og han kan da ogs\u00e5 ende med at blive et af Farum-klubbens store salg til sommer.<\/p>\n\n\n\n<p>Kofod er i hvert fald selv lun p\u00e5 id\u00e9en om at pr\u00f8ve sig af i en st\u00f8rre liga, hvilket meget vel kan ske allerede fra n\u00e6ste s\u00e6son.<\/p>\n\n\n\n<p>&#8220;Jeg har det godt i FC Nordsj\u00e6lland og har en vigtig rolle p\u00e5 holdet, men selvf\u00f8lgelig er min dr\u00f8m og mit m\u00e5l at komme ud og teste mig selv mod endnu bedre modstandere i endnu bedre ligaer. Den tid skal nok komme, og s\u00e5 m\u00e5 vi se, om det bliver til sommer eller lidt senere,&#8221; udtaler Kofod if\u00f8lge <a href=\"https:\/\/www.tipsbladet.dk\/nyhed\/superliga\/fcn-profil-meget-taler-et-klubskifte-til-sommer\" target=\"_blank\" rel=\"noreferrer noopener\">Tipsbladet<\/a>.<\/p>\n\n\n\n<p>Magnus Kofod har kontrakt i FC Nordsj\u00e6lland frem til n\u00e6ste sommer.<\/p>\n\n\n\n<figure class=\"wp-block-embed is-type-wp-embed is-provider-ace-football-danmark wp-block-embed-ace-football-danmark\"><div class=\"wp-block-embed__wrapper\">\n<blockquote class=\"wp-embedded-content\" data-secret=\"mXGQdO8IH4\"><a href=\"https:\/\/acefootball.com\/da\/fodboldnyheder\/staerkt-schmeichel-saetter-messi-paa-plads-i-ny-statistik\/\">ST\u00c6RKT! &#8211; Schmeichel s\u00e6tter Messi p\u00e5 plads i ny statistik<\/a><\/blockquote><iframe class=\"wp-embedded-content\" sandbox=\"allow-scripts\" security=\"restricted\" style=\"position: absolute; clip: rect(1px, 1px, 1px, 1px);\" title=\"&#8220;ST\u00c6RKT! &#8211; Schmeichel s\u00e6tter Messi p\u00e5 plads i ny statistik&#8221; &#8212; Ace Football Danmark\" src=\"https:\/\/acefootball.com\/da\/fodboldnyheder\/staerkt-schmeichel-saetter-messi-paa-plads-i-ny-statistik\/embed\/#?secret=mXGQdO8IH4\" data-secret=\"mXGQdO8IH4\" width=\"600\" height=\"338\" frameborder=\"0\" marginwidth=\"0\" marginheight=\"0\" scrolling=\"no\"><\/iframe>\n<\/div><\/figure>\n","protected":false},"excerpt":{"rendered":"<p>FC Nordsj\u00e6llands Magnus Kofod Andersen dr\u00f8mmer om at teste sig selv af p\u00e5 et h\u00f8jere niveau end Superligaen<\/p>\n","protected":false},"author":705,"featured_media":257393,"comment_status":"open","ping_status":"closed","sticky":false,"template":"","format":"standard","meta":{"om_disable_all_campaigns":false,"push_articles_ronaldo":{"active":false,"canonical":0,"publish":false},"force_updates":null},"categories":[8204],"tags":[47,2830,588],"enet_tags":{"team":["10202"],"player":["824624"],"league":["46"],"sport_events":[]},"yoast_head":"<!-- This site is optimized with the Yoast SEO plugin v18.3 - https:\/\/yoast.com\/wordpress\/plugins\/seo\/ -->\n<title>Dansk profil \u00e5bner for udlandet: M\u00e5 se om det bliver til sommer<\/title>\n<meta name=\"description\" content=\"FC Nordsj\u00e6llands Magnus Kofod Andersen dr\u00f8mmer om at teste sig selv af p\u00e5 et h\u00f8jere niveau end Superligaen\" \/>\n<meta name=\"robots\" content=\"index, follow, max-snippet:-1, max-image-preview:large, max-video-preview:-1\" \/>\n<link rel=\"canonical\" href=\"https:\/\/acefootball.com\/da\/fodboldnyheder\/dansk-profil-aabner-for-udlandet-maa-se-om-det-bliver-til-sommer\/\" \/>\n<meta property=\"og:locale\" content=\"en_US\" \/>\n<meta property=\"og:type\" content=\"article\" \/>\n<meta property=\"og:title\" content=\"Dansk profil \u00e5bner for udlandet: M\u00e5 se om det bliver til sommer\" \/>\n<meta property=\"og:description\" content=\"FC Nordsj\u00e6llands Magnus Kofod Andersen dr\u00f8mmer om at teste sig selv af p\u00e5 et h\u00f8jere niveau end Superligaen\" \/>\n<meta property=\"og:url\" content=\"https:\/\/acefootball.com\/da\/fodboldnyheder\/dansk-profil-aabner-for-udlandet-maa-se-om-det-bliver-til-sommer\/\" \/>\n<meta property=\"og:site_name\" content=\"Ace Football Danmark\" \/>\n<meta property=\"article:publisher\" content=\"https:\/\/www.facebook.com\/acefootballdk\" \/>\n<meta property=\"article:published_time\" content=\"2021-04-27T06:59:52+00:00\" \/>\n<meta property=\"og:image\" content=\"https:\/\/acefootball.com\/da\/wp-content\/uploads\/sites\/2\/2021\/04\/Laes-mere-generel-2021-04-27T085743.852.jpg\" \/>\n\t<meta property=\"og:image:width\" content=\"1920\" \/>\n\t<meta property=\"og:image:height\" content=\"1008\" \/>\n\t<meta property=\"og:image:type\" content=\"image\/jpeg\" \/>\n<meta name=\"twitter:card\" content=\"summary_large_image\" \/>\n<meta name=\"twitter:label1\" content=\"Written by\" \/>\n\t<meta name=\"twitter:data1\" content=\"Mads Dreyer\" \/>\n\t<meta name=\"twitter:label2\" content=\"Est. reading time\" \/>\n\t<meta name=\"twitter:data2\" content=\"1 minute\" \/>\n<script type=\"application\/ld+json\" class=\"yoast-schema-graph\">{\"@context\":\"https:\/\/schema.org\",\"@graph\":[{\"@type\":\"Organization\",\"@id\":\"https:\/\/acefootball.com\/da\/#organization\",\"name\":\"Ace Football\",\"url\":\"https:\/\/acefootball.com\/da\/\",\"sameAs\":[\"https:\/\/www.facebook.com\/acefootballdk\"],\"logo\":{\"@type\":\"ImageObject\",\"@id\":\"https:\/\/acefootball.com\/da\/#logo\",\"inLanguage\":\"en-US\",\"url\":\"https:\/\/acefootball.com\/da\/wp-content\/uploads\/sites\/2\/2020\/07\/Ace-Football-30-07-2020-2.png\",\"contentUrl\":\"https:\/\/acefootball.com\/da\/wp-content\/uploads\/sites\/2\/2020\/07\/Ace-Football-30-07-2020-2.png\",\"width\":1200,\"height\":600,\"caption\":\"Ace Football\"},\"image\":{\"@id\":\"https:\/\/acefootball.com\/da\/#logo\"}},{\"@type\":\"WebSite\",\"@id\":\"https:\/\/acefootball.com\/da\/#website\",\"url\":\"https:\/\/acefootball.com\/da\/\",\"name\":\"Ace Football Danmark\",\"description\":\"Nyheder, Spiltips &amp; Livescore\",\"publisher\":{\"@id\":\"https:\/\/acefootball.com\/da\/#organization\"},\"potentialAction\":[{\"@type\":\"SearchAction\",\"target\":{\"@type\":\"EntryPoint\",\"urlTemplate\":\"https:\/\/acefootball.com\/da\/?s={search_term_string}\"},\"query-input\":\"required name=search_term_string\"}],\"inLanguage\":\"en-US\"},{\"@type\":\"ImageObject\",\"@id\":\"https:\/\/acefootball.com\/da\/fodboldnyheder\/dansk-profil-aabner-for-udlandet-maa-se-om-det-bliver-til-sommer\/#primaryimage\",\"inLanguage\":\"en-US\",\"url\":\"https:\/\/acefootball.com\/da\/wp-content\/uploads\/sites\/2\/2021\/04\/Laes-mere-generel-2021-04-27T085743.852.jpg\",\"contentUrl\":\"https:\/\/acefootball.com\/da\/wp-content\/uploads\/sites\/2\/2021\/04\/Laes-mere-generel-2021-04-27T085743.852.jpg\",\"width\":1920,\"height\":1008,\"caption\":\"kofod og lindstr\u00f8m\"},{\"@type\":\"WebPage\",\"@id\":\"https:\/\/acefootball.com\/da\/fodboldnyheder\/dansk-profil-aabner-for-udlandet-maa-se-om-det-bliver-til-sommer\/#webpage\",\"url\":\"https:\/\/acefootball.com\/da\/fodboldnyheder\/dansk-profil-aabner-for-udlandet-maa-se-om-det-bliver-til-sommer\/\",\"name\":\"Dansk profil \u00e5bner for udlandet: M\u00e5 se om det bliver til sommer\",\"isPartOf\":{\"@id\":\"https:\/\/acefootball.com\/da\/#website\"},\"primaryImageOfPage\":{\"@id\":\"https:\/\/acefootball.com\/da\/fodboldnyheder\/dansk-profil-aabner-for-udlandet-maa-se-om-det-bliver-til-sommer\/#primaryimage\"},\"datePublished\":\"2021-04-27T06:59:52+00:00\",\"dateModified\":\"2021-04-27T06:59:52+00:00\",\"description\":\"FC Nordsj\u00e6llands Magnus Kofod Andersen dr\u00f8mmer om at teste sig selv af p\u00e5 et h\u00f8jere niveau end Superligaen\",\"breadcrumb\":{\"@id\":\"https:\/\/acefootball.com\/da\/fodboldnyheder\/dansk-profil-aabner-for-udlandet-maa-se-om-det-bliver-til-sommer\/#breadcrumb\"},\"inLanguage\":\"en-US\",\"potentialAction\":[{\"@type\":\"ReadAction\",\"target\":[\"https:\/\/acefootball.com\/da\/fodboldnyheder\/dansk-profil-aabner-for-udlandet-maa-se-om-det-bliver-til-sommer\/\"]}]},{\"@type\":\"BreadcrumbList\",\"@id\":\"https:\/\/acefootball.com\/da\/fodboldnyheder\/dansk-profil-aabner-for-udlandet-maa-se-om-det-bliver-til-sommer\/#breadcrumb\",\"itemListElement\":[{\"@type\":\"ListItem\",\"position\":1,\"name\":\"Home\",\"item\":\"https:\/\/acefootball.com\/da\/\"},{\"@type\":\"ListItem\",\"position\":2,\"name\":\"Dansk profil \u00e5bner for udlandet: M\u00e5 se om det bliver til sommer\"}]},{\"@type\":\"Article\",\"@id\":\"https:\/\/acefootball.com\/da\/fodboldnyheder\/dansk-profil-aabner-for-udlandet-maa-se-om-det-bliver-til-sommer\/#article\",\"isPartOf\":{\"@id\":\"https:\/\/acefootball.com\/da\/fodboldnyheder\/dansk-profil-aabner-for-udlandet-maa-se-om-det-bliver-til-sommer\/#webpage\"},\"author\":{\"@id\":\"https:\/\/acefootball.com\/da\/#\/schema\/person\/ee67e9cf04a276f144100ffa722f10cd\"},\"headline\":\"Dansk profil \u00e5bner for udlandet: M\u00e5 se om det bliver til sommer\",\"datePublished\":\"2021-04-27T06:59:52+00:00\",\"dateModified\":\"2021-04-27T06:59:52+00:00\",\"mainEntityOfPage\":{\"@id\":\"https:\/\/acefootball.com\/da\/fodboldnyheder\/dansk-profil-aabner-for-udlandet-maa-se-om-det-bliver-til-sommer\/#webpage\"},\"wordCount\":209,\"commentCount\":0,\"publisher\":{\"@id\":\"https:\/\/acefootball.com\/da\/#organization\"},\"image\":{\"@id\":\"https:\/\/acefootball.com\/da\/fodboldnyheder\/dansk-profil-aabner-for-udlandet-maa-se-om-det-bliver-til-sommer\/#primaryimage\"},\"thumbnailUrl\":\"https:\/\/acefootball.com\/da\/wp-content\/uploads\/sites\/2\/2021\/04\/GettyImages-1228896564.jpg\",\"keywords\":[\"FC Nordsj\u00e6lland\",\"Magnus Kofod Andersen\",\"Superligaen\"],\"articleSection\":[\"Udtalelse\"],\"inLanguage\":\"en-US\",\"potentialAction\":[{\"@type\":\"CommentAction\",\"name\":\"Comment\",\"target\":[\"https:\/\/acefootball.com\/da\/fodboldnyheder\/dansk-profil-aabner-for-udlandet-maa-se-om-det-bliver-til-sommer\/#respond\"]}]},{\"@type\":\"Person\",\"@id\":\"https:\/\/acefootball.com\/da\/#\/schema\/person\/ee67e9cf04a276f144100ffa722f10cd\",\"name\":\"Mads Dreyer\",\"image\":{\"@type\":\"ImageObject\",\"@id\":\"https:\/\/acefootball.com\/da\/#personlogo\",\"inLanguage\":\"en-US\",\"url\":\"https:\/\/secure.gravatar.com\/avatar\/7c7abf72cfde9902b6a60efe60c88d4c?s=96&d=mm&r=g\",\"contentUrl\":\"https:\/\/secure.gravatar.com\/avatar\/7c7abf72cfde9902b6a60efe60c88d4c?s=96&d=mm&r=g\",\"caption\":\"Mads Dreyer\"},\"description\":\"Skribent og fodboldn\u00f8rd, der lige nu fort\u00e6ller om alt og intet i fodboldverdenen p\u00e5 acefootball.com. Uddannet i kommunikation fra Aalborg Universitet.\",\"sameAs\":[\"https:\/\/www.linkedin.com\/in\/mads-dreyer-b9b08266\/\"],\"url\":\"https:\/\/acefootball.com\/da\/fodboldnyheder\/author\/mdnronaldo\/\"}]}<\/script>\n<!-- \/ Yoast SEO plugin. -->","yoast_head_json":{"title":"Dansk profil \u00e5bner for udlandet: M\u00e5 se om det bliver til sommer","description":"FC Nordsj\u00e6llands Magnus Kofod Andersen dr\u00f8mmer om at teste sig selv af p\u00e5 et h\u00f8jere niveau end Superligaen","robots":{"index":"index","follow":"follow","max-snippet":"max-snippet:-1","max-image-preview":"max-image-preview:large","max-video-preview":"max-video-preview:-1"},"canonical":"https:\/\/acefootball.com\/da\/fodboldnyheder\/dansk-profil-aabner-for-udlandet-maa-se-om-det-bliver-til-sommer\/","og_locale":"en_US","og_type":"article","og_title":"Dansk profil \u00e5bner for udlandet: M\u00e5 se om det bliver til sommer","og_description":"FC Nordsj\u00e6llands Magnus Kofod Andersen dr\u00f8mmer om at teste sig selv af p\u00e5 et h\u00f8jere niveau end Superligaen","og_url":"https:\/\/acefootball.com\/da\/fodboldnyheder\/dansk-profil-aabner-for-udlandet-maa-se-om-det-bliver-til-sommer\/","og_site_name":"Ace Football Danmark","article_publisher":"https:\/\/www.facebook.com\/acefootballdk","article_published_time":"2021-04-27T06:59:52+00:00","og_image":[{"width":1920,"height":1008,"url":"https:\/\/acefootball.com\/da\/wp-content\/uploads\/sites\/2\/2021\/04\/Laes-mere-generel-2021-04-27T085743.852.jpg","type":"image\/jpeg"}],"twitter_card":"summary_large_image","twitter_misc":{"Written by":"Mads Dreyer","Est. reading time":"1 minute"},"schema":{"@context":"https:\/\/schema.org","@graph":[{"@type":"Organization","@id":"https:\/\/acefootball.com\/da\/#organization","name":"Ace Football","url":"https:\/\/acefootball.com\/da\/","sameAs":["https:\/\/www.facebook.com\/acefootballdk"],"logo":{"@type":"ImageObject","@id":"https:\/\/acefootball.com\/da\/#logo","inLanguage":"en-US","url":"https:\/\/acefootball.com\/da\/wp-content\/uploads\/sites\/2\/2020\/07\/Ace-Football-30-07-2020-2.png","contentUrl":"https:\/\/acefootball.com\/da\/wp-content\/uploads\/sites\/2\/2020\/07\/Ace-Football-30-07-2020-2.png","width":1200,"height":600,"caption":"Ace Football"},"image":{"@id":"https:\/\/acefootball.com\/da\/#logo"}},{"@type":"WebSite","@id":"https:\/\/acefootball.com\/da\/#website","url":"https:\/\/acefootball.com\/da\/","name":"Ace Football Danmark","description":"Nyheder, Spiltips &amp; Livescore","publisher":{"@id":"https:\/\/acefootball.com\/da\/#organization"},"potentialAction":[{"@type":"SearchAction","target":{"@type":"EntryPoint","urlTemplate":"https:\/\/acefootball.com\/da\/?s={search_term_string}"},"query-input":"required name=search_term_string"}],"inLanguage":"en-US"},{"@type":"ImageObject","@id":"https:\/\/acefootball.com\/da\/fodboldnyheder\/dansk-profil-aabner-for-udlandet-maa-se-om-det-bliver-til-sommer\/#primaryimage","inLanguage":"en-US","url":"https:\/\/acefootball.com\/da\/wp-content\/uploads\/sites\/2\/2021\/04\/Laes-mere-generel-2021-04-27T085743.852.jpg","contentUrl":"https:\/\/acefootball.com\/da\/wp-content\/uploads\/sites\/2\/2021\/04\/Laes-mere-generel-2021-04-27T085743.852.jpg","width":1920,"height":1008,"caption":"kofod og lindstr\u00f8m"},{"@type":"WebPage","@id":"https:\/\/acefootball.com\/da\/fodboldnyheder\/dansk-profil-aabner-for-udlandet-maa-se-om-det-bliver-til-sommer\/#webpage","url":"https:\/\/acefootball.com\/da\/fodboldnyheder\/dansk-profil-aabner-for-udlandet-maa-se-om-det-bliver-til-sommer\/","name":"Dansk profil \u00e5bner for udlandet: M\u00e5 se om det bliver til sommer","isPartOf":{"@id":"https:\/\/acefootball.com\/da\/#website"},"primaryImageOfPage":{"@id":"https:\/\/acefootball.com\/da\/fodboldnyheder\/dansk-profil-aabner-for-udlandet-maa-se-om-det-bliver-til-sommer\/#primaryimage"},"datePublished":"2021-04-27T06:59:52+00:00","dateModified":"2021-04-27T06:59:52+00:00","description":"FC Nordsj\u00e6llands Magnus Kofod Andersen dr\u00f8mmer om at teste sig selv af p\u00e5 et h\u00f8jere niveau end Superligaen","breadcrumb":{"@id":"https:\/\/acefootball.com\/da\/fodboldnyheder\/dansk-profil-aabner-for-udlandet-maa-se-om-det-bliver-til-sommer\/#breadcrumb"},"inLanguage":"en-US","potentialAction":[{"@type":"ReadAction","target":["https:\/\/acefootball.com\/da\/fodboldnyheder\/dansk-profil-aabner-for-udlandet-maa-se-om-det-bliver-til-sommer\/"]}]},{"@type":"BreadcrumbList","@id":"https:\/\/acefootball.com\/da\/fodboldnyheder\/dansk-profil-aabner-for-udlandet-maa-se-om-det-bliver-til-sommer\/#breadcrumb","itemListElement":[{"@type":"ListItem","position":1,"name":"Home","item":"https:\/\/acefootball.com\/da\/"},{"@type":"ListItem","position":2,"name":"Dansk profil \u00e5bner for udlandet: M\u00e5 se om det bliver til sommer"}]},{"@type":"Article","@id":"https:\/\/acefootball.com\/da\/fodboldnyheder\/dansk-profil-aabner-for-udlandet-maa-se-om-det-bliver-til-sommer\/#article","isPartOf":{"@id":"https:\/\/acefootball.com\/da\/fodboldnyheder\/dansk-profil-aabner-for-udlandet-maa-se-om-det-bliver-til-sommer\/#webpage"},"author":{"@id":"https:\/\/acefootball.com\/da\/#\/schema\/person\/ee67e9cf04a276f144100ffa722f10cd"},"headline":"Dansk profil \u00e5bner for udlandet: M\u00e5 se om det bliver til sommer","datePublished":"2021-04-27T06:59:52+00:00","dateModified":"2021-04-27T06:59:52+00:00","mainEntityOfPage":{"@id":"https:\/\/acefootball.com\/da\/fodboldnyheder\/dansk-profil-aabner-for-udlandet-maa-se-om-det-bliver-til-sommer\/#webpage"},"wordCount":209,"commentCount":0,"publisher":{"@id":"https:\/\/acefootball.com\/da\/#organization"},"image":{"@id":"https:\/\/acefootball.com\/da\/fodboldnyheder\/dansk-profil-aabner-for-udlandet-maa-se-om-det-bliver-til-sommer\/#primaryimage"},"thumbnailUrl":"https:\/\/acefootball.com\/da\/wp-content\/uploads\/sites\/2\/2021\/04\/GettyImages-1228896564.jpg","keywords":["FC Nordsj\u00e6lland","Magnus Kofod Andersen","Superligaen"],"articleSection":["Udtalelse"],"inLanguage":"en-US","potentialAction":[{"@type":"CommentAction","name":"Comment","target":["https:\/\/acefootball.com\/da\/fodboldnyheder\/dansk-profil-aabner-for-udlandet-maa-se-om-det-bliver-til-sommer\/#respond"]}]},{"@type":"Person","@id":"https:\/\/acefootball.com\/da\/#\/schema\/person\/ee67e9cf04a276f144100ffa722f10cd","name":"Mads Dreyer","image":{"@type":"ImageObject","@id":"https:\/\/acefootball.com\/da\/#personlogo","inLanguage":"en-US","url":"https:\/\/secure.gravatar.com\/avatar\/7c7abf72cfde9902b6a60efe60c88d4c?s=96&d=mm&r=g","contentUrl":"https:\/\/secure.gravatar.com\/avatar\/7c7abf72cfde9902b6a60efe60c88d4c?s=96&d=mm&r=g","caption":"Mads Dreyer"},"description":"Skribent og fodboldn\u00f8rd, der lige nu fort\u00e6ller om alt og intet i fodboldverdenen p\u00e5 acefootball.com. Uddannet i kommunikation fra Aalborg Universitet.","sameAs":["https:\/\/www.linkedin.com\/in\/mads-dreyer-b9b08266\/"],"url":"https:\/\/acefootball.com\/da\/fodboldnyheder\/author\/mdnronaldo\/"}]}},"fimg_url":"https:\/\/acefootball.com\/da\/wp-content\/uploads\/sites\/2\/2021\/04\/GettyImages-1228896564.jpg","_links":{"self":[{"href":"https:\/\/acefootball.com\/da\/wp-json\/wp\/v2\/posts\/257392"}],"collection":[{"href":"https:\/\/acefootball.com\/da\/wp-json\/wp\/v2\/posts"}],"about":[{"href":"https:\/\/acefootball.com\/da\/wp-json\/wp\/v2\/types\/post"}],"author":[{"embeddable":true,"href":"https:\/\/acefootball.com\/da\/wp-json\/wp\/v2\/users\/705"}],"replies":[{"embeddable":true,"href":"https:\/\/acefootball.com\/da\/wp-json\/wp\/v2\/comments?post=257392"}],"version-history":[{"count":0,"href":"https:\/\/acefootball.com\/da\/wp-json\/wp\/v2\/posts\/257392\/revisions"}],"wp:featuredmedia":[{"embeddable":true,"href":"https:\/\/acefootball.com\/da\/wp-json\/wp\/v2\/media\/257393"}],"wp:attachment":[{"href":"https:\/\/acefootball.com\/da\/wp-json\/wp\/v2\/media?parent=257392"}],"wp:term":[{"taxonomy":"category","embeddable":true,"href":"https:\/\/acefootball.com\/da\/wp-json\/wp\/v2\/categories?post=257392"},{"taxonomy":"post_tag","embeddable":true,"href":"https:\/\/acefootball.com\/da\/wp-json\/wp\/v2\/tags?post=257392"}],"curies":[{"name":"wp","href":"https:\/\/api.w.org\/{rel}","templated":true}]}}