{"id":257383,"date":"2021-04-26T15:41:58","date_gmt":"2021-04-26T13:41:58","guid":{"rendered":"https:\/\/acefootball.com\/da\/?p=257383"},"modified":"2021-04-26T15:47:20","modified_gmt":"2021-04-26T13:47:20","slug":"don-oe-om-fischer-opfoersel-havde-ikke-gaaet-i-min-tid","status":"publish","type":"post","link":"https:\/\/acefootball.com\/da\/fodboldnyheder\/don-oe-om-fischer-opfoersel-havde-ikke-gaaet-i-min-tid\/","title":{"rendered":"Don \u00d8 om Fischer-opf\u00f8rsel: Havde ikke g\u00e5et i min tid"},"content":{"rendered":"\n<h2 id=\"h-den-tidligere-fc-k-benhavn-bestyrelsesformand-flemming-stergaard-havde-kaldt-viktor-fischer-op-p-sit-kontor-hvis-han-stadig-var-i-klubben\">Den tidligere FC K\u00f8benhavn-bestyrelsesformand Flemming \u00d8stergaard havde kaldt Viktor Fischer op p\u00e5 sit kontor, hvis han stadig var i klubben<\/h2>\n\n\n\n<div class=\"wp-block-si-widget wp-block-si-widget--center\"><si-lb-widget widget-id=\"MatchInfo\" width=\"440\" data-nopadding=\"true\" data-card=\"true\" data-event-id=\"3560493\" data-theme-appearance=\"dark\"><\/si-lb-widget><\/div>\n\n\n\n<p>Viktor Fischer fik i den grad bragt sig selv i centrum i g\u00e5rsdagens kamp mellem AGF og FC K\u00f8benhavn, da han flere gange i kampen faldt i noget, der lignede stor smerte, men m\u00e5ske i virkeligheden gjorde s\u00e5 ondt, som han fik det til at se ud,<\/p>\n\n\n\n\n        <div class=\"svf-video-single only-video\">\n            <div class=\"svf-video-container svf-embedded embedded\">\n                <script>(function(){const el = document.createElement('iframe');el.allow = 'autoplay';el.frameBorder = '0';el.classList.add('svf-video');el.allowFullscreen = true;document.currentScript.parentNode.style.display = 'none';el.src = \"https:\/\/www.viafree.dk\/embed\/sport\/id\/a4bdff2b-e9d7-4565-b22c-0cf3079f6ab5?partnerId=a788403f-2c83-488f-adb0-2650ac7278a3\";el.addEventListener( 'load', function(){ this.parentNode.style.display = ''; });document.currentScript.parentNode.insertBefore(el, document.currentScript.nextSibling);})();<\/script>\n                <noscript><iframe allow=\"autoplay\" allowfullscreen frameborder=\"0\" class=\"svf-video\" src=\"https:\/\/www.viafree.dk\/embed\/sport\/id\/a4bdff2b-e9d7-4565-b22c-0cf3079f6ab5?partnerId=a788403f-2c83-488f-adb0-2650ac7278a3\"><\/iframe><\/noscript>\n            <\/div>\n                    <\/div>\n        \n\n\n\n<p>Efter kampen var FCK-profilen ogs\u00e5 rap i replikken ved at blandt andet at sige, at han ikke h\u00f8rte, hvad de mange vrede AGF-spillere sagde efter kampen, men at han regnede med, at de bare ville \u00f8nske ham tillykke med sejren.<\/p>\n\n\n\n<p>Dette blev vendt i dagens udgave af <a href=\"https:\/\/www.bt.dk\/fodbold-fm\/se-fodbold-fm-live-kontroversielle-fischers-store-oscar-aften?referrer=RSS\" target=\"_blank\" rel=\"noreferrer noopener\">Fodbold FM<\/a>, hvor den tidligere FC K\u00f8benhavn-bestyrelsesformand Flemming \u00d8stergaard var med. Don \u00d8 blev spurgt ind til, om det efterh\u00e5nden er blevet for meget med Fischer.<\/p>\n\n\n\n<p>&#8220;Jamen det er jo op til til Jess, cheftr\u00e6ner, eller bestyrelsen, eller hvem det ellers m\u00e5tte v\u00e6re at sige: &#8216;Okay, nok er nok&#8217;. S\u00e5 vidt jeg ved, er der ogs\u00e5 en pressechef derinde. Det tror jeg nok, ogs\u00e5 selvom han laver nogle fejl engang i mellem, for eksempel da han sendte en ung mand p\u00e5 19 \u00e5r ud og skulle forsvare et nederlag til FC Midtjylland,&#8221; svarer Don \u00d8 og forts\u00e6tter:<\/p>\n\n\n\n<p>&#8220;S\u00e5 det er jo ikke bare et sp\u00f8rgsm\u00e5l om Viktor. Det er ogs\u00e5 nogle i FCK, der skal rette Viktor. Jeg kan forestille mig, at hvis det havde v\u00e6ret under min tid, s\u00e5 havde jeg kaldt ham op p\u00e5 kontoret og sagt: &#8216;Nok er nok.&#8221;<\/p>\n\n\n\n<p><em>Havde du gjort det?<\/em><\/p>\n\n\n\n<p>&#8220;Ja, det havde jeg. Han kan g\u00f8re det til en vis gr\u00e6nse, men han skal ikke overdrive det.&#8221;<\/p>\n\n\n\n<p>Mens Fischer er blevet lagt for had, er en anden FCK-spiller blevet hyldet efter g\u00e5rsdagens kamp, hvilket du kan l\u00e6se mere om herunder.<\/p>\n\n\n\n<figure class=\"wp-block-embed is-type-wp-embed is-provider-ace-football-danmark wp-block-embed-ace-football-danmark\"><div class=\"wp-block-embed__wrapper\">\n<blockquote class=\"wp-embedded-content\" data-secret=\"H21FSp2Wbn\"><a href=\"https:\/\/acefootball.com\/da\/fodboldnyheder\/fck-helt-indgyder-respekt-i-aarhus-et-foersteklasses-mandfolk\/\">FCK-helt indgyder respekt i Aarhus: Et f\u00f8rsteklasses mandfolk<\/a><\/blockquote><iframe class=\"wp-embedded-content\" sandbox=\"allow-scripts\" security=\"restricted\" style=\"position: absolute; clip: rect(1px, 1px, 1px, 1px);\" title=\"&#8220;FCK-helt indgyder respekt i Aarhus: Et f\u00f8rsteklasses mandfolk&#8221; &#8212; Ace Football Danmark\" src=\"https:\/\/acefootball.com\/da\/fodboldnyheder\/fck-helt-indgyder-respekt-i-aarhus-et-foersteklasses-mandfolk\/embed\/#?secret=H21FSp2Wbn\" data-secret=\"H21FSp2Wbn\" width=\"600\" height=\"338\" frameborder=\"0\" marginwidth=\"0\" marginheight=\"0\" scrolling=\"no\"><\/iframe>\n<\/div><\/figure>\n","protected":false},"excerpt":{"rendered":"<p>Den tidligere FC K\u00f8benhavn-bestyrelsesformand Flemming \u00d8stergaard havde kaldt Viktor Fischer op p\u00e5 sit kontor, hvis han stadig var i klubben<\/p>\n","protected":false},"author":74,"featured_media":238550,"comment_status":"open","ping_status":"closed","sticky":false,"template":"","format":"standard","meta":{"om_disable_all_campaigns":false,"push_articles_ronaldo":{"active":false,"canonical":0,"publish":false},"force_updates":null},"categories":[8204],"tags":[16,588,425],"enet_tags":{"team":["8391"],"league":["46"],"player":["266526"],"sport_events":[3560493]},"yoast_head":"<!-- This site is optimized with the Yoast SEO plugin v18.3 - https:\/\/yoast.com\/wordpress\/plugins\/seo\/ -->\n<title>Don \u00d8 om Fischer-opf\u00f8rsel: Havde ikke g\u00e5et i min tid<\/title>\n<meta name=\"description\" content=\"Den tidligere FC K\u00f8benhavn-bestyrelsesformand Flemming \u00d8stergaard havde kaldt Viktor Fischer op p\u00e5 sit kontor, hvis han stadig var i klubben\" \/>\n<meta name=\"robots\" content=\"index, follow, max-snippet:-1, max-image-preview:large, max-video-preview:-1\" \/>\n<link rel=\"canonical\" href=\"https:\/\/acefootball.com\/da\/fodboldnyheder\/don-oe-om-fischer-opfoersel-havde-ikke-gaaet-i-min-tid\/\" \/>\n<meta property=\"og:locale\" content=\"en_US\" \/>\n<meta property=\"og:type\" content=\"article\" \/>\n<meta property=\"og:title\" content=\"Don \u00d8 om Fischer-opf\u00f8rsel: Havde ikke g\u00e5et i min tid\" \/>\n<meta property=\"og:description\" content=\"Den tidligere FC K\u00f8benhavn-bestyrelsesformand Flemming \u00d8stergaard havde kaldt Viktor Fischer op p\u00e5 sit kontor, hvis han stadig var i klubben\" \/>\n<meta property=\"og:url\" content=\"https:\/\/acefootball.com\/da\/fodboldnyheder\/don-oe-om-fischer-opfoersel-havde-ikke-gaaet-i-min-tid\/\" \/>\n<meta property=\"og:site_name\" content=\"Ace Football Danmark\" \/>\n<meta property=\"article:publisher\" content=\"https:\/\/www.facebook.com\/acefootballdk\" \/>\n<meta property=\"article:published_time\" content=\"2021-04-26T13:41:58+00:00\" \/>\n<meta property=\"article:modified_time\" content=\"2021-04-26T13:47:20+00:00\" \/>\n<meta property=\"og:image\" content=\"https:\/\/acefootball.com\/da\/wp-content\/uploads\/sites\/2\/2021\/04\/FCK-6.jpg\" \/>\n\t<meta property=\"og:image:width\" content=\"1920\" \/>\n\t<meta property=\"og:image:height\" content=\"1008\" \/>\n\t<meta property=\"og:image:type\" content=\"image\/jpeg\" \/>\n<meta name=\"twitter:card\" content=\"summary_large_image\" \/>\n<meta name=\"twitter:label1\" content=\"Written by\" \/>\n\t<meta name=\"twitter:data1\" content=\"Patrick Hesselb\u00e6k\" \/>\n\t<meta name=\"twitter:label2\" content=\"Est. reading time\" \/>\n\t<meta name=\"twitter:data2\" content=\"2 minutes\" \/>\n<script type=\"application\/ld+json\" class=\"yoast-schema-graph\">{\"@context\":\"https:\/\/schema.org\",\"@graph\":[{\"@type\":\"Organization\",\"@id\":\"https:\/\/acefootball.com\/da\/#organization\",\"name\":\"Ace Football\",\"url\":\"https:\/\/acefootball.com\/da\/\",\"sameAs\":[\"https:\/\/www.facebook.com\/acefootballdk\"],\"logo\":{\"@type\":\"ImageObject\",\"@id\":\"https:\/\/acefootball.com\/da\/#logo\",\"inLanguage\":\"en-US\",\"url\":\"https:\/\/acefootball.com\/da\/wp-content\/uploads\/sites\/2\/2020\/07\/Ace-Football-30-07-2020-2.png\",\"contentUrl\":\"https:\/\/acefootball.com\/da\/wp-content\/uploads\/sites\/2\/2020\/07\/Ace-Football-30-07-2020-2.png\",\"width\":1200,\"height\":600,\"caption\":\"Ace Football\"},\"image\":{\"@id\":\"https:\/\/acefootball.com\/da\/#logo\"}},{\"@type\":\"WebSite\",\"@id\":\"https:\/\/acefootball.com\/da\/#website\",\"url\":\"https:\/\/acefootball.com\/da\/\",\"name\":\"Ace Football Danmark\",\"description\":\"Nyheder, Spiltips &amp; Livescore\",\"publisher\":{\"@id\":\"https:\/\/acefootball.com\/da\/#organization\"},\"potentialAction\":[{\"@type\":\"SearchAction\",\"target\":{\"@type\":\"EntryPoint\",\"urlTemplate\":\"https:\/\/acefootball.com\/da\/?s={search_term_string}\"},\"query-input\":\"required name=search_term_string\"}],\"inLanguage\":\"en-US\"},{\"@type\":\"ImageObject\",\"@id\":\"https:\/\/acefootball.com\/da\/fodboldnyheder\/don-oe-om-fischer-opfoersel-havde-ikke-gaaet-i-min-tid\/#primaryimage\",\"inLanguage\":\"en-US\",\"url\":\"https:\/\/acefootball.com\/da\/wp-content\/uploads\/sites\/2\/2021\/04\/FCK-6.jpg\",\"contentUrl\":\"https:\/\/acefootball.com\/da\/wp-content\/uploads\/sites\/2\/2021\/04\/FCK-6.jpg\",\"width\":1920,\"height\":1008,\"caption\":\"viktor fischer\"},{\"@type\":\"WebPage\",\"@id\":\"https:\/\/acefootball.com\/da\/fodboldnyheder\/don-oe-om-fischer-opfoersel-havde-ikke-gaaet-i-min-tid\/#webpage\",\"url\":\"https:\/\/acefootball.com\/da\/fodboldnyheder\/don-oe-om-fischer-opfoersel-havde-ikke-gaaet-i-min-tid\/\",\"name\":\"Don \u00d8 om Fischer-opf\u00f8rsel: Havde ikke g\u00e5et i min tid\",\"isPartOf\":{\"@id\":\"https:\/\/acefootball.com\/da\/#website\"},\"primaryImageOfPage\":{\"@id\":\"https:\/\/acefootball.com\/da\/fodboldnyheder\/don-oe-om-fischer-opfoersel-havde-ikke-gaaet-i-min-tid\/#primaryimage\"},\"datePublished\":\"2021-04-26T13:41:58+00:00\",\"dateModified\":\"2021-04-26T13:47:20+00:00\",\"description\":\"Den tidligere FC K\u00f8benhavn-bestyrelsesformand Flemming \u00d8stergaard havde kaldt Viktor Fischer op p\u00e5 sit kontor, hvis han stadig var i klubben\",\"breadcrumb\":{\"@id\":\"https:\/\/acefootball.com\/da\/fodboldnyheder\/don-oe-om-fischer-opfoersel-havde-ikke-gaaet-i-min-tid\/#breadcrumb\"},\"inLanguage\":\"en-US\",\"potentialAction\":[{\"@type\":\"ReadAction\",\"target\":[\"https:\/\/acefootball.com\/da\/fodboldnyheder\/don-oe-om-fischer-opfoersel-havde-ikke-gaaet-i-min-tid\/\"]}]},{\"@type\":\"BreadcrumbList\",\"@id\":\"https:\/\/acefootball.com\/da\/fodboldnyheder\/don-oe-om-fischer-opfoersel-havde-ikke-gaaet-i-min-tid\/#breadcrumb\",\"itemListElement\":[{\"@type\":\"ListItem\",\"position\":1,\"name\":\"Home\",\"item\":\"https:\/\/acefootball.com\/da\/\"},{\"@type\":\"ListItem\",\"position\":2,\"name\":\"Don \u00d8 om Fischer-opf\u00f8rsel: Havde ikke g\u00e5et i min tid\"}]},{\"@type\":\"Article\",\"@id\":\"https:\/\/acefootball.com\/da\/fodboldnyheder\/don-oe-om-fischer-opfoersel-havde-ikke-gaaet-i-min-tid\/#article\",\"isPartOf\":{\"@id\":\"https:\/\/acefootball.com\/da\/fodboldnyheder\/don-oe-om-fischer-opfoersel-havde-ikke-gaaet-i-min-tid\/#webpage\"},\"author\":{\"@id\":\"https:\/\/acefootball.com\/da\/#\/schema\/person\/fd6223a1c033400b41da7853ddf88c84\"},\"headline\":\"Don \u00d8 om Fischer-opf\u00f8rsel: Havde ikke g\u00e5et i min tid\",\"datePublished\":\"2021-04-26T13:41:58+00:00\",\"dateModified\":\"2021-04-26T13:47:20+00:00\",\"mainEntityOfPage\":{\"@id\":\"https:\/\/acefootball.com\/da\/fodboldnyheder\/don-oe-om-fischer-opfoersel-havde-ikke-gaaet-i-min-tid\/#webpage\"},\"wordCount\":348,\"commentCount\":0,\"publisher\":{\"@id\":\"https:\/\/acefootball.com\/da\/#organization\"},\"image\":{\"@id\":\"https:\/\/acefootball.com\/da\/fodboldnyheder\/don-oe-om-fischer-opfoersel-havde-ikke-gaaet-i-min-tid\/#primaryimage\"},\"thumbnailUrl\":\"https:\/\/acefootball.com\/da\/wp-content\/uploads\/sites\/2\/2020\/09\/GettyImages-1228616360.jpg\",\"keywords\":[\"FC K\u00f8benhavn\",\"Superligaen\",\"Viktor Fischer\"],\"articleSection\":[\"Udtalelse\"],\"inLanguage\":\"en-US\",\"potentialAction\":[{\"@type\":\"CommentAction\",\"name\":\"Comment\",\"target\":[\"https:\/\/acefootball.com\/da\/fodboldnyheder\/don-oe-om-fischer-opfoersel-havde-ikke-gaaet-i-min-tid\/#respond\"]}]},{\"@type\":\"Person\",\"@id\":\"https:\/\/acefootball.com\/da\/#\/schema\/person\/fd6223a1c033400b41da7853ddf88c84\",\"name\":\"Patrick Hesselb\u00e6k\",\"image\":{\"@type\":\"ImageObject\",\"@id\":\"https:\/\/acefootball.com\/da\/#personlogo\",\"inLanguage\":\"en-US\",\"url\":\"https:\/\/secure.gravatar.com\/avatar\/7919060992759bffbffb199d6cbdce6f?s=96&d=mm&r=g\",\"contentUrl\":\"https:\/\/secure.gravatar.com\/avatar\/7919060992759bffbffb199d6cbdce6f?s=96&d=mm&r=g\",\"caption\":\"Patrick Hesselb\u00e6k\"},\"description\":\"Redakt\u00f8r p\u00e5 den danske Ace Football-redaktion. Uddannet i kommunikation fra Aalborg Universitet. Prim\u00e6rt fokus p\u00e5 den danske 3F Superliga og de st\u00f8rste europ\u00e6iske turneringer.\",\"sameAs\":[\"https:\/\/www.linkedin.com\/in\/patrick-hesselbk-2a4b1711a\/\"],\"url\":\"https:\/\/acefootball.com\/da\/fodboldnyheder\/author\/patrickhesselbaek\/\"}]}<\/script>\n<!-- \/ Yoast SEO plugin. -->","yoast_head_json":{"title":"Don \u00d8 om Fischer-opf\u00f8rsel: Havde ikke g\u00e5et i min tid","description":"Den tidligere FC K\u00f8benhavn-bestyrelsesformand Flemming \u00d8stergaard havde kaldt Viktor Fischer op p\u00e5 sit kontor, hvis han stadig var i klubben","robots":{"index":"index","follow":"follow","max-snippet":"max-snippet:-1","max-image-preview":"max-image-preview:large","max-video-preview":"max-video-preview:-1"},"canonical":"https:\/\/acefootball.com\/da\/fodboldnyheder\/don-oe-om-fischer-opfoersel-havde-ikke-gaaet-i-min-tid\/","og_locale":"en_US","og_type":"article","og_title":"Don \u00d8 om Fischer-opf\u00f8rsel: Havde ikke g\u00e5et i min tid","og_description":"Den tidligere FC K\u00f8benhavn-bestyrelsesformand Flemming \u00d8stergaard havde kaldt Viktor Fischer op p\u00e5 sit kontor, hvis han stadig var i klubben","og_url":"https:\/\/acefootball.com\/da\/fodboldnyheder\/don-oe-om-fischer-opfoersel-havde-ikke-gaaet-i-min-tid\/","og_site_name":"Ace Football Danmark","article_publisher":"https:\/\/www.facebook.com\/acefootballdk","article_published_time":"2021-04-26T13:41:58+00:00","article_modified_time":"2021-04-26T13:47:20+00:00","og_image":[{"width":1920,"height":1008,"url":"https:\/\/acefootball.com\/da\/wp-content\/uploads\/sites\/2\/2021\/04\/FCK-6.jpg","type":"image\/jpeg"}],"twitter_card":"summary_large_image","twitter_misc":{"Written by":"Patrick Hesselb\u00e6k","Est. reading time":"2 minutes"},"schema":{"@context":"https:\/\/schema.org","@graph":[{"@type":"Organization","@id":"https:\/\/acefootball.com\/da\/#organization","name":"Ace Football","url":"https:\/\/acefootball.com\/da\/","sameAs":["https:\/\/www.facebook.com\/acefootballdk"],"logo":{"@type":"ImageObject","@id":"https:\/\/acefootball.com\/da\/#logo","inLanguage":"en-US","url":"https:\/\/acefootball.com\/da\/wp-content\/uploads\/sites\/2\/2020\/07\/Ace-Football-30-07-2020-2.png","contentUrl":"https:\/\/acefootball.com\/da\/wp-content\/uploads\/sites\/2\/2020\/07\/Ace-Football-30-07-2020-2.png","width":1200,"height":600,"caption":"Ace Football"},"image":{"@id":"https:\/\/acefootball.com\/da\/#logo"}},{"@type":"WebSite","@id":"https:\/\/acefootball.com\/da\/#website","url":"https:\/\/acefootball.com\/da\/","name":"Ace Football Danmark","description":"Nyheder, Spiltips &amp; Livescore","publisher":{"@id":"https:\/\/acefootball.com\/da\/#organization"},"potentialAction":[{"@type":"SearchAction","target":{"@type":"EntryPoint","urlTemplate":"https:\/\/acefootball.com\/da\/?s={search_term_string}"},"query-input":"required name=search_term_string"}],"inLanguage":"en-US"},{"@type":"ImageObject","@id":"https:\/\/acefootball.com\/da\/fodboldnyheder\/don-oe-om-fischer-opfoersel-havde-ikke-gaaet-i-min-tid\/#primaryimage","inLanguage":"en-US","url":"https:\/\/acefootball.com\/da\/wp-content\/uploads\/sites\/2\/2021\/04\/FCK-6.jpg","contentUrl":"https:\/\/acefootball.com\/da\/wp-content\/uploads\/sites\/2\/2021\/04\/FCK-6.jpg","width":1920,"height":1008,"caption":"viktor fischer"},{"@type":"WebPage","@id":"https:\/\/acefootball.com\/da\/fodboldnyheder\/don-oe-om-fischer-opfoersel-havde-ikke-gaaet-i-min-tid\/#webpage","url":"https:\/\/acefootball.com\/da\/fodboldnyheder\/don-oe-om-fischer-opfoersel-havde-ikke-gaaet-i-min-tid\/","name":"Don \u00d8 om Fischer-opf\u00f8rsel: Havde ikke g\u00e5et i min tid","isPartOf":{"@id":"https:\/\/acefootball.com\/da\/#website"},"primaryImageOfPage":{"@id":"https:\/\/acefootball.com\/da\/fodboldnyheder\/don-oe-om-fischer-opfoersel-havde-ikke-gaaet-i-min-tid\/#primaryimage"},"datePublished":"2021-04-26T13:41:58+00:00","dateModified":"2021-04-26T13:47:20+00:00","description":"Den tidligere FC K\u00f8benhavn-bestyrelsesformand Flemming \u00d8stergaard havde kaldt Viktor Fischer op p\u00e5 sit kontor, hvis han stadig var i klubben","breadcrumb":{"@id":"https:\/\/acefootball.com\/da\/fodboldnyheder\/don-oe-om-fischer-opfoersel-havde-ikke-gaaet-i-min-tid\/#breadcrumb"},"inLanguage":"en-US","potentialAction":[{"@type":"ReadAction","target":["https:\/\/acefootball.com\/da\/fodboldnyheder\/don-oe-om-fischer-opfoersel-havde-ikke-gaaet-i-min-tid\/"]}]},{"@type":"BreadcrumbList","@id":"https:\/\/acefootball.com\/da\/fodboldnyheder\/don-oe-om-fischer-opfoersel-havde-ikke-gaaet-i-min-tid\/#breadcrumb","itemListElement":[{"@type":"ListItem","position":1,"name":"Home","item":"https:\/\/acefootball.com\/da\/"},{"@type":"ListItem","position":2,"name":"Don \u00d8 om Fischer-opf\u00f8rsel: Havde ikke g\u00e5et i min tid"}]},{"@type":"Article","@id":"https:\/\/acefootball.com\/da\/fodboldnyheder\/don-oe-om-fischer-opfoersel-havde-ikke-gaaet-i-min-tid\/#article","isPartOf":{"@id":"https:\/\/acefootball.com\/da\/fodboldnyheder\/don-oe-om-fischer-opfoersel-havde-ikke-gaaet-i-min-tid\/#webpage"},"author":{"@id":"https:\/\/acefootball.com\/da\/#\/schema\/person\/fd6223a1c033400b41da7853ddf88c84"},"headline":"Don \u00d8 om Fischer-opf\u00f8rsel: Havde ikke g\u00e5et i min tid","datePublished":"2021-04-26T13:41:58+00:00","dateModified":"2021-04-26T13:47:20+00:00","mainEntityOfPage":{"@id":"https:\/\/acefootball.com\/da\/fodboldnyheder\/don-oe-om-fischer-opfoersel-havde-ikke-gaaet-i-min-tid\/#webpage"},"wordCount":348,"commentCount":0,"publisher":{"@id":"https:\/\/acefootball.com\/da\/#organization"},"image":{"@id":"https:\/\/acefootball.com\/da\/fodboldnyheder\/don-oe-om-fischer-opfoersel-havde-ikke-gaaet-i-min-tid\/#primaryimage"},"thumbnailUrl":"https:\/\/acefootball.com\/da\/wp-content\/uploads\/sites\/2\/2020\/09\/GettyImages-1228616360.jpg","keywords":["FC K\u00f8benhavn","Superligaen","Viktor Fischer"],"articleSection":["Udtalelse"],"inLanguage":"en-US","potentialAction":[{"@type":"CommentAction","name":"Comment","target":["https:\/\/acefootball.com\/da\/fodboldnyheder\/don-oe-om-fischer-opfoersel-havde-ikke-gaaet-i-min-tid\/#respond"]}]},{"@type":"Person","@id":"https:\/\/acefootball.com\/da\/#\/schema\/person\/fd6223a1c033400b41da7853ddf88c84","name":"Patrick Hesselb\u00e6k","image":{"@type":"ImageObject","@id":"https:\/\/acefootball.com\/da\/#personlogo","inLanguage":"en-US","url":"https:\/\/secure.gravatar.com\/avatar\/7919060992759bffbffb199d6cbdce6f?s=96&d=mm&r=g","contentUrl":"https:\/\/secure.gravatar.com\/avatar\/7919060992759bffbffb199d6cbdce6f?s=96&d=mm&r=g","caption":"Patrick Hesselb\u00e6k"},"description":"Redakt\u00f8r p\u00e5 den danske Ace Football-redaktion. Uddannet i kommunikation fra Aalborg Universitet. Prim\u00e6rt fokus p\u00e5 den danske 3F Superliga og de st\u00f8rste europ\u00e6iske turneringer.","sameAs":["https:\/\/www.linkedin.com\/in\/patrick-hesselbk-2a4b1711a\/"],"url":"https:\/\/acefootball.com\/da\/fodboldnyheder\/author\/patrickhesselbaek\/"}]}},"fimg_url":"https:\/\/acefootball.com\/da\/wp-content\/uploads\/sites\/2\/2020\/09\/GettyImages-1228616360.jpg","_links":{"self":[{"href":"https:\/\/acefootball.com\/da\/wp-json\/wp\/v2\/posts\/257383"}],"collection":[{"href":"https:\/\/acefootball.com\/da\/wp-json\/wp\/v2\/posts"}],"about":[{"href":"https:\/\/acefootball.com\/da\/wp-json\/wp\/v2\/types\/post"}],"author":[{"embeddable":true,"href":"https:\/\/acefootball.com\/da\/wp-json\/wp\/v2\/users\/74"}],"replies":[{"embeddable":true,"href":"https:\/\/acefootball.com\/da\/wp-json\/wp\/v2\/comments?post=257383"}],"version-history":[{"count":0,"href":"https:\/\/acefootball.com\/da\/wp-json\/wp\/v2\/posts\/257383\/revisions"}],"wp:featuredmedia":[{"embeddable":true,"href":"https:\/\/acefootball.com\/da\/wp-json\/wp\/v2\/media\/238550"}],"wp:attachment":[{"href":"https:\/\/acefootball.com\/da\/wp-json\/wp\/v2\/media?parent=257383"}],"wp:term":[{"taxonomy":"category","embeddable":true,"href":"https:\/\/acefootball.com\/da\/wp-json\/wp\/v2\/categories?post=257383"},{"taxonomy":"post_tag","embeddable":true,"href":"https:\/\/acefootball.com\/da\/wp-json\/wp\/v2\/tags?post=257383"}],"curies":[{"name":"wp","href":"https:\/\/api.w.org\/{rel}","templated":true}]}}