{"id":257382,"date":"2021-04-26T14:13:59","date_gmt":"2021-04-26T12:13:59","guid":{"rendered":"https:\/\/acefootball.com\/da\/?p=257382"},"modified":"2021-04-26T14:14:54","modified_gmt":"2021-04-26T12:14:54","slug":"wilczek-flaenser-hyklerisk-fisker-han-har-solgt-sit-privatliv","status":"publish","type":"post","link":"https:\/\/acefootball.com\/da\/fodboldnyheder\/wilczek-flaenser-hyklerisk-fisker-han-har-solgt-sit-privatliv\/","title":{"rendered":"Wilczek fl\u00e6nser hyklerisk Fisker: Han har solgt sit privatliv"},"content":{"rendered":"\n<h2 id=\"h-kamil-wilczek-giver-nu-sin-tidligere-holdkammerat-kasper-fisker-igen-efter-kritikken-over-skiftet-til-fc-k-benhavn\">Kamil Wilczek giver nu sin tidligere holdkammerat, Kasper Fisker, igen efter kritikken over skiftet til FC K\u00f8benhavn<\/h2>\n\n\n\n<p>Da Kamil Wilczek i sommer skiftede tilbage til dansk fodbold og FC K\u00f8benhavn, blev han m\u00f8dt med stor kritik af b\u00e5de spillere og fans i Br\u00f8ndby IF.<\/p>\n\n\n\n<p>Specielt h\u00e5rd var kritikken fra Kasper Fisker, som har langet voldsomt ud efter sin tidligere holdkammerat, men nu er der kommet et kontraangreb fra polakken.<\/p>\n\n\n\n<p>Wilczek kan nemlig ikke se den store forskel p\u00e5 Fiskers nye erhverv og hans eget &#8220;forbudte&#8221; skifte til hovedstadsklubben.<\/p>\n\n\n\n<p>&#8220;Jeg husker Kasper svagt fra omkl\u00e6dningsrummet i Br\u00f8ndby. Vi havde ikke s\u00e5 meget med hinanden at g\u00f8re. Han sagde ikke s\u00e5 meget,&#8221; udtaler Wilczek til <a href=\"https:\/\/sportowefakty.wp.pl\/pilka-nozna\/934939\/polak-atakowany-przez-kolege-dunczyk-nie-wymawia-jego-nazwiska?nil=&amp;src01=f1e45&amp;src01=f1e45&amp;src02=isgf&amp;src02=isgf\" target=\"_blank\" rel=\"noreferrer noopener\">Sportowe Fakty<\/a>.<\/p>\n\n\n\n<p>&#8220;Nu spiller han ikke fodbold l\u00e6ngere. Han har solgt sit privatliv, som han fort\u00e6ller om p\u00e5 Instagram og tjener lidt penge p\u00e5 det. Samtidig kritiserer han mig for at have taget imod det bedste tilbud, jeg fik efter et uheldigt eventyr i Tyrkiet.&#8221;<\/p>\n\n\n\n<p>&#8220;Det er nok ikke det bedste eksempel p\u00e5 den danske im\u00f8dekommenhed. Det ville m\u00e5ske v\u00e6re lettere for ham at chatte med mig p\u00e5 Instagram.&#8221;<\/p>\n\n\n\n<p>Kamil Wilczek havde i samme interview en anekdote om et m\u00f8de med Kasper Fisker. L\u00e6s den her:<\/p>\n\n\n\n<figure class=\"wp-block-embed is-type-wp-embed is-provider-ace-football-danmark wp-block-embed-ace-football-danmark\"><div class=\"wp-block-embed__wrapper\">\n<blockquote class=\"wp-embedded-content\" data-secret=\"wgKl0AdlUm\"><a href=\"https:\/\/acefootball.com\/da\/fodboldnyheder\/wilczek-stoedte-paa-tidligere-broendby-kammerat-han-loeb-bare-vaek\/\">Wilczek st\u00f8dte p\u00e5 tidligere Br\u00f8ndby-kammerat: Han l\u00f8b bare v\u00e6k<\/a><\/blockquote><iframe class=\"wp-embedded-content\" sandbox=\"allow-scripts\" security=\"restricted\" style=\"position: absolute; clip: rect(1px, 1px, 1px, 1px);\" title=\"&#8220;Wilczek st\u00f8dte p\u00e5 tidligere Br\u00f8ndby-kammerat: Han l\u00f8b bare v\u00e6k&#8221; &#8212; Ace Football Danmark\" src=\"https:\/\/acefootball.com\/da\/fodboldnyheder\/wilczek-stoedte-paa-tidligere-broendby-kammerat-han-loeb-bare-vaek\/embed\/#?secret=wgKl0AdlUm\" data-secret=\"wgKl0AdlUm\" width=\"600\" height=\"338\" frameborder=\"0\" marginwidth=\"0\" marginheight=\"0\" scrolling=\"no\"><\/iframe>\n<\/div><\/figure>\n","protected":false},"excerpt":{"rendered":"<p>Kamil Wilczek giver nu sin tidligere holdkammerat, Kasper Fisker, igen efter kritikken over skiftet til FC K\u00f8benhavn<\/p>\n","protected":false},"author":705,"featured_media":257384,"comment_status":"open","ping_status":"closed","sticky":false,"template":"","format":"standard","meta":{"om_disable_all_campaigns":false,"push_articles_ronaldo":{"active":false,"canonical":0,"publish":false},"force_updates":null},"categories":[8204],"tags":[53,16,958,502,588],"enet_tags":{"team":["8595","8391"],"player":["105535","73461"],"league":["46"],"sport_events":[]},"yoast_head":"<!-- This site is optimized with the Yoast SEO plugin v18.3 - https:\/\/yoast.com\/wordpress\/plugins\/seo\/ -->\n<title>Wilczek fl\u00e6nser hyklerisk Fisker: Han har solgt sit privatliv<\/title>\n<meta name=\"description\" content=\"Kamil Wilczek giver nu sin tidligere holdkammerat, Kasper Fisker, igen efter kritikken over skiftet til FC K\u00f8benhavn\" \/>\n<meta name=\"robots\" content=\"index, follow, max-snippet:-1, max-image-preview:large, max-video-preview:-1\" \/>\n<link rel=\"canonical\" href=\"https:\/\/acefootball.com\/da\/fodboldnyheder\/wilczek-flaenser-hyklerisk-fisker-han-har-solgt-sit-privatliv\/\" \/>\n<meta property=\"og:locale\" content=\"en_US\" \/>\n<meta property=\"og:type\" content=\"article\" \/>\n<meta property=\"og:title\" content=\"Wilczek fl\u00e6nser hyklerisk Fisker: Han har solgt sit privatliv\" \/>\n<meta property=\"og:description\" content=\"Kamil Wilczek giver nu sin tidligere holdkammerat, Kasper Fisker, igen efter kritikken over skiftet til FC K\u00f8benhavn\" \/>\n<meta property=\"og:url\" content=\"https:\/\/acefootball.com\/da\/fodboldnyheder\/wilczek-flaenser-hyklerisk-fisker-han-har-solgt-sit-privatliv\/\" \/>\n<meta property=\"og:site_name\" content=\"Ace Football Danmark\" \/>\n<meta property=\"article:publisher\" content=\"https:\/\/www.facebook.com\/acefootballdk\" \/>\n<meta property=\"article:published_time\" content=\"2021-04-26T12:13:59+00:00\" \/>\n<meta property=\"article:modified_time\" content=\"2021-04-26T12:14:54+00:00\" \/>\n<meta property=\"og:image\" content=\"https:\/\/acefootball.com\/da\/wp-content\/uploads\/sites\/2\/2021\/04\/FCK-37.jpg\" \/>\n\t<meta property=\"og:image:width\" content=\"1920\" \/>\n\t<meta property=\"og:image:height\" content=\"1008\" \/>\n\t<meta property=\"og:image:type\" content=\"image\/jpeg\" \/>\n<meta name=\"twitter:card\" content=\"summary_large_image\" \/>\n<meta name=\"twitter:label1\" content=\"Written by\" \/>\n\t<meta name=\"twitter:data1\" content=\"Mads Dreyer\" \/>\n\t<meta name=\"twitter:label2\" content=\"Est. reading time\" \/>\n\t<meta name=\"twitter:data2\" content=\"1 minute\" \/>\n<script type=\"application\/ld+json\" class=\"yoast-schema-graph\">{\"@context\":\"https:\/\/schema.org\",\"@graph\":[{\"@type\":\"Organization\",\"@id\":\"https:\/\/acefootball.com\/da\/#organization\",\"name\":\"Ace Football\",\"url\":\"https:\/\/acefootball.com\/da\/\",\"sameAs\":[\"https:\/\/www.facebook.com\/acefootballdk\"],\"logo\":{\"@type\":\"ImageObject\",\"@id\":\"https:\/\/acefootball.com\/da\/#logo\",\"inLanguage\":\"en-US\",\"url\":\"https:\/\/acefootball.com\/da\/wp-content\/uploads\/sites\/2\/2020\/07\/Ace-Football-30-07-2020-2.png\",\"contentUrl\":\"https:\/\/acefootball.com\/da\/wp-content\/uploads\/sites\/2\/2020\/07\/Ace-Football-30-07-2020-2.png\",\"width\":1200,\"height\":600,\"caption\":\"Ace Football\"},\"image\":{\"@id\":\"https:\/\/acefootball.com\/da\/#logo\"}},{\"@type\":\"WebSite\",\"@id\":\"https:\/\/acefootball.com\/da\/#website\",\"url\":\"https:\/\/acefootball.com\/da\/\",\"name\":\"Ace Football Danmark\",\"description\":\"Nyheder, Spiltips &amp; Livescore\",\"publisher\":{\"@id\":\"https:\/\/acefootball.com\/da\/#organization\"},\"potentialAction\":[{\"@type\":\"SearchAction\",\"target\":{\"@type\":\"EntryPoint\",\"urlTemplate\":\"https:\/\/acefootball.com\/da\/?s={search_term_string}\"},\"query-input\":\"required name=search_term_string\"}],\"inLanguage\":\"en-US\"},{\"@type\":\"ImageObject\",\"@id\":\"https:\/\/acefootball.com\/da\/fodboldnyheder\/wilczek-flaenser-hyklerisk-fisker-han-har-solgt-sit-privatliv\/#primaryimage\",\"inLanguage\":\"en-US\",\"url\":\"https:\/\/acefootball.com\/da\/wp-content\/uploads\/sites\/2\/2021\/04\/FCK-37.jpg\",\"contentUrl\":\"https:\/\/acefootball.com\/da\/wp-content\/uploads\/sites\/2\/2021\/04\/FCK-37.jpg\",\"width\":1920,\"height\":1008,\"caption\":\"wilczek\"},{\"@type\":\"WebPage\",\"@id\":\"https:\/\/acefootball.com\/da\/fodboldnyheder\/wilczek-flaenser-hyklerisk-fisker-han-har-solgt-sit-privatliv\/#webpage\",\"url\":\"https:\/\/acefootball.com\/da\/fodboldnyheder\/wilczek-flaenser-hyklerisk-fisker-han-har-solgt-sit-privatliv\/\",\"name\":\"Wilczek fl\u00e6nser hyklerisk Fisker: Han har solgt sit privatliv\",\"isPartOf\":{\"@id\":\"https:\/\/acefootball.com\/da\/#website\"},\"primaryImageOfPage\":{\"@id\":\"https:\/\/acefootball.com\/da\/fodboldnyheder\/wilczek-flaenser-hyklerisk-fisker-han-har-solgt-sit-privatliv\/#primaryimage\"},\"datePublished\":\"2021-04-26T12:13:59+00:00\",\"dateModified\":\"2021-04-26T12:14:54+00:00\",\"description\":\"Kamil Wilczek giver nu sin tidligere holdkammerat, Kasper Fisker, igen efter kritikken over skiftet til FC K\u00f8benhavn\",\"breadcrumb\":{\"@id\":\"https:\/\/acefootball.com\/da\/fodboldnyheder\/wilczek-flaenser-hyklerisk-fisker-han-har-solgt-sit-privatliv\/#breadcrumb\"},\"inLanguage\":\"en-US\",\"potentialAction\":[{\"@type\":\"ReadAction\",\"target\":[\"https:\/\/acefootball.com\/da\/fodboldnyheder\/wilczek-flaenser-hyklerisk-fisker-han-har-solgt-sit-privatliv\/\"]}]},{\"@type\":\"BreadcrumbList\",\"@id\":\"https:\/\/acefootball.com\/da\/fodboldnyheder\/wilczek-flaenser-hyklerisk-fisker-han-har-solgt-sit-privatliv\/#breadcrumb\",\"itemListElement\":[{\"@type\":\"ListItem\",\"position\":1,\"name\":\"Home\",\"item\":\"https:\/\/acefootball.com\/da\/\"},{\"@type\":\"ListItem\",\"position\":2,\"name\":\"Wilczek fl\u00e6nser hyklerisk Fisker: Han har solgt sit privatliv\"}]},{\"@type\":\"Article\",\"@id\":\"https:\/\/acefootball.com\/da\/fodboldnyheder\/wilczek-flaenser-hyklerisk-fisker-han-har-solgt-sit-privatliv\/#article\",\"isPartOf\":{\"@id\":\"https:\/\/acefootball.com\/da\/fodboldnyheder\/wilczek-flaenser-hyklerisk-fisker-han-har-solgt-sit-privatliv\/#webpage\"},\"author\":{\"@id\":\"https:\/\/acefootball.com\/da\/#\/schema\/person\/ee67e9cf04a276f144100ffa722f10cd\"},\"headline\":\"Wilczek fl\u00e6nser hyklerisk Fisker: Han har solgt sit privatliv\",\"datePublished\":\"2021-04-26T12:13:59+00:00\",\"dateModified\":\"2021-04-26T12:14:54+00:00\",\"mainEntityOfPage\":{\"@id\":\"https:\/\/acefootball.com\/da\/fodboldnyheder\/wilczek-flaenser-hyklerisk-fisker-han-har-solgt-sit-privatliv\/#webpage\"},\"wordCount\":231,\"commentCount\":0,\"publisher\":{\"@id\":\"https:\/\/acefootball.com\/da\/#organization\"},\"image\":{\"@id\":\"https:\/\/acefootball.com\/da\/fodboldnyheder\/wilczek-flaenser-hyklerisk-fisker-han-har-solgt-sit-privatliv\/#primaryimage\"},\"thumbnailUrl\":\"https:\/\/acefootball.com\/da\/wp-content\/uploads\/sites\/2\/2021\/04\/GettyImages-1229406994.jpg\",\"keywords\":[\"Br\u00f8ndby IF\",\"FC K\u00f8benhavn\",\"Kamil Wilczek\",\"Kasper Fisker\",\"Superligaen\"],\"articleSection\":[\"Udtalelse\"],\"inLanguage\":\"en-US\",\"potentialAction\":[{\"@type\":\"CommentAction\",\"name\":\"Comment\",\"target\":[\"https:\/\/acefootball.com\/da\/fodboldnyheder\/wilczek-flaenser-hyklerisk-fisker-han-har-solgt-sit-privatliv\/#respond\"]}]},{\"@type\":\"Person\",\"@id\":\"https:\/\/acefootball.com\/da\/#\/schema\/person\/ee67e9cf04a276f144100ffa722f10cd\",\"name\":\"Mads Dreyer\",\"image\":{\"@type\":\"ImageObject\",\"@id\":\"https:\/\/acefootball.com\/da\/#personlogo\",\"inLanguage\":\"en-US\",\"url\":\"https:\/\/secure.gravatar.com\/avatar\/7c7abf72cfde9902b6a60efe60c88d4c?s=96&d=mm&r=g\",\"contentUrl\":\"https:\/\/secure.gravatar.com\/avatar\/7c7abf72cfde9902b6a60efe60c88d4c?s=96&d=mm&r=g\",\"caption\":\"Mads Dreyer\"},\"description\":\"Skribent og fodboldn\u00f8rd, der lige nu fort\u00e6ller om alt og intet i fodboldverdenen p\u00e5 acefootball.com. Uddannet i kommunikation fra Aalborg Universitet.\",\"sameAs\":[\"https:\/\/www.linkedin.com\/in\/mads-dreyer-b9b08266\/\"],\"url\":\"https:\/\/acefootball.com\/da\/fodboldnyheder\/author\/mdnronaldo\/\"}]}<\/script>\n<!-- \/ Yoast SEO plugin. -->","yoast_head_json":{"title":"Wilczek fl\u00e6nser hyklerisk Fisker: Han har solgt sit privatliv","description":"Kamil Wilczek giver nu sin tidligere holdkammerat, Kasper Fisker, igen efter kritikken over skiftet til FC K\u00f8benhavn","robots":{"index":"index","follow":"follow","max-snippet":"max-snippet:-1","max-image-preview":"max-image-preview:large","max-video-preview":"max-video-preview:-1"},"canonical":"https:\/\/acefootball.com\/da\/fodboldnyheder\/wilczek-flaenser-hyklerisk-fisker-han-har-solgt-sit-privatliv\/","og_locale":"en_US","og_type":"article","og_title":"Wilczek fl\u00e6nser hyklerisk Fisker: Han har solgt sit privatliv","og_description":"Kamil Wilczek giver nu sin tidligere holdkammerat, Kasper Fisker, igen efter kritikken over skiftet til FC K\u00f8benhavn","og_url":"https:\/\/acefootball.com\/da\/fodboldnyheder\/wilczek-flaenser-hyklerisk-fisker-han-har-solgt-sit-privatliv\/","og_site_name":"Ace Football Danmark","article_publisher":"https:\/\/www.facebook.com\/acefootballdk","article_published_time":"2021-04-26T12:13:59+00:00","article_modified_time":"2021-04-26T12:14:54+00:00","og_image":[{"width":1920,"height":1008,"url":"https:\/\/acefootball.com\/da\/wp-content\/uploads\/sites\/2\/2021\/04\/FCK-37.jpg","type":"image\/jpeg"}],"twitter_card":"summary_large_image","twitter_misc":{"Written by":"Mads Dreyer","Est. reading time":"1 minute"},"schema":{"@context":"https:\/\/schema.org","@graph":[{"@type":"Organization","@id":"https:\/\/acefootball.com\/da\/#organization","name":"Ace Football","url":"https:\/\/acefootball.com\/da\/","sameAs":["https:\/\/www.facebook.com\/acefootballdk"],"logo":{"@type":"ImageObject","@id":"https:\/\/acefootball.com\/da\/#logo","inLanguage":"en-US","url":"https:\/\/acefootball.com\/da\/wp-content\/uploads\/sites\/2\/2020\/07\/Ace-Football-30-07-2020-2.png","contentUrl":"https:\/\/acefootball.com\/da\/wp-content\/uploads\/sites\/2\/2020\/07\/Ace-Football-30-07-2020-2.png","width":1200,"height":600,"caption":"Ace Football"},"image":{"@id":"https:\/\/acefootball.com\/da\/#logo"}},{"@type":"WebSite","@id":"https:\/\/acefootball.com\/da\/#website","url":"https:\/\/acefootball.com\/da\/","name":"Ace Football Danmark","description":"Nyheder, Spiltips &amp; Livescore","publisher":{"@id":"https:\/\/acefootball.com\/da\/#organization"},"potentialAction":[{"@type":"SearchAction","target":{"@type":"EntryPoint","urlTemplate":"https:\/\/acefootball.com\/da\/?s={search_term_string}"},"query-input":"required name=search_term_string"}],"inLanguage":"en-US"},{"@type":"ImageObject","@id":"https:\/\/acefootball.com\/da\/fodboldnyheder\/wilczek-flaenser-hyklerisk-fisker-han-har-solgt-sit-privatliv\/#primaryimage","inLanguage":"en-US","url":"https:\/\/acefootball.com\/da\/wp-content\/uploads\/sites\/2\/2021\/04\/FCK-37.jpg","contentUrl":"https:\/\/acefootball.com\/da\/wp-content\/uploads\/sites\/2\/2021\/04\/FCK-37.jpg","width":1920,"height":1008,"caption":"wilczek"},{"@type":"WebPage","@id":"https:\/\/acefootball.com\/da\/fodboldnyheder\/wilczek-flaenser-hyklerisk-fisker-han-har-solgt-sit-privatliv\/#webpage","url":"https:\/\/acefootball.com\/da\/fodboldnyheder\/wilczek-flaenser-hyklerisk-fisker-han-har-solgt-sit-privatliv\/","name":"Wilczek fl\u00e6nser hyklerisk Fisker: Han har solgt sit privatliv","isPartOf":{"@id":"https:\/\/acefootball.com\/da\/#website"},"primaryImageOfPage":{"@id":"https:\/\/acefootball.com\/da\/fodboldnyheder\/wilczek-flaenser-hyklerisk-fisker-han-har-solgt-sit-privatliv\/#primaryimage"},"datePublished":"2021-04-26T12:13:59+00:00","dateModified":"2021-04-26T12:14:54+00:00","description":"Kamil Wilczek giver nu sin tidligere holdkammerat, Kasper Fisker, igen efter kritikken over skiftet til FC K\u00f8benhavn","breadcrumb":{"@id":"https:\/\/acefootball.com\/da\/fodboldnyheder\/wilczek-flaenser-hyklerisk-fisker-han-har-solgt-sit-privatliv\/#breadcrumb"},"inLanguage":"en-US","potentialAction":[{"@type":"ReadAction","target":["https:\/\/acefootball.com\/da\/fodboldnyheder\/wilczek-flaenser-hyklerisk-fisker-han-har-solgt-sit-privatliv\/"]}]},{"@type":"BreadcrumbList","@id":"https:\/\/acefootball.com\/da\/fodboldnyheder\/wilczek-flaenser-hyklerisk-fisker-han-har-solgt-sit-privatliv\/#breadcrumb","itemListElement":[{"@type":"ListItem","position":1,"name":"Home","item":"https:\/\/acefootball.com\/da\/"},{"@type":"ListItem","position":2,"name":"Wilczek fl\u00e6nser hyklerisk Fisker: Han har solgt sit privatliv"}]},{"@type":"Article","@id":"https:\/\/acefootball.com\/da\/fodboldnyheder\/wilczek-flaenser-hyklerisk-fisker-han-har-solgt-sit-privatliv\/#article","isPartOf":{"@id":"https:\/\/acefootball.com\/da\/fodboldnyheder\/wilczek-flaenser-hyklerisk-fisker-han-har-solgt-sit-privatliv\/#webpage"},"author":{"@id":"https:\/\/acefootball.com\/da\/#\/schema\/person\/ee67e9cf04a276f144100ffa722f10cd"},"headline":"Wilczek fl\u00e6nser hyklerisk Fisker: Han har solgt sit privatliv","datePublished":"2021-04-26T12:13:59+00:00","dateModified":"2021-04-26T12:14:54+00:00","mainEntityOfPage":{"@id":"https:\/\/acefootball.com\/da\/fodboldnyheder\/wilczek-flaenser-hyklerisk-fisker-han-har-solgt-sit-privatliv\/#webpage"},"wordCount":231,"commentCount":0,"publisher":{"@id":"https:\/\/acefootball.com\/da\/#organization"},"image":{"@id":"https:\/\/acefootball.com\/da\/fodboldnyheder\/wilczek-flaenser-hyklerisk-fisker-han-har-solgt-sit-privatliv\/#primaryimage"},"thumbnailUrl":"https:\/\/acefootball.com\/da\/wp-content\/uploads\/sites\/2\/2021\/04\/GettyImages-1229406994.jpg","keywords":["Br\u00f8ndby IF","FC K\u00f8benhavn","Kamil Wilczek","Kasper Fisker","Superligaen"],"articleSection":["Udtalelse"],"inLanguage":"en-US","potentialAction":[{"@type":"CommentAction","name":"Comment","target":["https:\/\/acefootball.com\/da\/fodboldnyheder\/wilczek-flaenser-hyklerisk-fisker-han-har-solgt-sit-privatliv\/#respond"]}]},{"@type":"Person","@id":"https:\/\/acefootball.com\/da\/#\/schema\/person\/ee67e9cf04a276f144100ffa722f10cd","name":"Mads Dreyer","image":{"@type":"ImageObject","@id":"https:\/\/acefootball.com\/da\/#personlogo","inLanguage":"en-US","url":"https:\/\/secure.gravatar.com\/avatar\/7c7abf72cfde9902b6a60efe60c88d4c?s=96&d=mm&r=g","contentUrl":"https:\/\/secure.gravatar.com\/avatar\/7c7abf72cfde9902b6a60efe60c88d4c?s=96&d=mm&r=g","caption":"Mads Dreyer"},"description":"Skribent og fodboldn\u00f8rd, der lige nu fort\u00e6ller om alt og intet i fodboldverdenen p\u00e5 acefootball.com. Uddannet i kommunikation fra Aalborg Universitet.","sameAs":["https:\/\/www.linkedin.com\/in\/mads-dreyer-b9b08266\/"],"url":"https:\/\/acefootball.com\/da\/fodboldnyheder\/author\/mdnronaldo\/"}]}},"fimg_url":"https:\/\/acefootball.com\/da\/wp-content\/uploads\/sites\/2\/2021\/04\/GettyImages-1229406994.jpg","_links":{"self":[{"href":"https:\/\/acefootball.com\/da\/wp-json\/wp\/v2\/posts\/257382"}],"collection":[{"href":"https:\/\/acefootball.com\/da\/wp-json\/wp\/v2\/posts"}],"about":[{"href":"https:\/\/acefootball.com\/da\/wp-json\/wp\/v2\/types\/post"}],"author":[{"embeddable":true,"href":"https:\/\/acefootball.com\/da\/wp-json\/wp\/v2\/users\/705"}],"replies":[{"embeddable":true,"href":"https:\/\/acefootball.com\/da\/wp-json\/wp\/v2\/comments?post=257382"}],"version-history":[{"count":0,"href":"https:\/\/acefootball.com\/da\/wp-json\/wp\/v2\/posts\/257382\/revisions"}],"wp:featuredmedia":[{"embeddable":true,"href":"https:\/\/acefootball.com\/da\/wp-json\/wp\/v2\/media\/257384"}],"wp:attachment":[{"href":"https:\/\/acefootball.com\/da\/wp-json\/wp\/v2\/media?parent=257382"}],"wp:term":[{"taxonomy":"category","embeddable":true,"href":"https:\/\/acefootball.com\/da\/wp-json\/wp\/v2\/categories?post=257382"},{"taxonomy":"post_tag","embeddable":true,"href":"https:\/\/acefootball.com\/da\/wp-json\/wp\/v2\/tags?post=257382"}],"curies":[{"name":"wp","href":"https:\/\/api.w.org\/{rel}","templated":true}]}}