{"id":257376,"date":"2021-04-26T13:10:19","date_gmt":"2021-04-26T11:10:19","guid":{"rendered":"https:\/\/acefootball.com\/da\/?p=257376"},"modified":"2021-04-26T13:10:20","modified_gmt":"2021-04-26T11:10:20","slug":"wilczek-stoedte-paa-tidligere-broendby-kammerat-han-loeb-bare-vaek","status":"publish","type":"post","link":"https:\/\/acefootball.com\/da\/fodboldnyheder\/wilczek-stoedte-paa-tidligere-broendby-kammerat-han-loeb-bare-vaek\/","title":{"rendered":"Wilczek st\u00f8dte p\u00e5 tidligere Br\u00f8ndby-kammerat: Han l\u00f8b bare v\u00e6k"},"content":{"rendered":"\n<h2 id=\"h-kamil-wilczek-blev-en-hadet-mand-i-br-ndby-efter-sit-skifte-til-fc-k-benhavn-og-det-har-is-r-n-tidligere-holdkammerat-kritiseret-i-store-vendinger\">Kamil Wilczek blev en hadet mand i Br\u00f8ndby efter sit skifte til FC K\u00f8benhavn, og det har is\u00e6r \u00e9n tidligere holdkammerat kritiseret i store vendinger<\/h2>\n\n\n\n<p>Da Kamil Wilczek blev offentliggjort som ny spiller i FC K\u00f8benhavn, blev nyheden m\u00f8dt med voldsom vrede i af et hav af Br\u00f8ndby-fans.<\/p>\n\n\n\n<p>Men det er ikke kun fansene, der har kigget sk\u00e6vt til den polske bomber. Ogs\u00e5 fra tidligere holdkammerater er der kommet godt med kritik.<\/p>\n\n\n\n<p>Ikke mindst fra Kasper Fisker, som aldrig har lagt fingre i mellem sin holdning til skiftet, men da den nu pensionerede offensivspiller fik muligheden for at konfrontere Wilczek, kom der ikke mange ord. Det fort\u00e6ller FCK-angriberen i et nyt interview.<\/p>\n\n\n\n<p>&#8220;Hver gang p\u00e5 sociale medier, podcasts eller andre platforme minder Kasper mig om skiftet til FC K\u00f8benhavn. Han siger, at jeg kun gjorde det for pengene, og at han aldrig ville have gjort det. Men ikke kun det, n\u00e6vner han aldrig mit navn og kalder mig bare &#8216;Polakken&#8217;,&#8221; fort\u00e6ller Wilczek til <a href=\"https:\/\/sportowefakty.wp.pl\/pilka-nozna\/934939\/polak-atakowany-przez-kolege-dunczyk-nie-wymawia-jego-nazwiska?nil=&amp;src01=f1e45&amp;src02=isgf\" target=\"_blank\" rel=\"noreferrer noopener\">Sportowe Fakty<\/a>.<\/p>\n\n\n\n<p>&#8220;Vi st\u00f8dte p\u00e5 hinanden p\u00e5 en g\u00e5tur. Da Kasper s\u00e5 mig med mine s\u00f8nner, forlod han sin kone og barn og l\u00f8b v\u00e6k med barnevognen i en anden retning.&#8221;<\/p>\n\n\n\n<p>&#8220;Jeg hilste p\u00e5 hans kone, og han l\u00f8b bare v\u00e6k. Det er en skam, for han kunne sige til mig, hvad han ville, ansigt til ansigt. Det g\u00f8r jeg i hvert fald selv.&#8221;<\/p>\n\n\n\n<figure class=\"wp-block-embed is-type-wp-embed is-provider-ace-football-danmark wp-block-embed-ace-football-danmark\"><div class=\"wp-block-embed__wrapper\">\n<blockquote class=\"wp-embedded-content\" data-secret=\"myWXSWqdmR\"><a href=\"https:\/\/acefootball.com\/da\/fodboldnyheder\/fck-helt-indgyder-respekt-i-aarhus-et-foersteklasses-mandfolk\/\">FCK-helt indgyder respekt i Aarhus: Et f\u00f8rsteklasses mandfolk<\/a><\/blockquote><iframe class=\"wp-embedded-content\" sandbox=\"allow-scripts\" security=\"restricted\" style=\"position: absolute; clip: rect(1px, 1px, 1px, 1px);\" title=\"&#8220;FCK-helt indgyder respekt i Aarhus: Et f\u00f8rsteklasses mandfolk&#8221; &#8212; Ace Football Danmark\" src=\"https:\/\/acefootball.com\/da\/fodboldnyheder\/fck-helt-indgyder-respekt-i-aarhus-et-foersteklasses-mandfolk\/embed\/#?secret=myWXSWqdmR\" data-secret=\"myWXSWqdmR\" width=\"600\" height=\"338\" frameborder=\"0\" marginwidth=\"0\" marginheight=\"0\" scrolling=\"no\"><\/iframe>\n<\/div><\/figure>\n","protected":false},"excerpt":{"rendered":"<p>Kamil Wilczek blev en hadet mand i Br\u00f8ndby efter sit skifte til FC K\u00f8benhavn, og det har is\u00e6r \u00e9n tidligere holdkammerat kritiseret i store vendinger<\/p>\n","protected":false},"author":705,"featured_media":238075,"comment_status":"open","ping_status":"closed","sticky":false,"template":"","format":"standard","meta":{"om_disable_all_campaigns":false,"push_articles_ronaldo":{"active":false,"canonical":0,"publish":false},"force_updates":null},"categories":[8204],"tags":[53,16,958,502,588],"enet_tags":{"team":["8595","8391"],"player":["105535","73461"],"league":["46"],"sport_events":[]},"yoast_head":"<!-- This site is optimized with the Yoast SEO plugin v18.3 - https:\/\/yoast.com\/wordpress\/plugins\/seo\/ -->\n<title>Wilczek st\u00f8dte p\u00e5 tidligere Br\u00f8ndby-kammerat: Han l\u00f8b bare v\u00e6k<\/title>\n<meta name=\"description\" content=\"Kamil Wilczek blev en hadet mand i Br\u00f8ndby efter sit skifte til FC K\u00f8benhavn, og det har is\u00e6r \u00e9n tidligere holdkammerat kritiseret i store vendinger\" \/>\n<meta name=\"robots\" content=\"index, follow, max-snippet:-1, max-image-preview:large, max-video-preview:-1\" \/>\n<link rel=\"canonical\" href=\"https:\/\/acefootball.com\/da\/fodboldnyheder\/wilczek-stoedte-paa-tidligere-broendby-kammerat-han-loeb-bare-vaek\/\" \/>\n<meta property=\"og:locale\" content=\"en_US\" \/>\n<meta property=\"og:type\" content=\"article\" \/>\n<meta property=\"og:title\" content=\"Wilczek st\u00f8dte p\u00e5 tidligere Br\u00f8ndby-kammerat: Han l\u00f8b bare v\u00e6k\" \/>\n<meta property=\"og:description\" content=\"Kamil Wilczek blev en hadet mand i Br\u00f8ndby efter sit skifte til FC K\u00f8benhavn, og det har is\u00e6r \u00e9n tidligere holdkammerat kritiseret i store vendinger\" \/>\n<meta property=\"og:url\" content=\"https:\/\/acefootball.com\/da\/fodboldnyheder\/wilczek-stoedte-paa-tidligere-broendby-kammerat-han-loeb-bare-vaek\/\" \/>\n<meta property=\"og:site_name\" content=\"Ace Football Danmark\" \/>\n<meta property=\"article:publisher\" content=\"https:\/\/www.facebook.com\/acefootballdk\" \/>\n<meta property=\"article:published_time\" content=\"2021-04-26T11:10:19+00:00\" \/>\n<meta property=\"article:modified_time\" content=\"2021-04-26T11:10:20+00:00\" \/>\n<meta property=\"og:image\" content=\"https:\/\/acefootball.com\/da\/wp-content\/uploads\/sites\/2\/2021\/04\/Laes-mere-generel-2021-04-26T130947.708.jpg\" \/>\n\t<meta property=\"og:image:width\" content=\"1920\" \/>\n\t<meta property=\"og:image:height\" content=\"1008\" \/>\n\t<meta property=\"og:image:type\" content=\"image\/jpeg\" \/>\n<meta name=\"twitter:card\" content=\"summary_large_image\" \/>\n<meta name=\"twitter:label1\" content=\"Written by\" \/>\n\t<meta name=\"twitter:data1\" content=\"Mads Dreyer\" \/>\n\t<meta name=\"twitter:label2\" content=\"Est. reading time\" \/>\n\t<meta name=\"twitter:data2\" content=\"1 minute\" \/>\n<script type=\"application\/ld+json\" class=\"yoast-schema-graph\">{\"@context\":\"https:\/\/schema.org\",\"@graph\":[{\"@type\":\"Organization\",\"@id\":\"https:\/\/acefootball.com\/da\/#organization\",\"name\":\"Ace Football\",\"url\":\"https:\/\/acefootball.com\/da\/\",\"sameAs\":[\"https:\/\/www.facebook.com\/acefootballdk\"],\"logo\":{\"@type\":\"ImageObject\",\"@id\":\"https:\/\/acefootball.com\/da\/#logo\",\"inLanguage\":\"en-US\",\"url\":\"https:\/\/acefootball.com\/da\/wp-content\/uploads\/sites\/2\/2020\/07\/Ace-Football-30-07-2020-2.png\",\"contentUrl\":\"https:\/\/acefootball.com\/da\/wp-content\/uploads\/sites\/2\/2020\/07\/Ace-Football-30-07-2020-2.png\",\"width\":1200,\"height\":600,\"caption\":\"Ace Football\"},\"image\":{\"@id\":\"https:\/\/acefootball.com\/da\/#logo\"}},{\"@type\":\"WebSite\",\"@id\":\"https:\/\/acefootball.com\/da\/#website\",\"url\":\"https:\/\/acefootball.com\/da\/\",\"name\":\"Ace Football Danmark\",\"description\":\"Nyheder, Spiltips &amp; Livescore\",\"publisher\":{\"@id\":\"https:\/\/acefootball.com\/da\/#organization\"},\"potentialAction\":[{\"@type\":\"SearchAction\",\"target\":{\"@type\":\"EntryPoint\",\"urlTemplate\":\"https:\/\/acefootball.com\/da\/?s={search_term_string}\"},\"query-input\":\"required name=search_term_string\"}],\"inLanguage\":\"en-US\"},{\"@type\":\"ImageObject\",\"@id\":\"https:\/\/acefootball.com\/da\/fodboldnyheder\/wilczek-stoedte-paa-tidligere-broendby-kammerat-han-loeb-bare-vaek\/#primaryimage\",\"inLanguage\":\"en-US\",\"url\":\"https:\/\/acefootball.com\/da\/wp-content\/uploads\/sites\/2\/2021\/04\/Laes-mere-generel-2021-04-26T130947.708.jpg\",\"contentUrl\":\"https:\/\/acefootball.com\/da\/wp-content\/uploads\/sites\/2\/2021\/04\/Laes-mere-generel-2021-04-26T130947.708.jpg\",\"width\":1920,\"height\":1008,\"caption\":\"wilczek\"},{\"@type\":\"WebPage\",\"@id\":\"https:\/\/acefootball.com\/da\/fodboldnyheder\/wilczek-stoedte-paa-tidligere-broendby-kammerat-han-loeb-bare-vaek\/#webpage\",\"url\":\"https:\/\/acefootball.com\/da\/fodboldnyheder\/wilczek-stoedte-paa-tidligere-broendby-kammerat-han-loeb-bare-vaek\/\",\"name\":\"Wilczek st\u00f8dte p\u00e5 tidligere Br\u00f8ndby-kammerat: Han l\u00f8b bare v\u00e6k\",\"isPartOf\":{\"@id\":\"https:\/\/acefootball.com\/da\/#website\"},\"primaryImageOfPage\":{\"@id\":\"https:\/\/acefootball.com\/da\/fodboldnyheder\/wilczek-stoedte-paa-tidligere-broendby-kammerat-han-loeb-bare-vaek\/#primaryimage\"},\"datePublished\":\"2021-04-26T11:10:19+00:00\",\"dateModified\":\"2021-04-26T11:10:20+00:00\",\"description\":\"Kamil Wilczek blev en hadet mand i Br\u00f8ndby efter sit skifte til FC K\u00f8benhavn, og det har is\u00e6r \u00e9n tidligere holdkammerat kritiseret i store vendinger\",\"breadcrumb\":{\"@id\":\"https:\/\/acefootball.com\/da\/fodboldnyheder\/wilczek-stoedte-paa-tidligere-broendby-kammerat-han-loeb-bare-vaek\/#breadcrumb\"},\"inLanguage\":\"en-US\",\"potentialAction\":[{\"@type\":\"ReadAction\",\"target\":[\"https:\/\/acefootball.com\/da\/fodboldnyheder\/wilczek-stoedte-paa-tidligere-broendby-kammerat-han-loeb-bare-vaek\/\"]}]},{\"@type\":\"BreadcrumbList\",\"@id\":\"https:\/\/acefootball.com\/da\/fodboldnyheder\/wilczek-stoedte-paa-tidligere-broendby-kammerat-han-loeb-bare-vaek\/#breadcrumb\",\"itemListElement\":[{\"@type\":\"ListItem\",\"position\":1,\"name\":\"Home\",\"item\":\"https:\/\/acefootball.com\/da\/\"},{\"@type\":\"ListItem\",\"position\":2,\"name\":\"Wilczek st\u00f8dte p\u00e5 tidligere Br\u00f8ndby-kammerat: Han l\u00f8b bare v\u00e6k\"}]},{\"@type\":\"Article\",\"@id\":\"https:\/\/acefootball.com\/da\/fodboldnyheder\/wilczek-stoedte-paa-tidligere-broendby-kammerat-han-loeb-bare-vaek\/#article\",\"isPartOf\":{\"@id\":\"https:\/\/acefootball.com\/da\/fodboldnyheder\/wilczek-stoedte-paa-tidligere-broendby-kammerat-han-loeb-bare-vaek\/#webpage\"},\"author\":{\"@id\":\"https:\/\/acefootball.com\/da\/#\/schema\/person\/ee67e9cf04a276f144100ffa722f10cd\"},\"headline\":\"Wilczek st\u00f8dte p\u00e5 tidligere Br\u00f8ndby-kammerat: Han l\u00f8b bare v\u00e6k\",\"datePublished\":\"2021-04-26T11:10:19+00:00\",\"dateModified\":\"2021-04-26T11:10:20+00:00\",\"mainEntityOfPage\":{\"@id\":\"https:\/\/acefootball.com\/da\/fodboldnyheder\/wilczek-stoedte-paa-tidligere-broendby-kammerat-han-loeb-bare-vaek\/#webpage\"},\"wordCount\":265,\"commentCount\":0,\"publisher\":{\"@id\":\"https:\/\/acefootball.com\/da\/#organization\"},\"image\":{\"@id\":\"https:\/\/acefootball.com\/da\/fodboldnyheder\/wilczek-stoedte-paa-tidligere-broendby-kammerat-han-loeb-bare-vaek\/#primaryimage\"},\"thumbnailUrl\":\"https:\/\/acefootball.com\/da\/wp-content\/uploads\/sites\/2\/2020\/09\/GettyImages-1228616560.jpg\",\"keywords\":[\"Br\u00f8ndby IF\",\"FC K\u00f8benhavn\",\"Kamil Wilczek\",\"Kasper Fisker\",\"Superligaen\"],\"articleSection\":[\"Udtalelse\"],\"inLanguage\":\"en-US\",\"potentialAction\":[{\"@type\":\"CommentAction\",\"name\":\"Comment\",\"target\":[\"https:\/\/acefootball.com\/da\/fodboldnyheder\/wilczek-stoedte-paa-tidligere-broendby-kammerat-han-loeb-bare-vaek\/#respond\"]}]},{\"@type\":\"Person\",\"@id\":\"https:\/\/acefootball.com\/da\/#\/schema\/person\/ee67e9cf04a276f144100ffa722f10cd\",\"name\":\"Mads Dreyer\",\"image\":{\"@type\":\"ImageObject\",\"@id\":\"https:\/\/acefootball.com\/da\/#personlogo\",\"inLanguage\":\"en-US\",\"url\":\"https:\/\/secure.gravatar.com\/avatar\/7c7abf72cfde9902b6a60efe60c88d4c?s=96&d=mm&r=g\",\"contentUrl\":\"https:\/\/secure.gravatar.com\/avatar\/7c7abf72cfde9902b6a60efe60c88d4c?s=96&d=mm&r=g\",\"caption\":\"Mads Dreyer\"},\"description\":\"Skribent og fodboldn\u00f8rd, der lige nu fort\u00e6ller om alt og intet i fodboldverdenen p\u00e5 acefootball.com. Uddannet i kommunikation fra Aalborg Universitet.\",\"sameAs\":[\"https:\/\/www.linkedin.com\/in\/mads-dreyer-b9b08266\/\"],\"url\":\"https:\/\/acefootball.com\/da\/fodboldnyheder\/author\/mdnronaldo\/\"}]}<\/script>\n<!-- \/ Yoast SEO plugin. -->","yoast_head_json":{"title":"Wilczek st\u00f8dte p\u00e5 tidligere Br\u00f8ndby-kammerat: Han l\u00f8b bare v\u00e6k","description":"Kamil Wilczek blev en hadet mand i Br\u00f8ndby efter sit skifte til FC K\u00f8benhavn, og det har is\u00e6r \u00e9n tidligere holdkammerat kritiseret i store vendinger","robots":{"index":"index","follow":"follow","max-snippet":"max-snippet:-1","max-image-preview":"max-image-preview:large","max-video-preview":"max-video-preview:-1"},"canonical":"https:\/\/acefootball.com\/da\/fodboldnyheder\/wilczek-stoedte-paa-tidligere-broendby-kammerat-han-loeb-bare-vaek\/","og_locale":"en_US","og_type":"article","og_title":"Wilczek st\u00f8dte p\u00e5 tidligere Br\u00f8ndby-kammerat: Han l\u00f8b bare v\u00e6k","og_description":"Kamil Wilczek blev en hadet mand i Br\u00f8ndby efter sit skifte til FC K\u00f8benhavn, og det har is\u00e6r \u00e9n tidligere holdkammerat kritiseret i store vendinger","og_url":"https:\/\/acefootball.com\/da\/fodboldnyheder\/wilczek-stoedte-paa-tidligere-broendby-kammerat-han-loeb-bare-vaek\/","og_site_name":"Ace Football Danmark","article_publisher":"https:\/\/www.facebook.com\/acefootballdk","article_published_time":"2021-04-26T11:10:19+00:00","article_modified_time":"2021-04-26T11:10:20+00:00","og_image":[{"width":1920,"height":1008,"url":"https:\/\/acefootball.com\/da\/wp-content\/uploads\/sites\/2\/2021\/04\/Laes-mere-generel-2021-04-26T130947.708.jpg","type":"image\/jpeg"}],"twitter_card":"summary_large_image","twitter_misc":{"Written by":"Mads Dreyer","Est. reading time":"1 minute"},"schema":{"@context":"https:\/\/schema.org","@graph":[{"@type":"Organization","@id":"https:\/\/acefootball.com\/da\/#organization","name":"Ace Football","url":"https:\/\/acefootball.com\/da\/","sameAs":["https:\/\/www.facebook.com\/acefootballdk"],"logo":{"@type":"ImageObject","@id":"https:\/\/acefootball.com\/da\/#logo","inLanguage":"en-US","url":"https:\/\/acefootball.com\/da\/wp-content\/uploads\/sites\/2\/2020\/07\/Ace-Football-30-07-2020-2.png","contentUrl":"https:\/\/acefootball.com\/da\/wp-content\/uploads\/sites\/2\/2020\/07\/Ace-Football-30-07-2020-2.png","width":1200,"height":600,"caption":"Ace Football"},"image":{"@id":"https:\/\/acefootball.com\/da\/#logo"}},{"@type":"WebSite","@id":"https:\/\/acefootball.com\/da\/#website","url":"https:\/\/acefootball.com\/da\/","name":"Ace Football Danmark","description":"Nyheder, Spiltips &amp; Livescore","publisher":{"@id":"https:\/\/acefootball.com\/da\/#organization"},"potentialAction":[{"@type":"SearchAction","target":{"@type":"EntryPoint","urlTemplate":"https:\/\/acefootball.com\/da\/?s={search_term_string}"},"query-input":"required name=search_term_string"}],"inLanguage":"en-US"},{"@type":"ImageObject","@id":"https:\/\/acefootball.com\/da\/fodboldnyheder\/wilczek-stoedte-paa-tidligere-broendby-kammerat-han-loeb-bare-vaek\/#primaryimage","inLanguage":"en-US","url":"https:\/\/acefootball.com\/da\/wp-content\/uploads\/sites\/2\/2021\/04\/Laes-mere-generel-2021-04-26T130947.708.jpg","contentUrl":"https:\/\/acefootball.com\/da\/wp-content\/uploads\/sites\/2\/2021\/04\/Laes-mere-generel-2021-04-26T130947.708.jpg","width":1920,"height":1008,"caption":"wilczek"},{"@type":"WebPage","@id":"https:\/\/acefootball.com\/da\/fodboldnyheder\/wilczek-stoedte-paa-tidligere-broendby-kammerat-han-loeb-bare-vaek\/#webpage","url":"https:\/\/acefootball.com\/da\/fodboldnyheder\/wilczek-stoedte-paa-tidligere-broendby-kammerat-han-loeb-bare-vaek\/","name":"Wilczek st\u00f8dte p\u00e5 tidligere Br\u00f8ndby-kammerat: Han l\u00f8b bare v\u00e6k","isPartOf":{"@id":"https:\/\/acefootball.com\/da\/#website"},"primaryImageOfPage":{"@id":"https:\/\/acefootball.com\/da\/fodboldnyheder\/wilczek-stoedte-paa-tidligere-broendby-kammerat-han-loeb-bare-vaek\/#primaryimage"},"datePublished":"2021-04-26T11:10:19+00:00","dateModified":"2021-04-26T11:10:20+00:00","description":"Kamil Wilczek blev en hadet mand i Br\u00f8ndby efter sit skifte til FC K\u00f8benhavn, og det har is\u00e6r \u00e9n tidligere holdkammerat kritiseret i store vendinger","breadcrumb":{"@id":"https:\/\/acefootball.com\/da\/fodboldnyheder\/wilczek-stoedte-paa-tidligere-broendby-kammerat-han-loeb-bare-vaek\/#breadcrumb"},"inLanguage":"en-US","potentialAction":[{"@type":"ReadAction","target":["https:\/\/acefootball.com\/da\/fodboldnyheder\/wilczek-stoedte-paa-tidligere-broendby-kammerat-han-loeb-bare-vaek\/"]}]},{"@type":"BreadcrumbList","@id":"https:\/\/acefootball.com\/da\/fodboldnyheder\/wilczek-stoedte-paa-tidligere-broendby-kammerat-han-loeb-bare-vaek\/#breadcrumb","itemListElement":[{"@type":"ListItem","position":1,"name":"Home","item":"https:\/\/acefootball.com\/da\/"},{"@type":"ListItem","position":2,"name":"Wilczek st\u00f8dte p\u00e5 tidligere Br\u00f8ndby-kammerat: Han l\u00f8b bare v\u00e6k"}]},{"@type":"Article","@id":"https:\/\/acefootball.com\/da\/fodboldnyheder\/wilczek-stoedte-paa-tidligere-broendby-kammerat-han-loeb-bare-vaek\/#article","isPartOf":{"@id":"https:\/\/acefootball.com\/da\/fodboldnyheder\/wilczek-stoedte-paa-tidligere-broendby-kammerat-han-loeb-bare-vaek\/#webpage"},"author":{"@id":"https:\/\/acefootball.com\/da\/#\/schema\/person\/ee67e9cf04a276f144100ffa722f10cd"},"headline":"Wilczek st\u00f8dte p\u00e5 tidligere Br\u00f8ndby-kammerat: Han l\u00f8b bare v\u00e6k","datePublished":"2021-04-26T11:10:19+00:00","dateModified":"2021-04-26T11:10:20+00:00","mainEntityOfPage":{"@id":"https:\/\/acefootball.com\/da\/fodboldnyheder\/wilczek-stoedte-paa-tidligere-broendby-kammerat-han-loeb-bare-vaek\/#webpage"},"wordCount":265,"commentCount":0,"publisher":{"@id":"https:\/\/acefootball.com\/da\/#organization"},"image":{"@id":"https:\/\/acefootball.com\/da\/fodboldnyheder\/wilczek-stoedte-paa-tidligere-broendby-kammerat-han-loeb-bare-vaek\/#primaryimage"},"thumbnailUrl":"https:\/\/acefootball.com\/da\/wp-content\/uploads\/sites\/2\/2020\/09\/GettyImages-1228616560.jpg","keywords":["Br\u00f8ndby IF","FC K\u00f8benhavn","Kamil Wilczek","Kasper Fisker","Superligaen"],"articleSection":["Udtalelse"],"inLanguage":"en-US","potentialAction":[{"@type":"CommentAction","name":"Comment","target":["https:\/\/acefootball.com\/da\/fodboldnyheder\/wilczek-stoedte-paa-tidligere-broendby-kammerat-han-loeb-bare-vaek\/#respond"]}]},{"@type":"Person","@id":"https:\/\/acefootball.com\/da\/#\/schema\/person\/ee67e9cf04a276f144100ffa722f10cd","name":"Mads Dreyer","image":{"@type":"ImageObject","@id":"https:\/\/acefootball.com\/da\/#personlogo","inLanguage":"en-US","url":"https:\/\/secure.gravatar.com\/avatar\/7c7abf72cfde9902b6a60efe60c88d4c?s=96&d=mm&r=g","contentUrl":"https:\/\/secure.gravatar.com\/avatar\/7c7abf72cfde9902b6a60efe60c88d4c?s=96&d=mm&r=g","caption":"Mads Dreyer"},"description":"Skribent og fodboldn\u00f8rd, der lige nu fort\u00e6ller om alt og intet i fodboldverdenen p\u00e5 acefootball.com. Uddannet i kommunikation fra Aalborg Universitet.","sameAs":["https:\/\/www.linkedin.com\/in\/mads-dreyer-b9b08266\/"],"url":"https:\/\/acefootball.com\/da\/fodboldnyheder\/author\/mdnronaldo\/"}]}},"fimg_url":"https:\/\/acefootball.com\/da\/wp-content\/uploads\/sites\/2\/2020\/09\/GettyImages-1228616560.jpg","_links":{"self":[{"href":"https:\/\/acefootball.com\/da\/wp-json\/wp\/v2\/posts\/257376"}],"collection":[{"href":"https:\/\/acefootball.com\/da\/wp-json\/wp\/v2\/posts"}],"about":[{"href":"https:\/\/acefootball.com\/da\/wp-json\/wp\/v2\/types\/post"}],"author":[{"embeddable":true,"href":"https:\/\/acefootball.com\/da\/wp-json\/wp\/v2\/users\/705"}],"replies":[{"embeddable":true,"href":"https:\/\/acefootball.com\/da\/wp-json\/wp\/v2\/comments?post=257376"}],"version-history":[{"count":0,"href":"https:\/\/acefootball.com\/da\/wp-json\/wp\/v2\/posts\/257376\/revisions"}],"wp:featuredmedia":[{"embeddable":true,"href":"https:\/\/acefootball.com\/da\/wp-json\/wp\/v2\/media\/238075"}],"wp:attachment":[{"href":"https:\/\/acefootball.com\/da\/wp-json\/wp\/v2\/media?parent=257376"}],"wp:term":[{"taxonomy":"category","embeddable":true,"href":"https:\/\/acefootball.com\/da\/wp-json\/wp\/v2\/categories?post=257376"},{"taxonomy":"post_tag","embeddable":true,"href":"https:\/\/acefootball.com\/da\/wp-json\/wp\/v2\/tags?post=257376"}],"curies":[{"name":"wp","href":"https:\/\/api.w.org\/{rel}","templated":true}]}}