{"id":257367,"date":"2021-04-26T11:44:55","date_gmt":"2021-04-26T09:44:55","guid":{"rendered":"https:\/\/acefootball.com\/da\/?p=257367"},"modified":"2021-04-26T11:44:56","modified_gmt":"2021-04-26T09:44:56","slug":"fck-helt-indgyder-respekt-i-aarhus-et-foersteklasses-mandfolk","status":"publish","type":"post","link":"https:\/\/acefootball.com\/da\/fodboldnyheder\/fck-helt-indgyder-respekt-i-aarhus-et-foersteklasses-mandfolk\/","title":{"rendered":"FCK-helt indgyder respekt i Aarhus: Et f\u00f8rsteklasses mandfolk"},"content":{"rendered":"\n<h2 id=\"h-p-trods-af-at-have-givet-sin-tidligere-klub-d-dst-det-s-ndag-aften-har-flere-agf-fans-respekt-for-jens-stages-efterf-lgende-udtalelser\">P\u00e5 trods af at have givet sin tidligere klub d\u00f8dst\u00f8det s\u00f8ndag aften, har flere AGF-fans respekt for Jens Stages efterf\u00f8lgende udtalelser<\/h2>\n\n\n\n<p>Jens Stage er bestemt ikke den mest popul\u00e6re mand i Aarhus, efter han i 2019 skiftede AGF ud med rivalerne fra FC K\u00f8benhavn.<\/p>\n\n\n\n<p>S\u00f8ndag aften var aarhusianeren s\u00e5 tilbage p\u00e5 Ceres Park, og her ville sk\u00e6bnen, at han skulle blive matchvinder med sit m\u00e5l til 2-1 i anden halvleg.<\/p>\n\n\n\n<p>Dermed var der lagt op til et hav af hadefulde kommentarer p\u00e5 sociale medier, men efter et interview til Viasat letter flere AGF-fans p\u00e5 hatten over FCK-spilleren.<\/p>\n\n\n\n\n        <div class=\"svf-video-single only-video\">\n            <div class=\"svf-video-container svf-embedded embedded\">\n                <script>(function(){const el = document.createElement('iframe');el.allow = 'autoplay';el.frameBorder = '0';el.classList.add('svf-video');el.allowFullscreen = true;document.currentScript.parentNode.style.display = 'none';el.src = \"https:\/\/www.viafree.dk\/embed\/sport\/id\/d5d34bc5-8c9c-4fe2-8763-6908bdc88d96?partnerId=a788403f-2c83-488f-adb0-2650ac7278a3\";el.addEventListener( 'load', function(){ this.parentNode.style.display = ''; });document.currentScript.parentNode.insertBefore(el, document.currentScript.nextSibling);})();<\/script>\n                <noscript><iframe allow=\"autoplay\" allowfullscreen frameborder=\"0\" class=\"svf-video\" src=\"https:\/\/www.viafree.dk\/embed\/sport\/id\/d5d34bc5-8c9c-4fe2-8763-6908bdc88d96?partnerId=a788403f-2c83-488f-adb0-2650ac7278a3\"><\/iframe><\/noscript>\n            <\/div>\n                    <\/div>\n        \n\n\n\n<p><\/p>\n\n\n\n<p>I flere kommentarer p\u00e5 Twitter bliver Stage respekteret for sin ageren p\u00e5 banen samt respekten for sin tidligere klub i det efterf\u00f8lgende interview.<\/p>\n\n\n\n<p>Du kan se nogle af kommentarerne her:<\/p>\n\n\n\n<figure class=\"wp-block-embed is-type-rich is-provider-twitter wp-block-embed-twitter\"><div class=\"wp-block-embed__wrapper\">\n<blockquote class=\"twitter-tweet\" data-width=\"550\" data-dnt=\"true\"><p lang=\"da\" dir=\"ltr\">Jens Stage er fandme et f\u00f8rsteklasses mandfolk, selvom han har en forkert tr\u00f8je p\u00e5. Det kunne Fischer sgu godt l\u00e6re lidt af.. <a href=\"https:\/\/twitter.com\/hashtag\/ultratwitteragf?src=hash&amp;ref_src=twsrc%5Etfw\">#ultratwitteragf<\/a> <a href=\"https:\/\/twitter.com\/hashtag\/agffck?src=hash&amp;ref_src=twsrc%5Etfw\">#agffck<\/a><\/p>&mdash; Bj\u00f8rn Krogsgaard Letager (@BLetager) <a href=\"https:\/\/twitter.com\/BLetager\/status\/1386417699002089473?ref_src=twsrc%5Etfw\">April 25, 2021<\/a><\/blockquote><script async src=\"https:\/\/platform.twitter.com\/widgets.js\" charset=\"utf-8\"><\/script>\n<\/div><\/figure>\n\n\n\n<figure class=\"wp-block-embed is-type-rich is-provider-twitter wp-block-embed-twitter\"><div class=\"wp-block-embed__wrapper\">\n<blockquote class=\"twitter-tweet\" data-width=\"550\" data-dnt=\"true\"><p lang=\"da\" dir=\"ltr\">Stor respekt til Jens Stage der hverken jubler eller tuder p\u00e5 fjernsynet men er forst\u00e5ende overfor reaktionen <a href=\"https:\/\/twitter.com\/hashtag\/ultratwitteragf?src=hash&amp;ref_src=twsrc%5Etfw\">#ultratwitteragf<\/a><\/p>&mdash; Paddy (@paddyjorgensen) <a href=\"https:\/\/twitter.com\/paddyjorgensen\/status\/1386416755535269892?ref_src=twsrc%5Etfw\">April 25, 2021<\/a><\/blockquote><script async src=\"https:\/\/platform.twitter.com\/widgets.js\" charset=\"utf-8\"><\/script>\n<\/div><\/figure>\n\n\n\n<figure class=\"wp-block-embed is-type-rich is-provider-twitter wp-block-embed-twitter\"><div class=\"wp-block-embed__wrapper\">\n<blockquote class=\"twitter-tweet\" data-width=\"550\" data-dnt=\"true\"><p lang=\"da\" dir=\"ltr\">Jeg har intet imod Jens Stage. \ud83e\udd37\ud83c\udffc\u200d\u2642\ufe0f <a href=\"https:\/\/twitter.com\/hashtag\/ultratwitteragf?src=hash&amp;ref_src=twsrc%5Etfw\">#ultratwitteragf<\/a><\/p>&mdash; NP (@nielsp1985) <a href=\"https:\/\/twitter.com\/nielsp1985\/status\/1386443581318000641?ref_src=twsrc%5Etfw\">April 25, 2021<\/a><\/blockquote><script async src=\"https:\/\/platform.twitter.com\/widgets.js\" charset=\"utf-8\"><\/script>\n<\/div><\/figure>\n\n\n\n<figure class=\"wp-block-embed is-type-rich is-provider-twitter wp-block-embed-twitter\"><div class=\"wp-block-embed__wrapper\">\n<blockquote class=\"twitter-tweet\" data-width=\"550\" data-dnt=\"true\"><p lang=\"da\" dir=\"ltr\">Der er alt for meget fokus p\u00e5 Victor Fisker og han utrolige d\u00e5rlige karrierefremmende opf\u00f8rsel p\u00e5 banen men derimod alt for lidt respekt om Jens Stage opf\u00f8rsel p\u00e5 banen. Respekt til ham. <a href=\"https:\/\/twitter.com\/hashtag\/ultratwitteragf?src=hash&amp;ref_src=twsrc%5Etfw\">#ultratwitteragf<\/a> <a href=\"https:\/\/twitter.com\/hashtag\/SLDK?src=hash&amp;ref_src=twsrc%5Etfw\">#SLDK<\/a><\/p>&mdash; Jesper Trend Mogensen (@JesperTrend) <a href=\"https:\/\/twitter.com\/JesperTrend\/status\/1386603062102474755?ref_src=twsrc%5Etfw\">April 26, 2021<\/a><\/blockquote><script async src=\"https:\/\/platform.twitter.com\/widgets.js\" charset=\"utf-8\"><\/script>\n<\/div><\/figure>\n\n\n\n<p>Helt s\u00e5 stor respekt er der ikke for Viktor Fischer, der var involveret i flere intense situationer. L\u00e6s mere her:<\/p>\n\n\n\n<figure class=\"wp-block-embed is-type-wp-embed is-provider-ace-football-danmark wp-block-embed-ace-football-danmark\"><div class=\"wp-block-embed__wrapper\">\n<blockquote class=\"wp-embedded-content\" data-secret=\"aIOV3gbItx\"><a href=\"https:\/\/acefootball.com\/da\/fodboldnyheder\/fans-i-chok-over-viktor-fischer-er-han-virkeligt-saa-snot-dum\/\">Fans i chok over Viktor Fischer: &#8216;Er han virkeligt s\u00e5 snot dum?&#8217;<\/a><\/blockquote><iframe class=\"wp-embedded-content\" sandbox=\"allow-scripts\" security=\"restricted\" style=\"position: absolute; clip: rect(1px, 1px, 1px, 1px);\" title=\"&#8220;Fans i chok over Viktor Fischer: &#8216;Er han virkeligt s\u00e5 snot dum?&#8217;&#8221; &#8212; Ace Football Danmark\" src=\"https:\/\/acefootball.com\/da\/fodboldnyheder\/fans-i-chok-over-viktor-fischer-er-han-virkeligt-saa-snot-dum\/embed\/#?secret=aIOV3gbItx\" data-secret=\"aIOV3gbItx\" width=\"600\" height=\"338\" frameborder=\"0\" marginwidth=\"0\" marginheight=\"0\" scrolling=\"no\"><\/iframe>\n<\/div><\/figure>\n","protected":false},"excerpt":{"rendered":"<p>P\u00e5 trods af at have givet sin tidligere klub d\u00f8dst\u00f8det s\u00f8ndag aften, har flere AGF-fans respekt for Jens Stages efterf\u00f8lgende udtalelser<\/p>\n","protected":false},"author":705,"featured_media":257372,"comment_status":"open","ping_status":"closed","sticky":false,"template":"","format":"standard","meta":{"om_disable_all_campaigns":false,"push_articles_ronaldo":{"active":false,"canonical":0,"publish":false},"force_updates":null},"categories":[8060],"tags":[18,16,493,588],"enet_tags":{"team":["8071","8391"],"player":["528811"],"league":["46"],"sport_events":[]},"yoast_head":"<!-- This site is optimized with the Yoast SEO plugin v18.3 - https:\/\/yoast.com\/wordpress\/plugins\/seo\/ -->\n<title>FCK-helt indgyder respekt i Aarhus: Et f\u00f8rsteklasses mandfolk<\/title>\n<meta name=\"description\" content=\"P\u00e5 trods af at have givet sin tidligere klub d\u00f8dst\u00f8det s\u00f8ndag aften, har flere AGF-fans respekt for Jens Stages efterf\u00f8lgende udtalelser\" \/>\n<meta name=\"robots\" content=\"index, follow, max-snippet:-1, max-image-preview:large, max-video-preview:-1\" \/>\n<link rel=\"canonical\" href=\"https:\/\/acefootball.com\/da\/fodboldnyheder\/fck-helt-indgyder-respekt-i-aarhus-et-foersteklasses-mandfolk\/\" \/>\n<meta property=\"og:locale\" content=\"en_US\" \/>\n<meta property=\"og:type\" content=\"article\" \/>\n<meta property=\"og:title\" content=\"FCK-helt indgyder respekt i Aarhus: Et f\u00f8rsteklasses mandfolk\" \/>\n<meta property=\"og:description\" content=\"P\u00e5 trods af at have givet sin tidligere klub d\u00f8dst\u00f8det s\u00f8ndag aften, har flere AGF-fans respekt for Jens Stages efterf\u00f8lgende udtalelser\" \/>\n<meta property=\"og:url\" content=\"https:\/\/acefootball.com\/da\/fodboldnyheder\/fck-helt-indgyder-respekt-i-aarhus-et-foersteklasses-mandfolk\/\" \/>\n<meta property=\"og:site_name\" content=\"Ace Football Danmark\" \/>\n<meta property=\"article:publisher\" content=\"https:\/\/www.facebook.com\/acefootballdk\" \/>\n<meta property=\"article:published_time\" content=\"2021-04-26T09:44:55+00:00\" \/>\n<meta property=\"article:modified_time\" content=\"2021-04-26T09:44:56+00:00\" \/>\n<meta property=\"og:image\" content=\"https:\/\/acefootball.com\/da\/wp-content\/uploads\/sites\/2\/2021\/04\/Laes-mere-generel-2021-04-26T114256.152.jpg\" \/>\n\t<meta property=\"og:image:width\" content=\"1920\" \/>\n\t<meta property=\"og:image:height\" content=\"1008\" \/>\n\t<meta property=\"og:image:type\" content=\"image\/jpeg\" \/>\n<meta name=\"twitter:card\" content=\"summary_large_image\" \/>\n<meta name=\"twitter:label1\" content=\"Written by\" \/>\n\t<meta name=\"twitter:data1\" content=\"Mads Dreyer\" \/>\n\t<meta name=\"twitter:label2\" content=\"Est. reading time\" \/>\n\t<meta name=\"twitter:data2\" content=\"1 minute\" \/>\n<script type=\"application\/ld+json\" class=\"yoast-schema-graph\">{\"@context\":\"https:\/\/schema.org\",\"@graph\":[{\"@type\":\"Organization\",\"@id\":\"https:\/\/acefootball.com\/da\/#organization\",\"name\":\"Ace Football\",\"url\":\"https:\/\/acefootball.com\/da\/\",\"sameAs\":[\"https:\/\/www.facebook.com\/acefootballdk\"],\"logo\":{\"@type\":\"ImageObject\",\"@id\":\"https:\/\/acefootball.com\/da\/#logo\",\"inLanguage\":\"en-US\",\"url\":\"https:\/\/acefootball.com\/da\/wp-content\/uploads\/sites\/2\/2020\/07\/Ace-Football-30-07-2020-2.png\",\"contentUrl\":\"https:\/\/acefootball.com\/da\/wp-content\/uploads\/sites\/2\/2020\/07\/Ace-Football-30-07-2020-2.png\",\"width\":1200,\"height\":600,\"caption\":\"Ace Football\"},\"image\":{\"@id\":\"https:\/\/acefootball.com\/da\/#logo\"}},{\"@type\":\"WebSite\",\"@id\":\"https:\/\/acefootball.com\/da\/#website\",\"url\":\"https:\/\/acefootball.com\/da\/\",\"name\":\"Ace Football Danmark\",\"description\":\"Nyheder, Spiltips &amp; Livescore\",\"publisher\":{\"@id\":\"https:\/\/acefootball.com\/da\/#organization\"},\"potentialAction\":[{\"@type\":\"SearchAction\",\"target\":{\"@type\":\"EntryPoint\",\"urlTemplate\":\"https:\/\/acefootball.com\/da\/?s={search_term_string}\"},\"query-input\":\"required name=search_term_string\"}],\"inLanguage\":\"en-US\"},{\"@type\":\"ImageObject\",\"@id\":\"https:\/\/acefootball.com\/da\/fodboldnyheder\/fck-helt-indgyder-respekt-i-aarhus-et-foersteklasses-mandfolk\/#primaryimage\",\"inLanguage\":\"en-US\",\"url\":\"https:\/\/acefootball.com\/da\/wp-content\/uploads\/sites\/2\/2021\/04\/Laes-mere-generel-2021-04-26T114256.152.jpg\",\"contentUrl\":\"https:\/\/acefootball.com\/da\/wp-content\/uploads\/sites\/2\/2021\/04\/Laes-mere-generel-2021-04-26T114256.152.jpg\",\"width\":1920,\"height\":1008,\"caption\":\"jens stage\"},{\"@type\":\"WebPage\",\"@id\":\"https:\/\/acefootball.com\/da\/fodboldnyheder\/fck-helt-indgyder-respekt-i-aarhus-et-foersteklasses-mandfolk\/#webpage\",\"url\":\"https:\/\/acefootball.com\/da\/fodboldnyheder\/fck-helt-indgyder-respekt-i-aarhus-et-foersteklasses-mandfolk\/\",\"name\":\"FCK-helt indgyder respekt i Aarhus: Et f\u00f8rsteklasses mandfolk\",\"isPartOf\":{\"@id\":\"https:\/\/acefootball.com\/da\/#website\"},\"primaryImageOfPage\":{\"@id\":\"https:\/\/acefootball.com\/da\/fodboldnyheder\/fck-helt-indgyder-respekt-i-aarhus-et-foersteklasses-mandfolk\/#primaryimage\"},\"datePublished\":\"2021-04-26T09:44:55+00:00\",\"dateModified\":\"2021-04-26T09:44:56+00:00\",\"description\":\"P\u00e5 trods af at have givet sin tidligere klub d\u00f8dst\u00f8det s\u00f8ndag aften, har flere AGF-fans respekt for Jens Stages efterf\u00f8lgende udtalelser\",\"breadcrumb\":{\"@id\":\"https:\/\/acefootball.com\/da\/fodboldnyheder\/fck-helt-indgyder-respekt-i-aarhus-et-foersteklasses-mandfolk\/#breadcrumb\"},\"inLanguage\":\"en-US\",\"potentialAction\":[{\"@type\":\"ReadAction\",\"target\":[\"https:\/\/acefootball.com\/da\/fodboldnyheder\/fck-helt-indgyder-respekt-i-aarhus-et-foersteklasses-mandfolk\/\"]}]},{\"@type\":\"BreadcrumbList\",\"@id\":\"https:\/\/acefootball.com\/da\/fodboldnyheder\/fck-helt-indgyder-respekt-i-aarhus-et-foersteklasses-mandfolk\/#breadcrumb\",\"itemListElement\":[{\"@type\":\"ListItem\",\"position\":1,\"name\":\"Home\",\"item\":\"https:\/\/acefootball.com\/da\/\"},{\"@type\":\"ListItem\",\"position\":2,\"name\":\"FCK-helt indgyder respekt i Aarhus: Et f\u00f8rsteklasses mandfolk\"}]},{\"@type\":\"Article\",\"@id\":\"https:\/\/acefootball.com\/da\/fodboldnyheder\/fck-helt-indgyder-respekt-i-aarhus-et-foersteklasses-mandfolk\/#article\",\"isPartOf\":{\"@id\":\"https:\/\/acefootball.com\/da\/fodboldnyheder\/fck-helt-indgyder-respekt-i-aarhus-et-foersteklasses-mandfolk\/#webpage\"},\"author\":{\"@id\":\"https:\/\/acefootball.com\/da\/#\/schema\/person\/ee67e9cf04a276f144100ffa722f10cd\"},\"headline\":\"FCK-helt indgyder respekt i Aarhus: Et f\u00f8rsteklasses mandfolk\",\"datePublished\":\"2021-04-26T09:44:55+00:00\",\"dateModified\":\"2021-04-26T09:44:56+00:00\",\"mainEntityOfPage\":{\"@id\":\"https:\/\/acefootball.com\/da\/fodboldnyheder\/fck-helt-indgyder-respekt-i-aarhus-et-foersteklasses-mandfolk\/#webpage\"},\"wordCount\":208,\"commentCount\":0,\"publisher\":{\"@id\":\"https:\/\/acefootball.com\/da\/#organization\"},\"image\":{\"@id\":\"https:\/\/acefootball.com\/da\/fodboldnyheder\/fck-helt-indgyder-respekt-i-aarhus-et-foersteklasses-mandfolk\/#primaryimage\"},\"thumbnailUrl\":\"https:\/\/acefootball.com\/da\/wp-content\/uploads\/sites\/2\/2021\/04\/GettyImages-1232530858.jpg\",\"keywords\":[\"AGF\",\"FC K\u00f8benhavn\",\"Jens Stage\",\"Superligaen\"],\"articleSection\":[\"Reaktion\"],\"inLanguage\":\"en-US\",\"potentialAction\":[{\"@type\":\"CommentAction\",\"name\":\"Comment\",\"target\":[\"https:\/\/acefootball.com\/da\/fodboldnyheder\/fck-helt-indgyder-respekt-i-aarhus-et-foersteklasses-mandfolk\/#respond\"]}]},{\"@type\":\"Person\",\"@id\":\"https:\/\/acefootball.com\/da\/#\/schema\/person\/ee67e9cf04a276f144100ffa722f10cd\",\"name\":\"Mads Dreyer\",\"image\":{\"@type\":\"ImageObject\",\"@id\":\"https:\/\/acefootball.com\/da\/#personlogo\",\"inLanguage\":\"en-US\",\"url\":\"https:\/\/secure.gravatar.com\/avatar\/7c7abf72cfde9902b6a60efe60c88d4c?s=96&d=mm&r=g\",\"contentUrl\":\"https:\/\/secure.gravatar.com\/avatar\/7c7abf72cfde9902b6a60efe60c88d4c?s=96&d=mm&r=g\",\"caption\":\"Mads Dreyer\"},\"description\":\"Skribent og fodboldn\u00f8rd, der lige nu fort\u00e6ller om alt og intet i fodboldverdenen p\u00e5 acefootball.com. Uddannet i kommunikation fra Aalborg Universitet.\",\"sameAs\":[\"https:\/\/www.linkedin.com\/in\/mads-dreyer-b9b08266\/\"],\"url\":\"https:\/\/acefootball.com\/da\/fodboldnyheder\/author\/mdnronaldo\/\"}]}<\/script>\n<!-- \/ Yoast SEO plugin. -->","yoast_head_json":{"title":"FCK-helt indgyder respekt i Aarhus: Et f\u00f8rsteklasses mandfolk","description":"P\u00e5 trods af at have givet sin tidligere klub d\u00f8dst\u00f8det s\u00f8ndag aften, har flere AGF-fans respekt for Jens Stages efterf\u00f8lgende udtalelser","robots":{"index":"index","follow":"follow","max-snippet":"max-snippet:-1","max-image-preview":"max-image-preview:large","max-video-preview":"max-video-preview:-1"},"canonical":"https:\/\/acefootball.com\/da\/fodboldnyheder\/fck-helt-indgyder-respekt-i-aarhus-et-foersteklasses-mandfolk\/","og_locale":"en_US","og_type":"article","og_title":"FCK-helt indgyder respekt i Aarhus: Et f\u00f8rsteklasses mandfolk","og_description":"P\u00e5 trods af at have givet sin tidligere klub d\u00f8dst\u00f8det s\u00f8ndag aften, har flere AGF-fans respekt for Jens Stages efterf\u00f8lgende udtalelser","og_url":"https:\/\/acefootball.com\/da\/fodboldnyheder\/fck-helt-indgyder-respekt-i-aarhus-et-foersteklasses-mandfolk\/","og_site_name":"Ace Football Danmark","article_publisher":"https:\/\/www.facebook.com\/acefootballdk","article_published_time":"2021-04-26T09:44:55+00:00","article_modified_time":"2021-04-26T09:44:56+00:00","og_image":[{"width":1920,"height":1008,"url":"https:\/\/acefootball.com\/da\/wp-content\/uploads\/sites\/2\/2021\/04\/Laes-mere-generel-2021-04-26T114256.152.jpg","type":"image\/jpeg"}],"twitter_card":"summary_large_image","twitter_misc":{"Written by":"Mads Dreyer","Est. reading time":"1 minute"},"schema":{"@context":"https:\/\/schema.org","@graph":[{"@type":"Organization","@id":"https:\/\/acefootball.com\/da\/#organization","name":"Ace Football","url":"https:\/\/acefootball.com\/da\/","sameAs":["https:\/\/www.facebook.com\/acefootballdk"],"logo":{"@type":"ImageObject","@id":"https:\/\/acefootball.com\/da\/#logo","inLanguage":"en-US","url":"https:\/\/acefootball.com\/da\/wp-content\/uploads\/sites\/2\/2020\/07\/Ace-Football-30-07-2020-2.png","contentUrl":"https:\/\/acefootball.com\/da\/wp-content\/uploads\/sites\/2\/2020\/07\/Ace-Football-30-07-2020-2.png","width":1200,"height":600,"caption":"Ace Football"},"image":{"@id":"https:\/\/acefootball.com\/da\/#logo"}},{"@type":"WebSite","@id":"https:\/\/acefootball.com\/da\/#website","url":"https:\/\/acefootball.com\/da\/","name":"Ace Football Danmark","description":"Nyheder, Spiltips &amp; Livescore","publisher":{"@id":"https:\/\/acefootball.com\/da\/#organization"},"potentialAction":[{"@type":"SearchAction","target":{"@type":"EntryPoint","urlTemplate":"https:\/\/acefootball.com\/da\/?s={search_term_string}"},"query-input":"required name=search_term_string"}],"inLanguage":"en-US"},{"@type":"ImageObject","@id":"https:\/\/acefootball.com\/da\/fodboldnyheder\/fck-helt-indgyder-respekt-i-aarhus-et-foersteklasses-mandfolk\/#primaryimage","inLanguage":"en-US","url":"https:\/\/acefootball.com\/da\/wp-content\/uploads\/sites\/2\/2021\/04\/Laes-mere-generel-2021-04-26T114256.152.jpg","contentUrl":"https:\/\/acefootball.com\/da\/wp-content\/uploads\/sites\/2\/2021\/04\/Laes-mere-generel-2021-04-26T114256.152.jpg","width":1920,"height":1008,"caption":"jens stage"},{"@type":"WebPage","@id":"https:\/\/acefootball.com\/da\/fodboldnyheder\/fck-helt-indgyder-respekt-i-aarhus-et-foersteklasses-mandfolk\/#webpage","url":"https:\/\/acefootball.com\/da\/fodboldnyheder\/fck-helt-indgyder-respekt-i-aarhus-et-foersteklasses-mandfolk\/","name":"FCK-helt indgyder respekt i Aarhus: Et f\u00f8rsteklasses mandfolk","isPartOf":{"@id":"https:\/\/acefootball.com\/da\/#website"},"primaryImageOfPage":{"@id":"https:\/\/acefootball.com\/da\/fodboldnyheder\/fck-helt-indgyder-respekt-i-aarhus-et-foersteklasses-mandfolk\/#primaryimage"},"datePublished":"2021-04-26T09:44:55+00:00","dateModified":"2021-04-26T09:44:56+00:00","description":"P\u00e5 trods af at have givet sin tidligere klub d\u00f8dst\u00f8det s\u00f8ndag aften, har flere AGF-fans respekt for Jens Stages efterf\u00f8lgende udtalelser","breadcrumb":{"@id":"https:\/\/acefootball.com\/da\/fodboldnyheder\/fck-helt-indgyder-respekt-i-aarhus-et-foersteklasses-mandfolk\/#breadcrumb"},"inLanguage":"en-US","potentialAction":[{"@type":"ReadAction","target":["https:\/\/acefootball.com\/da\/fodboldnyheder\/fck-helt-indgyder-respekt-i-aarhus-et-foersteklasses-mandfolk\/"]}]},{"@type":"BreadcrumbList","@id":"https:\/\/acefootball.com\/da\/fodboldnyheder\/fck-helt-indgyder-respekt-i-aarhus-et-foersteklasses-mandfolk\/#breadcrumb","itemListElement":[{"@type":"ListItem","position":1,"name":"Home","item":"https:\/\/acefootball.com\/da\/"},{"@type":"ListItem","position":2,"name":"FCK-helt indgyder respekt i Aarhus: Et f\u00f8rsteklasses mandfolk"}]},{"@type":"Article","@id":"https:\/\/acefootball.com\/da\/fodboldnyheder\/fck-helt-indgyder-respekt-i-aarhus-et-foersteklasses-mandfolk\/#article","isPartOf":{"@id":"https:\/\/acefootball.com\/da\/fodboldnyheder\/fck-helt-indgyder-respekt-i-aarhus-et-foersteklasses-mandfolk\/#webpage"},"author":{"@id":"https:\/\/acefootball.com\/da\/#\/schema\/person\/ee67e9cf04a276f144100ffa722f10cd"},"headline":"FCK-helt indgyder respekt i Aarhus: Et f\u00f8rsteklasses mandfolk","datePublished":"2021-04-26T09:44:55+00:00","dateModified":"2021-04-26T09:44:56+00:00","mainEntityOfPage":{"@id":"https:\/\/acefootball.com\/da\/fodboldnyheder\/fck-helt-indgyder-respekt-i-aarhus-et-foersteklasses-mandfolk\/#webpage"},"wordCount":208,"commentCount":0,"publisher":{"@id":"https:\/\/acefootball.com\/da\/#organization"},"image":{"@id":"https:\/\/acefootball.com\/da\/fodboldnyheder\/fck-helt-indgyder-respekt-i-aarhus-et-foersteklasses-mandfolk\/#primaryimage"},"thumbnailUrl":"https:\/\/acefootball.com\/da\/wp-content\/uploads\/sites\/2\/2021\/04\/GettyImages-1232530858.jpg","keywords":["AGF","FC K\u00f8benhavn","Jens Stage","Superligaen"],"articleSection":["Reaktion"],"inLanguage":"en-US","potentialAction":[{"@type":"CommentAction","name":"Comment","target":["https:\/\/acefootball.com\/da\/fodboldnyheder\/fck-helt-indgyder-respekt-i-aarhus-et-foersteklasses-mandfolk\/#respond"]}]},{"@type":"Person","@id":"https:\/\/acefootball.com\/da\/#\/schema\/person\/ee67e9cf04a276f144100ffa722f10cd","name":"Mads Dreyer","image":{"@type":"ImageObject","@id":"https:\/\/acefootball.com\/da\/#personlogo","inLanguage":"en-US","url":"https:\/\/secure.gravatar.com\/avatar\/7c7abf72cfde9902b6a60efe60c88d4c?s=96&d=mm&r=g","contentUrl":"https:\/\/secure.gravatar.com\/avatar\/7c7abf72cfde9902b6a60efe60c88d4c?s=96&d=mm&r=g","caption":"Mads Dreyer"},"description":"Skribent og fodboldn\u00f8rd, der lige nu fort\u00e6ller om alt og intet i fodboldverdenen p\u00e5 acefootball.com. Uddannet i kommunikation fra Aalborg Universitet.","sameAs":["https:\/\/www.linkedin.com\/in\/mads-dreyer-b9b08266\/"],"url":"https:\/\/acefootball.com\/da\/fodboldnyheder\/author\/mdnronaldo\/"}]}},"fimg_url":"https:\/\/acefootball.com\/da\/wp-content\/uploads\/sites\/2\/2021\/04\/GettyImages-1232530858.jpg","_links":{"self":[{"href":"https:\/\/acefootball.com\/da\/wp-json\/wp\/v2\/posts\/257367"}],"collection":[{"href":"https:\/\/acefootball.com\/da\/wp-json\/wp\/v2\/posts"}],"about":[{"href":"https:\/\/acefootball.com\/da\/wp-json\/wp\/v2\/types\/post"}],"author":[{"embeddable":true,"href":"https:\/\/acefootball.com\/da\/wp-json\/wp\/v2\/users\/705"}],"replies":[{"embeddable":true,"href":"https:\/\/acefootball.com\/da\/wp-json\/wp\/v2\/comments?post=257367"}],"version-history":[{"count":0,"href":"https:\/\/acefootball.com\/da\/wp-json\/wp\/v2\/posts\/257367\/revisions"}],"wp:featuredmedia":[{"embeddable":true,"href":"https:\/\/acefootball.com\/da\/wp-json\/wp\/v2\/media\/257372"}],"wp:attachment":[{"href":"https:\/\/acefootball.com\/da\/wp-json\/wp\/v2\/media?parent=257367"}],"wp:term":[{"taxonomy":"category","embeddable":true,"href":"https:\/\/acefootball.com\/da\/wp-json\/wp\/v2\/categories?post=257367"},{"taxonomy":"post_tag","embeddable":true,"href":"https:\/\/acefootball.com\/da\/wp-json\/wp\/v2\/tags?post=257367"}],"curies":[{"name":"wp","href":"https:\/\/api.w.org\/{rel}","templated":true}]}}