{"id":257363,"date":"2021-04-26T11:03:05","date_gmt":"2021-04-26T09:03:05","guid":{"rendered":"https:\/\/acefootball.com\/da\/?p=257363"},"modified":"2021-04-26T11:03:06","modified_gmt":"2021-04-26T09:03:06","slug":"efter-ophedet-afslutning-fck-traener-maa-to-dage-i-skammekrogen","status":"publish","type":"post","link":"https:\/\/acefootball.com\/da\/fodboldnyheder\/efter-ophedet-afslutning-fck-traener-maa-to-dage-i-skammekrogen\/","title":{"rendered":"Efter ophedet afslutning: FCK-tr\u00e6ner m\u00e5 to dage i skammekrogen"},"content":{"rendered":"\n<h2 id=\"h-fc-k-benhavns-fysiske-tr-ner-ben-rosen-har-f-et-tildelt-to-dages-karant-ne-efter-tumulten-i-slutningen-af-kampen-mod-agf\">FC K\u00f8benhavns fysiske tr\u00e6ner, Ben Rosen, har f\u00e5et tildelt to dages karant\u00e6ne efter tumulten i slutningen af kampen mod AGF<\/h2>\n\n\n\n<p>Det blev yderst dramatisk i slutminutterne af s\u00f8ndagens kamp mellem AGF og FC K\u00f8benhavn, da Kamil Grabara tog fat i en liggende Viktor Fischer.<\/p>\n\n\n\n<p>Det fik spillere fra begge hold til at flyve i totterne p\u00e5 hinanden, men det var ikke kun inde p\u00e5 banen, temperamenterne r\u00f8g i vejret.<\/p>\n\n\n\n<p>Ogs\u00e5 de to klubbers tr\u00e6nerb\u00e6nke fl\u00f8j op af stolene, hvilket blandt andet medf\u00f8rte, at FC K\u00f8benhavns fysiske tr\u00e6ner, Ben Rosen, blev bortvist.<\/p>\n\n\n\n<p>Og Rosen m\u00e5 ogs\u00e5 tage plads p\u00e5 tribunerne til de to kommende kampe, da udvisningen er blevet takseret til 40 strafpoint. Det oplyser DBU uden at specificere forseelsens karakter.<\/p>\n\n\n\n<p>Advarsler til Zeca, Lukas Lerager og Nicolai Boilesen betyder ogs\u00e5, at de alle sidder ude med karant\u00e6ne til n\u00e6ste uges opg\u00f8r mod AGF.<\/p>\n\n\n\n<p>Viktor Fischer er blevet kritiseret voldsomt for sin optr\u00e6den i g\u00e5rsdagens kamp. L\u00e6s mere her:<\/p>\n\n\n\n<figure class=\"wp-block-embed is-type-wp-embed is-provider-ace-football-danmark wp-block-embed-ace-football-danmark\"><div class=\"wp-block-embed__wrapper\">\n<blockquote class=\"wp-embedded-content\" data-secret=\"axuhknV3pp\"><a href=\"https:\/\/acefootball.com\/da\/fodboldnyheder\/fans-i-chok-over-viktor-fischer-er-han-virkeligt-saa-snot-dum\/\">Fans i chok over Viktor Fischer: &#8216;Er han virkeligt s\u00e5 snot dum?&#8217;<\/a><\/blockquote><iframe class=\"wp-embedded-content\" sandbox=\"allow-scripts\" security=\"restricted\" style=\"position: absolute; clip: rect(1px, 1px, 1px, 1px);\" title=\"&#8220;Fans i chok over Viktor Fischer: &#8216;Er han virkeligt s\u00e5 snot dum?&#8217;&#8221; &#8212; Ace Football Danmark\" src=\"https:\/\/acefootball.com\/da\/fodboldnyheder\/fans-i-chok-over-viktor-fischer-er-han-virkeligt-saa-snot-dum\/embed\/#?secret=axuhknV3pp\" data-secret=\"axuhknV3pp\" width=\"600\" height=\"338\" frameborder=\"0\" marginwidth=\"0\" marginheight=\"0\" scrolling=\"no\"><\/iframe>\n<\/div><\/figure>\n","protected":false},"excerpt":{"rendered":"<p>FC K\u00f8benhavns fysiske tr\u00e6ner, Ben Rosen, har f\u00e5et tildelt to dages karant\u00e6ne efter tumulten i slutningen af kampen mod AGF<\/p>\n","protected":false},"author":705,"featured_media":257364,"comment_status":"open","ping_status":"closed","sticky":false,"template":"","format":"standard","meta":{"om_disable_all_campaigns":false,"push_articles_ronaldo":{"active":false,"canonical":0,"publish":false},"force_updates":null},"categories":[1],"tags":[16,588],"enet_tags":{"team":["8391"],"league":["46"],"sport_events":[]},"yoast_head":"<!-- This site is optimized with the Yoast SEO plugin v18.3 - https:\/\/yoast.com\/wordpress\/plugins\/seo\/ -->\n<title>Efter ophedet afslutning: FCK-tr\u00e6ner m\u00e5 to dage i skammekrogen<\/title>\n<meta name=\"description\" content=\"FC K\u00f8benhavns fysiske tr\u00e6ner, Ben Rosen, har f\u00e5et tildelt to dages karant\u00e6ne efter tumulten i slutningen af kampen mod AGF\" \/>\n<meta name=\"robots\" content=\"index, follow, max-snippet:-1, max-image-preview:large, max-video-preview:-1\" \/>\n<link rel=\"canonical\" href=\"https:\/\/acefootball.com\/da\/fodboldnyheder\/efter-ophedet-afslutning-fck-traener-maa-to-dage-i-skammekrogen\/\" \/>\n<meta property=\"og:locale\" content=\"en_US\" \/>\n<meta property=\"og:type\" content=\"article\" \/>\n<meta property=\"og:title\" content=\"Efter ophedet afslutning: FCK-tr\u00e6ner m\u00e5 to dage i skammekrogen\" \/>\n<meta property=\"og:description\" content=\"FC K\u00f8benhavns fysiske tr\u00e6ner, Ben Rosen, har f\u00e5et tildelt to dages karant\u00e6ne efter tumulten i slutningen af kampen mod AGF\" \/>\n<meta property=\"og:url\" content=\"https:\/\/acefootball.com\/da\/fodboldnyheder\/efter-ophedet-afslutning-fck-traener-maa-to-dage-i-skammekrogen\/\" \/>\n<meta property=\"og:site_name\" content=\"Ace Football Danmark\" \/>\n<meta property=\"article:publisher\" content=\"https:\/\/www.facebook.com\/acefootballdk\" \/>\n<meta property=\"article:published_time\" content=\"2021-04-26T09:03:05+00:00\" \/>\n<meta property=\"article:modified_time\" content=\"2021-04-26T09:03:06+00:00\" \/>\n<meta property=\"og:image\" content=\"https:\/\/acefootball.com\/da\/wp-content\/uploads\/sites\/2\/2021\/04\/FCK-36.jpg\" \/>\n\t<meta property=\"og:image:width\" content=\"1920\" \/>\n\t<meta property=\"og:image:height\" content=\"1008\" \/>\n\t<meta property=\"og:image:type\" content=\"image\/jpeg\" \/>\n<meta name=\"twitter:card\" content=\"summary_large_image\" \/>\n<meta name=\"twitter:label1\" content=\"Written by\" \/>\n\t<meta name=\"twitter:data1\" content=\"Mads Dreyer\" \/>\n\t<meta name=\"twitter:label2\" content=\"Est. reading time\" \/>\n\t<meta name=\"twitter:data2\" content=\"1 minute\" \/>\n<script type=\"application\/ld+json\" class=\"yoast-schema-graph\">{\"@context\":\"https:\/\/schema.org\",\"@graph\":[{\"@type\":\"Organization\",\"@id\":\"https:\/\/acefootball.com\/da\/#organization\",\"name\":\"Ace Football\",\"url\":\"https:\/\/acefootball.com\/da\/\",\"sameAs\":[\"https:\/\/www.facebook.com\/acefootballdk\"],\"logo\":{\"@type\":\"ImageObject\",\"@id\":\"https:\/\/acefootball.com\/da\/#logo\",\"inLanguage\":\"en-US\",\"url\":\"https:\/\/acefootball.com\/da\/wp-content\/uploads\/sites\/2\/2020\/07\/Ace-Football-30-07-2020-2.png\",\"contentUrl\":\"https:\/\/acefootball.com\/da\/wp-content\/uploads\/sites\/2\/2020\/07\/Ace-Football-30-07-2020-2.png\",\"width\":1200,\"height\":600,\"caption\":\"Ace Football\"},\"image\":{\"@id\":\"https:\/\/acefootball.com\/da\/#logo\"}},{\"@type\":\"WebSite\",\"@id\":\"https:\/\/acefootball.com\/da\/#website\",\"url\":\"https:\/\/acefootball.com\/da\/\",\"name\":\"Ace Football Danmark\",\"description\":\"Nyheder, Spiltips &amp; Livescore\",\"publisher\":{\"@id\":\"https:\/\/acefootball.com\/da\/#organization\"},\"potentialAction\":[{\"@type\":\"SearchAction\",\"target\":{\"@type\":\"EntryPoint\",\"urlTemplate\":\"https:\/\/acefootball.com\/da\/?s={search_term_string}\"},\"query-input\":\"required name=search_term_string\"}],\"inLanguage\":\"en-US\"},{\"@type\":\"ImageObject\",\"@id\":\"https:\/\/acefootball.com\/da\/fodboldnyheder\/efter-ophedet-afslutning-fck-traener-maa-to-dage-i-skammekrogen\/#primaryimage\",\"inLanguage\":\"en-US\",\"url\":\"https:\/\/acefootball.com\/da\/wp-content\/uploads\/sites\/2\/2021\/04\/FCK-36.jpg\",\"contentUrl\":\"https:\/\/acefootball.com\/da\/wp-content\/uploads\/sites\/2\/2021\/04\/FCK-36.jpg\",\"width\":1920,\"height\":1008,\"caption\":\"AGF-FCK\"},{\"@type\":\"WebPage\",\"@id\":\"https:\/\/acefootball.com\/da\/fodboldnyheder\/efter-ophedet-afslutning-fck-traener-maa-to-dage-i-skammekrogen\/#webpage\",\"url\":\"https:\/\/acefootball.com\/da\/fodboldnyheder\/efter-ophedet-afslutning-fck-traener-maa-to-dage-i-skammekrogen\/\",\"name\":\"Efter ophedet afslutning: FCK-tr\u00e6ner m\u00e5 to dage i skammekrogen\",\"isPartOf\":{\"@id\":\"https:\/\/acefootball.com\/da\/#website\"},\"primaryImageOfPage\":{\"@id\":\"https:\/\/acefootball.com\/da\/fodboldnyheder\/efter-ophedet-afslutning-fck-traener-maa-to-dage-i-skammekrogen\/#primaryimage\"},\"datePublished\":\"2021-04-26T09:03:05+00:00\",\"dateModified\":\"2021-04-26T09:03:06+00:00\",\"description\":\"FC K\u00f8benhavns fysiske tr\u00e6ner, Ben Rosen, har f\u00e5et tildelt to dages karant\u00e6ne efter tumulten i slutningen af kampen mod AGF\",\"breadcrumb\":{\"@id\":\"https:\/\/acefootball.com\/da\/fodboldnyheder\/efter-ophedet-afslutning-fck-traener-maa-to-dage-i-skammekrogen\/#breadcrumb\"},\"inLanguage\":\"en-US\",\"potentialAction\":[{\"@type\":\"ReadAction\",\"target\":[\"https:\/\/acefootball.com\/da\/fodboldnyheder\/efter-ophedet-afslutning-fck-traener-maa-to-dage-i-skammekrogen\/\"]}]},{\"@type\":\"BreadcrumbList\",\"@id\":\"https:\/\/acefootball.com\/da\/fodboldnyheder\/efter-ophedet-afslutning-fck-traener-maa-to-dage-i-skammekrogen\/#breadcrumb\",\"itemListElement\":[{\"@type\":\"ListItem\",\"position\":1,\"name\":\"Home\",\"item\":\"https:\/\/acefootball.com\/da\/\"},{\"@type\":\"ListItem\",\"position\":2,\"name\":\"Efter ophedet afslutning: FCK-tr\u00e6ner m\u00e5 to dage i skammekrogen\"}]},{\"@type\":\"Article\",\"@id\":\"https:\/\/acefootball.com\/da\/fodboldnyheder\/efter-ophedet-afslutning-fck-traener-maa-to-dage-i-skammekrogen\/#article\",\"isPartOf\":{\"@id\":\"https:\/\/acefootball.com\/da\/fodboldnyheder\/efter-ophedet-afslutning-fck-traener-maa-to-dage-i-skammekrogen\/#webpage\"},\"author\":{\"@id\":\"https:\/\/acefootball.com\/da\/#\/schema\/person\/ee67e9cf04a276f144100ffa722f10cd\"},\"headline\":\"Efter ophedet afslutning: FCK-tr\u00e6ner m\u00e5 to dage i skammekrogen\",\"datePublished\":\"2021-04-26T09:03:05+00:00\",\"dateModified\":\"2021-04-26T09:03:06+00:00\",\"mainEntityOfPage\":{\"@id\":\"https:\/\/acefootball.com\/da\/fodboldnyheder\/efter-ophedet-afslutning-fck-traener-maa-to-dage-i-skammekrogen\/#webpage\"},\"wordCount\":192,\"commentCount\":0,\"publisher\":{\"@id\":\"https:\/\/acefootball.com\/da\/#organization\"},\"image\":{\"@id\":\"https:\/\/acefootball.com\/da\/fodboldnyheder\/efter-ophedet-afslutning-fck-traener-maa-to-dage-i-skammekrogen\/#primaryimage\"},\"thumbnailUrl\":\"https:\/\/acefootball.com\/da\/wp-content\/uploads\/sites\/2\/2021\/04\/GettyImages-1228272947.jpg\",\"keywords\":[\"FC K\u00f8benhavn\",\"Superligaen\"],\"articleSection\":[\"Nyhed\"],\"inLanguage\":\"en-US\",\"potentialAction\":[{\"@type\":\"CommentAction\",\"name\":\"Comment\",\"target\":[\"https:\/\/acefootball.com\/da\/fodboldnyheder\/efter-ophedet-afslutning-fck-traener-maa-to-dage-i-skammekrogen\/#respond\"]}]},{\"@type\":\"Person\",\"@id\":\"https:\/\/acefootball.com\/da\/#\/schema\/person\/ee67e9cf04a276f144100ffa722f10cd\",\"name\":\"Mads Dreyer\",\"image\":{\"@type\":\"ImageObject\",\"@id\":\"https:\/\/acefootball.com\/da\/#personlogo\",\"inLanguage\":\"en-US\",\"url\":\"https:\/\/secure.gravatar.com\/avatar\/7c7abf72cfde9902b6a60efe60c88d4c?s=96&d=mm&r=g\",\"contentUrl\":\"https:\/\/secure.gravatar.com\/avatar\/7c7abf72cfde9902b6a60efe60c88d4c?s=96&d=mm&r=g\",\"caption\":\"Mads Dreyer\"},\"description\":\"Skribent og fodboldn\u00f8rd, der lige nu fort\u00e6ller om alt og intet i fodboldverdenen p\u00e5 acefootball.com. Uddannet i kommunikation fra Aalborg Universitet.\",\"sameAs\":[\"https:\/\/www.linkedin.com\/in\/mads-dreyer-b9b08266\/\"],\"url\":\"https:\/\/acefootball.com\/da\/fodboldnyheder\/author\/mdnronaldo\/\"}]}<\/script>\n<!-- \/ Yoast SEO plugin. -->","yoast_head_json":{"title":"Efter ophedet afslutning: FCK-tr\u00e6ner m\u00e5 to dage i skammekrogen","description":"FC K\u00f8benhavns fysiske tr\u00e6ner, Ben Rosen, har f\u00e5et tildelt to dages karant\u00e6ne efter tumulten i slutningen af kampen mod AGF","robots":{"index":"index","follow":"follow","max-snippet":"max-snippet:-1","max-image-preview":"max-image-preview:large","max-video-preview":"max-video-preview:-1"},"canonical":"https:\/\/acefootball.com\/da\/fodboldnyheder\/efter-ophedet-afslutning-fck-traener-maa-to-dage-i-skammekrogen\/","og_locale":"en_US","og_type":"article","og_title":"Efter ophedet afslutning: FCK-tr\u00e6ner m\u00e5 to dage i skammekrogen","og_description":"FC K\u00f8benhavns fysiske tr\u00e6ner, Ben Rosen, har f\u00e5et tildelt to dages karant\u00e6ne efter tumulten i slutningen af kampen mod AGF","og_url":"https:\/\/acefootball.com\/da\/fodboldnyheder\/efter-ophedet-afslutning-fck-traener-maa-to-dage-i-skammekrogen\/","og_site_name":"Ace Football Danmark","article_publisher":"https:\/\/www.facebook.com\/acefootballdk","article_published_time":"2021-04-26T09:03:05+00:00","article_modified_time":"2021-04-26T09:03:06+00:00","og_image":[{"width":1920,"height":1008,"url":"https:\/\/acefootball.com\/da\/wp-content\/uploads\/sites\/2\/2021\/04\/FCK-36.jpg","type":"image\/jpeg"}],"twitter_card":"summary_large_image","twitter_misc":{"Written by":"Mads Dreyer","Est. reading time":"1 minute"},"schema":{"@context":"https:\/\/schema.org","@graph":[{"@type":"Organization","@id":"https:\/\/acefootball.com\/da\/#organization","name":"Ace Football","url":"https:\/\/acefootball.com\/da\/","sameAs":["https:\/\/www.facebook.com\/acefootballdk"],"logo":{"@type":"ImageObject","@id":"https:\/\/acefootball.com\/da\/#logo","inLanguage":"en-US","url":"https:\/\/acefootball.com\/da\/wp-content\/uploads\/sites\/2\/2020\/07\/Ace-Football-30-07-2020-2.png","contentUrl":"https:\/\/acefootball.com\/da\/wp-content\/uploads\/sites\/2\/2020\/07\/Ace-Football-30-07-2020-2.png","width":1200,"height":600,"caption":"Ace Football"},"image":{"@id":"https:\/\/acefootball.com\/da\/#logo"}},{"@type":"WebSite","@id":"https:\/\/acefootball.com\/da\/#website","url":"https:\/\/acefootball.com\/da\/","name":"Ace Football Danmark","description":"Nyheder, Spiltips &amp; Livescore","publisher":{"@id":"https:\/\/acefootball.com\/da\/#organization"},"potentialAction":[{"@type":"SearchAction","target":{"@type":"EntryPoint","urlTemplate":"https:\/\/acefootball.com\/da\/?s={search_term_string}"},"query-input":"required name=search_term_string"}],"inLanguage":"en-US"},{"@type":"ImageObject","@id":"https:\/\/acefootball.com\/da\/fodboldnyheder\/efter-ophedet-afslutning-fck-traener-maa-to-dage-i-skammekrogen\/#primaryimage","inLanguage":"en-US","url":"https:\/\/acefootball.com\/da\/wp-content\/uploads\/sites\/2\/2021\/04\/FCK-36.jpg","contentUrl":"https:\/\/acefootball.com\/da\/wp-content\/uploads\/sites\/2\/2021\/04\/FCK-36.jpg","width":1920,"height":1008,"caption":"AGF-FCK"},{"@type":"WebPage","@id":"https:\/\/acefootball.com\/da\/fodboldnyheder\/efter-ophedet-afslutning-fck-traener-maa-to-dage-i-skammekrogen\/#webpage","url":"https:\/\/acefootball.com\/da\/fodboldnyheder\/efter-ophedet-afslutning-fck-traener-maa-to-dage-i-skammekrogen\/","name":"Efter ophedet afslutning: FCK-tr\u00e6ner m\u00e5 to dage i skammekrogen","isPartOf":{"@id":"https:\/\/acefootball.com\/da\/#website"},"primaryImageOfPage":{"@id":"https:\/\/acefootball.com\/da\/fodboldnyheder\/efter-ophedet-afslutning-fck-traener-maa-to-dage-i-skammekrogen\/#primaryimage"},"datePublished":"2021-04-26T09:03:05+00:00","dateModified":"2021-04-26T09:03:06+00:00","description":"FC K\u00f8benhavns fysiske tr\u00e6ner, Ben Rosen, har f\u00e5et tildelt to dages karant\u00e6ne efter tumulten i slutningen af kampen mod AGF","breadcrumb":{"@id":"https:\/\/acefootball.com\/da\/fodboldnyheder\/efter-ophedet-afslutning-fck-traener-maa-to-dage-i-skammekrogen\/#breadcrumb"},"inLanguage":"en-US","potentialAction":[{"@type":"ReadAction","target":["https:\/\/acefootball.com\/da\/fodboldnyheder\/efter-ophedet-afslutning-fck-traener-maa-to-dage-i-skammekrogen\/"]}]},{"@type":"BreadcrumbList","@id":"https:\/\/acefootball.com\/da\/fodboldnyheder\/efter-ophedet-afslutning-fck-traener-maa-to-dage-i-skammekrogen\/#breadcrumb","itemListElement":[{"@type":"ListItem","position":1,"name":"Home","item":"https:\/\/acefootball.com\/da\/"},{"@type":"ListItem","position":2,"name":"Efter ophedet afslutning: FCK-tr\u00e6ner m\u00e5 to dage i skammekrogen"}]},{"@type":"Article","@id":"https:\/\/acefootball.com\/da\/fodboldnyheder\/efter-ophedet-afslutning-fck-traener-maa-to-dage-i-skammekrogen\/#article","isPartOf":{"@id":"https:\/\/acefootball.com\/da\/fodboldnyheder\/efter-ophedet-afslutning-fck-traener-maa-to-dage-i-skammekrogen\/#webpage"},"author":{"@id":"https:\/\/acefootball.com\/da\/#\/schema\/person\/ee67e9cf04a276f144100ffa722f10cd"},"headline":"Efter ophedet afslutning: FCK-tr\u00e6ner m\u00e5 to dage i skammekrogen","datePublished":"2021-04-26T09:03:05+00:00","dateModified":"2021-04-26T09:03:06+00:00","mainEntityOfPage":{"@id":"https:\/\/acefootball.com\/da\/fodboldnyheder\/efter-ophedet-afslutning-fck-traener-maa-to-dage-i-skammekrogen\/#webpage"},"wordCount":192,"commentCount":0,"publisher":{"@id":"https:\/\/acefootball.com\/da\/#organization"},"image":{"@id":"https:\/\/acefootball.com\/da\/fodboldnyheder\/efter-ophedet-afslutning-fck-traener-maa-to-dage-i-skammekrogen\/#primaryimage"},"thumbnailUrl":"https:\/\/acefootball.com\/da\/wp-content\/uploads\/sites\/2\/2021\/04\/GettyImages-1228272947.jpg","keywords":["FC K\u00f8benhavn","Superligaen"],"articleSection":["Nyhed"],"inLanguage":"en-US","potentialAction":[{"@type":"CommentAction","name":"Comment","target":["https:\/\/acefootball.com\/da\/fodboldnyheder\/efter-ophedet-afslutning-fck-traener-maa-to-dage-i-skammekrogen\/#respond"]}]},{"@type":"Person","@id":"https:\/\/acefootball.com\/da\/#\/schema\/person\/ee67e9cf04a276f144100ffa722f10cd","name":"Mads Dreyer","image":{"@type":"ImageObject","@id":"https:\/\/acefootball.com\/da\/#personlogo","inLanguage":"en-US","url":"https:\/\/secure.gravatar.com\/avatar\/7c7abf72cfde9902b6a60efe60c88d4c?s=96&d=mm&r=g","contentUrl":"https:\/\/secure.gravatar.com\/avatar\/7c7abf72cfde9902b6a60efe60c88d4c?s=96&d=mm&r=g","caption":"Mads Dreyer"},"description":"Skribent og fodboldn\u00f8rd, der lige nu fort\u00e6ller om alt og intet i fodboldverdenen p\u00e5 acefootball.com. Uddannet i kommunikation fra Aalborg Universitet.","sameAs":["https:\/\/www.linkedin.com\/in\/mads-dreyer-b9b08266\/"],"url":"https:\/\/acefootball.com\/da\/fodboldnyheder\/author\/mdnronaldo\/"}]}},"fimg_url":"https:\/\/acefootball.com\/da\/wp-content\/uploads\/sites\/2\/2021\/04\/GettyImages-1228272947.jpg","_links":{"self":[{"href":"https:\/\/acefootball.com\/da\/wp-json\/wp\/v2\/posts\/257363"}],"collection":[{"href":"https:\/\/acefootball.com\/da\/wp-json\/wp\/v2\/posts"}],"about":[{"href":"https:\/\/acefootball.com\/da\/wp-json\/wp\/v2\/types\/post"}],"author":[{"embeddable":true,"href":"https:\/\/acefootball.com\/da\/wp-json\/wp\/v2\/users\/705"}],"replies":[{"embeddable":true,"href":"https:\/\/acefootball.com\/da\/wp-json\/wp\/v2\/comments?post=257363"}],"version-history":[{"count":0,"href":"https:\/\/acefootball.com\/da\/wp-json\/wp\/v2\/posts\/257363\/revisions"}],"wp:featuredmedia":[{"embeddable":true,"href":"https:\/\/acefootball.com\/da\/wp-json\/wp\/v2\/media\/257364"}],"wp:attachment":[{"href":"https:\/\/acefootball.com\/da\/wp-json\/wp\/v2\/media?parent=257363"}],"wp:term":[{"taxonomy":"category","embeddable":true,"href":"https:\/\/acefootball.com\/da\/wp-json\/wp\/v2\/categories?post=257363"},{"taxonomy":"post_tag","embeddable":true,"href":"https:\/\/acefootball.com\/da\/wp-json\/wp\/v2\/tags?post=257363"}],"curies":[{"name":"wp","href":"https:\/\/api.w.org\/{rel}","templated":true}]}}