{"id":257359,"date":"2021-04-26T10:19:43","date_gmt":"2021-04-26T08:19:43","guid":{"rendered":"https:\/\/acefootball.com\/da\/?p=257359"},"modified":"2021-04-26T10:19:43","modified_gmt":"2021-04-26T08:19:43","slug":"det-tager-fart-legender-gaar-sammen-med-spotify-ejer-om-arsenal-koeb","status":"publish","type":"post","link":"https:\/\/acefootball.com\/da\/fodboldnyheder\/det-tager-fart-legender-gaar-sammen-med-spotify-ejer-om-arsenal-koeb\/","title":{"rendered":"Det tager fart: Legender g\u00e5r sammen med Spotify-ejer om Arsenal-k\u00f8b"},"content":{"rendered":"\n<h2 id=\"h-if-lge-telegraph-har-tre-arsenal-legender-tilsluttet-sig-spotify-ejer-daniel-eks-fors-g-p-at-overtage-ejerskabet-af-klubben\">If\u00f8lge Telegraph har tre Arsenal-legender tilsluttet sig Spotify-ejer Daniel Eks fors\u00f8g p\u00e5 at overtage ejerskabet af klubben<\/h2>\n\n\n\n<p>Modstanden mod Arsenal-ejer Stan Kroenke er kun vokset, efter klubben stod frem som en af grundl\u00e6ggerne af den nu nedbrudte Super League.<\/p>\n\n\n\n<p>Nu har fansene f\u00e5et nok, og derfor kom det som en gl\u00e6delig overraskelse, da den svenske Spotify-ejer, Daniel Ek, fortalte p\u00e5 Twitter, at han hellere end gerne \u00e5bnede forhandlinger med Kroenke om et k\u00f8b af klubben.<\/p>\n\n\n\n<figure class=\"wp-block-embed is-type-rich is-provider-twitter wp-block-embed-twitter\"><div class=\"wp-block-embed__wrapper\">\n<blockquote class=\"twitter-tweet\" data-width=\"550\" data-dnt=\"true\"><p lang=\"en\" dir=\"ltr\">As a kid growing up, I\u2019ve cheered for <a href=\"https:\/\/twitter.com\/Arsenal?ref_src=twsrc%5Etfw\">@Arsenal<\/a> as long as I can remember. If KSE would like to sell Arsenal I&#39;d be happy to throw my hat in the ring.<\/p>&mdash; Daniel Ek (@eldsjal) <a href=\"https:\/\/twitter.com\/eldsjal\/status\/1385667437929062403?ref_src=twsrc%5Etfw\">April 23, 2021<\/a><\/blockquote><script async src=\"https:\/\/platform.twitter.com\/widgets.js\" charset=\"utf-8\"><\/script>\n<\/div><\/figure>\n\n\n\n<p>Der var dog tvivl om, hvor seri\u00f8s Ek var i sine intentioner, men flere medier fort\u00e6ller, at det er ganske seri\u00f8st, og nu er der flere informationer i sagen.<\/p>\n\n\n\n<p><a href=\"https:\/\/www.telegraph.co.uk\/football\/2021\/04\/26\/exclusive-spotify-founder-launch-arsenal-takeover-bid-three\/?utm_content=football&amp;utm_medium=Social&amp;utm_campaign=Echobox&amp;utm_source=Twitter#Echobox=1619422470\" target=\"_blank\" rel=\"noreferrer noopener\">The Telegraph<\/a> skriver nemlig, at Spotify-grundl\u00e6ggeren er g\u00e5et i samarbejde med Arsenal-legenderne Thierry Henry, Dennis Bergkamp og Patrick Vieira om at forberede et konkret bud.<\/p>\n\n\n\n<p>B\u00e5de Henry og Vieira st\u00e5r lige nu frie p\u00e5 markedet efter tr\u00e6nerjobs i henholdsvis Montreal og Nice, mens Bergkamp er ansat som assistenttr\u00e6ner p\u00e5 ungdomsholdet i hollandske Almere City.<\/p>\n\n\n\n<p>Kroenke skulle dog ikke v\u00e6re interesseret i at overdrage n\u00f8glerne til London-klubben, som ansl\u00e5s til at have en v\u00e6rdi af godt 17 milliarder kroner.<\/p>\n\n\n\n<figure class=\"wp-block-embed is-type-wp-embed is-provider-ace-football-danmark wp-block-embed-ace-football-danmark\"><div class=\"wp-block-embed__wrapper\">\n<blockquote class=\"wp-embedded-content\" data-secret=\"6Fn7etkwUe\"><a href=\"https:\/\/acefootball.com\/da\/fodboldnyheder\/guardiola-afsloerer-tror-han-skifter-til-barcelona\/\">Guardiola afsl\u00f8rer: Tror han skifter til Barcelona<\/a><\/blockquote><iframe class=\"wp-embedded-content\" sandbox=\"allow-scripts\" security=\"restricted\" style=\"position: absolute; clip: rect(1px, 1px, 1px, 1px);\" title=\"&#8220;Guardiola afsl\u00f8rer: Tror han skifter til Barcelona&#8221; &#8212; Ace Football Danmark\" src=\"https:\/\/acefootball.com\/da\/fodboldnyheder\/guardiola-afsloerer-tror-han-skifter-til-barcelona\/embed\/#?secret=6Fn7etkwUe\" data-secret=\"6Fn7etkwUe\" width=\"600\" height=\"338\" frameborder=\"0\" marginwidth=\"0\" marginheight=\"0\" scrolling=\"no\"><\/iframe>\n<\/div><\/figure>\n","protected":false},"excerpt":{"rendered":"<p>If\u00f8lge Telegraph har tre Arsenal-legender tilsluttet sig Spotify-ejer Daniel Eks fors\u00f8g p\u00e5 at overtage ejerskabet af klubben<\/p>\n","protected":false},"author":705,"featured_media":252289,"comment_status":"open","ping_status":"closed","sticky":false,"template":"","format":"standard","meta":{"om_disable_all_campaigns":false,"push_articles_ronaldo":{"active":false,"canonical":0,"publish":false},"force_updates":null},"categories":[1],"tags":[227,3179,3031,134,703],"enet_tags":{"team":["9825"],"player":["693784","969831"],"league":["47"],"sport_events":[]},"yoast_head":"<!-- This site is optimized with the Yoast SEO plugin v18.3 - https:\/\/yoast.com\/wordpress\/plugins\/seo\/ -->\n<title>Det tager fart: Legender g\u00e5r sammen med Spotify-ejer om Arsenal-k\u00f8b<\/title>\n<meta name=\"description\" content=\"If\u00f8lge Telegraph har tre Arsenal-legender tilsluttet sig Spotify-ejer Daniel Eks fors\u00f8g p\u00e5 at overtage ejerskabet af klubben\" \/>\n<meta name=\"robots\" content=\"index, follow, max-snippet:-1, max-image-preview:large, max-video-preview:-1\" \/>\n<link rel=\"canonical\" href=\"https:\/\/acefootball.com\/da\/fodboldnyheder\/det-tager-fart-legender-gaar-sammen-med-spotify-ejer-om-arsenal-koeb\/\" \/>\n<meta property=\"og:locale\" content=\"en_US\" \/>\n<meta property=\"og:type\" content=\"article\" \/>\n<meta property=\"og:title\" content=\"Det tager fart: Legender g\u00e5r sammen med Spotify-ejer om Arsenal-k\u00f8b\" \/>\n<meta property=\"og:description\" content=\"If\u00f8lge Telegraph har tre Arsenal-legender tilsluttet sig Spotify-ejer Daniel Eks fors\u00f8g p\u00e5 at overtage ejerskabet af klubben\" \/>\n<meta property=\"og:url\" content=\"https:\/\/acefootball.com\/da\/fodboldnyheder\/det-tager-fart-legender-gaar-sammen-med-spotify-ejer-om-arsenal-koeb\/\" \/>\n<meta property=\"og:site_name\" content=\"Ace Football Danmark\" \/>\n<meta property=\"article:publisher\" content=\"https:\/\/www.facebook.com\/acefootballdk\" \/>\n<meta property=\"article:published_time\" content=\"2021-04-26T08:19:43+00:00\" \/>\n<meta property=\"og:image\" content=\"https:\/\/acefootball.com\/da\/wp-content\/uploads\/sites\/2\/2021\/02\/Laes-mere-generel-53.jpg\" \/>\n\t<meta property=\"og:image:width\" content=\"1920\" \/>\n\t<meta property=\"og:image:height\" content=\"1008\" \/>\n\t<meta property=\"og:image:type\" content=\"image\/jpeg\" \/>\n<meta name=\"twitter:card\" content=\"summary_large_image\" \/>\n<meta name=\"twitter:label1\" content=\"Written by\" \/>\n\t<meta name=\"twitter:data1\" content=\"Mads Dreyer\" \/>\n\t<meta name=\"twitter:label2\" content=\"Est. reading time\" \/>\n\t<meta name=\"twitter:data2\" content=\"1 minute\" \/>\n<script type=\"application\/ld+json\" class=\"yoast-schema-graph\">{\"@context\":\"https:\/\/schema.org\",\"@graph\":[{\"@type\":\"Organization\",\"@id\":\"https:\/\/acefootball.com\/da\/#organization\",\"name\":\"Ace Football\",\"url\":\"https:\/\/acefootball.com\/da\/\",\"sameAs\":[\"https:\/\/www.facebook.com\/acefootballdk\"],\"logo\":{\"@type\":\"ImageObject\",\"@id\":\"https:\/\/acefootball.com\/da\/#logo\",\"inLanguage\":\"en-US\",\"url\":\"https:\/\/acefootball.com\/da\/wp-content\/uploads\/sites\/2\/2020\/07\/Ace-Football-30-07-2020-2.png\",\"contentUrl\":\"https:\/\/acefootball.com\/da\/wp-content\/uploads\/sites\/2\/2020\/07\/Ace-Football-30-07-2020-2.png\",\"width\":1200,\"height\":600,\"caption\":\"Ace Football\"},\"image\":{\"@id\":\"https:\/\/acefootball.com\/da\/#logo\"}},{\"@type\":\"WebSite\",\"@id\":\"https:\/\/acefootball.com\/da\/#website\",\"url\":\"https:\/\/acefootball.com\/da\/\",\"name\":\"Ace Football Danmark\",\"description\":\"Nyheder, Spiltips &amp; Livescore\",\"publisher\":{\"@id\":\"https:\/\/acefootball.com\/da\/#organization\"},\"potentialAction\":[{\"@type\":\"SearchAction\",\"target\":{\"@type\":\"EntryPoint\",\"urlTemplate\":\"https:\/\/acefootball.com\/da\/?s={search_term_string}\"},\"query-input\":\"required name=search_term_string\"}],\"inLanguage\":\"en-US\"},{\"@type\":\"ImageObject\",\"@id\":\"https:\/\/acefootball.com\/da\/fodboldnyheder\/det-tager-fart-legender-gaar-sammen-med-spotify-ejer-om-arsenal-koeb\/#primaryimage\",\"inLanguage\":\"en-US\",\"url\":\"https:\/\/acefootball.com\/da\/wp-content\/uploads\/sites\/2\/2021\/02\/Laes-mere-generel-53.jpg\",\"contentUrl\":\"https:\/\/acefootball.com\/da\/wp-content\/uploads\/sites\/2\/2021\/02\/Laes-mere-generel-53.jpg\",\"width\":1920,\"height\":1008,\"caption\":\"thierry henry\"},{\"@type\":\"WebPage\",\"@id\":\"https:\/\/acefootball.com\/da\/fodboldnyheder\/det-tager-fart-legender-gaar-sammen-med-spotify-ejer-om-arsenal-koeb\/#webpage\",\"url\":\"https:\/\/acefootball.com\/da\/fodboldnyheder\/det-tager-fart-legender-gaar-sammen-med-spotify-ejer-om-arsenal-koeb\/\",\"name\":\"Det tager fart: Legender g\u00e5r sammen med Spotify-ejer om Arsenal-k\u00f8b\",\"isPartOf\":{\"@id\":\"https:\/\/acefootball.com\/da\/#website\"},\"primaryImageOfPage\":{\"@id\":\"https:\/\/acefootball.com\/da\/fodboldnyheder\/det-tager-fart-legender-gaar-sammen-med-spotify-ejer-om-arsenal-koeb\/#primaryimage\"},\"datePublished\":\"2021-04-26T08:19:43+00:00\",\"dateModified\":\"2021-04-26T08:19:43+00:00\",\"description\":\"If\u00f8lge Telegraph har tre Arsenal-legender tilsluttet sig Spotify-ejer Daniel Eks fors\u00f8g p\u00e5 at overtage ejerskabet af klubben\",\"breadcrumb\":{\"@id\":\"https:\/\/acefootball.com\/da\/fodboldnyheder\/det-tager-fart-legender-gaar-sammen-med-spotify-ejer-om-arsenal-koeb\/#breadcrumb\"},\"inLanguage\":\"en-US\",\"potentialAction\":[{\"@type\":\"ReadAction\",\"target\":[\"https:\/\/acefootball.com\/da\/fodboldnyheder\/det-tager-fart-legender-gaar-sammen-med-spotify-ejer-om-arsenal-koeb\/\"]}]},{\"@type\":\"BreadcrumbList\",\"@id\":\"https:\/\/acefootball.com\/da\/fodboldnyheder\/det-tager-fart-legender-gaar-sammen-med-spotify-ejer-om-arsenal-koeb\/#breadcrumb\",\"itemListElement\":[{\"@type\":\"ListItem\",\"position\":1,\"name\":\"Home\",\"item\":\"https:\/\/acefootball.com\/da\/\"},{\"@type\":\"ListItem\",\"position\":2,\"name\":\"Det tager fart: Legender g\u00e5r sammen med Spotify-ejer om Arsenal-k\u00f8b\"}]},{\"@type\":\"Article\",\"@id\":\"https:\/\/acefootball.com\/da\/fodboldnyheder\/det-tager-fart-legender-gaar-sammen-med-spotify-ejer-om-arsenal-koeb\/#article\",\"isPartOf\":{\"@id\":\"https:\/\/acefootball.com\/da\/fodboldnyheder\/det-tager-fart-legender-gaar-sammen-med-spotify-ejer-om-arsenal-koeb\/#webpage\"},\"author\":{\"@id\":\"https:\/\/acefootball.com\/da\/#\/schema\/person\/ee67e9cf04a276f144100ffa722f10cd\"},\"headline\":\"Det tager fart: Legender g\u00e5r sammen med Spotify-ejer om Arsenal-k\u00f8b\",\"datePublished\":\"2021-04-26T08:19:43+00:00\",\"dateModified\":\"2021-04-26T08:19:43+00:00\",\"mainEntityOfPage\":{\"@id\":\"https:\/\/acefootball.com\/da\/fodboldnyheder\/det-tager-fart-legender-gaar-sammen-med-spotify-ejer-om-arsenal-koeb\/#webpage\"},\"wordCount\":223,\"commentCount\":0,\"publisher\":{\"@id\":\"https:\/\/acefootball.com\/da\/#organization\"},\"image\":{\"@id\":\"https:\/\/acefootball.com\/da\/fodboldnyheder\/det-tager-fart-legender-gaar-sammen-med-spotify-ejer-om-arsenal-koeb\/#primaryimage\"},\"thumbnailUrl\":\"https:\/\/acefootball.com\/da\/wp-content\/uploads\/sites\/2\/2021\/02\/GettyImages-1209909900.jpg\",\"keywords\":[\"Arsenal\",\"Dennis Bergkamp\",\"Patrick Vieira\",\"Premier League\",\"Thierry Henry\"],\"articleSection\":[\"Nyhed\"],\"inLanguage\":\"en-US\",\"potentialAction\":[{\"@type\":\"CommentAction\",\"name\":\"Comment\",\"target\":[\"https:\/\/acefootball.com\/da\/fodboldnyheder\/det-tager-fart-legender-gaar-sammen-med-spotify-ejer-om-arsenal-koeb\/#respond\"]}]},{\"@type\":\"Person\",\"@id\":\"https:\/\/acefootball.com\/da\/#\/schema\/person\/ee67e9cf04a276f144100ffa722f10cd\",\"name\":\"Mads Dreyer\",\"image\":{\"@type\":\"ImageObject\",\"@id\":\"https:\/\/acefootball.com\/da\/#personlogo\",\"inLanguage\":\"en-US\",\"url\":\"https:\/\/secure.gravatar.com\/avatar\/7c7abf72cfde9902b6a60efe60c88d4c?s=96&d=mm&r=g\",\"contentUrl\":\"https:\/\/secure.gravatar.com\/avatar\/7c7abf72cfde9902b6a60efe60c88d4c?s=96&d=mm&r=g\",\"caption\":\"Mads Dreyer\"},\"description\":\"Skribent og fodboldn\u00f8rd, der lige nu fort\u00e6ller om alt og intet i fodboldverdenen p\u00e5 acefootball.com. Uddannet i kommunikation fra Aalborg Universitet.\",\"sameAs\":[\"https:\/\/www.linkedin.com\/in\/mads-dreyer-b9b08266\/\"],\"url\":\"https:\/\/acefootball.com\/da\/fodboldnyheder\/author\/mdnronaldo\/\"}]}<\/script>\n<!-- \/ Yoast SEO plugin. -->","yoast_head_json":{"title":"Det tager fart: Legender g\u00e5r sammen med Spotify-ejer om Arsenal-k\u00f8b","description":"If\u00f8lge Telegraph har tre Arsenal-legender tilsluttet sig Spotify-ejer Daniel Eks fors\u00f8g p\u00e5 at overtage ejerskabet af klubben","robots":{"index":"index","follow":"follow","max-snippet":"max-snippet:-1","max-image-preview":"max-image-preview:large","max-video-preview":"max-video-preview:-1"},"canonical":"https:\/\/acefootball.com\/da\/fodboldnyheder\/det-tager-fart-legender-gaar-sammen-med-spotify-ejer-om-arsenal-koeb\/","og_locale":"en_US","og_type":"article","og_title":"Det tager fart: Legender g\u00e5r sammen med Spotify-ejer om Arsenal-k\u00f8b","og_description":"If\u00f8lge Telegraph har tre Arsenal-legender tilsluttet sig Spotify-ejer Daniel Eks fors\u00f8g p\u00e5 at overtage ejerskabet af klubben","og_url":"https:\/\/acefootball.com\/da\/fodboldnyheder\/det-tager-fart-legender-gaar-sammen-med-spotify-ejer-om-arsenal-koeb\/","og_site_name":"Ace Football Danmark","article_publisher":"https:\/\/www.facebook.com\/acefootballdk","article_published_time":"2021-04-26T08:19:43+00:00","og_image":[{"width":1920,"height":1008,"url":"https:\/\/acefootball.com\/da\/wp-content\/uploads\/sites\/2\/2021\/02\/Laes-mere-generel-53.jpg","type":"image\/jpeg"}],"twitter_card":"summary_large_image","twitter_misc":{"Written by":"Mads Dreyer","Est. reading time":"1 minute"},"schema":{"@context":"https:\/\/schema.org","@graph":[{"@type":"Organization","@id":"https:\/\/acefootball.com\/da\/#organization","name":"Ace Football","url":"https:\/\/acefootball.com\/da\/","sameAs":["https:\/\/www.facebook.com\/acefootballdk"],"logo":{"@type":"ImageObject","@id":"https:\/\/acefootball.com\/da\/#logo","inLanguage":"en-US","url":"https:\/\/acefootball.com\/da\/wp-content\/uploads\/sites\/2\/2020\/07\/Ace-Football-30-07-2020-2.png","contentUrl":"https:\/\/acefootball.com\/da\/wp-content\/uploads\/sites\/2\/2020\/07\/Ace-Football-30-07-2020-2.png","width":1200,"height":600,"caption":"Ace Football"},"image":{"@id":"https:\/\/acefootball.com\/da\/#logo"}},{"@type":"WebSite","@id":"https:\/\/acefootball.com\/da\/#website","url":"https:\/\/acefootball.com\/da\/","name":"Ace Football Danmark","description":"Nyheder, Spiltips &amp; Livescore","publisher":{"@id":"https:\/\/acefootball.com\/da\/#organization"},"potentialAction":[{"@type":"SearchAction","target":{"@type":"EntryPoint","urlTemplate":"https:\/\/acefootball.com\/da\/?s={search_term_string}"},"query-input":"required name=search_term_string"}],"inLanguage":"en-US"},{"@type":"ImageObject","@id":"https:\/\/acefootball.com\/da\/fodboldnyheder\/det-tager-fart-legender-gaar-sammen-med-spotify-ejer-om-arsenal-koeb\/#primaryimage","inLanguage":"en-US","url":"https:\/\/acefootball.com\/da\/wp-content\/uploads\/sites\/2\/2021\/02\/Laes-mere-generel-53.jpg","contentUrl":"https:\/\/acefootball.com\/da\/wp-content\/uploads\/sites\/2\/2021\/02\/Laes-mere-generel-53.jpg","width":1920,"height":1008,"caption":"thierry henry"},{"@type":"WebPage","@id":"https:\/\/acefootball.com\/da\/fodboldnyheder\/det-tager-fart-legender-gaar-sammen-med-spotify-ejer-om-arsenal-koeb\/#webpage","url":"https:\/\/acefootball.com\/da\/fodboldnyheder\/det-tager-fart-legender-gaar-sammen-med-spotify-ejer-om-arsenal-koeb\/","name":"Det tager fart: Legender g\u00e5r sammen med Spotify-ejer om Arsenal-k\u00f8b","isPartOf":{"@id":"https:\/\/acefootball.com\/da\/#website"},"primaryImageOfPage":{"@id":"https:\/\/acefootball.com\/da\/fodboldnyheder\/det-tager-fart-legender-gaar-sammen-med-spotify-ejer-om-arsenal-koeb\/#primaryimage"},"datePublished":"2021-04-26T08:19:43+00:00","dateModified":"2021-04-26T08:19:43+00:00","description":"If\u00f8lge Telegraph har tre Arsenal-legender tilsluttet sig Spotify-ejer Daniel Eks fors\u00f8g p\u00e5 at overtage ejerskabet af klubben","breadcrumb":{"@id":"https:\/\/acefootball.com\/da\/fodboldnyheder\/det-tager-fart-legender-gaar-sammen-med-spotify-ejer-om-arsenal-koeb\/#breadcrumb"},"inLanguage":"en-US","potentialAction":[{"@type":"ReadAction","target":["https:\/\/acefootball.com\/da\/fodboldnyheder\/det-tager-fart-legender-gaar-sammen-med-spotify-ejer-om-arsenal-koeb\/"]}]},{"@type":"BreadcrumbList","@id":"https:\/\/acefootball.com\/da\/fodboldnyheder\/det-tager-fart-legender-gaar-sammen-med-spotify-ejer-om-arsenal-koeb\/#breadcrumb","itemListElement":[{"@type":"ListItem","position":1,"name":"Home","item":"https:\/\/acefootball.com\/da\/"},{"@type":"ListItem","position":2,"name":"Det tager fart: Legender g\u00e5r sammen med Spotify-ejer om Arsenal-k\u00f8b"}]},{"@type":"Article","@id":"https:\/\/acefootball.com\/da\/fodboldnyheder\/det-tager-fart-legender-gaar-sammen-med-spotify-ejer-om-arsenal-koeb\/#article","isPartOf":{"@id":"https:\/\/acefootball.com\/da\/fodboldnyheder\/det-tager-fart-legender-gaar-sammen-med-spotify-ejer-om-arsenal-koeb\/#webpage"},"author":{"@id":"https:\/\/acefootball.com\/da\/#\/schema\/person\/ee67e9cf04a276f144100ffa722f10cd"},"headline":"Det tager fart: Legender g\u00e5r sammen med Spotify-ejer om Arsenal-k\u00f8b","datePublished":"2021-04-26T08:19:43+00:00","dateModified":"2021-04-26T08:19:43+00:00","mainEntityOfPage":{"@id":"https:\/\/acefootball.com\/da\/fodboldnyheder\/det-tager-fart-legender-gaar-sammen-med-spotify-ejer-om-arsenal-koeb\/#webpage"},"wordCount":223,"commentCount":0,"publisher":{"@id":"https:\/\/acefootball.com\/da\/#organization"},"image":{"@id":"https:\/\/acefootball.com\/da\/fodboldnyheder\/det-tager-fart-legender-gaar-sammen-med-spotify-ejer-om-arsenal-koeb\/#primaryimage"},"thumbnailUrl":"https:\/\/acefootball.com\/da\/wp-content\/uploads\/sites\/2\/2021\/02\/GettyImages-1209909900.jpg","keywords":["Arsenal","Dennis Bergkamp","Patrick Vieira","Premier League","Thierry Henry"],"articleSection":["Nyhed"],"inLanguage":"en-US","potentialAction":[{"@type":"CommentAction","name":"Comment","target":["https:\/\/acefootball.com\/da\/fodboldnyheder\/det-tager-fart-legender-gaar-sammen-med-spotify-ejer-om-arsenal-koeb\/#respond"]}]},{"@type":"Person","@id":"https:\/\/acefootball.com\/da\/#\/schema\/person\/ee67e9cf04a276f144100ffa722f10cd","name":"Mads Dreyer","image":{"@type":"ImageObject","@id":"https:\/\/acefootball.com\/da\/#personlogo","inLanguage":"en-US","url":"https:\/\/secure.gravatar.com\/avatar\/7c7abf72cfde9902b6a60efe60c88d4c?s=96&d=mm&r=g","contentUrl":"https:\/\/secure.gravatar.com\/avatar\/7c7abf72cfde9902b6a60efe60c88d4c?s=96&d=mm&r=g","caption":"Mads Dreyer"},"description":"Skribent og fodboldn\u00f8rd, der lige nu fort\u00e6ller om alt og intet i fodboldverdenen p\u00e5 acefootball.com. Uddannet i kommunikation fra Aalborg Universitet.","sameAs":["https:\/\/www.linkedin.com\/in\/mads-dreyer-b9b08266\/"],"url":"https:\/\/acefootball.com\/da\/fodboldnyheder\/author\/mdnronaldo\/"}]}},"fimg_url":"https:\/\/acefootball.com\/da\/wp-content\/uploads\/sites\/2\/2021\/02\/GettyImages-1209909900.jpg","_links":{"self":[{"href":"https:\/\/acefootball.com\/da\/wp-json\/wp\/v2\/posts\/257359"}],"collection":[{"href":"https:\/\/acefootball.com\/da\/wp-json\/wp\/v2\/posts"}],"about":[{"href":"https:\/\/acefootball.com\/da\/wp-json\/wp\/v2\/types\/post"}],"author":[{"embeddable":true,"href":"https:\/\/acefootball.com\/da\/wp-json\/wp\/v2\/users\/705"}],"replies":[{"embeddable":true,"href":"https:\/\/acefootball.com\/da\/wp-json\/wp\/v2\/comments?post=257359"}],"version-history":[{"count":0,"href":"https:\/\/acefootball.com\/da\/wp-json\/wp\/v2\/posts\/257359\/revisions"}],"wp:featuredmedia":[{"embeddable":true,"href":"https:\/\/acefootball.com\/da\/wp-json\/wp\/v2\/media\/252289"}],"wp:attachment":[{"href":"https:\/\/acefootball.com\/da\/wp-json\/wp\/v2\/media?parent=257359"}],"wp:term":[{"taxonomy":"category","embeddable":true,"href":"https:\/\/acefootball.com\/da\/wp-json\/wp\/v2\/categories?post=257359"},{"taxonomy":"post_tag","embeddable":true,"href":"https:\/\/acefootball.com\/da\/wp-json\/wp\/v2\/tags?post=257359"}],"curies":[{"name":"wp","href":"https:\/\/api.w.org\/{rel}","templated":true}]}}