{"id":257344,"date":"2021-04-26T08:49:36","date_gmt":"2021-04-26T06:49:36","guid":{"rendered":"https:\/\/acefootball.com\/da\/?p=257344"},"modified":"2021-04-26T09:04:54","modified_gmt":"2021-04-26T07:04:54","slug":"fans-i-chok-over-viktor-fischer-er-han-virkeligt-saa-snot-dum","status":"publish","type":"post","link":"https:\/\/acefootball.com\/da\/fodboldnyheder\/fans-i-chok-over-viktor-fischer-er-han-virkeligt-saa-snot-dum\/","title":{"rendered":"Fans i chok over Viktor Fischer: &#8216;Er han virkeligt s\u00e5 snot dum?&#8217;"},"content":{"rendered":"\n<h2 id=\"h-viktor-fischer-kan-nok-ikke-prale-af-at-have-f-et-en-st-rre-fanskare-efter-sin-opf-rsel-i-g-rsdagens-superliga-kamp-mod-agf\">Viktor Fischer kan nok ikke prale af at have f\u00e5et en st\u00f8rre fanskare efter sin opf\u00f8rsel i g\u00e5rsdagens Superliga-kamp mod AGF<\/h2>\n\n\n\n<div class=\"wp-block-si-widget wp-block-si-widget--center\"><si-lb-widget widget-id=\"MatchInfo\" width=\"440\" data-nopadding=\"true\" data-card=\"true\" data-event-id=\"3560493\" data-theme-appearance=\"dark\"><\/si-lb-widget><\/div>\n\n\n\n<p>FC K\u00f8benhavn kunne i g\u00e5r tr\u00e6kke sig sejrrigt ud af et dramatisk opg\u00f8r, da de vandt med 2-1 over AGF p\u00e5 Ceres Park i en kamp, hvor Jonas Wind, Jens Stage og Casper H\u00f8jer Nielsen stod for m\u00e5lene.<\/p>\n\n\n\n\n        <div class=\"svf-video-single only-video\">\n            <div class=\"svf-video-container svf-embedded embedded\">\n                <script>(function(){const el = document.createElement('iframe');el.allow = 'autoplay';el.frameBorder = '0';el.classList.add('svf-video');el.allowFullscreen = true;document.currentScript.parentNode.style.display = 'none';el.src = \"https:\/\/www.viafree.dk\/embed\/sport\/id\/c0732701-b7b4-44a2-b41d-b46eca69b2e6?partnerId=a788403f-2c83-488f-adb0-2650ac7278a3\";el.addEventListener( 'load', function(){ this.parentNode.style.display = ''; });document.currentScript.parentNode.insertBefore(el, document.currentScript.nextSibling);})();<\/script>\n                <noscript><iframe allow=\"autoplay\" allowfullscreen frameborder=\"0\" class=\"svf-video\" src=\"https:\/\/www.viafree.dk\/embed\/sport\/id\/c0732701-b7b4-44a2-b41d-b46eca69b2e6?partnerId=a788403f-2c83-488f-adb0-2650ac7278a3\"><\/iframe><\/noscript>\n            <\/div>\n                    <\/div>\n        \n\n\n\n<p>Selvom den tidligere AGF-profil Jens Stage s\u00e6nkede sin gamle klub, var det faktisk en anden FCK-spiller, der blev lagt mest for had i slutningen af og efter kampen.<\/p>\n\n\n\n<p>Viktor Fischer fik nemlig b\u00e5de AGF&#8217;s spillere, tr\u00e6nere og fans helt op i det r\u00f8de felt, da de mente, at han overdramatisere voldsomt flere gange i l\u00f8bet ad kampen, og da han i opg\u00f8rets d\u00f8ende minutter l\u00e5 og rullede rundt efter en duel, blev det for meget for dem, og det hele eskalerede voldsomt, hvilket du kan se i videoen herunder.<\/p>\n\n\n\n\n        <div class=\"svf-video-single only-video\">\n            <div class=\"svf-video-container svf-embedded embedded\">\n                <script>(function(){const el = document.createElement('iframe');el.allow = 'autoplay';el.frameBorder = '0';el.classList.add('svf-video');el.allowFullscreen = true;document.currentScript.parentNode.style.display = 'none';el.src = \"https:\/\/www.viafree.dk\/embed\/sport\/id\/0421b691-e539-4b16-a55d-a760364ca925?partnerId=a788403f-2c83-488f-adb0-2650ac7278a3\";el.addEventListener( 'load', function(){ this.parentNode.style.display = ''; });document.currentScript.parentNode.insertBefore(el, document.currentScript.nextSibling);})();<\/script>\n                <noscript><iframe allow=\"autoplay\" allowfullscreen frameborder=\"0\" class=\"svf-video\" src=\"https:\/\/www.viafree.dk\/embed\/sport\/id\/0421b691-e539-4b16-a55d-a760364ca925?partnerId=a788403f-2c83-488f-adb0-2650ac7278a3\"><\/iframe><\/noscript>\n            <\/div>\n                    <\/div>\n        \n\n\n\n<p>P\u00e5 Twitter er der da ogs\u00e5 bred enighed om, at Fischers opf\u00f8rsels var usmagelig, og flere har v\u00e6ret efter kantspilleren, der faktisk selv har en fortid i AGF som ungdomsspiller, inden han tog til FC Midtjylland.<\/p>\n\n\n\n<p>Du kan l\u00e6se noget af det, der bliver skrevet om Fischer herunder.<\/p>\n\n\n\n<figure class=\"wp-block-embed is-type-rich is-provider-twitter wp-block-embed-twitter\"><div class=\"wp-block-embed__wrapper\">\n<blockquote class=\"twitter-tweet\" data-width=\"550\" data-dnt=\"true\"><p lang=\"da\" dir=\"ltr\">Fischer burde s\u00f8ge ind p\u00e5 teaterskolen. Hvor er det pinligt at se p\u00e5.<a href=\"https:\/\/twitter.com\/hashtag\/sldk?src=hash&amp;ref_src=twsrc%5Etfw\">#sldk<\/a> <a href=\"https:\/\/twitter.com\/hashtag\/agffck?src=hash&amp;ref_src=twsrc%5Etfw\">#agffck<\/a> <a href=\"https:\/\/t.co\/CD9Bh68yFm\">pic.twitter.com\/CD9Bh68yFm<\/a><\/p>&mdash; Nicolai S\u00f8rensen (@NicolaiSor) <a href=\"https:\/\/twitter.com\/NicolaiSor\/status\/1386405688730030080?ref_src=twsrc%5Etfw\">April 25, 2021<\/a><\/blockquote><script async src=\"https:\/\/platform.twitter.com\/widgets.js\" charset=\"utf-8\"><\/script>\n<\/div><\/figure>\n\n\n\n<figure class=\"wp-block-image size-large\"><img loading=\"lazy\" width=\"599\" height=\"132\" src=\"https:\/\/acefootball.com\/da\/wp-content\/uploads\/sites\/2\/2021\/04\/image-42.png\" alt=\"\" class=\"wp-image-257347\" srcset=\"https:\/\/acefootball.com\/da\/wp-content\/uploads\/sites\/2\/2021\/04\/image-42.png 599w, https:\/\/acefootball.com\/da\/wp-content\/uploads\/sites\/2\/2021\/04\/image-42-300x66.png 300w\" sizes=\"(max-width: 599px) 100vw, 599px\" \/><\/figure>\n\n\n\n<figure class=\"wp-block-image size-large\"><img loading=\"lazy\" width=\"600\" height=\"167\" src=\"https:\/\/acefootball.com\/da\/wp-content\/uploads\/sites\/2\/2021\/04\/image-43.png\" alt=\"\" class=\"wp-image-257348\" srcset=\"https:\/\/acefootball.com\/da\/wp-content\/uploads\/sites\/2\/2021\/04\/image-43.png 600w, https:\/\/acefootball.com\/da\/wp-content\/uploads\/sites\/2\/2021\/04\/image-43-300x84.png 300w\" sizes=\"(max-width: 600px) 100vw, 600px\" \/><\/figure>\n\n\n\n<figure class=\"wp-block-embed is-type-rich is-provider-twitter wp-block-embed-twitter\"><div class=\"wp-block-embed__wrapper\">\n<blockquote class=\"twitter-tweet\" data-width=\"550\" data-dnt=\"true\"><p lang=\"da\" dir=\"ltr\">Det m\u00e5 da blive en voldsom oplevelse for Fischer n\u00e5r han skal vaccineres<\/p>&mdash; Kronprinsen (@Kronprinsen43) <a href=\"https:\/\/twitter.com\/Kronprinsen43\/status\/1386406674991222784?ref_src=twsrc%5Etfw\">April 25, 2021<\/a><\/blockquote><script async src=\"https:\/\/platform.twitter.com\/widgets.js\" charset=\"utf-8\"><\/script>\n<\/div><\/figure>\n\n\n\n<figure class=\"wp-block-image size-large is-resized\"><img loading=\"lazy\" src=\"https:\/\/acefootball.com\/da\/wp-content\/uploads\/sites\/2\/2021\/04\/image-40.png\" alt=\"\" class=\"wp-image-257345\" width=\"572\" height=\"399\" srcset=\"https:\/\/acefootball.com\/da\/wp-content\/uploads\/sites\/2\/2021\/04\/image-40.png 601w, https:\/\/acefootball.com\/da\/wp-content\/uploads\/sites\/2\/2021\/04\/image-40-300x209.png 300w, https:\/\/acefootball.com\/da\/wp-content\/uploads\/sites\/2\/2021\/04\/image-40-100x70.png 100w\" sizes=\"(max-width: 572px) 100vw, 572px\" \/><\/figure>\n\n\n\n<figure class=\"wp-block-image size-large\"><img loading=\"lazy\" width=\"602\" height=\"393\" src=\"https:\/\/acefootball.com\/da\/wp-content\/uploads\/sites\/2\/2021\/04\/image-41.png\" alt=\"\" class=\"wp-image-257346\" srcset=\"https:\/\/acefootball.com\/da\/wp-content\/uploads\/sites\/2\/2021\/04\/image-41.png 602w, https:\/\/acefootball.com\/da\/wp-content\/uploads\/sites\/2\/2021\/04\/image-41-300x196.png 300w\" sizes=\"(max-width: 602px) 100vw, 602px\" \/><\/figure>\n\n\n\n<figure class=\"wp-block-image size-large\"><img loading=\"lazy\" width=\"604\" height=\"103\" src=\"https:\/\/acefootball.com\/da\/wp-content\/uploads\/sites\/2\/2021\/04\/image-44.png\" alt=\"\" class=\"wp-image-257351\" srcset=\"https:\/\/acefootball.com\/da\/wp-content\/uploads\/sites\/2\/2021\/04\/image-44.png 604w, https:\/\/acefootball.com\/da\/wp-content\/uploads\/sites\/2\/2021\/04\/image-44-300x51.png 300w\" sizes=\"(max-width: 604px) 100vw, 604px\" \/><\/figure>\n\n\n\n<figure class=\"wp-block-image size-large\"><img loading=\"lazy\" width=\"600\" height=\"106\" src=\"https:\/\/acefootball.com\/da\/wp-content\/uploads\/sites\/2\/2021\/04\/image-45.png\" alt=\"\" class=\"wp-image-257353\" srcset=\"https:\/\/acefootball.com\/da\/wp-content\/uploads\/sites\/2\/2021\/04\/image-45.png 600w, https:\/\/acefootball.com\/da\/wp-content\/uploads\/sites\/2\/2021\/04\/image-45-300x53.png 300w\" sizes=\"(max-width: 600px) 100vw, 600px\" \/><\/figure>\n\n\n\n<figure class=\"wp-block-image size-large\"><img loading=\"lazy\" width=\"595\" height=\"168\" src=\"https:\/\/acefootball.com\/da\/wp-content\/uploads\/sites\/2\/2021\/04\/image-46.png\" alt=\"\" class=\"wp-image-257355\" srcset=\"https:\/\/acefootball.com\/da\/wp-content\/uploads\/sites\/2\/2021\/04\/image-46.png 595w, https:\/\/acefootball.com\/da\/wp-content\/uploads\/sites\/2\/2021\/04\/image-46-300x85.png 300w\" sizes=\"(max-width: 595px) 100vw, 595px\" \/><\/figure>\n\n\n\n<figure class=\"wp-block-embed is-type-rich is-provider-twitter wp-block-embed-twitter\"><div class=\"wp-block-embed__wrapper\">\n<blockquote class=\"twitter-tweet\" data-width=\"550\" data-dnt=\"true\"><p lang=\"da\" dir=\"ltr\">Jeg har aldrig set en spiller, der kaster sig s\u00e5 meget til jorden som Viktor Fischer. Det er pinligt at se nogle gange. Han rejser sig s\u00e5 hurtigere op end usain bolt l\u00f8ber 100 meter  <a href=\"https:\/\/twitter.com\/hashtag\/sldk?src=hash&amp;ref_src=twsrc%5Etfw\">#sldk<\/a><\/p>&mdash; Orri Rafn Sigurdarson (@OrriRafn) <a href=\"https:\/\/twitter.com\/OrriRafn\/status\/1386405161011056642?ref_src=twsrc%5Etfw\">April 25, 2021<\/a><\/blockquote><script async src=\"https:\/\/platform.twitter.com\/widgets.js\" charset=\"utf-8\"><\/script>\n<\/div><\/figure>\n\n\n\n<figure class=\"wp-block-embed is-type-rich is-provider-twitter wp-block-embed-twitter\"><div class=\"wp-block-embed__wrapper\">\n<blockquote class=\"twitter-tweet\" data-width=\"550\" data-dnt=\"true\"><p lang=\"da\" dir=\"ltr\">Viktor Fischer med en st\u00e6rk reference til Bo Nielsen <a href=\"https:\/\/twitter.com\/hashtag\/afffck?src=hash&amp;ref_src=twsrc%5Etfw\">#afffck<\/a> <a href=\"https:\/\/t.co\/3uxznln0vI\">pic.twitter.com\/3uxznln0vI<\/a><\/p>&mdash; Morten Bruhn (@mortenbruhhhn) <a href=\"https:\/\/twitter.com\/mortenbruhhhn\/status\/1386405378817204224?ref_src=twsrc%5Etfw\">April 25, 2021<\/a><\/blockquote><script async src=\"https:\/\/platform.twitter.com\/widgets.js\" charset=\"utf-8\"><\/script>\n<\/div><\/figure>\n","protected":false},"excerpt":{"rendered":"<p>Viktor Fischer kan nok ikke prale af at have f\u00e5et en st\u00f8rre fanskare efter sin opf\u00f8rsel i g\u00e5rsdagens Superliga-kamp mod AGF<\/p>\n","protected":false},"author":74,"featured_media":252657,"comment_status":"open","ping_status":"closed","sticky":false,"template":"","format":"standard","meta":{"om_disable_all_campaigns":false,"push_articles_ronaldo":{"active":false,"canonical":0,"publish":false},"force_updates":null},"categories":[8060],"tags":[18,16,588,425],"enet_tags":{"team":["8071","8391"],"league":["46"],"player":["266526"],"sport_events":[3560493]},"yoast_head":"<!-- This site is optimized with the Yoast SEO plugin v18.3 - https:\/\/yoast.com\/wordpress\/plugins\/seo\/ -->\n<title>Fans i chok over Viktor Fischer: &#039;Er han virkeligt s\u00e5 snot dum?&#039;<\/title>\n<meta name=\"description\" content=\"Viktor Fischer kan nok ikke prale af at have f\u00e5et en st\u00f8rre fanskare efter sin opf\u00f8rsel i g\u00e5rsdagens Superliga-kamp mod AGF\" \/>\n<meta name=\"robots\" content=\"index, follow, max-snippet:-1, max-image-preview:large, max-video-preview:-1\" \/>\n<link rel=\"canonical\" href=\"https:\/\/acefootball.com\/da\/fodboldnyheder\/fans-i-chok-over-viktor-fischer-er-han-virkeligt-saa-snot-dum\/\" \/>\n<meta property=\"og:locale\" content=\"en_US\" \/>\n<meta property=\"og:type\" content=\"article\" \/>\n<meta property=\"og:title\" content=\"Fans i chok over Viktor Fischer: &#039;Er han virkeligt s\u00e5 snot dum?&#039;\" \/>\n<meta property=\"og:description\" content=\"Viktor Fischer kan nok ikke prale af at have f\u00e5et en st\u00f8rre fanskare efter sin opf\u00f8rsel i g\u00e5rsdagens Superliga-kamp mod AGF\" \/>\n<meta property=\"og:url\" content=\"https:\/\/acefootball.com\/da\/fodboldnyheder\/fans-i-chok-over-viktor-fischer-er-han-virkeligt-saa-snot-dum\/\" \/>\n<meta property=\"og:site_name\" content=\"Ace Football Danmark\" \/>\n<meta property=\"article:publisher\" content=\"https:\/\/www.facebook.com\/acefootballdk\" \/>\n<meta property=\"article:published_time\" content=\"2021-04-26T06:49:36+00:00\" \/>\n<meta property=\"article:modified_time\" content=\"2021-04-26T07:04:54+00:00\" \/>\n<meta property=\"og:image\" content=\"https:\/\/acefootball.com\/da\/wp-content\/uploads\/sites\/2\/2021\/04\/Laes-mere-generel-58.jpg\" \/>\n\t<meta property=\"og:image:width\" content=\"1920\" \/>\n\t<meta property=\"og:image:height\" content=\"1008\" \/>\n\t<meta property=\"og:image:type\" content=\"image\/jpeg\" \/>\n<meta name=\"twitter:card\" content=\"summary_large_image\" \/>\n<meta name=\"twitter:label1\" content=\"Written by\" \/>\n\t<meta name=\"twitter:data1\" content=\"Patrick Hesselb\u00e6k\" \/>\n\t<meta name=\"twitter:label2\" content=\"Est. reading time\" \/>\n\t<meta name=\"twitter:data2\" content=\"3 minutes\" \/>\n<script type=\"application\/ld+json\" class=\"yoast-schema-graph\">{\"@context\":\"https:\/\/schema.org\",\"@graph\":[{\"@type\":\"Organization\",\"@id\":\"https:\/\/acefootball.com\/da\/#organization\",\"name\":\"Ace Football\",\"url\":\"https:\/\/acefootball.com\/da\/\",\"sameAs\":[\"https:\/\/www.facebook.com\/acefootballdk\"],\"logo\":{\"@type\":\"ImageObject\",\"@id\":\"https:\/\/acefootball.com\/da\/#logo\",\"inLanguage\":\"en-US\",\"url\":\"https:\/\/acefootball.com\/da\/wp-content\/uploads\/sites\/2\/2020\/07\/Ace-Football-30-07-2020-2.png\",\"contentUrl\":\"https:\/\/acefootball.com\/da\/wp-content\/uploads\/sites\/2\/2020\/07\/Ace-Football-30-07-2020-2.png\",\"width\":1200,\"height\":600,\"caption\":\"Ace Football\"},\"image\":{\"@id\":\"https:\/\/acefootball.com\/da\/#logo\"}},{\"@type\":\"WebSite\",\"@id\":\"https:\/\/acefootball.com\/da\/#website\",\"url\":\"https:\/\/acefootball.com\/da\/\",\"name\":\"Ace Football Danmark\",\"description\":\"Nyheder, Spiltips &amp; Livescore\",\"publisher\":{\"@id\":\"https:\/\/acefootball.com\/da\/#organization\"},\"potentialAction\":[{\"@type\":\"SearchAction\",\"target\":{\"@type\":\"EntryPoint\",\"urlTemplate\":\"https:\/\/acefootball.com\/da\/?s={search_term_string}\"},\"query-input\":\"required name=search_term_string\"}],\"inLanguage\":\"en-US\"},{\"@type\":\"ImageObject\",\"@id\":\"https:\/\/acefootball.com\/da\/fodboldnyheder\/fans-i-chok-over-viktor-fischer-er-han-virkeligt-saa-snot-dum\/#primaryimage\",\"inLanguage\":\"en-US\",\"url\":\"https:\/\/acefootball.com\/da\/wp-content\/uploads\/sites\/2\/2021\/04\/Laes-mere-generel-58.jpg\",\"contentUrl\":\"https:\/\/acefootball.com\/da\/wp-content\/uploads\/sites\/2\/2021\/04\/Laes-mere-generel-58.jpg\",\"width\":1920,\"height\":1008},{\"@type\":\"WebPage\",\"@id\":\"https:\/\/acefootball.com\/da\/fodboldnyheder\/fans-i-chok-over-viktor-fischer-er-han-virkeligt-saa-snot-dum\/#webpage\",\"url\":\"https:\/\/acefootball.com\/da\/fodboldnyheder\/fans-i-chok-over-viktor-fischer-er-han-virkeligt-saa-snot-dum\/\",\"name\":\"Fans i chok over Viktor Fischer: 'Er han virkeligt s\u00e5 snot dum?'\",\"isPartOf\":{\"@id\":\"https:\/\/acefootball.com\/da\/#website\"},\"primaryImageOfPage\":{\"@id\":\"https:\/\/acefootball.com\/da\/fodboldnyheder\/fans-i-chok-over-viktor-fischer-er-han-virkeligt-saa-snot-dum\/#primaryimage\"},\"datePublished\":\"2021-04-26T06:49:36+00:00\",\"dateModified\":\"2021-04-26T07:04:54+00:00\",\"description\":\"Viktor Fischer kan nok ikke prale af at have f\u00e5et en st\u00f8rre fanskare efter sin opf\u00f8rsel i g\u00e5rsdagens Superliga-kamp mod AGF\",\"breadcrumb\":{\"@id\":\"https:\/\/acefootball.com\/da\/fodboldnyheder\/fans-i-chok-over-viktor-fischer-er-han-virkeligt-saa-snot-dum\/#breadcrumb\"},\"inLanguage\":\"en-US\",\"potentialAction\":[{\"@type\":\"ReadAction\",\"target\":[\"https:\/\/acefootball.com\/da\/fodboldnyheder\/fans-i-chok-over-viktor-fischer-er-han-virkeligt-saa-snot-dum\/\"]}]},{\"@type\":\"BreadcrumbList\",\"@id\":\"https:\/\/acefootball.com\/da\/fodboldnyheder\/fans-i-chok-over-viktor-fischer-er-han-virkeligt-saa-snot-dum\/#breadcrumb\",\"itemListElement\":[{\"@type\":\"ListItem\",\"position\":1,\"name\":\"Home\",\"item\":\"https:\/\/acefootball.com\/da\/\"},{\"@type\":\"ListItem\",\"position\":2,\"name\":\"Fans i chok over Viktor Fischer: &#8216;Er han virkeligt s\u00e5 snot dum?&#8217;\"}]},{\"@type\":\"Article\",\"@id\":\"https:\/\/acefootball.com\/da\/fodboldnyheder\/fans-i-chok-over-viktor-fischer-er-han-virkeligt-saa-snot-dum\/#article\",\"isPartOf\":{\"@id\":\"https:\/\/acefootball.com\/da\/fodboldnyheder\/fans-i-chok-over-viktor-fischer-er-han-virkeligt-saa-snot-dum\/#webpage\"},\"author\":{\"@id\":\"https:\/\/acefootball.com\/da\/#\/schema\/person\/fd6223a1c033400b41da7853ddf88c84\"},\"headline\":\"Fans i chok over Viktor Fischer: &#8216;Er han virkeligt s\u00e5 snot dum?&#8217;\",\"datePublished\":\"2021-04-26T06:49:36+00:00\",\"dateModified\":\"2021-04-26T07:04:54+00:00\",\"mainEntityOfPage\":{\"@id\":\"https:\/\/acefootball.com\/da\/fodboldnyheder\/fans-i-chok-over-viktor-fischer-er-han-virkeligt-saa-snot-dum\/#webpage\"},\"wordCount\":276,\"commentCount\":0,\"publisher\":{\"@id\":\"https:\/\/acefootball.com\/da\/#organization\"},\"image\":{\"@id\":\"https:\/\/acefootball.com\/da\/fodboldnyheder\/fans-i-chok-over-viktor-fischer-er-han-virkeligt-saa-snot-dum\/#primaryimage\"},\"thumbnailUrl\":\"https:\/\/acefootball.com\/da\/wp-content\/uploads\/sites\/2\/2021\/02\/GettyImages-1231328683-1.jpg\",\"keywords\":[\"AGF\",\"FC K\u00f8benhavn\",\"Superligaen\",\"Viktor Fischer\"],\"articleSection\":[\"Reaktion\"],\"inLanguage\":\"en-US\",\"potentialAction\":[{\"@type\":\"CommentAction\",\"name\":\"Comment\",\"target\":[\"https:\/\/acefootball.com\/da\/fodboldnyheder\/fans-i-chok-over-viktor-fischer-er-han-virkeligt-saa-snot-dum\/#respond\"]}]},{\"@type\":\"Person\",\"@id\":\"https:\/\/acefootball.com\/da\/#\/schema\/person\/fd6223a1c033400b41da7853ddf88c84\",\"name\":\"Patrick Hesselb\u00e6k\",\"image\":{\"@type\":\"ImageObject\",\"@id\":\"https:\/\/acefootball.com\/da\/#personlogo\",\"inLanguage\":\"en-US\",\"url\":\"https:\/\/secure.gravatar.com\/avatar\/7919060992759bffbffb199d6cbdce6f?s=96&d=mm&r=g\",\"contentUrl\":\"https:\/\/secure.gravatar.com\/avatar\/7919060992759bffbffb199d6cbdce6f?s=96&d=mm&r=g\",\"caption\":\"Patrick Hesselb\u00e6k\"},\"description\":\"Redakt\u00f8r p\u00e5 den danske Ace Football-redaktion. Uddannet i kommunikation fra Aalborg Universitet. Prim\u00e6rt fokus p\u00e5 den danske 3F Superliga og de st\u00f8rste europ\u00e6iske turneringer.\",\"sameAs\":[\"https:\/\/www.linkedin.com\/in\/patrick-hesselbk-2a4b1711a\/\"],\"url\":\"https:\/\/acefootball.com\/da\/fodboldnyheder\/author\/patrickhesselbaek\/\"}]}<\/script>\n<!-- \/ Yoast SEO plugin. -->","yoast_head_json":{"title":"Fans i chok over Viktor Fischer: 'Er han virkeligt s\u00e5 snot dum?'","description":"Viktor Fischer kan nok ikke prale af at have f\u00e5et en st\u00f8rre fanskare efter sin opf\u00f8rsel i g\u00e5rsdagens Superliga-kamp mod AGF","robots":{"index":"index","follow":"follow","max-snippet":"max-snippet:-1","max-image-preview":"max-image-preview:large","max-video-preview":"max-video-preview:-1"},"canonical":"https:\/\/acefootball.com\/da\/fodboldnyheder\/fans-i-chok-over-viktor-fischer-er-han-virkeligt-saa-snot-dum\/","og_locale":"en_US","og_type":"article","og_title":"Fans i chok over Viktor Fischer: 'Er han virkeligt s\u00e5 snot dum?'","og_description":"Viktor Fischer kan nok ikke prale af at have f\u00e5et en st\u00f8rre fanskare efter sin opf\u00f8rsel i g\u00e5rsdagens Superliga-kamp mod AGF","og_url":"https:\/\/acefootball.com\/da\/fodboldnyheder\/fans-i-chok-over-viktor-fischer-er-han-virkeligt-saa-snot-dum\/","og_site_name":"Ace Football Danmark","article_publisher":"https:\/\/www.facebook.com\/acefootballdk","article_published_time":"2021-04-26T06:49:36+00:00","article_modified_time":"2021-04-26T07:04:54+00:00","og_image":[{"width":1920,"height":1008,"url":"https:\/\/acefootball.com\/da\/wp-content\/uploads\/sites\/2\/2021\/04\/Laes-mere-generel-58.jpg","type":"image\/jpeg"}],"twitter_card":"summary_large_image","twitter_misc":{"Written by":"Patrick Hesselb\u00e6k","Est. reading time":"3 minutes"},"schema":{"@context":"https:\/\/schema.org","@graph":[{"@type":"Organization","@id":"https:\/\/acefootball.com\/da\/#organization","name":"Ace Football","url":"https:\/\/acefootball.com\/da\/","sameAs":["https:\/\/www.facebook.com\/acefootballdk"],"logo":{"@type":"ImageObject","@id":"https:\/\/acefootball.com\/da\/#logo","inLanguage":"en-US","url":"https:\/\/acefootball.com\/da\/wp-content\/uploads\/sites\/2\/2020\/07\/Ace-Football-30-07-2020-2.png","contentUrl":"https:\/\/acefootball.com\/da\/wp-content\/uploads\/sites\/2\/2020\/07\/Ace-Football-30-07-2020-2.png","width":1200,"height":600,"caption":"Ace Football"},"image":{"@id":"https:\/\/acefootball.com\/da\/#logo"}},{"@type":"WebSite","@id":"https:\/\/acefootball.com\/da\/#website","url":"https:\/\/acefootball.com\/da\/","name":"Ace Football Danmark","description":"Nyheder, Spiltips &amp; Livescore","publisher":{"@id":"https:\/\/acefootball.com\/da\/#organization"},"potentialAction":[{"@type":"SearchAction","target":{"@type":"EntryPoint","urlTemplate":"https:\/\/acefootball.com\/da\/?s={search_term_string}"},"query-input":"required name=search_term_string"}],"inLanguage":"en-US"},{"@type":"ImageObject","@id":"https:\/\/acefootball.com\/da\/fodboldnyheder\/fans-i-chok-over-viktor-fischer-er-han-virkeligt-saa-snot-dum\/#primaryimage","inLanguage":"en-US","url":"https:\/\/acefootball.com\/da\/wp-content\/uploads\/sites\/2\/2021\/04\/Laes-mere-generel-58.jpg","contentUrl":"https:\/\/acefootball.com\/da\/wp-content\/uploads\/sites\/2\/2021\/04\/Laes-mere-generel-58.jpg","width":1920,"height":1008},{"@type":"WebPage","@id":"https:\/\/acefootball.com\/da\/fodboldnyheder\/fans-i-chok-over-viktor-fischer-er-han-virkeligt-saa-snot-dum\/#webpage","url":"https:\/\/acefootball.com\/da\/fodboldnyheder\/fans-i-chok-over-viktor-fischer-er-han-virkeligt-saa-snot-dum\/","name":"Fans i chok over Viktor Fischer: 'Er han virkeligt s\u00e5 snot dum?'","isPartOf":{"@id":"https:\/\/acefootball.com\/da\/#website"},"primaryImageOfPage":{"@id":"https:\/\/acefootball.com\/da\/fodboldnyheder\/fans-i-chok-over-viktor-fischer-er-han-virkeligt-saa-snot-dum\/#primaryimage"},"datePublished":"2021-04-26T06:49:36+00:00","dateModified":"2021-04-26T07:04:54+00:00","description":"Viktor Fischer kan nok ikke prale af at have f\u00e5et en st\u00f8rre fanskare efter sin opf\u00f8rsel i g\u00e5rsdagens Superliga-kamp mod AGF","breadcrumb":{"@id":"https:\/\/acefootball.com\/da\/fodboldnyheder\/fans-i-chok-over-viktor-fischer-er-han-virkeligt-saa-snot-dum\/#breadcrumb"},"inLanguage":"en-US","potentialAction":[{"@type":"ReadAction","target":["https:\/\/acefootball.com\/da\/fodboldnyheder\/fans-i-chok-over-viktor-fischer-er-han-virkeligt-saa-snot-dum\/"]}]},{"@type":"BreadcrumbList","@id":"https:\/\/acefootball.com\/da\/fodboldnyheder\/fans-i-chok-over-viktor-fischer-er-han-virkeligt-saa-snot-dum\/#breadcrumb","itemListElement":[{"@type":"ListItem","position":1,"name":"Home","item":"https:\/\/acefootball.com\/da\/"},{"@type":"ListItem","position":2,"name":"Fans i chok over Viktor Fischer: &#8216;Er han virkeligt s\u00e5 snot dum?&#8217;"}]},{"@type":"Article","@id":"https:\/\/acefootball.com\/da\/fodboldnyheder\/fans-i-chok-over-viktor-fischer-er-han-virkeligt-saa-snot-dum\/#article","isPartOf":{"@id":"https:\/\/acefootball.com\/da\/fodboldnyheder\/fans-i-chok-over-viktor-fischer-er-han-virkeligt-saa-snot-dum\/#webpage"},"author":{"@id":"https:\/\/acefootball.com\/da\/#\/schema\/person\/fd6223a1c033400b41da7853ddf88c84"},"headline":"Fans i chok over Viktor Fischer: &#8216;Er han virkeligt s\u00e5 snot dum?&#8217;","datePublished":"2021-04-26T06:49:36+00:00","dateModified":"2021-04-26T07:04:54+00:00","mainEntityOfPage":{"@id":"https:\/\/acefootball.com\/da\/fodboldnyheder\/fans-i-chok-over-viktor-fischer-er-han-virkeligt-saa-snot-dum\/#webpage"},"wordCount":276,"commentCount":0,"publisher":{"@id":"https:\/\/acefootball.com\/da\/#organization"},"image":{"@id":"https:\/\/acefootball.com\/da\/fodboldnyheder\/fans-i-chok-over-viktor-fischer-er-han-virkeligt-saa-snot-dum\/#primaryimage"},"thumbnailUrl":"https:\/\/acefootball.com\/da\/wp-content\/uploads\/sites\/2\/2021\/02\/GettyImages-1231328683-1.jpg","keywords":["AGF","FC K\u00f8benhavn","Superligaen","Viktor Fischer"],"articleSection":["Reaktion"],"inLanguage":"en-US","potentialAction":[{"@type":"CommentAction","name":"Comment","target":["https:\/\/acefootball.com\/da\/fodboldnyheder\/fans-i-chok-over-viktor-fischer-er-han-virkeligt-saa-snot-dum\/#respond"]}]},{"@type":"Person","@id":"https:\/\/acefootball.com\/da\/#\/schema\/person\/fd6223a1c033400b41da7853ddf88c84","name":"Patrick Hesselb\u00e6k","image":{"@type":"ImageObject","@id":"https:\/\/acefootball.com\/da\/#personlogo","inLanguage":"en-US","url":"https:\/\/secure.gravatar.com\/avatar\/7919060992759bffbffb199d6cbdce6f?s=96&d=mm&r=g","contentUrl":"https:\/\/secure.gravatar.com\/avatar\/7919060992759bffbffb199d6cbdce6f?s=96&d=mm&r=g","caption":"Patrick Hesselb\u00e6k"},"description":"Redakt\u00f8r p\u00e5 den danske Ace Football-redaktion. Uddannet i kommunikation fra Aalborg Universitet. Prim\u00e6rt fokus p\u00e5 den danske 3F Superliga og de st\u00f8rste europ\u00e6iske turneringer.","sameAs":["https:\/\/www.linkedin.com\/in\/patrick-hesselbk-2a4b1711a\/"],"url":"https:\/\/acefootball.com\/da\/fodboldnyheder\/author\/patrickhesselbaek\/"}]}},"fimg_url":"https:\/\/acefootball.com\/da\/wp-content\/uploads\/sites\/2\/2021\/02\/GettyImages-1231328683-1.jpg","_links":{"self":[{"href":"https:\/\/acefootball.com\/da\/wp-json\/wp\/v2\/posts\/257344"}],"collection":[{"href":"https:\/\/acefootball.com\/da\/wp-json\/wp\/v2\/posts"}],"about":[{"href":"https:\/\/acefootball.com\/da\/wp-json\/wp\/v2\/types\/post"}],"author":[{"embeddable":true,"href":"https:\/\/acefootball.com\/da\/wp-json\/wp\/v2\/users\/74"}],"replies":[{"embeddable":true,"href":"https:\/\/acefootball.com\/da\/wp-json\/wp\/v2\/comments?post=257344"}],"version-history":[{"count":0,"href":"https:\/\/acefootball.com\/da\/wp-json\/wp\/v2\/posts\/257344\/revisions"}],"wp:featuredmedia":[{"embeddable":true,"href":"https:\/\/acefootball.com\/da\/wp-json\/wp\/v2\/media\/252657"}],"wp:attachment":[{"href":"https:\/\/acefootball.com\/da\/wp-json\/wp\/v2\/media?parent=257344"}],"wp:term":[{"taxonomy":"category","embeddable":true,"href":"https:\/\/acefootball.com\/da\/wp-json\/wp\/v2\/categories?post=257344"},{"taxonomy":"post_tag","embeddable":true,"href":"https:\/\/acefootball.com\/da\/wp-json\/wp\/v2\/tags?post=257344"}],"curies":[{"name":"wp","href":"https:\/\/api.w.org\/{rel}","templated":true}]}}