{"id":257296,"date":"2021-04-24T15:35:42","date_gmt":"2021-04-24T13:35:42","guid":{"rendered":"https:\/\/acefootball.com\/da\/?p=257296"},"modified":"2021-04-24T15:35:43","modified_gmt":"2021-04-24T13:35:43","slug":"for-30-aar-siden-roma-deler-video-med-gammelt-broendby-brag","status":"publish","type":"post","link":"https:\/\/acefootball.com\/da\/fodboldnyheder\/for-30-aar-siden-roma-deler-video-med-gammelt-broendby-brag\/","title":{"rendered":"For 30 \u00e5r siden: Roma deler video med gammelt Br\u00f8ndby-brag"},"content":{"rendered":"\n<h2 id=\"h-as-roma-har-delt-en-video-p-sociale-medier-fra-europa-cup-semifinalen-mod-br-ndby-tilbage-i-1991-som-er-pr-cist-30-r-siden-i-dag\">AS Roma har delt en video p\u00e5 sociale medier fra Europa Cup-semifinalen mod Br\u00f8ndby tilbage i 1991, som er pr\u00e6cist 30 \u00e5r siden i dag<\/h2>\n\n\n\n<p>Denne l\u00f8rdag er det pr\u00e6cist 30 \u00e5r siden, at Br\u00f8ndby skulle fors\u00f8ge at spille sig i Europa Cup-finalen, da der ventede et returopg\u00f8r p\u00e5 udebane mod m\u00e6gtige AS Roma.<\/p>\n\n\n\n<p>F\u00f8rste kamp p\u00e5 Br\u00f8ndby Stadion endte 0-0, men man m\u00e5tte forlade turneringen efter at have tabt med 1-2 p\u00e5 det legendariske Olimpico i Rom.<\/p>\n\n\n\n<p>Nu har folket i Roma fundet videomateriale fra opg\u00f8ret frem og sendt det ud p\u00e5 sociale medier, hvor man efter en sky af r\u00f8g fra fansene kan se hjemmeholdets to m\u00e5l af Ruggiero Rizzitelli og Rudi V\u00f6ller.<\/p>\n\n\n\n<p>Br\u00f8ndbys m\u00e5l var et selvm\u00e5l af Sebastiano Nela.<\/p>\n\n\n\n<figure class=\"wp-block-embed is-type-rich is-provider-twitter wp-block-embed-twitter\"><div class=\"wp-block-embed__wrapper\">\n<blockquote class=\"twitter-tweet\" data-width=\"550\" data-dnt=\"true\"><p lang=\"it\" dir=\"ltr\">\ud83d\uddd3\ufe0f Oggi sono 30 anni da una vittoria meravigliosa, valsa l&#39;accesso alla finale di Coppa UEFA \ud83d\udc9b\u2764\ufe0f<a href=\"https:\/\/twitter.com\/hashtag\/ASRoma?src=hash&amp;ref_src=twsrc%5Etfw\">#ASRoma<\/a> <a href=\"https:\/\/t.co\/V9vrNJhVhl\">pic.twitter.com\/V9vrNJhVhl<\/a><\/p>&mdash; AS Roma (@OfficialASRoma) <a href=\"https:\/\/twitter.com\/OfficialASRoma\/status\/1385872887383576576?ref_src=twsrc%5Etfw\">April 24, 2021<\/a><\/blockquote><script async src=\"https:\/\/platform.twitter.com\/widgets.js\" charset=\"utf-8\"><\/script>\n<\/div><\/figure>\n\n\n\n<figure class=\"wp-block-embed is-type-wp-embed is-provider-ace-football-danmark wp-block-embed-ace-football-danmark\"><div class=\"wp-block-embed__wrapper\">\n<blockquote class=\"wp-embedded-content\" data-secret=\"wSUDi7kHLh\"><a href=\"https:\/\/acefootball.com\/da\/fodboldnyheder\/broendby-back-det-er-jo-en-wow-oplevelse\/\">Br\u00f8ndby-back: Det er jo en wow-oplevelse<\/a><\/blockquote><iframe class=\"wp-embedded-content\" sandbox=\"allow-scripts\" security=\"restricted\" style=\"position: absolute; clip: rect(1px, 1px, 1px, 1px);\" title=\"&#8220;Br\u00f8ndby-back: Det er jo en wow-oplevelse&#8221; &#8212; Ace Football Danmark\" src=\"https:\/\/acefootball.com\/da\/fodboldnyheder\/broendby-back-det-er-jo-en-wow-oplevelse\/embed\/#?secret=wSUDi7kHLh\" data-secret=\"wSUDi7kHLh\" width=\"600\" height=\"338\" frameborder=\"0\" marginwidth=\"0\" marginheight=\"0\" scrolling=\"no\"><\/iframe>\n<\/div><\/figure>\n","protected":false},"excerpt":{"rendered":"<p>AS Roma har delt en video p\u00e5 sociale medier fra Europa Cup-semifinalen mod Br\u00f8ndby tilbage i 1991, som er pr\u00e6cist 30 \u00e5r siden i dag<\/p>\n","protected":false},"author":705,"featured_media":257297,"comment_status":"open","ping_status":"closed","sticky":false,"template":"","format":"video","meta":{"om_disable_all_campaigns":false,"push_articles_ronaldo":{"active":false,"canonical":0,"publish":false},"force_updates":null},"categories":[8098],"tags":[82,53,131,588],"enet_tags":{"team":["8686","8595"],"league":["55","46"],"sport_events":[]},"yoast_head":"<!-- This site is optimized with the Yoast SEO plugin v18.3 - https:\/\/yoast.com\/wordpress\/plugins\/seo\/ -->\n<title>For 30 \u00e5r siden: Roma deler video med gammelt Br\u00f8ndby-brag<\/title>\n<meta name=\"description\" content=\"AS Roma har delt en video p\u00e5 sociale medier fra Europa Cup-semifinalen mod Br\u00f8ndby tilbage i 1991, som er pr\u00e6cist 30 \u00e5r siden i dag\" \/>\n<meta name=\"robots\" content=\"index, follow, max-snippet:-1, max-image-preview:large, max-video-preview:-1\" \/>\n<link rel=\"canonical\" href=\"https:\/\/acefootball.com\/da\/fodboldnyheder\/for-30-aar-siden-roma-deler-video-med-gammelt-broendby-brag\/\" \/>\n<meta property=\"og:locale\" content=\"en_US\" \/>\n<meta property=\"og:type\" content=\"article\" \/>\n<meta property=\"og:title\" content=\"For 30 \u00e5r siden: Roma deler video med gammelt Br\u00f8ndby-brag\" \/>\n<meta property=\"og:description\" content=\"AS Roma har delt en video p\u00e5 sociale medier fra Europa Cup-semifinalen mod Br\u00f8ndby tilbage i 1991, som er pr\u00e6cist 30 \u00e5r siden i dag\" \/>\n<meta property=\"og:url\" content=\"https:\/\/acefootball.com\/da\/fodboldnyheder\/for-30-aar-siden-roma-deler-video-med-gammelt-broendby-brag\/\" \/>\n<meta property=\"og:site_name\" content=\"Ace Football Danmark\" \/>\n<meta property=\"article:publisher\" content=\"https:\/\/www.facebook.com\/acefootballdk\" \/>\n<meta property=\"article:published_time\" content=\"2021-04-24T13:35:42+00:00\" \/>\n<meta property=\"article:modified_time\" content=\"2021-04-24T13:35:43+00:00\" \/>\n<meta property=\"og:image\" content=\"https:\/\/acefootball.com\/da\/wp-content\/uploads\/sites\/2\/2021\/04\/Video-generel-2021-04-24T153527.508.jpg\" \/>\n\t<meta property=\"og:image:width\" content=\"1920\" \/>\n\t<meta property=\"og:image:height\" content=\"1008\" \/>\n\t<meta property=\"og:image:type\" content=\"image\/jpeg\" \/>\n<meta name=\"twitter:card\" content=\"summary_large_image\" \/>\n<meta name=\"twitter:label1\" content=\"Written by\" \/>\n\t<meta name=\"twitter:data1\" content=\"Mads Dreyer\" \/>\n\t<meta name=\"twitter:label2\" content=\"Est. reading time\" \/>\n\t<meta name=\"twitter:data2\" content=\"1 minute\" \/>\n<script type=\"application\/ld+json\" class=\"yoast-schema-graph\">{\"@context\":\"https:\/\/schema.org\",\"@graph\":[{\"@type\":\"Organization\",\"@id\":\"https:\/\/acefootball.com\/da\/#organization\",\"name\":\"Ace Football\",\"url\":\"https:\/\/acefootball.com\/da\/\",\"sameAs\":[\"https:\/\/www.facebook.com\/acefootballdk\"],\"logo\":{\"@type\":\"ImageObject\",\"@id\":\"https:\/\/acefootball.com\/da\/#logo\",\"inLanguage\":\"en-US\",\"url\":\"https:\/\/acefootball.com\/da\/wp-content\/uploads\/sites\/2\/2020\/07\/Ace-Football-30-07-2020-2.png\",\"contentUrl\":\"https:\/\/acefootball.com\/da\/wp-content\/uploads\/sites\/2\/2020\/07\/Ace-Football-30-07-2020-2.png\",\"width\":1200,\"height\":600,\"caption\":\"Ace Football\"},\"image\":{\"@id\":\"https:\/\/acefootball.com\/da\/#logo\"}},{\"@type\":\"WebSite\",\"@id\":\"https:\/\/acefootball.com\/da\/#website\",\"url\":\"https:\/\/acefootball.com\/da\/\",\"name\":\"Ace Football Danmark\",\"description\":\"Nyheder, Spiltips &amp; Livescore\",\"publisher\":{\"@id\":\"https:\/\/acefootball.com\/da\/#organization\"},\"potentialAction\":[{\"@type\":\"SearchAction\",\"target\":{\"@type\":\"EntryPoint\",\"urlTemplate\":\"https:\/\/acefootball.com\/da\/?s={search_term_string}\"},\"query-input\":\"required name=search_term_string\"}],\"inLanguage\":\"en-US\"},{\"@type\":\"ImageObject\",\"@id\":\"https:\/\/acefootball.com\/da\/fodboldnyheder\/for-30-aar-siden-roma-deler-video-med-gammelt-broendby-brag\/#primaryimage\",\"inLanguage\":\"en-US\",\"url\":\"https:\/\/acefootball.com\/da\/wp-content\/uploads\/sites\/2\/2021\/04\/Video-generel-2021-04-24T153527.508.jpg\",\"contentUrl\":\"https:\/\/acefootball.com\/da\/wp-content\/uploads\/sites\/2\/2021\/04\/Video-generel-2021-04-24T153527.508.jpg\",\"width\":1920,\"height\":1008},{\"@type\":\"WebPage\",\"@id\":\"https:\/\/acefootball.com\/da\/fodboldnyheder\/for-30-aar-siden-roma-deler-video-med-gammelt-broendby-brag\/#webpage\",\"url\":\"https:\/\/acefootball.com\/da\/fodboldnyheder\/for-30-aar-siden-roma-deler-video-med-gammelt-broendby-brag\/\",\"name\":\"For 30 \u00e5r siden: Roma deler video med gammelt Br\u00f8ndby-brag\",\"isPartOf\":{\"@id\":\"https:\/\/acefootball.com\/da\/#website\"},\"primaryImageOfPage\":{\"@id\":\"https:\/\/acefootball.com\/da\/fodboldnyheder\/for-30-aar-siden-roma-deler-video-med-gammelt-broendby-brag\/#primaryimage\"},\"datePublished\":\"2021-04-24T13:35:42+00:00\",\"dateModified\":\"2021-04-24T13:35:43+00:00\",\"description\":\"AS Roma har delt en video p\u00e5 sociale medier fra Europa Cup-semifinalen mod Br\u00f8ndby tilbage i 1991, som er pr\u00e6cist 30 \u00e5r siden i dag\",\"breadcrumb\":{\"@id\":\"https:\/\/acefootball.com\/da\/fodboldnyheder\/for-30-aar-siden-roma-deler-video-med-gammelt-broendby-brag\/#breadcrumb\"},\"inLanguage\":\"en-US\",\"potentialAction\":[{\"@type\":\"ReadAction\",\"target\":[\"https:\/\/acefootball.com\/da\/fodboldnyheder\/for-30-aar-siden-roma-deler-video-med-gammelt-broendby-brag\/\"]}]},{\"@type\":\"BreadcrumbList\",\"@id\":\"https:\/\/acefootball.com\/da\/fodboldnyheder\/for-30-aar-siden-roma-deler-video-med-gammelt-broendby-brag\/#breadcrumb\",\"itemListElement\":[{\"@type\":\"ListItem\",\"position\":1,\"name\":\"Home\",\"item\":\"https:\/\/acefootball.com\/da\/\"},{\"@type\":\"ListItem\",\"position\":2,\"name\":\"For 30 \u00e5r siden: Roma deler video med gammelt Br\u00f8ndby-brag\"}]},{\"@type\":\"Article\",\"@id\":\"https:\/\/acefootball.com\/da\/fodboldnyheder\/for-30-aar-siden-roma-deler-video-med-gammelt-broendby-brag\/#article\",\"isPartOf\":{\"@id\":\"https:\/\/acefootball.com\/da\/fodboldnyheder\/for-30-aar-siden-roma-deler-video-med-gammelt-broendby-brag\/#webpage\"},\"author\":{\"@id\":\"https:\/\/acefootball.com\/da\/#\/schema\/person\/ee67e9cf04a276f144100ffa722f10cd\"},\"headline\":\"For 30 \u00e5r siden: Roma deler video med gammelt Br\u00f8ndby-brag\",\"datePublished\":\"2021-04-24T13:35:42+00:00\",\"dateModified\":\"2021-04-24T13:35:43+00:00\",\"mainEntityOfPage\":{\"@id\":\"https:\/\/acefootball.com\/da\/fodboldnyheder\/for-30-aar-siden-roma-deler-video-med-gammelt-broendby-brag\/#webpage\"},\"wordCount\":159,\"commentCount\":0,\"publisher\":{\"@id\":\"https:\/\/acefootball.com\/da\/#organization\"},\"image\":{\"@id\":\"https:\/\/acefootball.com\/da\/fodboldnyheder\/for-30-aar-siden-roma-deler-video-med-gammelt-broendby-brag\/#primaryimage\"},\"thumbnailUrl\":\"https:\/\/acefootball.com\/da\/wp-content\/uploads\/sites\/2\/2021\/04\/Untitled-design-87.jpg\",\"keywords\":[\"AS Roma\",\"Br\u00f8ndby IF\",\"Serie A\",\"Superligaen\"],\"articleSection\":[\"Video\"],\"inLanguage\":\"en-US\",\"potentialAction\":[{\"@type\":\"CommentAction\",\"name\":\"Comment\",\"target\":[\"https:\/\/acefootball.com\/da\/fodboldnyheder\/for-30-aar-siden-roma-deler-video-med-gammelt-broendby-brag\/#respond\"]}]},{\"@type\":\"Person\",\"@id\":\"https:\/\/acefootball.com\/da\/#\/schema\/person\/ee67e9cf04a276f144100ffa722f10cd\",\"name\":\"Mads Dreyer\",\"image\":{\"@type\":\"ImageObject\",\"@id\":\"https:\/\/acefootball.com\/da\/#personlogo\",\"inLanguage\":\"en-US\",\"url\":\"https:\/\/secure.gravatar.com\/avatar\/7c7abf72cfde9902b6a60efe60c88d4c?s=96&d=mm&r=g\",\"contentUrl\":\"https:\/\/secure.gravatar.com\/avatar\/7c7abf72cfde9902b6a60efe60c88d4c?s=96&d=mm&r=g\",\"caption\":\"Mads Dreyer\"},\"description\":\"Skribent og fodboldn\u00f8rd, der lige nu fort\u00e6ller om alt og intet i fodboldverdenen p\u00e5 acefootball.com. Uddannet i kommunikation fra Aalborg Universitet.\",\"sameAs\":[\"https:\/\/www.linkedin.com\/in\/mads-dreyer-b9b08266\/\"],\"url\":\"https:\/\/acefootball.com\/da\/fodboldnyheder\/author\/mdnronaldo\/\"}]}<\/script>\n<!-- \/ Yoast SEO plugin. -->","yoast_head_json":{"title":"For 30 \u00e5r siden: Roma deler video med gammelt Br\u00f8ndby-brag","description":"AS Roma har delt en video p\u00e5 sociale medier fra Europa Cup-semifinalen mod Br\u00f8ndby tilbage i 1991, som er pr\u00e6cist 30 \u00e5r siden i dag","robots":{"index":"index","follow":"follow","max-snippet":"max-snippet:-1","max-image-preview":"max-image-preview:large","max-video-preview":"max-video-preview:-1"},"canonical":"https:\/\/acefootball.com\/da\/fodboldnyheder\/for-30-aar-siden-roma-deler-video-med-gammelt-broendby-brag\/","og_locale":"en_US","og_type":"article","og_title":"For 30 \u00e5r siden: Roma deler video med gammelt Br\u00f8ndby-brag","og_description":"AS Roma har delt en video p\u00e5 sociale medier fra Europa Cup-semifinalen mod Br\u00f8ndby tilbage i 1991, som er pr\u00e6cist 30 \u00e5r siden i dag","og_url":"https:\/\/acefootball.com\/da\/fodboldnyheder\/for-30-aar-siden-roma-deler-video-med-gammelt-broendby-brag\/","og_site_name":"Ace Football Danmark","article_publisher":"https:\/\/www.facebook.com\/acefootballdk","article_published_time":"2021-04-24T13:35:42+00:00","article_modified_time":"2021-04-24T13:35:43+00:00","og_image":[{"width":1920,"height":1008,"url":"https:\/\/acefootball.com\/da\/wp-content\/uploads\/sites\/2\/2021\/04\/Video-generel-2021-04-24T153527.508.jpg","type":"image\/jpeg"}],"twitter_card":"summary_large_image","twitter_misc":{"Written by":"Mads Dreyer","Est. reading time":"1 minute"},"schema":{"@context":"https:\/\/schema.org","@graph":[{"@type":"Organization","@id":"https:\/\/acefootball.com\/da\/#organization","name":"Ace Football","url":"https:\/\/acefootball.com\/da\/","sameAs":["https:\/\/www.facebook.com\/acefootballdk"],"logo":{"@type":"ImageObject","@id":"https:\/\/acefootball.com\/da\/#logo","inLanguage":"en-US","url":"https:\/\/acefootball.com\/da\/wp-content\/uploads\/sites\/2\/2020\/07\/Ace-Football-30-07-2020-2.png","contentUrl":"https:\/\/acefootball.com\/da\/wp-content\/uploads\/sites\/2\/2020\/07\/Ace-Football-30-07-2020-2.png","width":1200,"height":600,"caption":"Ace Football"},"image":{"@id":"https:\/\/acefootball.com\/da\/#logo"}},{"@type":"WebSite","@id":"https:\/\/acefootball.com\/da\/#website","url":"https:\/\/acefootball.com\/da\/","name":"Ace Football Danmark","description":"Nyheder, Spiltips &amp; Livescore","publisher":{"@id":"https:\/\/acefootball.com\/da\/#organization"},"potentialAction":[{"@type":"SearchAction","target":{"@type":"EntryPoint","urlTemplate":"https:\/\/acefootball.com\/da\/?s={search_term_string}"},"query-input":"required name=search_term_string"}],"inLanguage":"en-US"},{"@type":"ImageObject","@id":"https:\/\/acefootball.com\/da\/fodboldnyheder\/for-30-aar-siden-roma-deler-video-med-gammelt-broendby-brag\/#primaryimage","inLanguage":"en-US","url":"https:\/\/acefootball.com\/da\/wp-content\/uploads\/sites\/2\/2021\/04\/Video-generel-2021-04-24T153527.508.jpg","contentUrl":"https:\/\/acefootball.com\/da\/wp-content\/uploads\/sites\/2\/2021\/04\/Video-generel-2021-04-24T153527.508.jpg","width":1920,"height":1008},{"@type":"WebPage","@id":"https:\/\/acefootball.com\/da\/fodboldnyheder\/for-30-aar-siden-roma-deler-video-med-gammelt-broendby-brag\/#webpage","url":"https:\/\/acefootball.com\/da\/fodboldnyheder\/for-30-aar-siden-roma-deler-video-med-gammelt-broendby-brag\/","name":"For 30 \u00e5r siden: Roma deler video med gammelt Br\u00f8ndby-brag","isPartOf":{"@id":"https:\/\/acefootball.com\/da\/#website"},"primaryImageOfPage":{"@id":"https:\/\/acefootball.com\/da\/fodboldnyheder\/for-30-aar-siden-roma-deler-video-med-gammelt-broendby-brag\/#primaryimage"},"datePublished":"2021-04-24T13:35:42+00:00","dateModified":"2021-04-24T13:35:43+00:00","description":"AS Roma har delt en video p\u00e5 sociale medier fra Europa Cup-semifinalen mod Br\u00f8ndby tilbage i 1991, som er pr\u00e6cist 30 \u00e5r siden i dag","breadcrumb":{"@id":"https:\/\/acefootball.com\/da\/fodboldnyheder\/for-30-aar-siden-roma-deler-video-med-gammelt-broendby-brag\/#breadcrumb"},"inLanguage":"en-US","potentialAction":[{"@type":"ReadAction","target":["https:\/\/acefootball.com\/da\/fodboldnyheder\/for-30-aar-siden-roma-deler-video-med-gammelt-broendby-brag\/"]}]},{"@type":"BreadcrumbList","@id":"https:\/\/acefootball.com\/da\/fodboldnyheder\/for-30-aar-siden-roma-deler-video-med-gammelt-broendby-brag\/#breadcrumb","itemListElement":[{"@type":"ListItem","position":1,"name":"Home","item":"https:\/\/acefootball.com\/da\/"},{"@type":"ListItem","position":2,"name":"For 30 \u00e5r siden: Roma deler video med gammelt Br\u00f8ndby-brag"}]},{"@type":"Article","@id":"https:\/\/acefootball.com\/da\/fodboldnyheder\/for-30-aar-siden-roma-deler-video-med-gammelt-broendby-brag\/#article","isPartOf":{"@id":"https:\/\/acefootball.com\/da\/fodboldnyheder\/for-30-aar-siden-roma-deler-video-med-gammelt-broendby-brag\/#webpage"},"author":{"@id":"https:\/\/acefootball.com\/da\/#\/schema\/person\/ee67e9cf04a276f144100ffa722f10cd"},"headline":"For 30 \u00e5r siden: Roma deler video med gammelt Br\u00f8ndby-brag","datePublished":"2021-04-24T13:35:42+00:00","dateModified":"2021-04-24T13:35:43+00:00","mainEntityOfPage":{"@id":"https:\/\/acefootball.com\/da\/fodboldnyheder\/for-30-aar-siden-roma-deler-video-med-gammelt-broendby-brag\/#webpage"},"wordCount":159,"commentCount":0,"publisher":{"@id":"https:\/\/acefootball.com\/da\/#organization"},"image":{"@id":"https:\/\/acefootball.com\/da\/fodboldnyheder\/for-30-aar-siden-roma-deler-video-med-gammelt-broendby-brag\/#primaryimage"},"thumbnailUrl":"https:\/\/acefootball.com\/da\/wp-content\/uploads\/sites\/2\/2021\/04\/Untitled-design-87.jpg","keywords":["AS Roma","Br\u00f8ndby IF","Serie A","Superligaen"],"articleSection":["Video"],"inLanguage":"en-US","potentialAction":[{"@type":"CommentAction","name":"Comment","target":["https:\/\/acefootball.com\/da\/fodboldnyheder\/for-30-aar-siden-roma-deler-video-med-gammelt-broendby-brag\/#respond"]}]},{"@type":"Person","@id":"https:\/\/acefootball.com\/da\/#\/schema\/person\/ee67e9cf04a276f144100ffa722f10cd","name":"Mads Dreyer","image":{"@type":"ImageObject","@id":"https:\/\/acefootball.com\/da\/#personlogo","inLanguage":"en-US","url":"https:\/\/secure.gravatar.com\/avatar\/7c7abf72cfde9902b6a60efe60c88d4c?s=96&d=mm&r=g","contentUrl":"https:\/\/secure.gravatar.com\/avatar\/7c7abf72cfde9902b6a60efe60c88d4c?s=96&d=mm&r=g","caption":"Mads Dreyer"},"description":"Skribent og fodboldn\u00f8rd, der lige nu fort\u00e6ller om alt og intet i fodboldverdenen p\u00e5 acefootball.com. Uddannet i kommunikation fra Aalborg Universitet.","sameAs":["https:\/\/www.linkedin.com\/in\/mads-dreyer-b9b08266\/"],"url":"https:\/\/acefootball.com\/da\/fodboldnyheder\/author\/mdnronaldo\/"}]}},"fimg_url":"https:\/\/acefootball.com\/da\/wp-content\/uploads\/sites\/2\/2021\/04\/Untitled-design-87.jpg","_links":{"self":[{"href":"https:\/\/acefootball.com\/da\/wp-json\/wp\/v2\/posts\/257296"}],"collection":[{"href":"https:\/\/acefootball.com\/da\/wp-json\/wp\/v2\/posts"}],"about":[{"href":"https:\/\/acefootball.com\/da\/wp-json\/wp\/v2\/types\/post"}],"author":[{"embeddable":true,"href":"https:\/\/acefootball.com\/da\/wp-json\/wp\/v2\/users\/705"}],"replies":[{"embeddable":true,"href":"https:\/\/acefootball.com\/da\/wp-json\/wp\/v2\/comments?post=257296"}],"version-history":[{"count":0,"href":"https:\/\/acefootball.com\/da\/wp-json\/wp\/v2\/posts\/257296\/revisions"}],"wp:featuredmedia":[{"embeddable":true,"href":"https:\/\/acefootball.com\/da\/wp-json\/wp\/v2\/media\/257297"}],"wp:attachment":[{"href":"https:\/\/acefootball.com\/da\/wp-json\/wp\/v2\/media?parent=257296"}],"wp:term":[{"taxonomy":"category","embeddable":true,"href":"https:\/\/acefootball.com\/da\/wp-json\/wp\/v2\/categories?post=257296"},{"taxonomy":"post_tag","embeddable":true,"href":"https:\/\/acefootball.com\/da\/wp-json\/wp\/v2\/tags?post=257296"}],"curies":[{"name":"wp","href":"https:\/\/api.w.org\/{rel}","templated":true}]}}