{"id":257293,"date":"2021-04-24T14:24:21","date_gmt":"2021-04-24T12:24:21","guid":{"rendered":"https:\/\/acefootball.com\/da\/?p=257293"},"modified":"2021-04-24T14:24:22","modified_gmt":"2021-04-24T12:24:22","slug":"wind-kommentar-skaber-reaktion-fra-fck-fans-skruen-uden-ende","status":"publish","type":"post","link":"https:\/\/acefootball.com\/da\/fodboldnyheder\/wind-kommentar-skaber-reaktion-fra-fck-fans-skruen-uden-ende\/","title":{"rendered":"Wind-kommentar skaber reaktion fra FCK-fans: Skruen uden ende"},"content":{"rendered":"\n<h2 id=\"h-jonas-wind-kalder-p-en-trodsreaktion-til-s-ndagens-kamp-mod-agf-men-det-er-noget-flere-fck-fans-har-h-rt-f-r\">Jonas Wind kalder p\u00e5 en trodsreaktion til s\u00f8ndagens kamp mod AGF, men det er noget, flere FCK-fans har h\u00f8rt f\u00f8r<\/h2>\n\n\n\n<p>FC K\u00f8benhavn fik endnu en gang \u00f8rene i maskinen mod FC Midtjylland, da man tabte torsdagens opg\u00f8r med hele 1-4.<\/p>\n\n\n\n<p>Det har f\u00e5et Jonas Wind til at hanke op i holdkammeraterne for at skabe en trodsreaktion i s\u00f8ndagens udekamp mod AGF.<\/p>\n\n\n\n<p>&#8220;Det var under al kritik, det vi pr\u00e6sterede mod FC Midtjylland, og selvf\u00f8lgelig har vi snakket tingene igennem i truppen. Jeg forventer, at man kan se en trodsreaktion i morgen, og vi er i hvert fald meget opsatte p\u00e5 at g\u00e5 ud og bevise, at vi er meget bedre end det niveau, vi viste i torsdags,&#8221; udtaler Wind p\u00e5 klubbens <a href=\"https:\/\/www.fck.dk\/nyhed\/jonas-foer-agf-forventer-en-trodsreaktion\" target=\"_blank\" rel=\"noreferrer noopener\">hjemmeside<\/a>.<\/p>\n\n\n\n<p>Kommentaren har dog givet flere FCK-fans en form for deja vu, da det ikke er f\u00f8rste gang en lignende melding er kommet efter et sm\u00e6deligt nederlag.<\/p>\n\n\n\n<p>Du kan se nogle af reaktionerne her:<\/p>\n\n\n\n<figure class=\"wp-block-embed is-type-rich is-provider-twitter wp-block-embed-twitter\"><div class=\"wp-block-embed__wrapper\">\n<blockquote class=\"twitter-tweet\" data-width=\"550\" data-dnt=\"true\"><p lang=\"da\" dir=\"ltr\">Vi har tabt 8 kampe i ligaen, tabt til et h\u00e5bl\u00f8st kroatisk hold i UEL og r\u00f8g ud af pokalturneringen f\u00f8r den n\u00e6rmest begyndte. Vi har n\u00e6rmest konstant jagtet en trodsreaktion og selvom den er kommet, har den varet \u00e9n eller to kampe afl\u00f8st af endnu et nederlag. Skruen uden ende&#8230;<\/p>&mdash; Martin (@MartinFjordlund) <a href=\"https:\/\/twitter.com\/MartinFjordlund\/status\/1385922726565646339?ref_src=twsrc%5Etfw\">April 24, 2021<\/a><\/blockquote><script async src=\"https:\/\/platform.twitter.com\/widgets.js\" charset=\"utf-8\"><\/script>\n<\/div><\/figure>\n\n\n\n<figure class=\"wp-block-embed is-type-rich is-provider-twitter wp-block-embed-twitter\"><div class=\"wp-block-embed__wrapper\">\n<blockquote class=\"twitter-tweet\" data-width=\"550\" data-dnt=\"true\"><p lang=\"da\" dir=\"ltr\">Endnu en trodsreaktion&#8230; \ud83d\ude04<\/p>&mdash; Mathias (@Mathias_KBH) <a href=\"https:\/\/twitter.com\/Mathias_KBH\/status\/1385921701708455937?ref_src=twsrc%5Etfw\">April 24, 2021<\/a><\/blockquote><script async src=\"https:\/\/platform.twitter.com\/widgets.js\" charset=\"utf-8\"><\/script>\n<\/div><\/figure>\n\n\n\n<figure class=\"wp-block-embed is-type-rich is-provider-twitter wp-block-embed-twitter\"><div class=\"wp-block-embed__wrapper\">\n<blockquote class=\"twitter-tweet\" data-width=\"550\" data-dnt=\"true\"><p lang=\"da\" dir=\"ltr\">\u201cTrodsreaktion, skyde brystet frem, nu skal vi vise\u201d. Hvor mange gange har vi efterh\u00e5nden h\u00f8rt den sang gennem det sidste \u00e5rs tid plus det l\u00f8se? Det kunne v\u00e6re rart hvis de bare gjorde det i stedet for at snakke om det.<\/p>&mdash; Leivur Christensen (@InItForTheLols) <a href=\"https:\/\/twitter.com\/InItForTheLols\/status\/1385926077621710853?ref_src=twsrc%5Etfw\">April 24, 2021<\/a><\/blockquote><script async src=\"https:\/\/platform.twitter.com\/widgets.js\" charset=\"utf-8\"><\/script>\n<\/div><\/figure>\n\n\n\n<figure class=\"wp-block-embed is-type-wp-embed is-provider-ace-football-danmark wp-block-embed-ace-football-danmark\"><div class=\"wp-block-embed__wrapper\">\n<blockquote class=\"wp-embedded-content\" data-secret=\"dd3kaEGGk5\"><a href=\"https:\/\/acefootball.com\/da\/fodboldnyheder\/de-10-seneste-vindere-af-aarets-u21-spiller-i-danmark-hvor-er-de-i-dag\/\">De 10 seneste vindere af \u00c5rets U21-spiller i Danmark: Hvor er de i dag?<\/a><\/blockquote><iframe class=\"wp-embedded-content\" sandbox=\"allow-scripts\" security=\"restricted\" style=\"position: absolute; clip: rect(1px, 1px, 1px, 1px);\" title=\"&#8220;De 10 seneste vindere af \u00c5rets U21-spiller i Danmark: Hvor er de i dag?&#8221; &#8212; Ace Football Danmark\" src=\"https:\/\/acefootball.com\/da\/fodboldnyheder\/de-10-seneste-vindere-af-aarets-u21-spiller-i-danmark-hvor-er-de-i-dag\/embed\/#?secret=dd3kaEGGk5\" data-secret=\"dd3kaEGGk5\" width=\"600\" height=\"338\" frameborder=\"0\" marginwidth=\"0\" marginheight=\"0\" scrolling=\"no\"><\/iframe>\n<\/div><\/figure>\n","protected":false},"excerpt":{"rendered":"<p>Jonas Wind kalder p\u00e5 en trodsreaktion til s\u00f8ndagens kamp mod AGF, men det er noget, flere FCK-fans har h\u00f8rt f\u00f8r<\/p>\n","protected":false},"author":705,"featured_media":244185,"comment_status":"open","ping_status":"closed","sticky":false,"template":"","format":"standard","meta":{"om_disable_all_campaigns":false,"push_articles_ronaldo":{"active":false,"canonical":0,"publish":false},"force_updates":null},"categories":[8060],"tags":[16,2167,588],"enet_tags":{"team":["8391"],"player":["889785"],"league":["46"],"sport_events":[]},"yoast_head":"<!-- This site is optimized with the Yoast SEO plugin v18.3 - https:\/\/yoast.com\/wordpress\/plugins\/seo\/ -->\n<title>Wind-kommentar skaber reaktion fra FCK-fans: Skruen uden ende<\/title>\n<meta name=\"description\" content=\"Jonas Wind kalder p\u00e5 en trodsreaktion til s\u00f8ndagens kamp mod AGF, men det er noget, flere FCK-fans har h\u00f8rt f\u00f8r\" \/>\n<meta name=\"robots\" content=\"index, follow, max-snippet:-1, max-image-preview:large, max-video-preview:-1\" \/>\n<link rel=\"canonical\" href=\"https:\/\/acefootball.com\/da\/fodboldnyheder\/wind-kommentar-skaber-reaktion-fra-fck-fans-skruen-uden-ende\/\" \/>\n<meta property=\"og:locale\" content=\"en_US\" \/>\n<meta property=\"og:type\" content=\"article\" \/>\n<meta property=\"og:title\" content=\"Wind-kommentar skaber reaktion fra FCK-fans: Skruen uden ende\" \/>\n<meta property=\"og:description\" content=\"Jonas Wind kalder p\u00e5 en trodsreaktion til s\u00f8ndagens kamp mod AGF, men det er noget, flere FCK-fans har h\u00f8rt f\u00f8r\" \/>\n<meta property=\"og:url\" content=\"https:\/\/acefootball.com\/da\/fodboldnyheder\/wind-kommentar-skaber-reaktion-fra-fck-fans-skruen-uden-ende\/\" \/>\n<meta property=\"og:site_name\" content=\"Ace Football Danmark\" \/>\n<meta property=\"article:publisher\" content=\"https:\/\/www.facebook.com\/acefootballdk\" \/>\n<meta property=\"article:published_time\" content=\"2021-04-24T12:24:21+00:00\" \/>\n<meta property=\"article:modified_time\" content=\"2021-04-24T12:24:22+00:00\" \/>\n<meta property=\"og:image\" content=\"https:\/\/acefootball.com\/da\/wp-content\/uploads\/sites\/2\/2020\/11\/FCK-4-5.jpg\" \/>\n\t<meta property=\"og:image:width\" content=\"1920\" \/>\n\t<meta property=\"og:image:height\" content=\"1008\" \/>\n\t<meta property=\"og:image:type\" content=\"image\/jpeg\" \/>\n<meta name=\"twitter:card\" content=\"summary_large_image\" \/>\n<meta name=\"twitter:label1\" content=\"Written by\" \/>\n\t<meta name=\"twitter:data1\" content=\"Mads Dreyer\" \/>\n\t<meta name=\"twitter:label2\" content=\"Est. reading time\" \/>\n\t<meta name=\"twitter:data2\" content=\"1 minute\" \/>\n<script type=\"application\/ld+json\" class=\"yoast-schema-graph\">{\"@context\":\"https:\/\/schema.org\",\"@graph\":[{\"@type\":\"Organization\",\"@id\":\"https:\/\/acefootball.com\/da\/#organization\",\"name\":\"Ace Football\",\"url\":\"https:\/\/acefootball.com\/da\/\",\"sameAs\":[\"https:\/\/www.facebook.com\/acefootballdk\"],\"logo\":{\"@type\":\"ImageObject\",\"@id\":\"https:\/\/acefootball.com\/da\/#logo\",\"inLanguage\":\"en-US\",\"url\":\"https:\/\/acefootball.com\/da\/wp-content\/uploads\/sites\/2\/2020\/07\/Ace-Football-30-07-2020-2.png\",\"contentUrl\":\"https:\/\/acefootball.com\/da\/wp-content\/uploads\/sites\/2\/2020\/07\/Ace-Football-30-07-2020-2.png\",\"width\":1200,\"height\":600,\"caption\":\"Ace Football\"},\"image\":{\"@id\":\"https:\/\/acefootball.com\/da\/#logo\"}},{\"@type\":\"WebSite\",\"@id\":\"https:\/\/acefootball.com\/da\/#website\",\"url\":\"https:\/\/acefootball.com\/da\/\",\"name\":\"Ace Football Danmark\",\"description\":\"Nyheder, Spiltips &amp; Livescore\",\"publisher\":{\"@id\":\"https:\/\/acefootball.com\/da\/#organization\"},\"potentialAction\":[{\"@type\":\"SearchAction\",\"target\":{\"@type\":\"EntryPoint\",\"urlTemplate\":\"https:\/\/acefootball.com\/da\/?s={search_term_string}\"},\"query-input\":\"required name=search_term_string\"}],\"inLanguage\":\"en-US\"},{\"@type\":\"ImageObject\",\"@id\":\"https:\/\/acefootball.com\/da\/fodboldnyheder\/wind-kommentar-skaber-reaktion-fra-fck-fans-skruen-uden-ende\/#primaryimage\",\"inLanguage\":\"en-US\",\"url\":\"https:\/\/acefootball.com\/da\/wp-content\/uploads\/sites\/2\/2020\/11\/FCK-4-5.jpg\",\"contentUrl\":\"https:\/\/acefootball.com\/da\/wp-content\/uploads\/sites\/2\/2020\/11\/FCK-4-5.jpg\",\"width\":1920,\"height\":1008},{\"@type\":\"WebPage\",\"@id\":\"https:\/\/acefootball.com\/da\/fodboldnyheder\/wind-kommentar-skaber-reaktion-fra-fck-fans-skruen-uden-ende\/#webpage\",\"url\":\"https:\/\/acefootball.com\/da\/fodboldnyheder\/wind-kommentar-skaber-reaktion-fra-fck-fans-skruen-uden-ende\/\",\"name\":\"Wind-kommentar skaber reaktion fra FCK-fans: Skruen uden ende\",\"isPartOf\":{\"@id\":\"https:\/\/acefootball.com\/da\/#website\"},\"primaryImageOfPage\":{\"@id\":\"https:\/\/acefootball.com\/da\/fodboldnyheder\/wind-kommentar-skaber-reaktion-fra-fck-fans-skruen-uden-ende\/#primaryimage\"},\"datePublished\":\"2021-04-24T12:24:21+00:00\",\"dateModified\":\"2021-04-24T12:24:22+00:00\",\"description\":\"Jonas Wind kalder p\u00e5 en trodsreaktion til s\u00f8ndagens kamp mod AGF, men det er noget, flere FCK-fans har h\u00f8rt f\u00f8r\",\"breadcrumb\":{\"@id\":\"https:\/\/acefootball.com\/da\/fodboldnyheder\/wind-kommentar-skaber-reaktion-fra-fck-fans-skruen-uden-ende\/#breadcrumb\"},\"inLanguage\":\"en-US\",\"potentialAction\":[{\"@type\":\"ReadAction\",\"target\":[\"https:\/\/acefootball.com\/da\/fodboldnyheder\/wind-kommentar-skaber-reaktion-fra-fck-fans-skruen-uden-ende\/\"]}]},{\"@type\":\"BreadcrumbList\",\"@id\":\"https:\/\/acefootball.com\/da\/fodboldnyheder\/wind-kommentar-skaber-reaktion-fra-fck-fans-skruen-uden-ende\/#breadcrumb\",\"itemListElement\":[{\"@type\":\"ListItem\",\"position\":1,\"name\":\"Home\",\"item\":\"https:\/\/acefootball.com\/da\/\"},{\"@type\":\"ListItem\",\"position\":2,\"name\":\"Wind-kommentar skaber reaktion fra FCK-fans: Skruen uden ende\"}]},{\"@type\":\"Article\",\"@id\":\"https:\/\/acefootball.com\/da\/fodboldnyheder\/wind-kommentar-skaber-reaktion-fra-fck-fans-skruen-uden-ende\/#article\",\"isPartOf\":{\"@id\":\"https:\/\/acefootball.com\/da\/fodboldnyheder\/wind-kommentar-skaber-reaktion-fra-fck-fans-skruen-uden-ende\/#webpage\"},\"author\":{\"@id\":\"https:\/\/acefootball.com\/da\/#\/schema\/person\/ee67e9cf04a276f144100ffa722f10cd\"},\"headline\":\"Wind-kommentar skaber reaktion fra FCK-fans: Skruen uden ende\",\"datePublished\":\"2021-04-24T12:24:21+00:00\",\"dateModified\":\"2021-04-24T12:24:22+00:00\",\"mainEntityOfPage\":{\"@id\":\"https:\/\/acefootball.com\/da\/fodboldnyheder\/wind-kommentar-skaber-reaktion-fra-fck-fans-skruen-uden-ende\/#webpage\"},\"wordCount\":198,\"commentCount\":0,\"publisher\":{\"@id\":\"https:\/\/acefootball.com\/da\/#organization\"},\"image\":{\"@id\":\"https:\/\/acefootball.com\/da\/fodboldnyheder\/wind-kommentar-skaber-reaktion-fra-fck-fans-skruen-uden-ende\/#primaryimage\"},\"thumbnailUrl\":\"https:\/\/acefootball.com\/da\/wp-content\/uploads\/sites\/2\/2020\/11\/GettyImages-1134122783.jpg\",\"keywords\":[\"FC K\u00f8benhavn\",\"Jonas Wind\",\"Superligaen\"],\"articleSection\":[\"Reaktion\"],\"inLanguage\":\"en-US\",\"potentialAction\":[{\"@type\":\"CommentAction\",\"name\":\"Comment\",\"target\":[\"https:\/\/acefootball.com\/da\/fodboldnyheder\/wind-kommentar-skaber-reaktion-fra-fck-fans-skruen-uden-ende\/#respond\"]}]},{\"@type\":\"Person\",\"@id\":\"https:\/\/acefootball.com\/da\/#\/schema\/person\/ee67e9cf04a276f144100ffa722f10cd\",\"name\":\"Mads Dreyer\",\"image\":{\"@type\":\"ImageObject\",\"@id\":\"https:\/\/acefootball.com\/da\/#personlogo\",\"inLanguage\":\"en-US\",\"url\":\"https:\/\/secure.gravatar.com\/avatar\/7c7abf72cfde9902b6a60efe60c88d4c?s=96&d=mm&r=g\",\"contentUrl\":\"https:\/\/secure.gravatar.com\/avatar\/7c7abf72cfde9902b6a60efe60c88d4c?s=96&d=mm&r=g\",\"caption\":\"Mads Dreyer\"},\"description\":\"Skribent og fodboldn\u00f8rd, der lige nu fort\u00e6ller om alt og intet i fodboldverdenen p\u00e5 acefootball.com. Uddannet i kommunikation fra Aalborg Universitet.\",\"sameAs\":[\"https:\/\/www.linkedin.com\/in\/mads-dreyer-b9b08266\/\"],\"url\":\"https:\/\/acefootball.com\/da\/fodboldnyheder\/author\/mdnronaldo\/\"}]}<\/script>\n<!-- \/ Yoast SEO plugin. -->","yoast_head_json":{"title":"Wind-kommentar skaber reaktion fra FCK-fans: Skruen uden ende","description":"Jonas Wind kalder p\u00e5 en trodsreaktion til s\u00f8ndagens kamp mod AGF, men det er noget, flere FCK-fans har h\u00f8rt f\u00f8r","robots":{"index":"index","follow":"follow","max-snippet":"max-snippet:-1","max-image-preview":"max-image-preview:large","max-video-preview":"max-video-preview:-1"},"canonical":"https:\/\/acefootball.com\/da\/fodboldnyheder\/wind-kommentar-skaber-reaktion-fra-fck-fans-skruen-uden-ende\/","og_locale":"en_US","og_type":"article","og_title":"Wind-kommentar skaber reaktion fra FCK-fans: Skruen uden ende","og_description":"Jonas Wind kalder p\u00e5 en trodsreaktion til s\u00f8ndagens kamp mod AGF, men det er noget, flere FCK-fans har h\u00f8rt f\u00f8r","og_url":"https:\/\/acefootball.com\/da\/fodboldnyheder\/wind-kommentar-skaber-reaktion-fra-fck-fans-skruen-uden-ende\/","og_site_name":"Ace Football Danmark","article_publisher":"https:\/\/www.facebook.com\/acefootballdk","article_published_time":"2021-04-24T12:24:21+00:00","article_modified_time":"2021-04-24T12:24:22+00:00","og_image":[{"width":1920,"height":1008,"url":"https:\/\/acefootball.com\/da\/wp-content\/uploads\/sites\/2\/2020\/11\/FCK-4-5.jpg","type":"image\/jpeg"}],"twitter_card":"summary_large_image","twitter_misc":{"Written by":"Mads Dreyer","Est. reading time":"1 minute"},"schema":{"@context":"https:\/\/schema.org","@graph":[{"@type":"Organization","@id":"https:\/\/acefootball.com\/da\/#organization","name":"Ace Football","url":"https:\/\/acefootball.com\/da\/","sameAs":["https:\/\/www.facebook.com\/acefootballdk"],"logo":{"@type":"ImageObject","@id":"https:\/\/acefootball.com\/da\/#logo","inLanguage":"en-US","url":"https:\/\/acefootball.com\/da\/wp-content\/uploads\/sites\/2\/2020\/07\/Ace-Football-30-07-2020-2.png","contentUrl":"https:\/\/acefootball.com\/da\/wp-content\/uploads\/sites\/2\/2020\/07\/Ace-Football-30-07-2020-2.png","width":1200,"height":600,"caption":"Ace Football"},"image":{"@id":"https:\/\/acefootball.com\/da\/#logo"}},{"@type":"WebSite","@id":"https:\/\/acefootball.com\/da\/#website","url":"https:\/\/acefootball.com\/da\/","name":"Ace Football Danmark","description":"Nyheder, Spiltips &amp; Livescore","publisher":{"@id":"https:\/\/acefootball.com\/da\/#organization"},"potentialAction":[{"@type":"SearchAction","target":{"@type":"EntryPoint","urlTemplate":"https:\/\/acefootball.com\/da\/?s={search_term_string}"},"query-input":"required name=search_term_string"}],"inLanguage":"en-US"},{"@type":"ImageObject","@id":"https:\/\/acefootball.com\/da\/fodboldnyheder\/wind-kommentar-skaber-reaktion-fra-fck-fans-skruen-uden-ende\/#primaryimage","inLanguage":"en-US","url":"https:\/\/acefootball.com\/da\/wp-content\/uploads\/sites\/2\/2020\/11\/FCK-4-5.jpg","contentUrl":"https:\/\/acefootball.com\/da\/wp-content\/uploads\/sites\/2\/2020\/11\/FCK-4-5.jpg","width":1920,"height":1008},{"@type":"WebPage","@id":"https:\/\/acefootball.com\/da\/fodboldnyheder\/wind-kommentar-skaber-reaktion-fra-fck-fans-skruen-uden-ende\/#webpage","url":"https:\/\/acefootball.com\/da\/fodboldnyheder\/wind-kommentar-skaber-reaktion-fra-fck-fans-skruen-uden-ende\/","name":"Wind-kommentar skaber reaktion fra FCK-fans: Skruen uden ende","isPartOf":{"@id":"https:\/\/acefootball.com\/da\/#website"},"primaryImageOfPage":{"@id":"https:\/\/acefootball.com\/da\/fodboldnyheder\/wind-kommentar-skaber-reaktion-fra-fck-fans-skruen-uden-ende\/#primaryimage"},"datePublished":"2021-04-24T12:24:21+00:00","dateModified":"2021-04-24T12:24:22+00:00","description":"Jonas Wind kalder p\u00e5 en trodsreaktion til s\u00f8ndagens kamp mod AGF, men det er noget, flere FCK-fans har h\u00f8rt f\u00f8r","breadcrumb":{"@id":"https:\/\/acefootball.com\/da\/fodboldnyheder\/wind-kommentar-skaber-reaktion-fra-fck-fans-skruen-uden-ende\/#breadcrumb"},"inLanguage":"en-US","potentialAction":[{"@type":"ReadAction","target":["https:\/\/acefootball.com\/da\/fodboldnyheder\/wind-kommentar-skaber-reaktion-fra-fck-fans-skruen-uden-ende\/"]}]},{"@type":"BreadcrumbList","@id":"https:\/\/acefootball.com\/da\/fodboldnyheder\/wind-kommentar-skaber-reaktion-fra-fck-fans-skruen-uden-ende\/#breadcrumb","itemListElement":[{"@type":"ListItem","position":1,"name":"Home","item":"https:\/\/acefootball.com\/da\/"},{"@type":"ListItem","position":2,"name":"Wind-kommentar skaber reaktion fra FCK-fans: Skruen uden ende"}]},{"@type":"Article","@id":"https:\/\/acefootball.com\/da\/fodboldnyheder\/wind-kommentar-skaber-reaktion-fra-fck-fans-skruen-uden-ende\/#article","isPartOf":{"@id":"https:\/\/acefootball.com\/da\/fodboldnyheder\/wind-kommentar-skaber-reaktion-fra-fck-fans-skruen-uden-ende\/#webpage"},"author":{"@id":"https:\/\/acefootball.com\/da\/#\/schema\/person\/ee67e9cf04a276f144100ffa722f10cd"},"headline":"Wind-kommentar skaber reaktion fra FCK-fans: Skruen uden ende","datePublished":"2021-04-24T12:24:21+00:00","dateModified":"2021-04-24T12:24:22+00:00","mainEntityOfPage":{"@id":"https:\/\/acefootball.com\/da\/fodboldnyheder\/wind-kommentar-skaber-reaktion-fra-fck-fans-skruen-uden-ende\/#webpage"},"wordCount":198,"commentCount":0,"publisher":{"@id":"https:\/\/acefootball.com\/da\/#organization"},"image":{"@id":"https:\/\/acefootball.com\/da\/fodboldnyheder\/wind-kommentar-skaber-reaktion-fra-fck-fans-skruen-uden-ende\/#primaryimage"},"thumbnailUrl":"https:\/\/acefootball.com\/da\/wp-content\/uploads\/sites\/2\/2020\/11\/GettyImages-1134122783.jpg","keywords":["FC K\u00f8benhavn","Jonas Wind","Superligaen"],"articleSection":["Reaktion"],"inLanguage":"en-US","potentialAction":[{"@type":"CommentAction","name":"Comment","target":["https:\/\/acefootball.com\/da\/fodboldnyheder\/wind-kommentar-skaber-reaktion-fra-fck-fans-skruen-uden-ende\/#respond"]}]},{"@type":"Person","@id":"https:\/\/acefootball.com\/da\/#\/schema\/person\/ee67e9cf04a276f144100ffa722f10cd","name":"Mads Dreyer","image":{"@type":"ImageObject","@id":"https:\/\/acefootball.com\/da\/#personlogo","inLanguage":"en-US","url":"https:\/\/secure.gravatar.com\/avatar\/7c7abf72cfde9902b6a60efe60c88d4c?s=96&d=mm&r=g","contentUrl":"https:\/\/secure.gravatar.com\/avatar\/7c7abf72cfde9902b6a60efe60c88d4c?s=96&d=mm&r=g","caption":"Mads Dreyer"},"description":"Skribent og fodboldn\u00f8rd, der lige nu fort\u00e6ller om alt og intet i fodboldverdenen p\u00e5 acefootball.com. Uddannet i kommunikation fra Aalborg Universitet.","sameAs":["https:\/\/www.linkedin.com\/in\/mads-dreyer-b9b08266\/"],"url":"https:\/\/acefootball.com\/da\/fodboldnyheder\/author\/mdnronaldo\/"}]}},"fimg_url":"https:\/\/acefootball.com\/da\/wp-content\/uploads\/sites\/2\/2020\/11\/GettyImages-1134122783.jpg","_links":{"self":[{"href":"https:\/\/acefootball.com\/da\/wp-json\/wp\/v2\/posts\/257293"}],"collection":[{"href":"https:\/\/acefootball.com\/da\/wp-json\/wp\/v2\/posts"}],"about":[{"href":"https:\/\/acefootball.com\/da\/wp-json\/wp\/v2\/types\/post"}],"author":[{"embeddable":true,"href":"https:\/\/acefootball.com\/da\/wp-json\/wp\/v2\/users\/705"}],"replies":[{"embeddable":true,"href":"https:\/\/acefootball.com\/da\/wp-json\/wp\/v2\/comments?post=257293"}],"version-history":[{"count":0,"href":"https:\/\/acefootball.com\/da\/wp-json\/wp\/v2\/posts\/257293\/revisions"}],"wp:featuredmedia":[{"embeddable":true,"href":"https:\/\/acefootball.com\/da\/wp-json\/wp\/v2\/media\/244185"}],"wp:attachment":[{"href":"https:\/\/acefootball.com\/da\/wp-json\/wp\/v2\/media?parent=257293"}],"wp:term":[{"taxonomy":"category","embeddable":true,"href":"https:\/\/acefootball.com\/da\/wp-json\/wp\/v2\/categories?post=257293"},{"taxonomy":"post_tag","embeddable":true,"href":"https:\/\/acefootball.com\/da\/wp-json\/wp\/v2\/tags?post=257293"}],"curies":[{"name":"wp","href":"https:\/\/api.w.org\/{rel}","templated":true}]}}