{"id":257190,"date":"2021-04-21T14:55:48","date_gmt":"2021-04-21T12:55:48","guid":{"rendered":"https:\/\/acefootball.com\/da\/?p=257190"},"modified":"2021-04-21T15:02:13","modified_gmt":"2021-04-21T13:02:13","slug":"kaempe-dilemma-i-broendby-lindstroem-skal-under-kniven","status":"publish","type":"post","link":"https:\/\/acefootball.com\/da\/fodboldnyheder\/kaempe-dilemma-i-broendby-lindstroem-skal-under-kniven\/","title":{"rendered":"K\u00e6mpe dilemma i Br\u00f8ndby: Lindstr\u00f8m skal under kniven"},"content":{"rendered":"\n<h2 id=\"h-der-er-opdaget-en-revne-i-kn-et-p-jesper-lindstr-m-og-det-skal-nu-vurderes-hvorn-r-br-ndby-stjernen-skal-opereres\">Der er opdaget en revne i kn\u00e6et p\u00e5 Jesper Lindstr\u00f8m, og det skal nu vurderes, hvorn\u00e5r Br\u00f8ndby-stjernen skal opereres<\/h2>\n\n\n\n<p>Jesper Lindstr\u00f8m kommer p\u00e5 grund af karant\u00e6ne ikke i spil til aftenens kamp mellem Br\u00f8ndby og FC Nordsj\u00e6lland.<\/p>\n\n\n\n<p>Derfor har han og klubben valgt at f\u00e5 kigget p\u00e5 det ene kn\u00e6, som har irriteret gennem den seneste halvanden m\u00e5ned, og her har man opdaget, at Lindstr\u00f8m g\u00e5r rundt med en skade. Det fort\u00e6ller fodbolddirekt\u00f8r, Carsten V. Jensen, til <a href=\"https:\/\/www.bt.dk\/superligaen\/chok-i-broendby-jesper-lindstroem-skal-opereres\" target=\"_blank\" rel=\"noreferrer noopener\">B.T.<\/a><\/p>\n\n\n\n<p>Der er s\u00e5ledes opdaget en mindre revne i menisken, hvilket kr\u00e6ver operation, men det er ikke noget, der g\u00f8r, at Lindstr\u00f8m n\u00f8dvendigvis m\u00e5 droppe resten af s\u00e6sonen.<\/p>\n\n\n\n<p>Der er dog andre forhold, der sender Lindstr\u00f8m og Br\u00f8ndby ud i et st\u00f8rre dilemma.<\/p>\n\n\n\n<p>&#8220;Normalt vil man pr\u00f8ve at l\u00e6gge et s\u00e5dant indgreb i sommerpausen, men netop denne sommer er der et vigtigt U21-EM for Jesper og m\u00e5ske endda en EM slutrunde, hvorefter den nye s\u00e6son begynder kort efter. S\u00e5 derfor g\u00e5r Jesper lige nu og tygger p\u00e5, hvorn\u00e5r det mindst d\u00e5rlige tidspunkt er for en pause. Han har den fulde opbakning fra klubben, uanset hvad han beslutter,&#8221; udtaler &#8216;CV&#8217;.<\/p>\n\n\n\n<p>Efter en operation vil Jesper Lindstr\u00f8m skulle holde sig i ro i op til seks uger, hvilket p\u00e5 nuv\u00e6rende tidspunkt vil betyde en afslutning p\u00e5 stortalentets s\u00e6son.<\/p>\n\n\n\n<p>Der er undren over udtagelsen af Br\u00f8ndby-truppen til kampen mod FC Nordsj\u00e6lland. L\u00e6s mere her:<\/p>\n\n\n\n<figure class=\"wp-block-embed is-type-wp-embed is-provider-ace-football-danmark wp-block-embed-ace-football-danmark\"><div class=\"wp-block-embed__wrapper\">\n<blockquote class=\"wp-embedded-content\" data-secret=\"kax3io1nWZ\"><a href=\"https:\/\/acefootball.com\/da\/fodboldnyheder\/broendby-fans-undrer-sig-hvorfor-er-han-ikke-i-truppen\/\">Br\u00f8ndby-fans undrer sig: Hvorfor er han ikke i truppen?<\/a><\/blockquote><iframe class=\"wp-embedded-content\" sandbox=\"allow-scripts\" security=\"restricted\" style=\"position: absolute; clip: rect(1px, 1px, 1px, 1px);\" title=\"&#8220;Br\u00f8ndby-fans undrer sig: Hvorfor er han ikke i truppen?&#8221; &#8212; Ace Football Danmark\" src=\"https:\/\/acefootball.com\/da\/fodboldnyheder\/broendby-fans-undrer-sig-hvorfor-er-han-ikke-i-truppen\/embed\/#?secret=kax3io1nWZ\" data-secret=\"kax3io1nWZ\" width=\"600\" height=\"338\" frameborder=\"0\" marginwidth=\"0\" marginheight=\"0\" scrolling=\"no\"><\/iframe>\n<\/div><\/figure>\n","protected":false},"excerpt":{"rendered":"<p>Der er opdaget en revne i kn\u00e6et p\u00e5 Jesper Lindstr\u00f8m, og det skal nu vurderes, hvorn\u00e5r Br\u00f8ndby-stjernen skal opereres<\/p>\n","protected":false},"author":705,"featured_media":244196,"comment_status":"open","ping_status":"closed","sticky":false,"template":"","format":"standard","meta":{"om_disable_all_campaigns":false,"push_articles_ronaldo":{"active":false,"canonical":0,"publish":false},"force_updates":null},"categories":[1],"tags":[53,7164,588],"enet_tags":{"team":["8595"],"player":["958335"],"league":["46"],"sport_events":[]},"yoast_head":"<!-- This site is optimized with the Yoast SEO plugin v18.3 - https:\/\/yoast.com\/wordpress\/plugins\/seo\/ -->\n<title>K\u00e6mpe dilemma i Br\u00f8ndby: Lindstr\u00f8m skal under kniven<\/title>\n<meta name=\"description\" content=\"Der er opdaget en revne i kn\u00e6et p\u00e5 Jesper Lindstr\u00f8m, og det skal nu vurderes, hvorn\u00e5r Br\u00f8ndby-stjernen skal opereres\" \/>\n<meta name=\"robots\" content=\"index, follow, max-snippet:-1, max-image-preview:large, max-video-preview:-1\" \/>\n<link rel=\"canonical\" href=\"https:\/\/acefootball.com\/da\/fodboldnyheder\/kaempe-dilemma-i-broendby-lindstroem-skal-under-kniven\/\" \/>\n<meta property=\"og:locale\" content=\"en_US\" \/>\n<meta property=\"og:type\" content=\"article\" \/>\n<meta property=\"og:title\" content=\"K\u00e6mpe dilemma i Br\u00f8ndby: Lindstr\u00f8m skal under kniven\" \/>\n<meta property=\"og:description\" content=\"Der er opdaget en revne i kn\u00e6et p\u00e5 Jesper Lindstr\u00f8m, og det skal nu vurderes, hvorn\u00e5r Br\u00f8ndby-stjernen skal opereres\" \/>\n<meta property=\"og:url\" content=\"https:\/\/acefootball.com\/da\/fodboldnyheder\/kaempe-dilemma-i-broendby-lindstroem-skal-under-kniven\/\" \/>\n<meta property=\"og:site_name\" content=\"Ace Football Danmark\" \/>\n<meta property=\"article:publisher\" content=\"https:\/\/www.facebook.com\/acefootballdk\" \/>\n<meta property=\"article:published_time\" content=\"2021-04-21T12:55:48+00:00\" \/>\n<meta property=\"article:modified_time\" content=\"2021-04-21T13:02:13+00:00\" \/>\n<meta property=\"og:image\" content=\"https:\/\/acefootball.com\/da\/wp-content\/uploads\/sites\/2\/2021\/02\/Laes-mere-generel-25-2.jpg\" \/>\n\t<meta property=\"og:image:width\" content=\"1920\" \/>\n\t<meta property=\"og:image:height\" content=\"1008\" \/>\n\t<meta property=\"og:image:type\" content=\"image\/jpeg\" \/>\n<meta name=\"twitter:card\" content=\"summary_large_image\" \/>\n<meta name=\"twitter:label1\" content=\"Written by\" \/>\n\t<meta name=\"twitter:data1\" content=\"Mads Dreyer\" \/>\n\t<meta name=\"twitter:label2\" content=\"Est. reading time\" \/>\n\t<meta name=\"twitter:data2\" content=\"2 minutes\" \/>\n<script type=\"application\/ld+json\" class=\"yoast-schema-graph\">{\"@context\":\"https:\/\/schema.org\",\"@graph\":[{\"@type\":\"Organization\",\"@id\":\"https:\/\/acefootball.com\/da\/#organization\",\"name\":\"Ace Football\",\"url\":\"https:\/\/acefootball.com\/da\/\",\"sameAs\":[\"https:\/\/www.facebook.com\/acefootballdk\"],\"logo\":{\"@type\":\"ImageObject\",\"@id\":\"https:\/\/acefootball.com\/da\/#logo\",\"inLanguage\":\"en-US\",\"url\":\"https:\/\/acefootball.com\/da\/wp-content\/uploads\/sites\/2\/2020\/07\/Ace-Football-30-07-2020-2.png\",\"contentUrl\":\"https:\/\/acefootball.com\/da\/wp-content\/uploads\/sites\/2\/2020\/07\/Ace-Football-30-07-2020-2.png\",\"width\":1200,\"height\":600,\"caption\":\"Ace Football\"},\"image\":{\"@id\":\"https:\/\/acefootball.com\/da\/#logo\"}},{\"@type\":\"WebSite\",\"@id\":\"https:\/\/acefootball.com\/da\/#website\",\"url\":\"https:\/\/acefootball.com\/da\/\",\"name\":\"Ace Football Danmark\",\"description\":\"Nyheder, Spiltips &amp; Livescore\",\"publisher\":{\"@id\":\"https:\/\/acefootball.com\/da\/#organization\"},\"potentialAction\":[{\"@type\":\"SearchAction\",\"target\":{\"@type\":\"EntryPoint\",\"urlTemplate\":\"https:\/\/acefootball.com\/da\/?s={search_term_string}\"},\"query-input\":\"required name=search_term_string\"}],\"inLanguage\":\"en-US\"},{\"@type\":\"ImageObject\",\"@id\":\"https:\/\/acefootball.com\/da\/fodboldnyheder\/kaempe-dilemma-i-broendby-lindstroem-skal-under-kniven\/#primaryimage\",\"inLanguage\":\"en-US\",\"url\":\"https:\/\/acefootball.com\/da\/wp-content\/uploads\/sites\/2\/2021\/02\/Laes-mere-generel-25-2.jpg\",\"contentUrl\":\"https:\/\/acefootball.com\/da\/wp-content\/uploads\/sites\/2\/2021\/02\/Laes-mere-generel-25-2.jpg\",\"width\":1920,\"height\":1008},{\"@type\":\"WebPage\",\"@id\":\"https:\/\/acefootball.com\/da\/fodboldnyheder\/kaempe-dilemma-i-broendby-lindstroem-skal-under-kniven\/#webpage\",\"url\":\"https:\/\/acefootball.com\/da\/fodboldnyheder\/kaempe-dilemma-i-broendby-lindstroem-skal-under-kniven\/\",\"name\":\"K\u00e6mpe dilemma i Br\u00f8ndby: Lindstr\u00f8m skal under kniven\",\"isPartOf\":{\"@id\":\"https:\/\/acefootball.com\/da\/#website\"},\"primaryImageOfPage\":{\"@id\":\"https:\/\/acefootball.com\/da\/fodboldnyheder\/kaempe-dilemma-i-broendby-lindstroem-skal-under-kniven\/#primaryimage\"},\"datePublished\":\"2021-04-21T12:55:48+00:00\",\"dateModified\":\"2021-04-21T13:02:13+00:00\",\"description\":\"Der er opdaget en revne i kn\u00e6et p\u00e5 Jesper Lindstr\u00f8m, og det skal nu vurderes, hvorn\u00e5r Br\u00f8ndby-stjernen skal opereres\",\"breadcrumb\":{\"@id\":\"https:\/\/acefootball.com\/da\/fodboldnyheder\/kaempe-dilemma-i-broendby-lindstroem-skal-under-kniven\/#breadcrumb\"},\"inLanguage\":\"en-US\",\"potentialAction\":[{\"@type\":\"ReadAction\",\"target\":[\"https:\/\/acefootball.com\/da\/fodboldnyheder\/kaempe-dilemma-i-broendby-lindstroem-skal-under-kniven\/\"]}]},{\"@type\":\"BreadcrumbList\",\"@id\":\"https:\/\/acefootball.com\/da\/fodboldnyheder\/kaempe-dilemma-i-broendby-lindstroem-skal-under-kniven\/#breadcrumb\",\"itemListElement\":[{\"@type\":\"ListItem\",\"position\":1,\"name\":\"Home\",\"item\":\"https:\/\/acefootball.com\/da\/\"},{\"@type\":\"ListItem\",\"position\":2,\"name\":\"K\u00e6mpe dilemma i Br\u00f8ndby: Lindstr\u00f8m skal under kniven\"}]},{\"@type\":\"Article\",\"@id\":\"https:\/\/acefootball.com\/da\/fodboldnyheder\/kaempe-dilemma-i-broendby-lindstroem-skal-under-kniven\/#article\",\"isPartOf\":{\"@id\":\"https:\/\/acefootball.com\/da\/fodboldnyheder\/kaempe-dilemma-i-broendby-lindstroem-skal-under-kniven\/#webpage\"},\"author\":{\"@id\":\"https:\/\/acefootball.com\/da\/#\/schema\/person\/ee67e9cf04a276f144100ffa722f10cd\"},\"headline\":\"K\u00e6mpe dilemma i Br\u00f8ndby: Lindstr\u00f8m skal under kniven\",\"datePublished\":\"2021-04-21T12:55:48+00:00\",\"dateModified\":\"2021-04-21T13:02:13+00:00\",\"mainEntityOfPage\":{\"@id\":\"https:\/\/acefootball.com\/da\/fodboldnyheder\/kaempe-dilemma-i-broendby-lindstroem-skal-under-kniven\/#webpage\"},\"wordCount\":283,\"commentCount\":0,\"publisher\":{\"@id\":\"https:\/\/acefootball.com\/da\/#organization\"},\"image\":{\"@id\":\"https:\/\/acefootball.com\/da\/fodboldnyheder\/kaempe-dilemma-i-broendby-lindstroem-skal-under-kniven\/#primaryimage\"},\"thumbnailUrl\":\"https:\/\/acefootball.com\/da\/wp-content\/uploads\/sites\/2\/2020\/11\/GettyImages-1229259789.jpg\",\"keywords\":[\"Br\u00f8ndby IF\",\"Jesper Lindstr\u00f8m\",\"Superligaen\"],\"articleSection\":[\"Nyhed\"],\"inLanguage\":\"en-US\",\"potentialAction\":[{\"@type\":\"CommentAction\",\"name\":\"Comment\",\"target\":[\"https:\/\/acefootball.com\/da\/fodboldnyheder\/kaempe-dilemma-i-broendby-lindstroem-skal-under-kniven\/#respond\"]}]},{\"@type\":\"Person\",\"@id\":\"https:\/\/acefootball.com\/da\/#\/schema\/person\/ee67e9cf04a276f144100ffa722f10cd\",\"name\":\"Mads Dreyer\",\"image\":{\"@type\":\"ImageObject\",\"@id\":\"https:\/\/acefootball.com\/da\/#personlogo\",\"inLanguage\":\"en-US\",\"url\":\"https:\/\/secure.gravatar.com\/avatar\/7c7abf72cfde9902b6a60efe60c88d4c?s=96&d=mm&r=g\",\"contentUrl\":\"https:\/\/secure.gravatar.com\/avatar\/7c7abf72cfde9902b6a60efe60c88d4c?s=96&d=mm&r=g\",\"caption\":\"Mads Dreyer\"},\"description\":\"Skribent og fodboldn\u00f8rd, der lige nu fort\u00e6ller om alt og intet i fodboldverdenen p\u00e5 acefootball.com. Uddannet i kommunikation fra Aalborg Universitet.\",\"sameAs\":[\"https:\/\/www.linkedin.com\/in\/mads-dreyer-b9b08266\/\"],\"url\":\"https:\/\/acefootball.com\/da\/fodboldnyheder\/author\/mdnronaldo\/\"}]}<\/script>\n<!-- \/ Yoast SEO plugin. -->","yoast_head_json":{"title":"K\u00e6mpe dilemma i Br\u00f8ndby: Lindstr\u00f8m skal under kniven","description":"Der er opdaget en revne i kn\u00e6et p\u00e5 Jesper Lindstr\u00f8m, og det skal nu vurderes, hvorn\u00e5r Br\u00f8ndby-stjernen skal opereres","robots":{"index":"index","follow":"follow","max-snippet":"max-snippet:-1","max-image-preview":"max-image-preview:large","max-video-preview":"max-video-preview:-1"},"canonical":"https:\/\/acefootball.com\/da\/fodboldnyheder\/kaempe-dilemma-i-broendby-lindstroem-skal-under-kniven\/","og_locale":"en_US","og_type":"article","og_title":"K\u00e6mpe dilemma i Br\u00f8ndby: Lindstr\u00f8m skal under kniven","og_description":"Der er opdaget en revne i kn\u00e6et p\u00e5 Jesper Lindstr\u00f8m, og det skal nu vurderes, hvorn\u00e5r Br\u00f8ndby-stjernen skal opereres","og_url":"https:\/\/acefootball.com\/da\/fodboldnyheder\/kaempe-dilemma-i-broendby-lindstroem-skal-under-kniven\/","og_site_name":"Ace Football Danmark","article_publisher":"https:\/\/www.facebook.com\/acefootballdk","article_published_time":"2021-04-21T12:55:48+00:00","article_modified_time":"2021-04-21T13:02:13+00:00","og_image":[{"width":1920,"height":1008,"url":"https:\/\/acefootball.com\/da\/wp-content\/uploads\/sites\/2\/2021\/02\/Laes-mere-generel-25-2.jpg","type":"image\/jpeg"}],"twitter_card":"summary_large_image","twitter_misc":{"Written by":"Mads Dreyer","Est. reading time":"2 minutes"},"schema":{"@context":"https:\/\/schema.org","@graph":[{"@type":"Organization","@id":"https:\/\/acefootball.com\/da\/#organization","name":"Ace Football","url":"https:\/\/acefootball.com\/da\/","sameAs":["https:\/\/www.facebook.com\/acefootballdk"],"logo":{"@type":"ImageObject","@id":"https:\/\/acefootball.com\/da\/#logo","inLanguage":"en-US","url":"https:\/\/acefootball.com\/da\/wp-content\/uploads\/sites\/2\/2020\/07\/Ace-Football-30-07-2020-2.png","contentUrl":"https:\/\/acefootball.com\/da\/wp-content\/uploads\/sites\/2\/2020\/07\/Ace-Football-30-07-2020-2.png","width":1200,"height":600,"caption":"Ace Football"},"image":{"@id":"https:\/\/acefootball.com\/da\/#logo"}},{"@type":"WebSite","@id":"https:\/\/acefootball.com\/da\/#website","url":"https:\/\/acefootball.com\/da\/","name":"Ace Football Danmark","description":"Nyheder, Spiltips &amp; Livescore","publisher":{"@id":"https:\/\/acefootball.com\/da\/#organization"},"potentialAction":[{"@type":"SearchAction","target":{"@type":"EntryPoint","urlTemplate":"https:\/\/acefootball.com\/da\/?s={search_term_string}"},"query-input":"required name=search_term_string"}],"inLanguage":"en-US"},{"@type":"ImageObject","@id":"https:\/\/acefootball.com\/da\/fodboldnyheder\/kaempe-dilemma-i-broendby-lindstroem-skal-under-kniven\/#primaryimage","inLanguage":"en-US","url":"https:\/\/acefootball.com\/da\/wp-content\/uploads\/sites\/2\/2021\/02\/Laes-mere-generel-25-2.jpg","contentUrl":"https:\/\/acefootball.com\/da\/wp-content\/uploads\/sites\/2\/2021\/02\/Laes-mere-generel-25-2.jpg","width":1920,"height":1008},{"@type":"WebPage","@id":"https:\/\/acefootball.com\/da\/fodboldnyheder\/kaempe-dilemma-i-broendby-lindstroem-skal-under-kniven\/#webpage","url":"https:\/\/acefootball.com\/da\/fodboldnyheder\/kaempe-dilemma-i-broendby-lindstroem-skal-under-kniven\/","name":"K\u00e6mpe dilemma i Br\u00f8ndby: Lindstr\u00f8m skal under kniven","isPartOf":{"@id":"https:\/\/acefootball.com\/da\/#website"},"primaryImageOfPage":{"@id":"https:\/\/acefootball.com\/da\/fodboldnyheder\/kaempe-dilemma-i-broendby-lindstroem-skal-under-kniven\/#primaryimage"},"datePublished":"2021-04-21T12:55:48+00:00","dateModified":"2021-04-21T13:02:13+00:00","description":"Der er opdaget en revne i kn\u00e6et p\u00e5 Jesper Lindstr\u00f8m, og det skal nu vurderes, hvorn\u00e5r Br\u00f8ndby-stjernen skal opereres","breadcrumb":{"@id":"https:\/\/acefootball.com\/da\/fodboldnyheder\/kaempe-dilemma-i-broendby-lindstroem-skal-under-kniven\/#breadcrumb"},"inLanguage":"en-US","potentialAction":[{"@type":"ReadAction","target":["https:\/\/acefootball.com\/da\/fodboldnyheder\/kaempe-dilemma-i-broendby-lindstroem-skal-under-kniven\/"]}]},{"@type":"BreadcrumbList","@id":"https:\/\/acefootball.com\/da\/fodboldnyheder\/kaempe-dilemma-i-broendby-lindstroem-skal-under-kniven\/#breadcrumb","itemListElement":[{"@type":"ListItem","position":1,"name":"Home","item":"https:\/\/acefootball.com\/da\/"},{"@type":"ListItem","position":2,"name":"K\u00e6mpe dilemma i Br\u00f8ndby: Lindstr\u00f8m skal under kniven"}]},{"@type":"Article","@id":"https:\/\/acefootball.com\/da\/fodboldnyheder\/kaempe-dilemma-i-broendby-lindstroem-skal-under-kniven\/#article","isPartOf":{"@id":"https:\/\/acefootball.com\/da\/fodboldnyheder\/kaempe-dilemma-i-broendby-lindstroem-skal-under-kniven\/#webpage"},"author":{"@id":"https:\/\/acefootball.com\/da\/#\/schema\/person\/ee67e9cf04a276f144100ffa722f10cd"},"headline":"K\u00e6mpe dilemma i Br\u00f8ndby: Lindstr\u00f8m skal under kniven","datePublished":"2021-04-21T12:55:48+00:00","dateModified":"2021-04-21T13:02:13+00:00","mainEntityOfPage":{"@id":"https:\/\/acefootball.com\/da\/fodboldnyheder\/kaempe-dilemma-i-broendby-lindstroem-skal-under-kniven\/#webpage"},"wordCount":283,"commentCount":0,"publisher":{"@id":"https:\/\/acefootball.com\/da\/#organization"},"image":{"@id":"https:\/\/acefootball.com\/da\/fodboldnyheder\/kaempe-dilemma-i-broendby-lindstroem-skal-under-kniven\/#primaryimage"},"thumbnailUrl":"https:\/\/acefootball.com\/da\/wp-content\/uploads\/sites\/2\/2020\/11\/GettyImages-1229259789.jpg","keywords":["Br\u00f8ndby IF","Jesper Lindstr\u00f8m","Superligaen"],"articleSection":["Nyhed"],"inLanguage":"en-US","potentialAction":[{"@type":"CommentAction","name":"Comment","target":["https:\/\/acefootball.com\/da\/fodboldnyheder\/kaempe-dilemma-i-broendby-lindstroem-skal-under-kniven\/#respond"]}]},{"@type":"Person","@id":"https:\/\/acefootball.com\/da\/#\/schema\/person\/ee67e9cf04a276f144100ffa722f10cd","name":"Mads Dreyer","image":{"@type":"ImageObject","@id":"https:\/\/acefootball.com\/da\/#personlogo","inLanguage":"en-US","url":"https:\/\/secure.gravatar.com\/avatar\/7c7abf72cfde9902b6a60efe60c88d4c?s=96&d=mm&r=g","contentUrl":"https:\/\/secure.gravatar.com\/avatar\/7c7abf72cfde9902b6a60efe60c88d4c?s=96&d=mm&r=g","caption":"Mads Dreyer"},"description":"Skribent og fodboldn\u00f8rd, der lige nu fort\u00e6ller om alt og intet i fodboldverdenen p\u00e5 acefootball.com. Uddannet i kommunikation fra Aalborg Universitet.","sameAs":["https:\/\/www.linkedin.com\/in\/mads-dreyer-b9b08266\/"],"url":"https:\/\/acefootball.com\/da\/fodboldnyheder\/author\/mdnronaldo\/"}]}},"fimg_url":"https:\/\/acefootball.com\/da\/wp-content\/uploads\/sites\/2\/2020\/11\/GettyImages-1229259789.jpg","_links":{"self":[{"href":"https:\/\/acefootball.com\/da\/wp-json\/wp\/v2\/posts\/257190"}],"collection":[{"href":"https:\/\/acefootball.com\/da\/wp-json\/wp\/v2\/posts"}],"about":[{"href":"https:\/\/acefootball.com\/da\/wp-json\/wp\/v2\/types\/post"}],"author":[{"embeddable":true,"href":"https:\/\/acefootball.com\/da\/wp-json\/wp\/v2\/users\/705"}],"replies":[{"embeddable":true,"href":"https:\/\/acefootball.com\/da\/wp-json\/wp\/v2\/comments?post=257190"}],"version-history":[{"count":0,"href":"https:\/\/acefootball.com\/da\/wp-json\/wp\/v2\/posts\/257190\/revisions"}],"wp:featuredmedia":[{"embeddable":true,"href":"https:\/\/acefootball.com\/da\/wp-json\/wp\/v2\/media\/244196"}],"wp:attachment":[{"href":"https:\/\/acefootball.com\/da\/wp-json\/wp\/v2\/media?parent=257190"}],"wp:term":[{"taxonomy":"category","embeddable":true,"href":"https:\/\/acefootball.com\/da\/wp-json\/wp\/v2\/categories?post=257190"},{"taxonomy":"post_tag","embeddable":true,"href":"https:\/\/acefootball.com\/da\/wp-json\/wp\/v2\/tags?post=257190"}],"curies":[{"name":"wp","href":"https:\/\/api.w.org\/{rel}","templated":true}]}}