{"id":257155,"date":"2021-04-20T15:16:32","date_gmt":"2021-04-20T13:16:32","guid":{"rendered":"https:\/\/acefootball.com\/da\/?p=257155"},"modified":"2021-04-20T15:35:06","modified_gmt":"2021-04-20T13:35:06","slug":"guardiola-gaar-i-flaesket-paa-city-ejere-forklar-mig-det","status":"publish","type":"post","link":"https:\/\/acefootball.com\/da\/fodboldnyheder\/guardiola-gaar-i-flaesket-paa-city-ejere-forklar-mig-det\/","title":{"rendered":"Guardiola g\u00e5r i fl\u00e6sket p\u00e5 City-ejere: Forklar mig det"},"content":{"rendered":"\n<h2 id=\"h-pep-guardiola-forst-r-ikke-konceptet-i-super-league-som-manchester-city-har-v-ret-med-til-at-oprette-sammen-med-11-andre-klubber\">Pep Guardiola forst\u00e5r ikke konceptet i Super League, som Manchester City har v\u00e6ret med til at oprette sammen med 11 andre klubber<\/h2>\n\n\n\n<p>Der begynder s\u00e5 sm\u00e5t at tegne sig et billede af, at hverken spillere og tr\u00e6nere i de 12 Super League-klubber har v\u00e6ret med p\u00e5 r\u00e5d, da beslutningen om at starte projektet blev taget.<\/p>\n\n\n\n<p>Det er i hvert fald ordene fra Liverpools J\u00fcrgen Klopp og James Milner, og nu kommer Manchester City-manager Pep Guardiola ogs\u00e5 p\u00e5 banen.<\/p>\n\n\n\n<p>Den spanske stortr\u00e6ner stiller s\u00e5ledes store sp\u00f8rgsm\u00e5lstegn ved konceptet i Super League, som ikke har noget med sport at g\u00f8re.<\/p>\n\n\n\n<p>&#8220;Sport er ikke en sport, n\u00e5r succesen er garanteret. og n\u00e5r forholdet mellem pr\u00e6stationer og bel\u00f8nning ikke eksisterer. Det er ikke en sport, n\u00e5r det ikke betyder noget, om du taber. Det er ikke fair, hvis hold k\u00e6mper i toppen og ikke kan kvalificere sig,&#8221; udtaler Guardiola.<\/p>\n\n\n\n<figure class=\"wp-block-embed is-type-rich is-provider-twitter wp-block-embed-twitter\"><div class=\"wp-block-embed__wrapper\">\n<blockquote class=\"twitter-tweet\" data-width=\"550\" data-dnt=\"true\"><p lang=\"en\" dir=\"ltr\">\ud83d\udde3\ufe0f &quot;It is not sport if the relationship between the effort and reward doesn&#39;t exist.&quot;<br><br>\ud83d\udde3\ufe0f &quot;It is not sport if it doesn&#39;t matter if you lose&quot;<br><br>Pep Guardiola shares his thoughts on the European Super League <a href=\"https:\/\/t.co\/Qy7gJMYdUW\">pic.twitter.com\/Qy7gJMYdUW<\/a><\/p>&mdash; Sky Sports News (@SkySportsNews) <a href=\"https:\/\/twitter.com\/SkySportsNews\/status\/1384488137867595776?ref_src=twsrc%5Etfw\">April 20, 2021<\/a><\/blockquote><script async src=\"https:\/\/platform.twitter.com\/widgets.js\" charset=\"utf-8\"><\/script>\n<\/div><\/figure>\n\n\n\n<p>&#8220;Situationen med Super League kr\u00e6ver en forklaring, og hvorfor de har taget den beslutning. Hvorfor er Ajax ikke med med al deres succes? Forklar mig det.&#8221;<\/p>\n\n\n\n<p>Ogs\u00e5 en af de store stjerner i Real Madrid har tidligere gjort det klart, hvad han mener om en europ\u00e6isk superliga. L\u00e6s mere her:<\/p>\n\n\n\n<figure class=\"wp-block-embed is-type-wp-embed is-provider-ace-football-danmark wp-block-embed-ace-football-danmark\"><div class=\"wp-block-embed__wrapper\">\n<blockquote class=\"wp-embedded-content\" data-secret=\"aGDppgLFKj\"><a href=\"https:\/\/acefootball.com\/da\/fodboldnyheder\/real-stjerne-har-givet-sin-super-league-mening-det-bliver-uden-os\/\">Real-stjerne har givet sin Super League-mening: Det bliver uden os<\/a><\/blockquote><iframe class=\"wp-embedded-content\" sandbox=\"allow-scripts\" security=\"restricted\" style=\"position: absolute; clip: rect(1px, 1px, 1px, 1px);\" title=\"&#8220;Real-stjerne har givet sin Super League-mening: Det bliver uden os&#8221; &#8212; Ace Football Danmark\" src=\"https:\/\/acefootball.com\/da\/fodboldnyheder\/real-stjerne-har-givet-sin-super-league-mening-det-bliver-uden-os\/embed\/#?secret=aGDppgLFKj\" data-secret=\"aGDppgLFKj\" width=\"600\" height=\"338\" frameborder=\"0\" marginwidth=\"0\" marginheight=\"0\" scrolling=\"no\"><\/iframe>\n<\/div><\/figure>\n","protected":false},"excerpt":{"rendered":"<p>Pep Guardiola forst\u00e5r ikke konceptet i Super League, som Manchester City har v\u00e6ret med til at oprette sammen med 11 andre klubber<\/p>\n","protected":false},"author":705,"featured_media":237599,"comment_status":"open","ping_status":"closed","sticky":false,"template":"","format":"standard","meta":{"om_disable_all_campaigns":false,"push_articles_ronaldo":{"active":false,"canonical":0,"publish":false},"force_updates":null},"categories":[8204],"tags":[44,442,134],"enet_tags":{"team":["8456"],"player":["150249"],"league":["47"],"sport_events":[]},"yoast_head":"<!-- This site is optimized with the Yoast SEO plugin v18.3 - https:\/\/yoast.com\/wordpress\/plugins\/seo\/ -->\n<title>Guardiola g\u00e5r i fl\u00e6sket p\u00e5 City-ejere: Forklar mig det<\/title>\n<meta name=\"description\" content=\"Pep Guardiola forst\u00e5r ikke konceptet i Super League, som Manchester City har v\u00e6ret med til at oprette sammen med 11 andre klubber\" \/>\n<meta name=\"robots\" content=\"index, follow, max-snippet:-1, max-image-preview:large, max-video-preview:-1\" \/>\n<link rel=\"canonical\" href=\"https:\/\/acefootball.com\/da\/fodboldnyheder\/guardiola-gaar-i-flaesket-paa-city-ejere-forklar-mig-det\/\" \/>\n<meta property=\"og:locale\" content=\"en_US\" \/>\n<meta property=\"og:type\" content=\"article\" \/>\n<meta property=\"og:title\" content=\"Guardiola g\u00e5r i fl\u00e6sket p\u00e5 City-ejere: Forklar mig det\" \/>\n<meta property=\"og:description\" content=\"Pep Guardiola forst\u00e5r ikke konceptet i Super League, som Manchester City har v\u00e6ret med til at oprette sammen med 11 andre klubber\" \/>\n<meta property=\"og:url\" content=\"https:\/\/acefootball.com\/da\/fodboldnyheder\/guardiola-gaar-i-flaesket-paa-city-ejere-forklar-mig-det\/\" \/>\n<meta property=\"og:site_name\" content=\"Ace Football Danmark\" \/>\n<meta property=\"article:publisher\" content=\"https:\/\/www.facebook.com\/acefootballdk\" \/>\n<meta property=\"article:published_time\" content=\"2021-04-20T13:16:32+00:00\" \/>\n<meta property=\"article:modified_time\" content=\"2021-04-20T13:35:06+00:00\" \/>\n<meta property=\"og:image\" content=\"https:\/\/acefootball.com\/da\/wp-content\/uploads\/sites\/2\/2021\/04\/Laes-mere-generel-2021-04-20T151342.399.jpg\" \/>\n\t<meta property=\"og:image:width\" content=\"1920\" \/>\n\t<meta property=\"og:image:height\" content=\"1008\" \/>\n\t<meta property=\"og:image:type\" content=\"image\/jpeg\" \/>\n<meta name=\"twitter:card\" content=\"summary_large_image\" \/>\n<meta name=\"twitter:label1\" content=\"Written by\" \/>\n\t<meta name=\"twitter:data1\" content=\"Mads Dreyer\" \/>\n\t<meta name=\"twitter:label2\" content=\"Est. reading time\" \/>\n\t<meta name=\"twitter:data2\" content=\"1 minute\" \/>\n<script type=\"application\/ld+json\" class=\"yoast-schema-graph\">{\"@context\":\"https:\/\/schema.org\",\"@graph\":[{\"@type\":\"Organization\",\"@id\":\"https:\/\/acefootball.com\/da\/#organization\",\"name\":\"Ace Football\",\"url\":\"https:\/\/acefootball.com\/da\/\",\"sameAs\":[\"https:\/\/www.facebook.com\/acefootballdk\"],\"logo\":{\"@type\":\"ImageObject\",\"@id\":\"https:\/\/acefootball.com\/da\/#logo\",\"inLanguage\":\"en-US\",\"url\":\"https:\/\/acefootball.com\/da\/wp-content\/uploads\/sites\/2\/2020\/07\/Ace-Football-30-07-2020-2.png\",\"contentUrl\":\"https:\/\/acefootball.com\/da\/wp-content\/uploads\/sites\/2\/2020\/07\/Ace-Football-30-07-2020-2.png\",\"width\":1200,\"height\":600,\"caption\":\"Ace Football\"},\"image\":{\"@id\":\"https:\/\/acefootball.com\/da\/#logo\"}},{\"@type\":\"WebSite\",\"@id\":\"https:\/\/acefootball.com\/da\/#website\",\"url\":\"https:\/\/acefootball.com\/da\/\",\"name\":\"Ace Football Danmark\",\"description\":\"Nyheder, Spiltips &amp; Livescore\",\"publisher\":{\"@id\":\"https:\/\/acefootball.com\/da\/#organization\"},\"potentialAction\":[{\"@type\":\"SearchAction\",\"target\":{\"@type\":\"EntryPoint\",\"urlTemplate\":\"https:\/\/acefootball.com\/da\/?s={search_term_string}\"},\"query-input\":\"required name=search_term_string\"}],\"inLanguage\":\"en-US\"},{\"@type\":\"ImageObject\",\"@id\":\"https:\/\/acefootball.com\/da\/fodboldnyheder\/guardiola-gaar-i-flaesket-paa-city-ejere-forklar-mig-det\/#primaryimage\",\"inLanguage\":\"en-US\",\"url\":\"https:\/\/acefootball.com\/da\/wp-content\/uploads\/sites\/2\/2021\/04\/Laes-mere-generel-2021-04-20T151342.399.jpg\",\"contentUrl\":\"https:\/\/acefootball.com\/da\/wp-content\/uploads\/sites\/2\/2021\/04\/Laes-mere-generel-2021-04-20T151342.399.jpg\",\"width\":1920,\"height\":1008,\"caption\":\"guardiola\"},{\"@type\":\"WebPage\",\"@id\":\"https:\/\/acefootball.com\/da\/fodboldnyheder\/guardiola-gaar-i-flaesket-paa-city-ejere-forklar-mig-det\/#webpage\",\"url\":\"https:\/\/acefootball.com\/da\/fodboldnyheder\/guardiola-gaar-i-flaesket-paa-city-ejere-forklar-mig-det\/\",\"name\":\"Guardiola g\u00e5r i fl\u00e6sket p\u00e5 City-ejere: Forklar mig det\",\"isPartOf\":{\"@id\":\"https:\/\/acefootball.com\/da\/#website\"},\"primaryImageOfPage\":{\"@id\":\"https:\/\/acefootball.com\/da\/fodboldnyheder\/guardiola-gaar-i-flaesket-paa-city-ejere-forklar-mig-det\/#primaryimage\"},\"datePublished\":\"2021-04-20T13:16:32+00:00\",\"dateModified\":\"2021-04-20T13:35:06+00:00\",\"description\":\"Pep Guardiola forst\u00e5r ikke konceptet i Super League, som Manchester City har v\u00e6ret med til at oprette sammen med 11 andre klubber\",\"breadcrumb\":{\"@id\":\"https:\/\/acefootball.com\/da\/fodboldnyheder\/guardiola-gaar-i-flaesket-paa-city-ejere-forklar-mig-det\/#breadcrumb\"},\"inLanguage\":\"en-US\",\"potentialAction\":[{\"@type\":\"ReadAction\",\"target\":[\"https:\/\/acefootball.com\/da\/fodboldnyheder\/guardiola-gaar-i-flaesket-paa-city-ejere-forklar-mig-det\/\"]}]},{\"@type\":\"BreadcrumbList\",\"@id\":\"https:\/\/acefootball.com\/da\/fodboldnyheder\/guardiola-gaar-i-flaesket-paa-city-ejere-forklar-mig-det\/#breadcrumb\",\"itemListElement\":[{\"@type\":\"ListItem\",\"position\":1,\"name\":\"Home\",\"item\":\"https:\/\/acefootball.com\/da\/\"},{\"@type\":\"ListItem\",\"position\":2,\"name\":\"Guardiola g\u00e5r i fl\u00e6sket p\u00e5 City-ejere: Forklar mig det\"}]},{\"@type\":\"Article\",\"@id\":\"https:\/\/acefootball.com\/da\/fodboldnyheder\/guardiola-gaar-i-flaesket-paa-city-ejere-forklar-mig-det\/#article\",\"isPartOf\":{\"@id\":\"https:\/\/acefootball.com\/da\/fodboldnyheder\/guardiola-gaar-i-flaesket-paa-city-ejere-forklar-mig-det\/#webpage\"},\"author\":{\"@id\":\"https:\/\/acefootball.com\/da\/#\/schema\/person\/ee67e9cf04a276f144100ffa722f10cd\"},\"headline\":\"Guardiola g\u00e5r i fl\u00e6sket p\u00e5 City-ejere: Forklar mig det\",\"datePublished\":\"2021-04-20T13:16:32+00:00\",\"dateModified\":\"2021-04-20T13:35:06+00:00\",\"mainEntityOfPage\":{\"@id\":\"https:\/\/acefootball.com\/da\/fodboldnyheder\/guardiola-gaar-i-flaesket-paa-city-ejere-forklar-mig-det\/#webpage\"},\"wordCount\":236,\"commentCount\":0,\"publisher\":{\"@id\":\"https:\/\/acefootball.com\/da\/#organization\"},\"image\":{\"@id\":\"https:\/\/acefootball.com\/da\/fodboldnyheder\/guardiola-gaar-i-flaesket-paa-city-ejere-forklar-mig-det\/#primaryimage\"},\"thumbnailUrl\":\"https:\/\/acefootball.com\/da\/wp-content\/uploads\/sites\/2\/2020\/09\/GettyImages-1125253605.jpg\",\"keywords\":[\"Manchester City\",\"Pep Guardiola\",\"Premier League\"],\"articleSection\":[\"Udtalelse\"],\"inLanguage\":\"en-US\",\"potentialAction\":[{\"@type\":\"CommentAction\",\"name\":\"Comment\",\"target\":[\"https:\/\/acefootball.com\/da\/fodboldnyheder\/guardiola-gaar-i-flaesket-paa-city-ejere-forklar-mig-det\/#respond\"]}]},{\"@type\":\"Person\",\"@id\":\"https:\/\/acefootball.com\/da\/#\/schema\/person\/ee67e9cf04a276f144100ffa722f10cd\",\"name\":\"Mads Dreyer\",\"image\":{\"@type\":\"ImageObject\",\"@id\":\"https:\/\/acefootball.com\/da\/#personlogo\",\"inLanguage\":\"en-US\",\"url\":\"https:\/\/secure.gravatar.com\/avatar\/7c7abf72cfde9902b6a60efe60c88d4c?s=96&d=mm&r=g\",\"contentUrl\":\"https:\/\/secure.gravatar.com\/avatar\/7c7abf72cfde9902b6a60efe60c88d4c?s=96&d=mm&r=g\",\"caption\":\"Mads Dreyer\"},\"description\":\"Skribent og fodboldn\u00f8rd, der lige nu fort\u00e6ller om alt og intet i fodboldverdenen p\u00e5 acefootball.com. Uddannet i kommunikation fra Aalborg Universitet.\",\"sameAs\":[\"https:\/\/www.linkedin.com\/in\/mads-dreyer-b9b08266\/\"],\"url\":\"https:\/\/acefootball.com\/da\/fodboldnyheder\/author\/mdnronaldo\/\"}]}<\/script>\n<!-- \/ Yoast SEO plugin. -->","yoast_head_json":{"title":"Guardiola g\u00e5r i fl\u00e6sket p\u00e5 City-ejere: Forklar mig det","description":"Pep Guardiola forst\u00e5r ikke konceptet i Super League, som Manchester City har v\u00e6ret med til at oprette sammen med 11 andre klubber","robots":{"index":"index","follow":"follow","max-snippet":"max-snippet:-1","max-image-preview":"max-image-preview:large","max-video-preview":"max-video-preview:-1"},"canonical":"https:\/\/acefootball.com\/da\/fodboldnyheder\/guardiola-gaar-i-flaesket-paa-city-ejere-forklar-mig-det\/","og_locale":"en_US","og_type":"article","og_title":"Guardiola g\u00e5r i fl\u00e6sket p\u00e5 City-ejere: Forklar mig det","og_description":"Pep Guardiola forst\u00e5r ikke konceptet i Super League, som Manchester City har v\u00e6ret med til at oprette sammen med 11 andre klubber","og_url":"https:\/\/acefootball.com\/da\/fodboldnyheder\/guardiola-gaar-i-flaesket-paa-city-ejere-forklar-mig-det\/","og_site_name":"Ace Football Danmark","article_publisher":"https:\/\/www.facebook.com\/acefootballdk","article_published_time":"2021-04-20T13:16:32+00:00","article_modified_time":"2021-04-20T13:35:06+00:00","og_image":[{"width":1920,"height":1008,"url":"https:\/\/acefootball.com\/da\/wp-content\/uploads\/sites\/2\/2021\/04\/Laes-mere-generel-2021-04-20T151342.399.jpg","type":"image\/jpeg"}],"twitter_card":"summary_large_image","twitter_misc":{"Written by":"Mads Dreyer","Est. reading time":"1 minute"},"schema":{"@context":"https:\/\/schema.org","@graph":[{"@type":"Organization","@id":"https:\/\/acefootball.com\/da\/#organization","name":"Ace Football","url":"https:\/\/acefootball.com\/da\/","sameAs":["https:\/\/www.facebook.com\/acefootballdk"],"logo":{"@type":"ImageObject","@id":"https:\/\/acefootball.com\/da\/#logo","inLanguage":"en-US","url":"https:\/\/acefootball.com\/da\/wp-content\/uploads\/sites\/2\/2020\/07\/Ace-Football-30-07-2020-2.png","contentUrl":"https:\/\/acefootball.com\/da\/wp-content\/uploads\/sites\/2\/2020\/07\/Ace-Football-30-07-2020-2.png","width":1200,"height":600,"caption":"Ace Football"},"image":{"@id":"https:\/\/acefootball.com\/da\/#logo"}},{"@type":"WebSite","@id":"https:\/\/acefootball.com\/da\/#website","url":"https:\/\/acefootball.com\/da\/","name":"Ace Football Danmark","description":"Nyheder, Spiltips &amp; Livescore","publisher":{"@id":"https:\/\/acefootball.com\/da\/#organization"},"potentialAction":[{"@type":"SearchAction","target":{"@type":"EntryPoint","urlTemplate":"https:\/\/acefootball.com\/da\/?s={search_term_string}"},"query-input":"required name=search_term_string"}],"inLanguage":"en-US"},{"@type":"ImageObject","@id":"https:\/\/acefootball.com\/da\/fodboldnyheder\/guardiola-gaar-i-flaesket-paa-city-ejere-forklar-mig-det\/#primaryimage","inLanguage":"en-US","url":"https:\/\/acefootball.com\/da\/wp-content\/uploads\/sites\/2\/2021\/04\/Laes-mere-generel-2021-04-20T151342.399.jpg","contentUrl":"https:\/\/acefootball.com\/da\/wp-content\/uploads\/sites\/2\/2021\/04\/Laes-mere-generel-2021-04-20T151342.399.jpg","width":1920,"height":1008,"caption":"guardiola"},{"@type":"WebPage","@id":"https:\/\/acefootball.com\/da\/fodboldnyheder\/guardiola-gaar-i-flaesket-paa-city-ejere-forklar-mig-det\/#webpage","url":"https:\/\/acefootball.com\/da\/fodboldnyheder\/guardiola-gaar-i-flaesket-paa-city-ejere-forklar-mig-det\/","name":"Guardiola g\u00e5r i fl\u00e6sket p\u00e5 City-ejere: Forklar mig det","isPartOf":{"@id":"https:\/\/acefootball.com\/da\/#website"},"primaryImageOfPage":{"@id":"https:\/\/acefootball.com\/da\/fodboldnyheder\/guardiola-gaar-i-flaesket-paa-city-ejere-forklar-mig-det\/#primaryimage"},"datePublished":"2021-04-20T13:16:32+00:00","dateModified":"2021-04-20T13:35:06+00:00","description":"Pep Guardiola forst\u00e5r ikke konceptet i Super League, som Manchester City har v\u00e6ret med til at oprette sammen med 11 andre klubber","breadcrumb":{"@id":"https:\/\/acefootball.com\/da\/fodboldnyheder\/guardiola-gaar-i-flaesket-paa-city-ejere-forklar-mig-det\/#breadcrumb"},"inLanguage":"en-US","potentialAction":[{"@type":"ReadAction","target":["https:\/\/acefootball.com\/da\/fodboldnyheder\/guardiola-gaar-i-flaesket-paa-city-ejere-forklar-mig-det\/"]}]},{"@type":"BreadcrumbList","@id":"https:\/\/acefootball.com\/da\/fodboldnyheder\/guardiola-gaar-i-flaesket-paa-city-ejere-forklar-mig-det\/#breadcrumb","itemListElement":[{"@type":"ListItem","position":1,"name":"Home","item":"https:\/\/acefootball.com\/da\/"},{"@type":"ListItem","position":2,"name":"Guardiola g\u00e5r i fl\u00e6sket p\u00e5 City-ejere: Forklar mig det"}]},{"@type":"Article","@id":"https:\/\/acefootball.com\/da\/fodboldnyheder\/guardiola-gaar-i-flaesket-paa-city-ejere-forklar-mig-det\/#article","isPartOf":{"@id":"https:\/\/acefootball.com\/da\/fodboldnyheder\/guardiola-gaar-i-flaesket-paa-city-ejere-forklar-mig-det\/#webpage"},"author":{"@id":"https:\/\/acefootball.com\/da\/#\/schema\/person\/ee67e9cf04a276f144100ffa722f10cd"},"headline":"Guardiola g\u00e5r i fl\u00e6sket p\u00e5 City-ejere: Forklar mig det","datePublished":"2021-04-20T13:16:32+00:00","dateModified":"2021-04-20T13:35:06+00:00","mainEntityOfPage":{"@id":"https:\/\/acefootball.com\/da\/fodboldnyheder\/guardiola-gaar-i-flaesket-paa-city-ejere-forklar-mig-det\/#webpage"},"wordCount":236,"commentCount":0,"publisher":{"@id":"https:\/\/acefootball.com\/da\/#organization"},"image":{"@id":"https:\/\/acefootball.com\/da\/fodboldnyheder\/guardiola-gaar-i-flaesket-paa-city-ejere-forklar-mig-det\/#primaryimage"},"thumbnailUrl":"https:\/\/acefootball.com\/da\/wp-content\/uploads\/sites\/2\/2020\/09\/GettyImages-1125253605.jpg","keywords":["Manchester City","Pep Guardiola","Premier League"],"articleSection":["Udtalelse"],"inLanguage":"en-US","potentialAction":[{"@type":"CommentAction","name":"Comment","target":["https:\/\/acefootball.com\/da\/fodboldnyheder\/guardiola-gaar-i-flaesket-paa-city-ejere-forklar-mig-det\/#respond"]}]},{"@type":"Person","@id":"https:\/\/acefootball.com\/da\/#\/schema\/person\/ee67e9cf04a276f144100ffa722f10cd","name":"Mads Dreyer","image":{"@type":"ImageObject","@id":"https:\/\/acefootball.com\/da\/#personlogo","inLanguage":"en-US","url":"https:\/\/secure.gravatar.com\/avatar\/7c7abf72cfde9902b6a60efe60c88d4c?s=96&d=mm&r=g","contentUrl":"https:\/\/secure.gravatar.com\/avatar\/7c7abf72cfde9902b6a60efe60c88d4c?s=96&d=mm&r=g","caption":"Mads Dreyer"},"description":"Skribent og fodboldn\u00f8rd, der lige nu fort\u00e6ller om alt og intet i fodboldverdenen p\u00e5 acefootball.com. Uddannet i kommunikation fra Aalborg Universitet.","sameAs":["https:\/\/www.linkedin.com\/in\/mads-dreyer-b9b08266\/"],"url":"https:\/\/acefootball.com\/da\/fodboldnyheder\/author\/mdnronaldo\/"}]}},"fimg_url":"https:\/\/acefootball.com\/da\/wp-content\/uploads\/sites\/2\/2020\/09\/GettyImages-1125253605.jpg","_links":{"self":[{"href":"https:\/\/acefootball.com\/da\/wp-json\/wp\/v2\/posts\/257155"}],"collection":[{"href":"https:\/\/acefootball.com\/da\/wp-json\/wp\/v2\/posts"}],"about":[{"href":"https:\/\/acefootball.com\/da\/wp-json\/wp\/v2\/types\/post"}],"author":[{"embeddable":true,"href":"https:\/\/acefootball.com\/da\/wp-json\/wp\/v2\/users\/705"}],"replies":[{"embeddable":true,"href":"https:\/\/acefootball.com\/da\/wp-json\/wp\/v2\/comments?post=257155"}],"version-history":[{"count":0,"href":"https:\/\/acefootball.com\/da\/wp-json\/wp\/v2\/posts\/257155\/revisions"}],"wp:featuredmedia":[{"embeddable":true,"href":"https:\/\/acefootball.com\/da\/wp-json\/wp\/v2\/media\/237599"}],"wp:attachment":[{"href":"https:\/\/acefootball.com\/da\/wp-json\/wp\/v2\/media?parent=257155"}],"wp:term":[{"taxonomy":"category","embeddable":true,"href":"https:\/\/acefootball.com\/da\/wp-json\/wp\/v2\/categories?post=257155"},{"taxonomy":"post_tag","embeddable":true,"href":"https:\/\/acefootball.com\/da\/wp-json\/wp\/v2\/tags?post=257155"}],"curies":[{"name":"wp","href":"https:\/\/api.w.org\/{rel}","templated":true}]}}